{"id":15376,"date":"2017-02-14T18:59:24","date_gmt":"2017-02-14T18:59:24","guid":{"rendered":"http:\/\/www.psol50.org.br\/?p=15376"},"modified":"2017-02-14T18:59:24","modified_gmt":"2017-02-14T18:59:24","slug":"paralisacao-da-pm-no-espirito-santo-e-a-vida-das-mulheres","status":"publish","type":"post","link":"https:\/\/psol50.org.br\/paralisacao-da-pm-no-espirito-santo-e-a-vida-das-mulheres\/","title":{"rendered":"Paralisa\u00e7\u00e3o da PM no Esp\u00edrito Santo e a vida das mulheres"},"content":{"rendered":"<p><em>Nota das mulheres do PSOL em solidariedade a luta das mulheres no ES<br \/>\n<\/em><\/p>\n<p>N\u00f3s, mulheres do PSOL acompanhamos h\u00e1 mais de uma semana a paralisa\u00e7\u00e3o da Pol\u00edcia Militar no Esp\u00edrito Santo, movimento organizado pelas fam\u00edlias dos policiais e protagonizado por mulheres. Esposas, m\u00e3es, irm\u00e3s e filhas, em sua maioria negras, se reuniram para defender e exigir maiores direitos para a categoria.<\/p>\n<p>Os relatos dessas mulheres nos apontam que ao contr\u00e1rio do que v\u00eam sendo difundido, elas n\u00e3o s\u00e3o marionetes, muito menos loucas, s\u00e3o conhecedoras da realidade enfrentada pelos militares e v\u00edtimas do machismo que assola nossa sociedade. Elas afirmam que se sentem ofendidas quando escutam que a manifesta\u00e7\u00e3o \u00e9 da PM, pois parece que elas n\u00e3o s\u00e3o capazes de pensar, se organizar e lutar por melhorias na condi\u00e7\u00e3o de vida. Entre as reivindica\u00e7\u00f5es as principais est\u00e3o o aumento de sal\u00e1rio, que n\u00e3o \u00e9 reajustado h\u00e1 sete anos e a anistia aos policiais que j\u00e1 est\u00e3o sendo processados em raz\u00e3o da paralisa\u00e7\u00e3o. Por\u00e9m, elas contam que o descaso do Governo ultrapassa todos os limites, o Hospital da Pol\u00edcia Militar est\u00e1 sucateado, n\u00e3o oferece servi\u00e7o de pediatria e t\u00e3o pouco atendimentos especializados fundamentais como os de psicologia e psiquiatria. Os coletes \u00e0 prova de balas est\u00e3o com o prazo de validade vencidos e sem previs\u00e3o de renova\u00e7\u00e3o, as viaturas circulam em p\u00e9ssimas condi\u00e7\u00f5es e a press\u00e3o interna que sofrem os policiais resulta em um dia-a-dia angustiante para quem os acompanha.<\/p>\n<p><img loading=\"lazy\" decoding=\"async\" class=\"aligncenter wp-image-15378 size-large\" src=\"http:\/\/www.psol50.org.br\/2017teste\/inc\/uploads\/2017\/02\/IMG_7803-1024x683.jpg\" width=\"1000\" height=\"667\" srcset=\"https:\/\/psol50.org.br\/inc\/uploads\/2017\/02\/IMG_7803-1024x683.jpg 1024w, https:\/\/psol50.org.br\/inc\/uploads\/2017\/02\/IMG_7803-300x200.jpg 300w, https:\/\/psol50.org.br\/inc\/uploads\/2017\/02\/IMG_7803-768x512.jpg 768w, https:\/\/psol50.org.br\/inc\/uploads\/2017\/02\/IMG_7803-150x100.jpg 150w, https:\/\/psol50.org.br\/inc\/uploads\/2017\/02\/IMG_7803-696x464.jpg 696w, https:\/\/psol50.org.br\/inc\/uploads\/2017\/02\/IMG_7803-1068x712.jpg 1068w, https:\/\/psol50.org.br\/inc\/uploads\/2017\/02\/IMG_7803.jpg 1350w\" sizes=\"auto, (max-width: 1000px) 100vw, 1000px\" \/><\/p>\n<p>Al\u00e9m dessas mulheres, que corajosamente ocupam as portas dos batalh\u00f5es, temos as mulheres que protestam do outro lado da rua pedindo o fim das mortes de jovens negros, que dispararam desde o in\u00edcio da paralisa\u00e7\u00e3o da pol\u00edcia. Mulheres, tamb\u00e9m em sua maioria negras, que vivem diariamente a dor de perderem seus filhos, companheiros, e familiares para o racismo. V\u00edtimas de um sistema de seguran\u00e7a que pune, persegue e elimina pela cor da pele. \u00c9 o &#8220;atira primeiro e depois pergunta&#8221;. S\u00e3o mais de 100 corpos e tudo o que se informa s\u00e3o n\u00fameros. A m\u00eddia omite as hist\u00f3rias, preserva o governo e reproduz conte\u00fados de viol\u00eancia que desesperam a popula\u00e7\u00e3o e geram lucro.<\/p>\n<p>Hoje, com o Ex\u00e9rcito nas ruas o que tentam vender \u00e9 a imagem de que a normalidade voltou a reinar na Grande Vit\u00f3ria e que aos poucos a popula\u00e7\u00e3o pode sair das suas casas e retomar a liberdade. Por\u00e9m, enquanto isso, o n\u00famero de homic\u00eddios n\u00e3o para de subir, linhas de \u00f4nibus que tem destino nas periferias ainda n\u00e3o circulam, e, as mulheres que protestam em defesa dos policiais sofrem amea\u00e7as e hostilidade por parte dos governantes e tamb\u00e9m da sociedade.<\/p>\n<p>Essa crise na seguran\u00e7a p\u00fablica que assola o Esp\u00edrito Santo \u00e9 reflexo do sistema de seguran\u00e7a que \u00e9 implantado no pa\u00eds, com a pol\u00edcia militarizada, no qual a principal v\u00edtima \u00e9 a popula\u00e7\u00e3o negra. Por isso, defendemos, entre outras coisas, o debate da desmilitariza\u00e7\u00e3o da pol\u00edcia. O contexto \u00e9 de muita complexidade e entre a avalanche de informa\u00e7\u00f5es e disputa de discursos, o machismo se propaga e a narrativa das mulheres \u00e9 invisibilizada. As trag\u00e9dias ocorridas em territ\u00f3rio capixaba tem respons\u00e1veis e esses s\u00e3o o Governo de Paulo Hartung e o Governo ileg\u00edtimo de Michel Temer. Esses, n\u00e3o ser\u00e3o poupados! N\u00f3s mulheres do PSOL nos solidarizamos com todas as mulheres que nesse processo t\u00eam sido v\u00edtimas do Estado, que retira direitos da classe trabalhadora, se nega a dialogar com os movimentos, apresenta o uso da for\u00e7a como solu\u00e7\u00e3o de crises e mata quando se omite.<\/p>\n<p>Que a a for\u00e7a e o esp\u00edrito de resist\u00eancia das mulheres inspire as lutas que vir\u00e3o. \u00c9 preciso ter coragem!<\/p>\n<p><strong>Vit\u00f3ria\/ES,14 de fevereiro de 2017<br \/>\n<\/strong><strong>Mulheres do PSOL<\/strong><\/p>\n","protected":false},"excerpt":{"rendered":"<p>Nota das mulheres do PSOL em solidariedade a luta das mulheres no ES N\u00f3s, mulheres do PSOL acompanhamos h\u00e1 mais de uma semana a paralisa\u00e7\u00e3o da Pol\u00edcia Militar no Esp\u00edrito Santo, movimento organizado pelas fam\u00edlias dos policiais e protagonizado por mulheres. Esposas, m\u00e3es, irm\u00e3s e filhas, em sua maioria negras, se reuniram para defender e [&hellip;]<\/p>\n","protected":false},"author":2,"featured_media":15377,"comment_status":"open","ping_status":"open","sticky":false,"template":"","format":"standard","meta":{"_acf_changed":false,"footnotes":""},"categories":[1882,654,6],"tags":[1100,4,115,557],"class_list":{"0":"post-15376","1":"post","2":"type-post","3":"status-publish","4":"format-standard","5":"has-post-thumbnail","7":"category-brasil","8":"category-estados","9":"category-noticias","10":"tag-espirito-santo","11":"tag-mulheres","12":"tag-policia-militar","13":"tag-seguranca"},"acf":[],"yoast_head":"<!-- This site is optimized with the Yoast SEO plugin v26.5 - https:\/\/yoast.com\/wordpress\/plugins\/seo\/ -->\n<title>Paralisa\u00e7\u00e3o da PM no Esp\u00edrito Santo e a vida das mulheres - PSOL 50<\/title>\n<meta name=\"robots\" content=\"index, follow, max-snippet:-1, max-image-preview:large, max-video-preview:-1\" \/>\n<link rel=\"canonical\" href=\"https:\/\/psol50.org.br\/paralisacao-da-pm-no-espirito-santo-e-a-vida-das-mulheres\/\" \/>\n<meta property=\"og:locale\" content=\"pt_BR\" \/>\n<meta property=\"og:type\" content=\"article\" \/>\n<meta property=\"og:title\" content=\"Paralisa\u00e7\u00e3o da PM no Esp\u00edrito Santo e a vida das mulheres - PSOL 50\" \/>\n<meta property=\"og:description\" content=\"Nota das mulheres do PSOL em solidariedade a luta das mulheres no ES N\u00f3s, mulheres do PSOL acompanhamos h\u00e1 mais de uma semana a paralisa\u00e7\u00e3o da Pol\u00edcia Militar no Esp\u00edrito Santo, movimento organizado pelas fam\u00edlias dos policiais e protagonizado por mulheres. Esposas, m\u00e3es, irm\u00e3s e filhas, em sua maioria negras, se reuniram para defender e [&hellip;]\" \/>\n<meta property=\"og:url\" content=\"https:\/\/psol50.org.br\/paralisacao-da-pm-no-espirito-santo-e-a-vida-das-mulheres\/\" \/>\n<meta property=\"og:site_name\" content=\"PSOL 50\" \/>\n<meta property=\"article:publisher\" content=\"https:\/\/www.facebook.com\/psol50\" \/>\n<meta property=\"article:published_time\" content=\"2017-02-14T18:59:24+00:00\" \/>\n<meta property=\"og:image\" content=\"https:\/\/psol50.org.br\/inc\/uploads\/2018\/07\/capa.png\" \/>\n\t<meta property=\"og:image:width\" content=\"1350\" \/>\n\t<meta property=\"og:image:height\" content=\"900\" \/>\n\t<meta property=\"og:image:type\" content=\"image\/png\" \/>\n<meta name=\"author\" content=\"Comunica\u00e7\u00e3o PSOL\" \/>\n<meta name=\"twitter:card\" content=\"summary_large_image\" \/>\n<meta name=\"twitter:creator\" content=\"@psol50\" \/>\n<meta name=\"twitter:site\" content=\"@psol50\" \/>\n<meta name=\"twitter:label1\" content=\"Escrito por\" \/>\n\t<meta name=\"twitter:data1\" content=\"Comunica\u00e7\u00e3o PSOL\" \/>\n\t<meta name=\"twitter:label2\" content=\"Est. tempo de leitura\" \/>\n\t<meta name=\"twitter:data2\" content=\"3 minutos\" \/>\n<script type=\"application\/ld+json\" class=\"yoast-schema-graph\">{\"@context\":\"https:\/\/schema.org\",\"@graph\":[{\"@type\":\"Article\",\"@id\":\"https:\/\/psol50.org.br\/paralisacao-da-pm-no-espirito-santo-e-a-vida-das-mulheres\/#article\",\"isPartOf\":{\"@id\":\"https:\/\/psol50.org.br\/paralisacao-da-pm-no-espirito-santo-e-a-vida-das-mulheres\/\"},\"author\":{\"name\":\"Comunica\u00e7\u00e3o PSOL\",\"@id\":\"https:\/\/psol50.org.br\/#\/schema\/person\/475dfa57d0b815993c714c2e96491fcd\"},\"headline\":\"Paralisa\u00e7\u00e3o da PM no Esp\u00edrito Santo e a vida das mulheres\",\"datePublished\":\"2017-02-14T18:59:24+00:00\",\"mainEntityOfPage\":{\"@id\":\"https:\/\/psol50.org.br\/paralisacao-da-pm-no-espirito-santo-e-a-vida-das-mulheres\/\"},\"wordCount\":695,\"commentCount\":0,\"publisher\":{\"@id\":\"https:\/\/psol50.org.br\/#organization\"},\"image\":{\"@id\":\"https:\/\/psol50.org.br\/paralisacao-da-pm-no-espirito-santo-e-a-vida-das-mulheres\/#primaryimage\"},\"thumbnailUrl\":\"\",\"keywords\":[\"Esp\u00edrito Santo\",\"mulheres\",\"Pol\u00edcia Militar\",\"seguran\u00e7a\"],\"articleSection\":[\"Brasil\",\"Estados\",\"Not\u00edcias\"],\"inLanguage\":\"pt-BR\",\"potentialAction\":[{\"@type\":\"CommentAction\",\"name\":\"Comment\",\"target\":[\"https:\/\/psol50.org.br\/paralisacao-da-pm-no-espirito-santo-e-a-vida-das-mulheres\/#respond\"]}]},{\"@type\":\"WebPage\",\"@id\":\"https:\/\/psol50.org.br\/paralisacao-da-pm-no-espirito-santo-e-a-vida-das-mulheres\/\",\"url\":\"https:\/\/psol50.org.br\/paralisacao-da-pm-no-espirito-santo-e-a-vida-das-mulheres\/\",\"name\":\"Paralisa\u00e7\u00e3o da PM no Esp\u00edrito Santo e a vida das mulheres - PSOL 50\",\"isPartOf\":{\"@id\":\"https:\/\/psol50.org.br\/#website\"},\"primaryImageOfPage\":{\"@id\":\"https:\/\/psol50.org.br\/paralisacao-da-pm-no-espirito-santo-e-a-vida-das-mulheres\/#primaryimage\"},\"image\":{\"@id\":\"https:\/\/psol50.org.br\/paralisacao-da-pm-no-espirito-santo-e-a-vida-das-mulheres\/#primaryimage\"},\"thumbnailUrl\":\"\",\"datePublished\":\"2017-02-14T18:59:24+00:00\",\"breadcrumb\":{\"@id\":\"https:\/\/psol50.org.br\/paralisacao-da-pm-no-espirito-santo-e-a-vida-das-mulheres\/#breadcrumb\"},\"inLanguage\":\"pt-BR\",\"potentialAction\":[{\"@type\":\"ReadAction\",\"target\":[\"https:\/\/psol50.org.br\/paralisacao-da-pm-no-espirito-santo-e-a-vida-das-mulheres\/\"]}]},{\"@type\":\"ImageObject\",\"inLanguage\":\"pt-BR\",\"@id\":\"https:\/\/psol50.org.br\/paralisacao-da-pm-no-espirito-santo-e-a-vida-das-mulheres\/#primaryimage\",\"url\":\"\",\"contentUrl\":\"\"},{\"@type\":\"BreadcrumbList\",\"@id\":\"https:\/\/psol50.org.br\/paralisacao-da-pm-no-espirito-santo-e-a-vida-das-mulheres\/#breadcrumb\",\"itemListElement\":[{\"@type\":\"ListItem\",\"position\":1,\"name\":\"In\u00edcio\",\"item\":\"https:\/\/psol50.org.br\/\"},{\"@type\":\"ListItem\",\"position\":2,\"name\":\"Paralisa\u00e7\u00e3o da PM no Esp\u00edrito Santo e a vida das mulheres\"}]},{\"@type\":\"WebSite\",\"@id\":\"https:\/\/psol50.org.br\/#website\",\"url\":\"https:\/\/psol50.org.br\/\",\"name\":\"PSOL 50\",\"description\":\"Site oficial do Partido Socialismo e Liberdade\",\"publisher\":{\"@id\":\"https:\/\/psol50.org.br\/#organization\"},\"alternateName\":\"PSOL50\",\"potentialAction\":[{\"@type\":\"SearchAction\",\"target\":{\"@type\":\"EntryPoint\",\"urlTemplate\":\"https:\/\/psol50.org.br\/?s={search_term_string}\"},\"query-input\":{\"@type\":\"PropertyValueSpecification\",\"valueRequired\":true,\"valueName\":\"search_term_string\"}}],\"inLanguage\":\"pt-BR\"},{\"@type\":\"Organization\",\"@id\":\"https:\/\/psol50.org.br\/#organization\",\"name\":\"PSOL 50\",\"alternateName\":\"PSOL 50\",\"url\":\"https:\/\/psol50.org.br\/\",\"logo\":{\"@type\":\"ImageObject\",\"inLanguage\":\"pt-BR\",\"@id\":\"https:\/\/psol50.org.br\/#\/schema\/logo\/image\/\",\"url\":\"https:\/\/psol50.org.br\/inc\/uploads\/2018\/07\/capa.png\",\"contentUrl\":\"https:\/\/psol50.org.br\/inc\/uploads\/2018\/07\/capa.png\",\"width\":1350,\"height\":900,\"caption\":\"PSOL 50\"},\"image\":{\"@id\":\"https:\/\/psol50.org.br\/#\/schema\/logo\/image\/\"},\"sameAs\":[\"https:\/\/www.facebook.com\/psol50\",\"https:\/\/x.com\/psol50\",\"https:\/\/www.instagram.com\/psol50\/\",\"https:\/\/www.youtube.com\/channel\/UC7SnJS5o1os7a6CaiNabzcg\"]},{\"@type\":\"Person\",\"@id\":\"https:\/\/psol50.org.br\/#\/schema\/person\/475dfa57d0b815993c714c2e96491fcd\",\"name\":\"Comunica\u00e7\u00e3o PSOL\",\"image\":{\"@type\":\"ImageObject\",\"inLanguage\":\"pt-BR\",\"@id\":\"https:\/\/psol50.org.br\/#\/schema\/person\/image\/\",\"url\":\"https:\/\/secure.gravatar.com\/avatar\/b34fc4f4e468a4e51785917065a3db57b841f5c95dba6ad8c73aaf8f66f8f9bf?s=96&d=mm&r=g\",\"contentUrl\":\"https:\/\/secure.gravatar.com\/avatar\/b34fc4f4e468a4e51785917065a3db57b841f5c95dba6ad8c73aaf8f66f8f9bf?s=96&d=mm&r=g\",\"caption\":\"Comunica\u00e7\u00e3o PSOL\"}}]}<\/script>\n<!-- \/ Yoast SEO plugin. -->","yoast_head_json":{"title":"Paralisa\u00e7\u00e3o da PM no Esp\u00edrito Santo e a vida das mulheres - PSOL 50","robots":{"index":"index","follow":"follow","max-snippet":"max-snippet:-1","max-image-preview":"max-image-preview:large","max-video-preview":"max-video-preview:-1"},"canonical":"https:\/\/psol50.org.br\/paralisacao-da-pm-no-espirito-santo-e-a-vida-das-mulheres\/","og_locale":"pt_BR","og_type":"article","og_title":"Paralisa\u00e7\u00e3o da PM no Esp\u00edrito Santo e a vida das mulheres - PSOL 50","og_description":"Nota das mulheres do PSOL em solidariedade a luta das mulheres no ES N\u00f3s, mulheres do PSOL acompanhamos h\u00e1 mais de uma semana a paralisa\u00e7\u00e3o da Pol\u00edcia Militar no Esp\u00edrito Santo, movimento organizado pelas fam\u00edlias dos policiais e protagonizado por mulheres. Esposas, m\u00e3es, irm\u00e3s e filhas, em sua maioria negras, se reuniram para defender e [&hellip;]","og_url":"https:\/\/psol50.org.br\/paralisacao-da-pm-no-espirito-santo-e-a-vida-das-mulheres\/","og_site_name":"PSOL 50","article_publisher":"https:\/\/www.facebook.com\/psol50","article_published_time":"2017-02-14T18:59:24+00:00","og_image":[{"width":1350,"height":900,"url":"https:\/\/psol50.org.br\/inc\/uploads\/2018\/07\/capa.png","type":"image\/png"}],"author":"Comunica\u00e7\u00e3o PSOL","twitter_card":"summary_large_image","twitter_creator":"@psol50","twitter_site":"@psol50","twitter_misc":{"Escrito por":"Comunica\u00e7\u00e3o PSOL","Est. tempo de leitura":"3 minutos"},"schema":{"@context":"https:\/\/schema.org","@graph":[{"@type":"Article","@id":"https:\/\/psol50.org.br\/paralisacao-da-pm-no-espirito-santo-e-a-vida-das-mulheres\/#article","isPartOf":{"@id":"https:\/\/psol50.org.br\/paralisacao-da-pm-no-espirito-santo-e-a-vida-das-mulheres\/"},"author":{"name":"Comunica\u00e7\u00e3o PSOL","@id":"https:\/\/psol50.org.br\/#\/schema\/person\/475dfa57d0b815993c714c2e96491fcd"},"headline":"Paralisa\u00e7\u00e3o da PM no Esp\u00edrito Santo e a vida das mulheres","datePublished":"2017-02-14T18:59:24+00:00","mainEntityOfPage":{"@id":"https:\/\/psol50.org.br\/paralisacao-da-pm-no-espirito-santo-e-a-vida-das-mulheres\/"},"wordCount":695,"commentCount":0,"publisher":{"@id":"https:\/\/psol50.org.br\/#organization"},"image":{"@id":"https:\/\/psol50.org.br\/paralisacao-da-pm-no-espirito-santo-e-a-vida-das-mulheres\/#primaryimage"},"thumbnailUrl":"","keywords":["Esp\u00edrito Santo","mulheres","Pol\u00edcia Militar","seguran\u00e7a"],"articleSection":["Brasil","Estados","Not\u00edcias"],"inLanguage":"pt-BR","potentialAction":[{"@type":"CommentAction","name":"Comment","target":["https:\/\/psol50.org.br\/paralisacao-da-pm-no-espirito-santo-e-a-vida-das-mulheres\/#respond"]}]},{"@type":"WebPage","@id":"https:\/\/psol50.org.br\/paralisacao-da-pm-no-espirito-santo-e-a-vida-das-mulheres\/","url":"https:\/\/psol50.org.br\/paralisacao-da-pm-no-espirito-santo-e-a-vida-das-mulheres\/","name":"Paralisa\u00e7\u00e3o da PM no Esp\u00edrito Santo e a vida das mulheres - PSOL 50","isPartOf":{"@id":"https:\/\/psol50.org.br\/#website"},"primaryImageOfPage":{"@id":"https:\/\/psol50.org.br\/paralisacao-da-pm-no-espirito-santo-e-a-vida-das-mulheres\/#primaryimage"},"image":{"@id":"https:\/\/psol50.org.br\/paralisacao-da-pm-no-espirito-santo-e-a-vida-das-mulheres\/#primaryimage"},"thumbnailUrl":"","datePublished":"2017-02-14T18:59:24+00:00","breadcrumb":{"@id":"https:\/\/psol50.org.br\/paralisacao-da-pm-no-espirito-santo-e-a-vida-das-mulheres\/#breadcrumb"},"inLanguage":"pt-BR","potentialAction":[{"@type":"ReadAction","target":["https:\/\/psol50.org.br\/paralisacao-da-pm-no-espirito-santo-e-a-vida-das-mulheres\/"]}]},{"@type":"ImageObject","inLanguage":"pt-BR","@id":"https:\/\/psol50.org.br\/paralisacao-da-pm-no-espirito-santo-e-a-vida-das-mulheres\/#primaryimage","url":"","contentUrl":""},{"@type":"BreadcrumbList","@id":"https:\/\/psol50.org.br\/paralisacao-da-pm-no-espirito-santo-e-a-vida-das-mulheres\/#breadcrumb","itemListElement":[{"@type":"ListItem","position":1,"name":"In\u00edcio","item":"https:\/\/psol50.org.br\/"},{"@type":"ListItem","position":2,"name":"Paralisa\u00e7\u00e3o da PM no Esp\u00edrito Santo e a vida das mulheres"}]},{"@type":"WebSite","@id":"https:\/\/psol50.org.br\/#website","url":"https:\/\/psol50.org.br\/","name":"PSOL 50","description":"Site oficial do Partido Socialismo e Liberdade","publisher":{"@id":"https:\/\/psol50.org.br\/#organization"},"alternateName":"PSOL50","potentialAction":[{"@type":"SearchAction","target":{"@type":"EntryPoint","urlTemplate":"https:\/\/psol50.org.br\/?s={search_term_string}"},"query-input":{"@type":"PropertyValueSpecification","valueRequired":true,"valueName":"search_term_string"}}],"inLanguage":"pt-BR"},{"@type":"Organization","@id":"https:\/\/psol50.org.br\/#organization","name":"PSOL 50","alternateName":"PSOL 50","url":"https:\/\/psol50.org.br\/","logo":{"@type":"ImageObject","inLanguage":"pt-BR","@id":"https:\/\/psol50.org.br\/#\/schema\/logo\/image\/","url":"https:\/\/psol50.org.br\/inc\/uploads\/2018\/07\/capa.png","contentUrl":"https:\/\/psol50.org.br\/inc\/uploads\/2018\/07\/capa.png","width":1350,"height":900,"caption":"PSOL 50"},"image":{"@id":"https:\/\/psol50.org.br\/#\/schema\/logo\/image\/"},"sameAs":["https:\/\/www.facebook.com\/psol50","https:\/\/x.com\/psol50","https:\/\/www.instagram.com\/psol50\/","https:\/\/www.youtube.com\/channel\/UC7SnJS5o1os7a6CaiNabzcg"]},{"@type":"Person","@id":"https:\/\/psol50.org.br\/#\/schema\/person\/475dfa57d0b815993c714c2e96491fcd","name":"Comunica\u00e7\u00e3o PSOL","image":{"@type":"ImageObject","inLanguage":"pt-BR","@id":"https:\/\/psol50.org.br\/#\/schema\/person\/image\/","url":"https:\/\/secure.gravatar.com\/avatar\/b34fc4f4e468a4e51785917065a3db57b841f5c95dba6ad8c73aaf8f66f8f9bf?s=96&d=mm&r=g","contentUrl":"https:\/\/secure.gravatar.com\/avatar\/b34fc4f4e468a4e51785917065a3db57b841f5c95dba6ad8c73aaf8f66f8f9bf?s=96&d=mm&r=g","caption":"Comunica\u00e7\u00e3o PSOL"}}]}},"_links":{"self":[{"href":"https:\/\/psol50.org.br\/rest\/wp\/v2\/posts\/15376","targetHints":{"allow":["GET"]}}],"collection":[{"href":"https:\/\/psol50.org.br\/rest\/wp\/v2\/posts"}],"about":[{"href":"https:\/\/psol50.org.br\/rest\/wp\/v2\/types\/post"}],"author":[{"embeddable":true,"href":"https:\/\/psol50.org.br\/rest\/wp\/v2\/users\/2"}],"replies":[{"embeddable":true,"href":"https:\/\/psol50.org.br\/rest\/wp\/v2\/comments?post=15376"}],"version-history":[{"count":0,"href":"https:\/\/psol50.org.br\/rest\/wp\/v2\/posts\/15376\/revisions"}],"wp:featuredmedia":[{"embeddable":true,"href":"https:\/\/psol50.org.br\/rest\/"}],"wp:attachment":[{"href":"https:\/\/psol50.org.br\/rest\/wp\/v2\/media?parent=15376"}],"wp:term":[{"taxonomy":"category","embeddable":true,"href":"https:\/\/psol50.org.br\/rest\/wp\/v2\/categories?post=15376"},{"taxonomy":"post_tag","embeddable":true,"href":"https:\/\/psol50.org.br\/rest\/wp\/v2\/tags?post=15376"}],"curies":[{"name":"wp","href":"https:\/\/api.w.org\/{rel}","templated":true}]}}