{"id":15382,"date":"2017-02-15T12:29:16","date_gmt":"2017-02-15T12:29:16","guid":{"rendered":"http:\/\/www.psol50.org.br\/?p=15382"},"modified":"2017-02-15T12:29:16","modified_gmt":"2017-02-15T12:29:16","slug":"em-decisao-sobre-moreira-franco-stf-assume-lado-pelo-governo-temer","status":"publish","type":"post","link":"https:\/\/psol50.org.br\/em-decisao-sobre-moreira-franco-stf-assume-lado-pelo-governo-temer\/","title":{"rendered":"Em decis\u00e3o sobre Moreira Franco, STF assume lado pelo governo Temer"},"content":{"rendered":"<p>O Supremo Tribunal Federal (STF) foi protagonista nesta ter\u00e7a-feira (14\/02) de uma decis\u00e3o que mostra de que lado est\u00e1 a c\u00fapula do Judici\u00e1rio em rela\u00e7\u00e3o \u00e0s medidas do governo ileg\u00edtimo de Michel Temer. Ao julgar os <a href=\"http:\/\/www.psol50.org.br\/blog\/2017\/02\/07\/psol-protocola-na-justica-federal-acao-popular-contra-nomeacao-de-moreira-franco-como-ministro-de-temer\/\" target=\"_blank\" rel=\"noopener\"><strong><span style=\"color: #0000ff\">mandados de seguran\u00e7a do PSOL<\/span><\/strong><\/a> e da Rede Sustentabilidade, o ministro Celso de Mello decidiu manter a nomea\u00e7\u00e3o de Moreira Franco como ministro da Secretaria Geral da Presid\u00eancia da Rep\u00fablica.<\/p>\n<p>Na decis\u00e3o, o decano entendeu que a nomea\u00e7\u00e3o de algu\u00e9m para o cargo de ministro de Estado n\u00e3o pode ser encarada como um fato de obstru\u00e7\u00e3o da Justi\u00e7a e destacou que a prerrogativa de foro privilegiado \u00e9 uma consequ\u00eancia da nomea\u00e7\u00e3o. Isso, mesmo se o indicado tiver sido citado em dela\u00e7\u00f5es que o envolvem no esquema de corrup\u00e7\u00e3o investigado pela opera\u00e7\u00e3o Lava Jato.<\/p>\n<p>\u201cA nomea\u00e7\u00e3o de algu\u00e9m para o cargo de ministro de Estado, desde que preenchidos os requisitos previstos no Artigo 87 da Constitui\u00e7\u00e3o da Rep\u00fablica, n\u00e3o configura, por si s\u00f3, hip\u00f3tese de desvio de finalidade. Eis que a prerrogativa de foro \u2013 que traduz consequ\u00eancia natural e necess\u00e1ria decorrente da investidura no cargo de ministro de Estado n\u00e3o importa em obstru\u00e7\u00e3o e, muito menos, em paralisa\u00e7\u00e3o dos atos de investiga\u00e7\u00e3o criminal ou de persecu\u00e7\u00e3o penal\u201d, disse Mello, sem dizer, no entanto, que sua decis\u00e3o vai blindar que Moreira Franco seja investigado pela justi\u00e7a comum. A dela\u00e7\u00e3o da Odebrecht foi homologada em 30 de janeiro e Moreira tomou posse em 2 fevereiro. Seu apelido no esquema \u00e9 \u201cGato angor\u00e1\u201d.<\/p>\n<p>No Mandado de Seguran\u00e7a, o PSOL pedia a suspens\u00e3o do ato de nomea\u00e7\u00e3o de Moreira Franco, o conhecimento das dela\u00e7\u00f5es (h\u00e1 34 cita\u00e7\u00f5es a Franco por ex-executivo da Odebrecht) e reconhecimento da ilegalidade por desvio de finalidade do ato praticado pelo presidente da Rep\u00fablica.<\/p>\n<p>Ao comentar a decis\u00e3o de Celso de Mello, os deputados Ivan Valente (PSOL-SP) e Chico Alencar (PSOL-RJ) lembraram que o STF teve postura diferente, no ano passado, quando da indica\u00e7\u00e3o do ex-presidente Lula para ocupar cargo no primeiro escal\u00e3o do Executivo. Na ocasi\u00e3o, o ministro Gilmar Mendes decidiu afastar o ex-presidente do cargo de ministro da Casa Civil. \u201cA decis\u00e3o de Celso de Mello diverge drasticamente da que foi tomada no ano passado em rela\u00e7\u00e3o ao ex-presidente Lula. A Justi\u00e7a brasileira se desmoraliza ao tomar decis\u00f5es ao gosto do fregu\u00eas. N\u00e3o aceitaremos a blindagem ao governo corrupto que assaltou o Planalto\u201d, afirmou Ivan.<\/p>\n<p>&nbsp;<\/p>\n<p>&nbsp;<\/p>\n<p>&nbsp;<\/p>\n","protected":false},"excerpt":{"rendered":"<p>O Supremo Tribunal Federal (STF) foi protagonista nesta ter\u00e7a-feira (14\/02) de uma decis\u00e3o que mostra de que lado est\u00e1 a c\u00fapula do Judici\u00e1rio em rela\u00e7\u00e3o \u00e0s medidas do governo ileg\u00edtimo de Michel Temer. Ao julgar os mandados de seguran\u00e7a do PSOL e da Rede Sustentabilidade, o ministro Celso de Mello decidiu manter a nomea\u00e7\u00e3o de [&hellip;]<\/p>\n","protected":false},"author":2,"featured_media":15327,"comment_status":"open","ping_status":"open","sticky":false,"template":"","format":"standard","meta":{"_acf_changed":false,"footnotes":""},"categories":[1882,6],"tags":[2865,1318,1748,2904,2905,2454,2867,1749,22,45],"class_list":{"0":"post-15382","1":"post","2":"type-post","3":"status-publish","4":"format-standard","5":"has-post-thumbnail","7":"category-brasil","8":"category-noticias","9":"tag-delacoes","10":"tag-mandado-de-seguranca","11":"tag-michel-temer","12":"tag-ministro-celso-de-mello","13":"tag-ministro-da-secretaria-geral-da-presidencia-da-republica","14":"tag-moreira-franco","15":"tag-odebrecht","16":"tag-operacao-lava-jato","17":"tag-psol","18":"tag-stf"},"acf":[],"yoast_head":"<!-- This site is optimized with the Yoast SEO plugin v26.5 - https:\/\/yoast.com\/wordpress\/plugins\/seo\/ -->\n<title>Em decis\u00e3o sobre Moreira Franco, STF assume lado pelo governo Temer - PSOL 50<\/title>\n<meta name=\"robots\" content=\"index, follow, max-snippet:-1, max-image-preview:large, max-video-preview:-1\" \/>\n<link rel=\"canonical\" href=\"https:\/\/psol50.org.br\/em-decisao-sobre-moreira-franco-stf-assume-lado-pelo-governo-temer\/\" \/>\n<meta property=\"og:locale\" content=\"pt_BR\" \/>\n<meta property=\"og:type\" content=\"article\" \/>\n<meta property=\"og:title\" content=\"Em decis\u00e3o sobre Moreira Franco, STF assume lado pelo governo Temer - PSOL 50\" \/>\n<meta property=\"og:description\" content=\"O Supremo Tribunal Federal (STF) foi protagonista nesta ter\u00e7a-feira (14\/02) de uma decis\u00e3o que mostra de que lado est\u00e1 a c\u00fapula do Judici\u00e1rio em rela\u00e7\u00e3o \u00e0s medidas do governo ileg\u00edtimo de Michel Temer. Ao julgar os mandados de seguran\u00e7a do PSOL e da Rede Sustentabilidade, o ministro Celso de Mello decidiu manter a nomea\u00e7\u00e3o de [&hellip;]\" \/>\n<meta property=\"og:url\" content=\"https:\/\/psol50.org.br\/em-decisao-sobre-moreira-franco-stf-assume-lado-pelo-governo-temer\/\" \/>\n<meta property=\"og:site_name\" content=\"PSOL 50\" \/>\n<meta property=\"article:publisher\" content=\"https:\/\/www.facebook.com\/psol50\" \/>\n<meta property=\"article:published_time\" content=\"2017-02-15T12:29:16+00:00\" \/>\n<meta property=\"og:image\" content=\"https:\/\/psol50.org.br\/inc\/uploads\/2018\/07\/capa.png\" \/>\n\t<meta property=\"og:image:width\" content=\"1350\" \/>\n\t<meta property=\"og:image:height\" content=\"900\" \/>\n\t<meta property=\"og:image:type\" content=\"image\/png\" \/>\n<meta name=\"author\" content=\"Comunica\u00e7\u00e3o PSOL\" \/>\n<meta name=\"twitter:card\" content=\"summary_large_image\" \/>\n<meta name=\"twitter:creator\" content=\"@psol50\" \/>\n<meta name=\"twitter:site\" content=\"@psol50\" \/>\n<meta name=\"twitter:label1\" content=\"Escrito por\" \/>\n\t<meta name=\"twitter:data1\" content=\"Comunica\u00e7\u00e3o PSOL\" \/>\n\t<meta name=\"twitter:label2\" content=\"Est. tempo de leitura\" \/>\n\t<meta name=\"twitter:data2\" content=\"2 minutos\" \/>\n<script type=\"application\/ld+json\" class=\"yoast-schema-graph\">{\"@context\":\"https:\/\/schema.org\",\"@graph\":[{\"@type\":\"Article\",\"@id\":\"https:\/\/psol50.org.br\/em-decisao-sobre-moreira-franco-stf-assume-lado-pelo-governo-temer\/#article\",\"isPartOf\":{\"@id\":\"https:\/\/psol50.org.br\/em-decisao-sobre-moreira-franco-stf-assume-lado-pelo-governo-temer\/\"},\"author\":{\"name\":\"Comunica\u00e7\u00e3o PSOL\",\"@id\":\"https:\/\/psol50.org.br\/#\/schema\/person\/475dfa57d0b815993c714c2e96491fcd\"},\"headline\":\"Em decis\u00e3o sobre Moreira Franco, STF assume lado pelo governo Temer\",\"datePublished\":\"2017-02-15T12:29:16+00:00\",\"mainEntityOfPage\":{\"@id\":\"https:\/\/psol50.org.br\/em-decisao-sobre-moreira-franco-stf-assume-lado-pelo-governo-temer\/\"},\"wordCount\":453,\"commentCount\":0,\"publisher\":{\"@id\":\"https:\/\/psol50.org.br\/#organization\"},\"image\":{\"@id\":\"https:\/\/psol50.org.br\/em-decisao-sobre-moreira-franco-stf-assume-lado-pelo-governo-temer\/#primaryimage\"},\"thumbnailUrl\":\"\",\"keywords\":[\"dela\u00e7\u00f5es\",\"mandado de seguran\u00e7a\",\"Michel Temer\",\"ministro Celso de Mello\",\"ministro da Secretaria Geral da Presid\u00eancia da Rep\u00fablica\",\"Moreira Franco\",\"Odebrecht\",\"Opera\u00e7\u00e3o Lava-Jato\",\"PSOL\",\"STF\"],\"articleSection\":[\"Brasil\",\"Not\u00edcias\"],\"inLanguage\":\"pt-BR\",\"potentialAction\":[{\"@type\":\"CommentAction\",\"name\":\"Comment\",\"target\":[\"https:\/\/psol50.org.br\/em-decisao-sobre-moreira-franco-stf-assume-lado-pelo-governo-temer\/#respond\"]}]},{\"@type\":\"WebPage\",\"@id\":\"https:\/\/psol50.org.br\/em-decisao-sobre-moreira-franco-stf-assume-lado-pelo-governo-temer\/\",\"url\":\"https:\/\/psol50.org.br\/em-decisao-sobre-moreira-franco-stf-assume-lado-pelo-governo-temer\/\",\"name\":\"Em decis\u00e3o sobre Moreira Franco, STF assume lado pelo governo Temer - PSOL 50\",\"isPartOf\":{\"@id\":\"https:\/\/psol50.org.br\/#website\"},\"primaryImageOfPage\":{\"@id\":\"https:\/\/psol50.org.br\/em-decisao-sobre-moreira-franco-stf-assume-lado-pelo-governo-temer\/#primaryimage\"},\"image\":{\"@id\":\"https:\/\/psol50.org.br\/em-decisao-sobre-moreira-franco-stf-assume-lado-pelo-governo-temer\/#primaryimage\"},\"thumbnailUrl\":\"\",\"datePublished\":\"2017-02-15T12:29:16+00:00\",\"breadcrumb\":{\"@id\":\"https:\/\/psol50.org.br\/em-decisao-sobre-moreira-franco-stf-assume-lado-pelo-governo-temer\/#breadcrumb\"},\"inLanguage\":\"pt-BR\",\"potentialAction\":[{\"@type\":\"ReadAction\",\"target\":[\"https:\/\/psol50.org.br\/em-decisao-sobre-moreira-franco-stf-assume-lado-pelo-governo-temer\/\"]}]},{\"@type\":\"ImageObject\",\"inLanguage\":\"pt-BR\",\"@id\":\"https:\/\/psol50.org.br\/em-decisao-sobre-moreira-franco-stf-assume-lado-pelo-governo-temer\/#primaryimage\",\"url\":\"\",\"contentUrl\":\"\"},{\"@type\":\"BreadcrumbList\",\"@id\":\"https:\/\/psol50.org.br\/em-decisao-sobre-moreira-franco-stf-assume-lado-pelo-governo-temer\/#breadcrumb\",\"itemListElement\":[{\"@type\":\"ListItem\",\"position\":1,\"name\":\"In\u00edcio\",\"item\":\"https:\/\/psol50.org.br\/\"},{\"@type\":\"ListItem\",\"position\":2,\"name\":\"Em decis\u00e3o sobre Moreira Franco, STF assume lado pelo governo Temer\"}]},{\"@type\":\"WebSite\",\"@id\":\"https:\/\/psol50.org.br\/#website\",\"url\":\"https:\/\/psol50.org.br\/\",\"name\":\"PSOL 50\",\"description\":\"Site oficial do Partido Socialismo e Liberdade\",\"publisher\":{\"@id\":\"https:\/\/psol50.org.br\/#organization\"},\"alternateName\":\"PSOL50\",\"potentialAction\":[{\"@type\":\"SearchAction\",\"target\":{\"@type\":\"EntryPoint\",\"urlTemplate\":\"https:\/\/psol50.org.br\/?s={search_term_string}\"},\"query-input\":{\"@type\":\"PropertyValueSpecification\",\"valueRequired\":true,\"valueName\":\"search_term_string\"}}],\"inLanguage\":\"pt-BR\"},{\"@type\":\"Organization\",\"@id\":\"https:\/\/psol50.org.br\/#organization\",\"name\":\"PSOL 50\",\"alternateName\":\"PSOL 50\",\"url\":\"https:\/\/psol50.org.br\/\",\"logo\":{\"@type\":\"ImageObject\",\"inLanguage\":\"pt-BR\",\"@id\":\"https:\/\/psol50.org.br\/#\/schema\/logo\/image\/\",\"url\":\"https:\/\/psol50.org.br\/inc\/uploads\/2018\/07\/capa.png\",\"contentUrl\":\"https:\/\/psol50.org.br\/inc\/uploads\/2018\/07\/capa.png\",\"width\":1350,\"height\":900,\"caption\":\"PSOL 50\"},\"image\":{\"@id\":\"https:\/\/psol50.org.br\/#\/schema\/logo\/image\/\"},\"sameAs\":[\"https:\/\/www.facebook.com\/psol50\",\"https:\/\/x.com\/psol50\",\"https:\/\/www.instagram.com\/psol50\/\",\"https:\/\/www.youtube.com\/channel\/UC7SnJS5o1os7a6CaiNabzcg\"]},{\"@type\":\"Person\",\"@id\":\"https:\/\/psol50.org.br\/#\/schema\/person\/475dfa57d0b815993c714c2e96491fcd\",\"name\":\"Comunica\u00e7\u00e3o PSOL\",\"image\":{\"@type\":\"ImageObject\",\"inLanguage\":\"pt-BR\",\"@id\":\"https:\/\/psol50.org.br\/#\/schema\/person\/image\/\",\"url\":\"https:\/\/secure.gravatar.com\/avatar\/b34fc4f4e468a4e51785917065a3db57b841f5c95dba6ad8c73aaf8f66f8f9bf?s=96&d=mm&r=g\",\"contentUrl\":\"https:\/\/secure.gravatar.com\/avatar\/b34fc4f4e468a4e51785917065a3db57b841f5c95dba6ad8c73aaf8f66f8f9bf?s=96&d=mm&r=g\",\"caption\":\"Comunica\u00e7\u00e3o PSOL\"}}]}<\/script>\n<!-- \/ Yoast SEO plugin. -->","yoast_head_json":{"title":"Em decis\u00e3o sobre Moreira Franco, STF assume lado pelo governo Temer - PSOL 50","robots":{"index":"index","follow":"follow","max-snippet":"max-snippet:-1","max-image-preview":"max-image-preview:large","max-video-preview":"max-video-preview:-1"},"canonical":"https:\/\/psol50.org.br\/em-decisao-sobre-moreira-franco-stf-assume-lado-pelo-governo-temer\/","og_locale":"pt_BR","og_type":"article","og_title":"Em decis\u00e3o sobre Moreira Franco, STF assume lado pelo governo Temer - PSOL 50","og_description":"O Supremo Tribunal Federal (STF) foi protagonista nesta ter\u00e7a-feira (14\/02) de uma decis\u00e3o que mostra de que lado est\u00e1 a c\u00fapula do Judici\u00e1rio em rela\u00e7\u00e3o \u00e0s medidas do governo ileg\u00edtimo de Michel Temer. Ao julgar os mandados de seguran\u00e7a do PSOL e da Rede Sustentabilidade, o ministro Celso de Mello decidiu manter a nomea\u00e7\u00e3o de [&hellip;]","og_url":"https:\/\/psol50.org.br\/em-decisao-sobre-moreira-franco-stf-assume-lado-pelo-governo-temer\/","og_site_name":"PSOL 50","article_publisher":"https:\/\/www.facebook.com\/psol50","article_published_time":"2017-02-15T12:29:16+00:00","og_image":[{"width":1350,"height":900,"url":"https:\/\/psol50.org.br\/inc\/uploads\/2018\/07\/capa.png","type":"image\/png"}],"author":"Comunica\u00e7\u00e3o PSOL","twitter_card":"summary_large_image","twitter_creator":"@psol50","twitter_site":"@psol50","twitter_misc":{"Escrito por":"Comunica\u00e7\u00e3o PSOL","Est. tempo de leitura":"2 minutos"},"schema":{"@context":"https:\/\/schema.org","@graph":[{"@type":"Article","@id":"https:\/\/psol50.org.br\/em-decisao-sobre-moreira-franco-stf-assume-lado-pelo-governo-temer\/#article","isPartOf":{"@id":"https:\/\/psol50.org.br\/em-decisao-sobre-moreira-franco-stf-assume-lado-pelo-governo-temer\/"},"author":{"name":"Comunica\u00e7\u00e3o PSOL","@id":"https:\/\/psol50.org.br\/#\/schema\/person\/475dfa57d0b815993c714c2e96491fcd"},"headline":"Em decis\u00e3o sobre Moreira Franco, STF assume lado pelo governo Temer","datePublished":"2017-02-15T12:29:16+00:00","mainEntityOfPage":{"@id":"https:\/\/psol50.org.br\/em-decisao-sobre-moreira-franco-stf-assume-lado-pelo-governo-temer\/"},"wordCount":453,"commentCount":0,"publisher":{"@id":"https:\/\/psol50.org.br\/#organization"},"image":{"@id":"https:\/\/psol50.org.br\/em-decisao-sobre-moreira-franco-stf-assume-lado-pelo-governo-temer\/#primaryimage"},"thumbnailUrl":"","keywords":["dela\u00e7\u00f5es","mandado de seguran\u00e7a","Michel Temer","ministro Celso de Mello","ministro da Secretaria Geral da Presid\u00eancia da Rep\u00fablica","Moreira Franco","Odebrecht","Opera\u00e7\u00e3o Lava-Jato","PSOL","STF"],"articleSection":["Brasil","Not\u00edcias"],"inLanguage":"pt-BR","potentialAction":[{"@type":"CommentAction","name":"Comment","target":["https:\/\/psol50.org.br\/em-decisao-sobre-moreira-franco-stf-assume-lado-pelo-governo-temer\/#respond"]}]},{"@type":"WebPage","@id":"https:\/\/psol50.org.br\/em-decisao-sobre-moreira-franco-stf-assume-lado-pelo-governo-temer\/","url":"https:\/\/psol50.org.br\/em-decisao-sobre-moreira-franco-stf-assume-lado-pelo-governo-temer\/","name":"Em decis\u00e3o sobre Moreira Franco, STF assume lado pelo governo Temer - PSOL 50","isPartOf":{"@id":"https:\/\/psol50.org.br\/#website"},"primaryImageOfPage":{"@id":"https:\/\/psol50.org.br\/em-decisao-sobre-moreira-franco-stf-assume-lado-pelo-governo-temer\/#primaryimage"},"image":{"@id":"https:\/\/psol50.org.br\/em-decisao-sobre-moreira-franco-stf-assume-lado-pelo-governo-temer\/#primaryimage"},"thumbnailUrl":"","datePublished":"2017-02-15T12:29:16+00:00","breadcrumb":{"@id":"https:\/\/psol50.org.br\/em-decisao-sobre-moreira-franco-stf-assume-lado-pelo-governo-temer\/#breadcrumb"},"inLanguage":"pt-BR","potentialAction":[{"@type":"ReadAction","target":["https:\/\/psol50.org.br\/em-decisao-sobre-moreira-franco-stf-assume-lado-pelo-governo-temer\/"]}]},{"@type":"ImageObject","inLanguage":"pt-BR","@id":"https:\/\/psol50.org.br\/em-decisao-sobre-moreira-franco-stf-assume-lado-pelo-governo-temer\/#primaryimage","url":"","contentUrl":""},{"@type":"BreadcrumbList","@id":"https:\/\/psol50.org.br\/em-decisao-sobre-moreira-franco-stf-assume-lado-pelo-governo-temer\/#breadcrumb","itemListElement":[{"@type":"ListItem","position":1,"name":"In\u00edcio","item":"https:\/\/psol50.org.br\/"},{"@type":"ListItem","position":2,"name":"Em decis\u00e3o sobre Moreira Franco, STF assume lado pelo governo Temer"}]},{"@type":"WebSite","@id":"https:\/\/psol50.org.br\/#website","url":"https:\/\/psol50.org.br\/","name":"PSOL 50","description":"Site oficial do Partido Socialismo e Liberdade","publisher":{"@id":"https:\/\/psol50.org.br\/#organization"},"alternateName":"PSOL50","potentialAction":[{"@type":"SearchAction","target":{"@type":"EntryPoint","urlTemplate":"https:\/\/psol50.org.br\/?s={search_term_string}"},"query-input":{"@type":"PropertyValueSpecification","valueRequired":true,"valueName":"search_term_string"}}],"inLanguage":"pt-BR"},{"@type":"Organization","@id":"https:\/\/psol50.org.br\/#organization","name":"PSOL 50","alternateName":"PSOL 50","url":"https:\/\/psol50.org.br\/","logo":{"@type":"ImageObject","inLanguage":"pt-BR","@id":"https:\/\/psol50.org.br\/#\/schema\/logo\/image\/","url":"https:\/\/psol50.org.br\/inc\/uploads\/2018\/07\/capa.png","contentUrl":"https:\/\/psol50.org.br\/inc\/uploads\/2018\/07\/capa.png","width":1350,"height":900,"caption":"PSOL 50"},"image":{"@id":"https:\/\/psol50.org.br\/#\/schema\/logo\/image\/"},"sameAs":["https:\/\/www.facebook.com\/psol50","https:\/\/x.com\/psol50","https:\/\/www.instagram.com\/psol50\/","https:\/\/www.youtube.com\/channel\/UC7SnJS5o1os7a6CaiNabzcg"]},{"@type":"Person","@id":"https:\/\/psol50.org.br\/#\/schema\/person\/475dfa57d0b815993c714c2e96491fcd","name":"Comunica\u00e7\u00e3o PSOL","image":{"@type":"ImageObject","inLanguage":"pt-BR","@id":"https:\/\/psol50.org.br\/#\/schema\/person\/image\/","url":"https:\/\/secure.gravatar.com\/avatar\/b34fc4f4e468a4e51785917065a3db57b841f5c95dba6ad8c73aaf8f66f8f9bf?s=96&d=mm&r=g","contentUrl":"https:\/\/secure.gravatar.com\/avatar\/b34fc4f4e468a4e51785917065a3db57b841f5c95dba6ad8c73aaf8f66f8f9bf?s=96&d=mm&r=g","caption":"Comunica\u00e7\u00e3o PSOL"}}]}},"_links":{"self":[{"href":"https:\/\/psol50.org.br\/rest\/wp\/v2\/posts\/15382","targetHints":{"allow":["GET"]}}],"collection":[{"href":"https:\/\/psol50.org.br\/rest\/wp\/v2\/posts"}],"about":[{"href":"https:\/\/psol50.org.br\/rest\/wp\/v2\/types\/post"}],"author":[{"embeddable":true,"href":"https:\/\/psol50.org.br\/rest\/wp\/v2\/users\/2"}],"replies":[{"embeddable":true,"href":"https:\/\/psol50.org.br\/rest\/wp\/v2\/comments?post=15382"}],"version-history":[{"count":0,"href":"https:\/\/psol50.org.br\/rest\/wp\/v2\/posts\/15382\/revisions"}],"wp:featuredmedia":[{"embeddable":true,"href":"https:\/\/psol50.org.br\/rest\/"}],"wp:attachment":[{"href":"https:\/\/psol50.org.br\/rest\/wp\/v2\/media?parent=15382"}],"wp:term":[{"taxonomy":"category","embeddable":true,"href":"https:\/\/psol50.org.br\/rest\/wp\/v2\/categories?post=15382"},{"taxonomy":"post_tag","embeddable":true,"href":"https:\/\/psol50.org.br\/rest\/wp\/v2\/tags?post=15382"}],"curies":[{"name":"wp","href":"https:\/\/api.w.org\/{rel}","templated":true}]}}