{"id":15388,"date":"2017-02-15T15:56:48","date_gmt":"2017-02-15T15:56:48","guid":{"rendered":"http:\/\/www.psol50.org.br\/?p=15388"},"modified":"2017-02-15T15:56:48","modified_gmt":"2017-02-15T15:56:48","slug":"temer-e-seus-aliados-tem-pressa-na-votacao-das-reformas","status":"publish","type":"post","link":"https:\/\/psol50.org.br\/temer-e-seus-aliados-tem-pressa-na-votacao-das-reformas\/","title":{"rendered":"Temer e seus aliados t\u00eam pressa na vota\u00e7\u00e3o das reformas"},"content":{"rendered":"<p>As comiss\u00f5es especiais das reformas da previd\u00eancia e trabalhista da C\u00e2mara foram instaladas e come\u00e7aram os trabalhos ontem (14\/02). Os projetos, <span style=\"color: #0000ff\"><a style=\"color: #0000ff\" href=\"http:\/\/www.psol50.org.br\/blog\/2016\/12\/23\/presente-de-natal-de-temer-para-trabalhadores-e-ataque-aos-direitos\/\">que representam um retrocesso na conquista dos direitos da classe trabalhadora<\/a><\/span>, t\u00eam pressa para passar,\u00a0seguindo a linha do governo golpista de atender a seus interesses em car\u00e1ter de urg\u00eancia, sem antes debater com a sociedade brasileira.<\/p>\n<p>O relator da PEC\u00a0287\/2016, referente \u00e0 reforma da Previd\u00eancia, deputado Arthur Maia (DEM-BA), deve entregar o relat\u00f3rio daqui a cerca de um m\u00eas\u00a0e a expectativa dos aliados de Temer \u00e9 de que o projeto\u00a0seja votado na primeira semana de\u00a0abril. Essa \u00e9 uma maneira de cercear o debate e fechar o canal de di\u00e1logo tanto nas comiss\u00f5es, como com a popula\u00e7\u00e3o.<\/p>\n<p>No que diz respeito ao PL\u00a06787\/16, que prop\u00f5e a reforma Trabalhista,\u00a0o relator, deputado Rog\u00e9rio Marinho (PSDB-RN), prometeu entregar seu parecer no dia 4 de maio, para que a vota\u00e7\u00e3o ocorra ainda no m\u00eas em quest\u00e3o. Na sess\u00e3o de abertura da comiss\u00e3o especial, o deputado do PSOL Chico Alencar lembrou, ainda, que nas elei\u00e7\u00f5es para presid\u00eancia da Rep\u00fablica, em 2014, na qual Michel Temer foi eleito na figura de vice-presidente, tal reforma n\u00e3o estava prevista nas propostas de sua chapa. Chico afirma que o projeto, portanto, n\u00e3o tem respaldo para ser apresentado pelo Executivo e &#8220;carece de legitimidade democr\u00e1tica, caracterizando-se como\u00a0estelionato eleitoral&#8221;.<\/p>\n<p>Al\u00e9m disso, o deputado acredita que, nesse momento de profunda crise, no qual h\u00e1 mais de 12 milh\u00f5es de brasileiros desempregados, \u00e9 extremamente prejudicial precarizar os direitos e explorar ainda mais a m\u00e3o de obra trabalhadora.<\/p>\n<p>As reformas dizem respeito \u00e0 segunda etapa do projeto de ajuste fiscal do governo, ap\u00f3s a aprova\u00e7\u00e3o da <span style=\"color: #0000ff\"><a style=\"color: #0000ff\" href=\"http:\/\/www.psol50.org.br\/blog\/2016\/10\/05\/camara-quer-votar-pec-241-que-arrocha-gastos-publicos-por-20-anos\/\">PEC do Teto de Gastos P\u00fablicos <\/a><\/span>em dezembro do ano passado. Com a aposentadoria amea\u00e7ada e o aumento da jornada de trabalho di\u00e1ria sem garantia de recebimento de hora extra,\u00a0o descaso de Temer com o trabalhador em favor do lucro do empresariado fica cada vez mais evidente.<\/p>\n<p>A resist\u00eancia continua!<\/p>\n","protected":false},"excerpt":{"rendered":"<p>As comiss\u00f5es especiais das reformas da previd\u00eancia e trabalhista da C\u00e2mara foram instaladas e come\u00e7aram os trabalhos ontem (14\/02). Os projetos, que representam um retrocesso na conquista dos direitos da classe trabalhadora, t\u00eam pressa para passar,\u00a0seguindo a linha do governo golpista de atender a seus interesses em car\u00e1ter de urg\u00eancia, sem antes debater com a [&hellip;]<\/p>\n","protected":false},"author":2,"featured_media":15392,"comment_status":"open","ping_status":"open","sticky":false,"template":"","format":"standard","meta":{"_acf_changed":false,"footnotes":""},"categories":[10,1882,6],"tags":[1735,709,1748,63,78,2207,2774],"class_list":{"0":"post-15388","1":"post","2":"type-post","3":"status-publish","4":"format-standard","5":"has-post-thumbnail","7":"category-acao-parlamentares","8":"category-brasil","9":"category-noticias","10":"tag-aposentadoria","11":"tag-camara-dos-deputados","12":"tag-michel-temer","13":"tag-previdencia","14":"tag-reforma","15":"tag-retrocessos","16":"tag-trabalhista"},"acf":[],"yoast_head":"<!-- This site is optimized with the Yoast SEO plugin v26.5 - https:\/\/yoast.com\/wordpress\/plugins\/seo\/ -->\n<title>Temer e seus aliados t\u00eam pressa na vota\u00e7\u00e3o das reformas - PSOL 50<\/title>\n<meta name=\"robots\" content=\"index, follow, max-snippet:-1, max-image-preview:large, max-video-preview:-1\" \/>\n<link rel=\"canonical\" href=\"https:\/\/psol50.org.br\/temer-e-seus-aliados-tem-pressa-na-votacao-das-reformas\/\" \/>\n<meta property=\"og:locale\" content=\"pt_BR\" \/>\n<meta property=\"og:type\" content=\"article\" \/>\n<meta property=\"og:title\" content=\"Temer e seus aliados t\u00eam pressa na vota\u00e7\u00e3o das reformas - PSOL 50\" \/>\n<meta property=\"og:description\" content=\"As comiss\u00f5es especiais das reformas da previd\u00eancia e trabalhista da C\u00e2mara foram instaladas e come\u00e7aram os trabalhos ontem (14\/02). Os projetos, que representam um retrocesso na conquista dos direitos da classe trabalhadora, t\u00eam pressa para passar,\u00a0seguindo a linha do governo golpista de atender a seus interesses em car\u00e1ter de urg\u00eancia, sem antes debater com a [&hellip;]\" \/>\n<meta property=\"og:url\" content=\"https:\/\/psol50.org.br\/temer-e-seus-aliados-tem-pressa-na-votacao-das-reformas\/\" \/>\n<meta property=\"og:site_name\" content=\"PSOL 50\" \/>\n<meta property=\"article:publisher\" content=\"https:\/\/www.facebook.com\/psol50\" \/>\n<meta property=\"article:published_time\" content=\"2017-02-15T15:56:48+00:00\" \/>\n<meta property=\"og:image\" content=\"https:\/\/psol50.org.br\/inc\/uploads\/2018\/07\/capa.png\" \/>\n\t<meta property=\"og:image:width\" content=\"1350\" \/>\n\t<meta property=\"og:image:height\" content=\"900\" \/>\n\t<meta property=\"og:image:type\" content=\"image\/png\" \/>\n<meta name=\"author\" content=\"Comunica\u00e7\u00e3o PSOL\" \/>\n<meta name=\"twitter:card\" content=\"summary_large_image\" \/>\n<meta name=\"twitter:creator\" content=\"@psol50\" \/>\n<meta name=\"twitter:site\" content=\"@psol50\" \/>\n<meta name=\"twitter:label1\" content=\"Escrito por\" \/>\n\t<meta name=\"twitter:data1\" content=\"Comunica\u00e7\u00e3o PSOL\" \/>\n\t<meta name=\"twitter:label2\" content=\"Est. tempo de leitura\" \/>\n\t<meta name=\"twitter:data2\" content=\"2 minutos\" \/>\n<script type=\"application\/ld+json\" class=\"yoast-schema-graph\">{\"@context\":\"https:\/\/schema.org\",\"@graph\":[{\"@type\":\"Article\",\"@id\":\"https:\/\/psol50.org.br\/temer-e-seus-aliados-tem-pressa-na-votacao-das-reformas\/#article\",\"isPartOf\":{\"@id\":\"https:\/\/psol50.org.br\/temer-e-seus-aliados-tem-pressa-na-votacao-das-reformas\/\"},\"author\":{\"name\":\"Comunica\u00e7\u00e3o PSOL\",\"@id\":\"https:\/\/psol50.org.br\/#\/schema\/person\/475dfa57d0b815993c714c2e96491fcd\"},\"headline\":\"Temer e seus aliados t\u00eam pressa na vota\u00e7\u00e3o das reformas\",\"datePublished\":\"2017-02-15T15:56:48+00:00\",\"mainEntityOfPage\":{\"@id\":\"https:\/\/psol50.org.br\/temer-e-seus-aliados-tem-pressa-na-votacao-das-reformas\/\"},\"wordCount\":367,\"commentCount\":0,\"publisher\":{\"@id\":\"https:\/\/psol50.org.br\/#organization\"},\"image\":{\"@id\":\"https:\/\/psol50.org.br\/temer-e-seus-aliados-tem-pressa-na-votacao-das-reformas\/#primaryimage\"},\"thumbnailUrl\":\"\",\"keywords\":[\"aposentadoria\",\"C\u00e2mara dos Deputados\",\"Michel Temer\",\"previd\u00eancia\",\"Reforma\",\"retrocessos\",\"trabalhista\"],\"articleSection\":[\"A\u00e7\u00e3o Parlamentar\",\"Brasil\",\"Not\u00edcias\"],\"inLanguage\":\"pt-BR\",\"potentialAction\":[{\"@type\":\"CommentAction\",\"name\":\"Comment\",\"target\":[\"https:\/\/psol50.org.br\/temer-e-seus-aliados-tem-pressa-na-votacao-das-reformas\/#respond\"]}]},{\"@type\":\"WebPage\",\"@id\":\"https:\/\/psol50.org.br\/temer-e-seus-aliados-tem-pressa-na-votacao-das-reformas\/\",\"url\":\"https:\/\/psol50.org.br\/temer-e-seus-aliados-tem-pressa-na-votacao-das-reformas\/\",\"name\":\"Temer e seus aliados t\u00eam pressa na vota\u00e7\u00e3o das reformas - PSOL 50\",\"isPartOf\":{\"@id\":\"https:\/\/psol50.org.br\/#website\"},\"primaryImageOfPage\":{\"@id\":\"https:\/\/psol50.org.br\/temer-e-seus-aliados-tem-pressa-na-votacao-das-reformas\/#primaryimage\"},\"image\":{\"@id\":\"https:\/\/psol50.org.br\/temer-e-seus-aliados-tem-pressa-na-votacao-das-reformas\/#primaryimage\"},\"thumbnailUrl\":\"\",\"datePublished\":\"2017-02-15T15:56:48+00:00\",\"breadcrumb\":{\"@id\":\"https:\/\/psol50.org.br\/temer-e-seus-aliados-tem-pressa-na-votacao-das-reformas\/#breadcrumb\"},\"inLanguage\":\"pt-BR\",\"potentialAction\":[{\"@type\":\"ReadAction\",\"target\":[\"https:\/\/psol50.org.br\/temer-e-seus-aliados-tem-pressa-na-votacao-das-reformas\/\"]}]},{\"@type\":\"ImageObject\",\"inLanguage\":\"pt-BR\",\"@id\":\"https:\/\/psol50.org.br\/temer-e-seus-aliados-tem-pressa-na-votacao-das-reformas\/#primaryimage\",\"url\":\"\",\"contentUrl\":\"\"},{\"@type\":\"BreadcrumbList\",\"@id\":\"https:\/\/psol50.org.br\/temer-e-seus-aliados-tem-pressa-na-votacao-das-reformas\/#breadcrumb\",\"itemListElement\":[{\"@type\":\"ListItem\",\"position\":1,\"name\":\"In\u00edcio\",\"item\":\"https:\/\/psol50.org.br\/\"},{\"@type\":\"ListItem\",\"position\":2,\"name\":\"Temer e seus aliados t\u00eam pressa na vota\u00e7\u00e3o das reformas\"}]},{\"@type\":\"WebSite\",\"@id\":\"https:\/\/psol50.org.br\/#website\",\"url\":\"https:\/\/psol50.org.br\/\",\"name\":\"PSOL 50\",\"description\":\"Site oficial do Partido Socialismo e Liberdade\",\"publisher\":{\"@id\":\"https:\/\/psol50.org.br\/#organization\"},\"alternateName\":\"PSOL50\",\"potentialAction\":[{\"@type\":\"SearchAction\",\"target\":{\"@type\":\"EntryPoint\",\"urlTemplate\":\"https:\/\/psol50.org.br\/?s={search_term_string}\"},\"query-input\":{\"@type\":\"PropertyValueSpecification\",\"valueRequired\":true,\"valueName\":\"search_term_string\"}}],\"inLanguage\":\"pt-BR\"},{\"@type\":\"Organization\",\"@id\":\"https:\/\/psol50.org.br\/#organization\",\"name\":\"PSOL 50\",\"alternateName\":\"PSOL 50\",\"url\":\"https:\/\/psol50.org.br\/\",\"logo\":{\"@type\":\"ImageObject\",\"inLanguage\":\"pt-BR\",\"@id\":\"https:\/\/psol50.org.br\/#\/schema\/logo\/image\/\",\"url\":\"https:\/\/psol50.org.br\/inc\/uploads\/2018\/07\/capa.png\",\"contentUrl\":\"https:\/\/psol50.org.br\/inc\/uploads\/2018\/07\/capa.png\",\"width\":1350,\"height\":900,\"caption\":\"PSOL 50\"},\"image\":{\"@id\":\"https:\/\/psol50.org.br\/#\/schema\/logo\/image\/\"},\"sameAs\":[\"https:\/\/www.facebook.com\/psol50\",\"https:\/\/x.com\/psol50\",\"https:\/\/www.instagram.com\/psol50\/\",\"https:\/\/www.youtube.com\/channel\/UC7SnJS5o1os7a6CaiNabzcg\"]},{\"@type\":\"Person\",\"@id\":\"https:\/\/psol50.org.br\/#\/schema\/person\/475dfa57d0b815993c714c2e96491fcd\",\"name\":\"Comunica\u00e7\u00e3o PSOL\",\"image\":{\"@type\":\"ImageObject\",\"inLanguage\":\"pt-BR\",\"@id\":\"https:\/\/psol50.org.br\/#\/schema\/person\/image\/\",\"url\":\"https:\/\/secure.gravatar.com\/avatar\/b34fc4f4e468a4e51785917065a3db57b841f5c95dba6ad8c73aaf8f66f8f9bf?s=96&d=mm&r=g\",\"contentUrl\":\"https:\/\/secure.gravatar.com\/avatar\/b34fc4f4e468a4e51785917065a3db57b841f5c95dba6ad8c73aaf8f66f8f9bf?s=96&d=mm&r=g\",\"caption\":\"Comunica\u00e7\u00e3o PSOL\"}}]}<\/script>\n<!-- \/ Yoast SEO plugin. -->","yoast_head_json":{"title":"Temer e seus aliados t\u00eam pressa na vota\u00e7\u00e3o das reformas - PSOL 50","robots":{"index":"index","follow":"follow","max-snippet":"max-snippet:-1","max-image-preview":"max-image-preview:large","max-video-preview":"max-video-preview:-1"},"canonical":"https:\/\/psol50.org.br\/temer-e-seus-aliados-tem-pressa-na-votacao-das-reformas\/","og_locale":"pt_BR","og_type":"article","og_title":"Temer e seus aliados t\u00eam pressa na vota\u00e7\u00e3o das reformas - PSOL 50","og_description":"As comiss\u00f5es especiais das reformas da previd\u00eancia e trabalhista da C\u00e2mara foram instaladas e come\u00e7aram os trabalhos ontem (14\/02). Os projetos, que representam um retrocesso na conquista dos direitos da classe trabalhadora, t\u00eam pressa para passar,\u00a0seguindo a linha do governo golpista de atender a seus interesses em car\u00e1ter de urg\u00eancia, sem antes debater com a [&hellip;]","og_url":"https:\/\/psol50.org.br\/temer-e-seus-aliados-tem-pressa-na-votacao-das-reformas\/","og_site_name":"PSOL 50","article_publisher":"https:\/\/www.facebook.com\/psol50","article_published_time":"2017-02-15T15:56:48+00:00","og_image":[{"width":1350,"height":900,"url":"https:\/\/psol50.org.br\/inc\/uploads\/2018\/07\/capa.png","type":"image\/png"}],"author":"Comunica\u00e7\u00e3o PSOL","twitter_card":"summary_large_image","twitter_creator":"@psol50","twitter_site":"@psol50","twitter_misc":{"Escrito por":"Comunica\u00e7\u00e3o PSOL","Est. tempo de leitura":"2 minutos"},"schema":{"@context":"https:\/\/schema.org","@graph":[{"@type":"Article","@id":"https:\/\/psol50.org.br\/temer-e-seus-aliados-tem-pressa-na-votacao-das-reformas\/#article","isPartOf":{"@id":"https:\/\/psol50.org.br\/temer-e-seus-aliados-tem-pressa-na-votacao-das-reformas\/"},"author":{"name":"Comunica\u00e7\u00e3o PSOL","@id":"https:\/\/psol50.org.br\/#\/schema\/person\/475dfa57d0b815993c714c2e96491fcd"},"headline":"Temer e seus aliados t\u00eam pressa na vota\u00e7\u00e3o das reformas","datePublished":"2017-02-15T15:56:48+00:00","mainEntityOfPage":{"@id":"https:\/\/psol50.org.br\/temer-e-seus-aliados-tem-pressa-na-votacao-das-reformas\/"},"wordCount":367,"commentCount":0,"publisher":{"@id":"https:\/\/psol50.org.br\/#organization"},"image":{"@id":"https:\/\/psol50.org.br\/temer-e-seus-aliados-tem-pressa-na-votacao-das-reformas\/#primaryimage"},"thumbnailUrl":"","keywords":["aposentadoria","C\u00e2mara dos Deputados","Michel Temer","previd\u00eancia","Reforma","retrocessos","trabalhista"],"articleSection":["A\u00e7\u00e3o Parlamentar","Brasil","Not\u00edcias"],"inLanguage":"pt-BR","potentialAction":[{"@type":"CommentAction","name":"Comment","target":["https:\/\/psol50.org.br\/temer-e-seus-aliados-tem-pressa-na-votacao-das-reformas\/#respond"]}]},{"@type":"WebPage","@id":"https:\/\/psol50.org.br\/temer-e-seus-aliados-tem-pressa-na-votacao-das-reformas\/","url":"https:\/\/psol50.org.br\/temer-e-seus-aliados-tem-pressa-na-votacao-das-reformas\/","name":"Temer e seus aliados t\u00eam pressa na vota\u00e7\u00e3o das reformas - PSOL 50","isPartOf":{"@id":"https:\/\/psol50.org.br\/#website"},"primaryImageOfPage":{"@id":"https:\/\/psol50.org.br\/temer-e-seus-aliados-tem-pressa-na-votacao-das-reformas\/#primaryimage"},"image":{"@id":"https:\/\/psol50.org.br\/temer-e-seus-aliados-tem-pressa-na-votacao-das-reformas\/#primaryimage"},"thumbnailUrl":"","datePublished":"2017-02-15T15:56:48+00:00","breadcrumb":{"@id":"https:\/\/psol50.org.br\/temer-e-seus-aliados-tem-pressa-na-votacao-das-reformas\/#breadcrumb"},"inLanguage":"pt-BR","potentialAction":[{"@type":"ReadAction","target":["https:\/\/psol50.org.br\/temer-e-seus-aliados-tem-pressa-na-votacao-das-reformas\/"]}]},{"@type":"ImageObject","inLanguage":"pt-BR","@id":"https:\/\/psol50.org.br\/temer-e-seus-aliados-tem-pressa-na-votacao-das-reformas\/#primaryimage","url":"","contentUrl":""},{"@type":"BreadcrumbList","@id":"https:\/\/psol50.org.br\/temer-e-seus-aliados-tem-pressa-na-votacao-das-reformas\/#breadcrumb","itemListElement":[{"@type":"ListItem","position":1,"name":"In\u00edcio","item":"https:\/\/psol50.org.br\/"},{"@type":"ListItem","position":2,"name":"Temer e seus aliados t\u00eam pressa na vota\u00e7\u00e3o das reformas"}]},{"@type":"WebSite","@id":"https:\/\/psol50.org.br\/#website","url":"https:\/\/psol50.org.br\/","name":"PSOL 50","description":"Site oficial do Partido Socialismo e Liberdade","publisher":{"@id":"https:\/\/psol50.org.br\/#organization"},"alternateName":"PSOL50","potentialAction":[{"@type":"SearchAction","target":{"@type":"EntryPoint","urlTemplate":"https:\/\/psol50.org.br\/?s={search_term_string}"},"query-input":{"@type":"PropertyValueSpecification","valueRequired":true,"valueName":"search_term_string"}}],"inLanguage":"pt-BR"},{"@type":"Organization","@id":"https:\/\/psol50.org.br\/#organization","name":"PSOL 50","alternateName":"PSOL 50","url":"https:\/\/psol50.org.br\/","logo":{"@type":"ImageObject","inLanguage":"pt-BR","@id":"https:\/\/psol50.org.br\/#\/schema\/logo\/image\/","url":"https:\/\/psol50.org.br\/inc\/uploads\/2018\/07\/capa.png","contentUrl":"https:\/\/psol50.org.br\/inc\/uploads\/2018\/07\/capa.png","width":1350,"height":900,"caption":"PSOL 50"},"image":{"@id":"https:\/\/psol50.org.br\/#\/schema\/logo\/image\/"},"sameAs":["https:\/\/www.facebook.com\/psol50","https:\/\/x.com\/psol50","https:\/\/www.instagram.com\/psol50\/","https:\/\/www.youtube.com\/channel\/UC7SnJS5o1os7a6CaiNabzcg"]},{"@type":"Person","@id":"https:\/\/psol50.org.br\/#\/schema\/person\/475dfa57d0b815993c714c2e96491fcd","name":"Comunica\u00e7\u00e3o PSOL","image":{"@type":"ImageObject","inLanguage":"pt-BR","@id":"https:\/\/psol50.org.br\/#\/schema\/person\/image\/","url":"https:\/\/secure.gravatar.com\/avatar\/b34fc4f4e468a4e51785917065a3db57b841f5c95dba6ad8c73aaf8f66f8f9bf?s=96&d=mm&r=g","contentUrl":"https:\/\/secure.gravatar.com\/avatar\/b34fc4f4e468a4e51785917065a3db57b841f5c95dba6ad8c73aaf8f66f8f9bf?s=96&d=mm&r=g","caption":"Comunica\u00e7\u00e3o PSOL"}}]}},"_links":{"self":[{"href":"https:\/\/psol50.org.br\/rest\/wp\/v2\/posts\/15388","targetHints":{"allow":["GET"]}}],"collection":[{"href":"https:\/\/psol50.org.br\/rest\/wp\/v2\/posts"}],"about":[{"href":"https:\/\/psol50.org.br\/rest\/wp\/v2\/types\/post"}],"author":[{"embeddable":true,"href":"https:\/\/psol50.org.br\/rest\/wp\/v2\/users\/2"}],"replies":[{"embeddable":true,"href":"https:\/\/psol50.org.br\/rest\/wp\/v2\/comments?post=15388"}],"version-history":[{"count":0,"href":"https:\/\/psol50.org.br\/rest\/wp\/v2\/posts\/15388\/revisions"}],"wp:featuredmedia":[{"embeddable":true,"href":"https:\/\/psol50.org.br\/rest\/"}],"wp:attachment":[{"href":"https:\/\/psol50.org.br\/rest\/wp\/v2\/media?parent=15388"}],"wp:term":[{"taxonomy":"category","embeddable":true,"href":"https:\/\/psol50.org.br\/rest\/wp\/v2\/categories?post=15388"},{"taxonomy":"post_tag","embeddable":true,"href":"https:\/\/psol50.org.br\/rest\/wp\/v2\/tags?post=15388"}],"curies":[{"name":"wp","href":"https:\/\/api.w.org\/{rel}","templated":true}]}}