{"id":15426,"date":"2017-02-17T14:55:10","date_gmt":"2017-02-17T14:55:10","guid":{"rendered":"http:\/\/www.psol50.org.br\/?p=15426"},"modified":"2017-02-17T14:55:10","modified_gmt":"2017-02-17T14:55:10","slug":"psol-protocola-recurso-contra-a-decisao-de-celso-de-mello-no-caso-moreira-franco","status":"publish","type":"post","link":"https:\/\/psol50.org.br\/psol-protocola-recurso-contra-a-decisao-de-celso-de-mello-no-caso-moreira-franco\/","title":{"rendered":"PSOL protocola recurso contra a decis\u00e3o de Celso de Mello no caso Moreira Franco"},"content":{"rendered":"<p>O PSOL protocolou na manh\u00e3 desta sexta-feira (17\/02), no Supremo Tribunal Federal (STF), recurso contra a <a href=\"http:\/\/www.psol50.org.br\/blog\/2017\/02\/15\/em-decisao-sobre-moreira-franco-stf-assume-lado-pelo-governo-temer\/\" target=\"_blank\" rel=\"noopener\"><span style=\"color: #0000ff\"><em><strong>decis\u00e3o do ministro Celso de Mell<\/strong><\/em><\/span><span style=\"color: #0000ff\"><strong>o<\/strong><\/span><\/a>, mantendo Moreira Franco como ministro da Secretaria Geral da Presid\u00eancia da Rep\u00fablica. Franco foi\u00a0indicado pelo presidente Michel Temer ap\u00f3s ele ter sido citado 34 vezes em dela\u00e7\u00f5es da Odebrecht na opera\u00e7\u00e3o Lava Jato.<\/p>\n<p>No agravo regimental, o partido argumenta que Celso de Mello abordou apenas o aspecto de desvio de finalidade sem considerar a quest\u00e3o da viola\u00e7\u00e3o do princ\u00edpio da moralidade. Al\u00e9m disso, ratifica que Moreira Franco foi citado diversas vezes nas dela\u00e7\u00f5es de executivos da Odebrecht e no cargo de ministro de Estado passa a ter foro privilegiado. A dela\u00e7\u00e3o da Odebrecht foi homologada em 30 de janeiro e Moreira tomou posse em 2 fevereiro. Seu apelido no esquema \u00e9 \u201cGato angor\u00e1\u201d.<\/p>\n<p>\u201cEntendemos que os argumentos apresentados no mandado de seguran\u00e7a prevalecem: existe ferimento de princ\u00edpios constitucionais, desvio de finalidade e uma tentativa de blindagem de Moreira e do pr\u00f3prio Temer. H\u00e1 sim uma necessidade de reavalia\u00e7\u00e3o de Celso de Mello e do conjunto dos ministros do STF\u201d, afirma o l\u00edder do PSOL, deputado Glauber Braga (RJ).<\/p>\n<p><a href=\"http:\/\/www.psol50.org.br\/2017teste\/inc\/uploads\/2017\/02\/Recuros-Regimental-Moreira-Franco-1.pdf\" target=\"_blank\" rel=\"noopener\"><span style=\"color: #0000ff\"><strong><em>Confira aqui o recurso na \u00edntegra.<\/em><\/strong><\/span><\/a><\/p>\n","protected":false},"excerpt":{"rendered":"<p>O PSOL protocolou na manh\u00e3 desta sexta-feira (17\/02), no Supremo Tribunal Federal (STF), recurso contra a decis\u00e3o do ministro Celso de Mello, mantendo Moreira Franco como ministro da Secretaria Geral da Presid\u00eancia da Rep\u00fablica. Franco foi\u00a0indicado pelo presidente Michel Temer ap\u00f3s ele ter sido citado 34 vezes em dela\u00e7\u00f5es da Odebrecht na opera\u00e7\u00e3o Lava Jato. [&hellip;]<\/p>\n","protected":false},"author":2,"featured_media":15427,"comment_status":"open","ping_status":"open","sticky":false,"template":"","format":"standard","meta":{"_acf_changed":false,"footnotes":""},"categories":[1882,6,14],"tags":[2929,1748,617,2454,2867,1749,22,2092,45],"class_list":{"0":"post-15426","1":"post","2":"type-post","3":"status-publish","4":"format-standard","5":"has-post-thumbnail","7":"category-brasil","8":"category-noticias","9":"category-partido","10":"tag-celso-de-mello","11":"tag-michel-temer","12":"tag-ministro","13":"tag-moreira-franco","14":"tag-odebrecht","15":"tag-operacao-lava-jato","16":"tag-psol","17":"tag-recurso","18":"tag-stf"},"acf":[],"yoast_head":"<!-- This site is optimized with the Yoast SEO plugin v26.5 - https:\/\/yoast.com\/wordpress\/plugins\/seo\/ -->\n<title>PSOL protocola recurso contra a decis\u00e3o de Celso de Mello no caso Moreira Franco - PSOL 50<\/title>\n<meta name=\"robots\" content=\"index, follow, max-snippet:-1, max-image-preview:large, max-video-preview:-1\" \/>\n<link rel=\"canonical\" href=\"https:\/\/psol50.org.br\/psol-protocola-recurso-contra-a-decisao-de-celso-de-mello-no-caso-moreira-franco\/\" \/>\n<meta property=\"og:locale\" content=\"pt_BR\" \/>\n<meta property=\"og:type\" content=\"article\" \/>\n<meta property=\"og:title\" content=\"PSOL protocola recurso contra a decis\u00e3o de Celso de Mello no caso Moreira Franco - PSOL 50\" \/>\n<meta property=\"og:description\" content=\"O PSOL protocolou na manh\u00e3 desta sexta-feira (17\/02), no Supremo Tribunal Federal (STF), recurso contra a decis\u00e3o do ministro Celso de Mello, mantendo Moreira Franco como ministro da Secretaria Geral da Presid\u00eancia da Rep\u00fablica. Franco foi\u00a0indicado pelo presidente Michel Temer ap\u00f3s ele ter sido citado 34 vezes em dela\u00e7\u00f5es da Odebrecht na opera\u00e7\u00e3o Lava Jato. [&hellip;]\" \/>\n<meta property=\"og:url\" content=\"https:\/\/psol50.org.br\/psol-protocola-recurso-contra-a-decisao-de-celso-de-mello-no-caso-moreira-franco\/\" \/>\n<meta property=\"og:site_name\" content=\"PSOL 50\" \/>\n<meta property=\"article:publisher\" content=\"https:\/\/www.facebook.com\/psol50\" \/>\n<meta property=\"article:published_time\" content=\"2017-02-17T14:55:10+00:00\" \/>\n<meta property=\"og:image\" content=\"https:\/\/psol50.org.br\/inc\/uploads\/2018\/07\/capa.png\" \/>\n\t<meta property=\"og:image:width\" content=\"1350\" \/>\n\t<meta property=\"og:image:height\" content=\"900\" \/>\n\t<meta property=\"og:image:type\" content=\"image\/png\" \/>\n<meta name=\"author\" content=\"Comunica\u00e7\u00e3o PSOL\" \/>\n<meta name=\"twitter:card\" content=\"summary_large_image\" \/>\n<meta name=\"twitter:creator\" content=\"@psol50\" \/>\n<meta name=\"twitter:site\" content=\"@psol50\" \/>\n<meta name=\"twitter:label1\" content=\"Escrito por\" \/>\n\t<meta name=\"twitter:data1\" content=\"Comunica\u00e7\u00e3o PSOL\" \/>\n\t<meta name=\"twitter:label2\" content=\"Est. tempo de leitura\" \/>\n\t<meta name=\"twitter:data2\" content=\"1 minuto\" \/>\n<script type=\"application\/ld+json\" class=\"yoast-schema-graph\">{\"@context\":\"https:\/\/schema.org\",\"@graph\":[{\"@type\":\"Article\",\"@id\":\"https:\/\/psol50.org.br\/psol-protocola-recurso-contra-a-decisao-de-celso-de-mello-no-caso-moreira-franco\/#article\",\"isPartOf\":{\"@id\":\"https:\/\/psol50.org.br\/psol-protocola-recurso-contra-a-decisao-de-celso-de-mello-no-caso-moreira-franco\/\"},\"author\":{\"name\":\"Comunica\u00e7\u00e3o PSOL\",\"@id\":\"https:\/\/psol50.org.br\/#\/schema\/person\/475dfa57d0b815993c714c2e96491fcd\"},\"headline\":\"PSOL protocola recurso contra a decis\u00e3o de Celso de Mello no caso Moreira Franco\",\"datePublished\":\"2017-02-17T14:55:10+00:00\",\"mainEntityOfPage\":{\"@id\":\"https:\/\/psol50.org.br\/psol-protocola-recurso-contra-a-decisao-de-celso-de-mello-no-caso-moreira-franco\/\"},\"wordCount\":225,\"commentCount\":0,\"publisher\":{\"@id\":\"https:\/\/psol50.org.br\/#organization\"},\"image\":{\"@id\":\"https:\/\/psol50.org.br\/psol-protocola-recurso-contra-a-decisao-de-celso-de-mello-no-caso-moreira-franco\/#primaryimage\"},\"thumbnailUrl\":\"\",\"keywords\":[\"Celso de Mello\",\"Michel Temer\",\"ministro\",\"Moreira Franco\",\"Odebrecht\",\"Opera\u00e7\u00e3o Lava-Jato\",\"PSOL\",\"recurso\",\"STF\"],\"articleSection\":[\"Brasil\",\"Not\u00edcias\",\"Partido\"],\"inLanguage\":\"pt-BR\",\"potentialAction\":[{\"@type\":\"CommentAction\",\"name\":\"Comment\",\"target\":[\"https:\/\/psol50.org.br\/psol-protocola-recurso-contra-a-decisao-de-celso-de-mello-no-caso-moreira-franco\/#respond\"]}]},{\"@type\":\"WebPage\",\"@id\":\"https:\/\/psol50.org.br\/psol-protocola-recurso-contra-a-decisao-de-celso-de-mello-no-caso-moreira-franco\/\",\"url\":\"https:\/\/psol50.org.br\/psol-protocola-recurso-contra-a-decisao-de-celso-de-mello-no-caso-moreira-franco\/\",\"name\":\"PSOL protocola recurso contra a decis\u00e3o de Celso de Mello no caso Moreira Franco - PSOL 50\",\"isPartOf\":{\"@id\":\"https:\/\/psol50.org.br\/#website\"},\"primaryImageOfPage\":{\"@id\":\"https:\/\/psol50.org.br\/psol-protocola-recurso-contra-a-decisao-de-celso-de-mello-no-caso-moreira-franco\/#primaryimage\"},\"image\":{\"@id\":\"https:\/\/psol50.org.br\/psol-protocola-recurso-contra-a-decisao-de-celso-de-mello-no-caso-moreira-franco\/#primaryimage\"},\"thumbnailUrl\":\"\",\"datePublished\":\"2017-02-17T14:55:10+00:00\",\"breadcrumb\":{\"@id\":\"https:\/\/psol50.org.br\/psol-protocola-recurso-contra-a-decisao-de-celso-de-mello-no-caso-moreira-franco\/#breadcrumb\"},\"inLanguage\":\"pt-BR\",\"potentialAction\":[{\"@type\":\"ReadAction\",\"target\":[\"https:\/\/psol50.org.br\/psol-protocola-recurso-contra-a-decisao-de-celso-de-mello-no-caso-moreira-franco\/\"]}]},{\"@type\":\"ImageObject\",\"inLanguage\":\"pt-BR\",\"@id\":\"https:\/\/psol50.org.br\/psol-protocola-recurso-contra-a-decisao-de-celso-de-mello-no-caso-moreira-franco\/#primaryimage\",\"url\":\"\",\"contentUrl\":\"\"},{\"@type\":\"BreadcrumbList\",\"@id\":\"https:\/\/psol50.org.br\/psol-protocola-recurso-contra-a-decisao-de-celso-de-mello-no-caso-moreira-franco\/#breadcrumb\",\"itemListElement\":[{\"@type\":\"ListItem\",\"position\":1,\"name\":\"In\u00edcio\",\"item\":\"https:\/\/psol50.org.br\/\"},{\"@type\":\"ListItem\",\"position\":2,\"name\":\"PSOL protocola recurso contra a decis\u00e3o de Celso de Mello no caso Moreira Franco\"}]},{\"@type\":\"WebSite\",\"@id\":\"https:\/\/psol50.org.br\/#website\",\"url\":\"https:\/\/psol50.org.br\/\",\"name\":\"PSOL 50\",\"description\":\"Site oficial do Partido Socialismo e Liberdade\",\"publisher\":{\"@id\":\"https:\/\/psol50.org.br\/#organization\"},\"alternateName\":\"PSOL50\",\"potentialAction\":[{\"@type\":\"SearchAction\",\"target\":{\"@type\":\"EntryPoint\",\"urlTemplate\":\"https:\/\/psol50.org.br\/?s={search_term_string}\"},\"query-input\":{\"@type\":\"PropertyValueSpecification\",\"valueRequired\":true,\"valueName\":\"search_term_string\"}}],\"inLanguage\":\"pt-BR\"},{\"@type\":\"Organization\",\"@id\":\"https:\/\/psol50.org.br\/#organization\",\"name\":\"PSOL 50\",\"alternateName\":\"PSOL 50\",\"url\":\"https:\/\/psol50.org.br\/\",\"logo\":{\"@type\":\"ImageObject\",\"inLanguage\":\"pt-BR\",\"@id\":\"https:\/\/psol50.org.br\/#\/schema\/logo\/image\/\",\"url\":\"https:\/\/psol50.org.br\/inc\/uploads\/2018\/07\/capa.png\",\"contentUrl\":\"https:\/\/psol50.org.br\/inc\/uploads\/2018\/07\/capa.png\",\"width\":1350,\"height\":900,\"caption\":\"PSOL 50\"},\"image\":{\"@id\":\"https:\/\/psol50.org.br\/#\/schema\/logo\/image\/\"},\"sameAs\":[\"https:\/\/www.facebook.com\/psol50\",\"https:\/\/x.com\/psol50\",\"https:\/\/www.instagram.com\/psol50\/\",\"https:\/\/www.youtube.com\/channel\/UC7SnJS5o1os7a6CaiNabzcg\"]},{\"@type\":\"Person\",\"@id\":\"https:\/\/psol50.org.br\/#\/schema\/person\/475dfa57d0b815993c714c2e96491fcd\",\"name\":\"Comunica\u00e7\u00e3o PSOL\",\"image\":{\"@type\":\"ImageObject\",\"inLanguage\":\"pt-BR\",\"@id\":\"https:\/\/psol50.org.br\/#\/schema\/person\/image\/\",\"url\":\"https:\/\/secure.gravatar.com\/avatar\/b34fc4f4e468a4e51785917065a3db57b841f5c95dba6ad8c73aaf8f66f8f9bf?s=96&d=mm&r=g\",\"contentUrl\":\"https:\/\/secure.gravatar.com\/avatar\/b34fc4f4e468a4e51785917065a3db57b841f5c95dba6ad8c73aaf8f66f8f9bf?s=96&d=mm&r=g\",\"caption\":\"Comunica\u00e7\u00e3o PSOL\"}}]}<\/script>\n<!-- \/ Yoast SEO plugin. -->","yoast_head_json":{"title":"PSOL protocola recurso contra a decis\u00e3o de Celso de Mello no caso Moreira Franco - PSOL 50","robots":{"index":"index","follow":"follow","max-snippet":"max-snippet:-1","max-image-preview":"max-image-preview:large","max-video-preview":"max-video-preview:-1"},"canonical":"https:\/\/psol50.org.br\/psol-protocola-recurso-contra-a-decisao-de-celso-de-mello-no-caso-moreira-franco\/","og_locale":"pt_BR","og_type":"article","og_title":"PSOL protocola recurso contra a decis\u00e3o de Celso de Mello no caso Moreira Franco - PSOL 50","og_description":"O PSOL protocolou na manh\u00e3 desta sexta-feira (17\/02), no Supremo Tribunal Federal (STF), recurso contra a decis\u00e3o do ministro Celso de Mello, mantendo Moreira Franco como ministro da Secretaria Geral da Presid\u00eancia da Rep\u00fablica. Franco foi\u00a0indicado pelo presidente Michel Temer ap\u00f3s ele ter sido citado 34 vezes em dela\u00e7\u00f5es da Odebrecht na opera\u00e7\u00e3o Lava Jato. [&hellip;]","og_url":"https:\/\/psol50.org.br\/psol-protocola-recurso-contra-a-decisao-de-celso-de-mello-no-caso-moreira-franco\/","og_site_name":"PSOL 50","article_publisher":"https:\/\/www.facebook.com\/psol50","article_published_time":"2017-02-17T14:55:10+00:00","og_image":[{"width":1350,"height":900,"url":"https:\/\/psol50.org.br\/inc\/uploads\/2018\/07\/capa.png","type":"image\/png"}],"author":"Comunica\u00e7\u00e3o PSOL","twitter_card":"summary_large_image","twitter_creator":"@psol50","twitter_site":"@psol50","twitter_misc":{"Escrito por":"Comunica\u00e7\u00e3o PSOL","Est. tempo de leitura":"1 minuto"},"schema":{"@context":"https:\/\/schema.org","@graph":[{"@type":"Article","@id":"https:\/\/psol50.org.br\/psol-protocola-recurso-contra-a-decisao-de-celso-de-mello-no-caso-moreira-franco\/#article","isPartOf":{"@id":"https:\/\/psol50.org.br\/psol-protocola-recurso-contra-a-decisao-de-celso-de-mello-no-caso-moreira-franco\/"},"author":{"name":"Comunica\u00e7\u00e3o PSOL","@id":"https:\/\/psol50.org.br\/#\/schema\/person\/475dfa57d0b815993c714c2e96491fcd"},"headline":"PSOL protocola recurso contra a decis\u00e3o de Celso de Mello no caso Moreira Franco","datePublished":"2017-02-17T14:55:10+00:00","mainEntityOfPage":{"@id":"https:\/\/psol50.org.br\/psol-protocola-recurso-contra-a-decisao-de-celso-de-mello-no-caso-moreira-franco\/"},"wordCount":225,"commentCount":0,"publisher":{"@id":"https:\/\/psol50.org.br\/#organization"},"image":{"@id":"https:\/\/psol50.org.br\/psol-protocola-recurso-contra-a-decisao-de-celso-de-mello-no-caso-moreira-franco\/#primaryimage"},"thumbnailUrl":"","keywords":["Celso de Mello","Michel Temer","ministro","Moreira Franco","Odebrecht","Opera\u00e7\u00e3o Lava-Jato","PSOL","recurso","STF"],"articleSection":["Brasil","Not\u00edcias","Partido"],"inLanguage":"pt-BR","potentialAction":[{"@type":"CommentAction","name":"Comment","target":["https:\/\/psol50.org.br\/psol-protocola-recurso-contra-a-decisao-de-celso-de-mello-no-caso-moreira-franco\/#respond"]}]},{"@type":"WebPage","@id":"https:\/\/psol50.org.br\/psol-protocola-recurso-contra-a-decisao-de-celso-de-mello-no-caso-moreira-franco\/","url":"https:\/\/psol50.org.br\/psol-protocola-recurso-contra-a-decisao-de-celso-de-mello-no-caso-moreira-franco\/","name":"PSOL protocola recurso contra a decis\u00e3o de Celso de Mello no caso Moreira Franco - PSOL 50","isPartOf":{"@id":"https:\/\/psol50.org.br\/#website"},"primaryImageOfPage":{"@id":"https:\/\/psol50.org.br\/psol-protocola-recurso-contra-a-decisao-de-celso-de-mello-no-caso-moreira-franco\/#primaryimage"},"image":{"@id":"https:\/\/psol50.org.br\/psol-protocola-recurso-contra-a-decisao-de-celso-de-mello-no-caso-moreira-franco\/#primaryimage"},"thumbnailUrl":"","datePublished":"2017-02-17T14:55:10+00:00","breadcrumb":{"@id":"https:\/\/psol50.org.br\/psol-protocola-recurso-contra-a-decisao-de-celso-de-mello-no-caso-moreira-franco\/#breadcrumb"},"inLanguage":"pt-BR","potentialAction":[{"@type":"ReadAction","target":["https:\/\/psol50.org.br\/psol-protocola-recurso-contra-a-decisao-de-celso-de-mello-no-caso-moreira-franco\/"]}]},{"@type":"ImageObject","inLanguage":"pt-BR","@id":"https:\/\/psol50.org.br\/psol-protocola-recurso-contra-a-decisao-de-celso-de-mello-no-caso-moreira-franco\/#primaryimage","url":"","contentUrl":""},{"@type":"BreadcrumbList","@id":"https:\/\/psol50.org.br\/psol-protocola-recurso-contra-a-decisao-de-celso-de-mello-no-caso-moreira-franco\/#breadcrumb","itemListElement":[{"@type":"ListItem","position":1,"name":"In\u00edcio","item":"https:\/\/psol50.org.br\/"},{"@type":"ListItem","position":2,"name":"PSOL protocola recurso contra a decis\u00e3o de Celso de Mello no caso Moreira Franco"}]},{"@type":"WebSite","@id":"https:\/\/psol50.org.br\/#website","url":"https:\/\/psol50.org.br\/","name":"PSOL 50","description":"Site oficial do Partido Socialismo e Liberdade","publisher":{"@id":"https:\/\/psol50.org.br\/#organization"},"alternateName":"PSOL50","potentialAction":[{"@type":"SearchAction","target":{"@type":"EntryPoint","urlTemplate":"https:\/\/psol50.org.br\/?s={search_term_string}"},"query-input":{"@type":"PropertyValueSpecification","valueRequired":true,"valueName":"search_term_string"}}],"inLanguage":"pt-BR"},{"@type":"Organization","@id":"https:\/\/psol50.org.br\/#organization","name":"PSOL 50","alternateName":"PSOL 50","url":"https:\/\/psol50.org.br\/","logo":{"@type":"ImageObject","inLanguage":"pt-BR","@id":"https:\/\/psol50.org.br\/#\/schema\/logo\/image\/","url":"https:\/\/psol50.org.br\/inc\/uploads\/2018\/07\/capa.png","contentUrl":"https:\/\/psol50.org.br\/inc\/uploads\/2018\/07\/capa.png","width":1350,"height":900,"caption":"PSOL 50"},"image":{"@id":"https:\/\/psol50.org.br\/#\/schema\/logo\/image\/"},"sameAs":["https:\/\/www.facebook.com\/psol50","https:\/\/x.com\/psol50","https:\/\/www.instagram.com\/psol50\/","https:\/\/www.youtube.com\/channel\/UC7SnJS5o1os7a6CaiNabzcg"]},{"@type":"Person","@id":"https:\/\/psol50.org.br\/#\/schema\/person\/475dfa57d0b815993c714c2e96491fcd","name":"Comunica\u00e7\u00e3o PSOL","image":{"@type":"ImageObject","inLanguage":"pt-BR","@id":"https:\/\/psol50.org.br\/#\/schema\/person\/image\/","url":"https:\/\/secure.gravatar.com\/avatar\/b34fc4f4e468a4e51785917065a3db57b841f5c95dba6ad8c73aaf8f66f8f9bf?s=96&d=mm&r=g","contentUrl":"https:\/\/secure.gravatar.com\/avatar\/b34fc4f4e468a4e51785917065a3db57b841f5c95dba6ad8c73aaf8f66f8f9bf?s=96&d=mm&r=g","caption":"Comunica\u00e7\u00e3o PSOL"}}]}},"_links":{"self":[{"href":"https:\/\/psol50.org.br\/rest\/wp\/v2\/posts\/15426","targetHints":{"allow":["GET"]}}],"collection":[{"href":"https:\/\/psol50.org.br\/rest\/wp\/v2\/posts"}],"about":[{"href":"https:\/\/psol50.org.br\/rest\/wp\/v2\/types\/post"}],"author":[{"embeddable":true,"href":"https:\/\/psol50.org.br\/rest\/wp\/v2\/users\/2"}],"replies":[{"embeddable":true,"href":"https:\/\/psol50.org.br\/rest\/wp\/v2\/comments?post=15426"}],"version-history":[{"count":0,"href":"https:\/\/psol50.org.br\/rest\/wp\/v2\/posts\/15426\/revisions"}],"wp:featuredmedia":[{"embeddable":true,"href":"https:\/\/psol50.org.br\/rest\/"}],"wp:attachment":[{"href":"https:\/\/psol50.org.br\/rest\/wp\/v2\/media?parent=15426"}],"wp:term":[{"taxonomy":"category","embeddable":true,"href":"https:\/\/psol50.org.br\/rest\/wp\/v2\/categories?post=15426"},{"taxonomy":"post_tag","embeddable":true,"href":"https:\/\/psol50.org.br\/rest\/wp\/v2\/tags?post=15426"}],"curies":[{"name":"wp","href":"https:\/\/api.w.org\/{rel}","templated":true}]}}