{"id":15443,"date":"2017-02-21T14:28:58","date_gmt":"2017-02-21T14:28:58","guid":{"rendered":"http:\/\/www.psol50.org.br\/?p=15443"},"modified":"2017-02-21T14:28:58","modified_gmt":"2017-02-21T14:28:58","slug":"mocao-de-repudio-da-camara-de-vereadores-de-florianopolis-a-indicacao-de-alexandre-de-morares-ao-stf","status":"publish","type":"post","link":"https:\/\/psol50.org.br\/mocao-de-repudio-da-camara-de-vereadores-de-florianopolis-a-indicacao-de-alexandre-de-morares-ao-stf\/","title":{"rendered":"Mo\u00e7\u00e3o de rep\u00fadio da C\u00e2mara de Vereadores de Florian\u00f3polis \u00e0 indica\u00e7\u00e3o de Alexandre de Morares ao STF"},"content":{"rendered":"<p>Por iniciativa do PSOL, a C\u00e2mara de Vereadores de Florian\u00f3polis aprovou mo\u00e7\u00e3o de rep\u00fadio \u00e0 indica\u00e7\u00e3o de Alexandre de Moraes ao Supremo Tribunal Federal (STF). Dos 23 vereadores, 15 votaram favor\u00e1veis ao texto, apresentado pelo vereador Afr\u00e2nio Boppr\u00e9.<\/p>\n<p>Confira, abaixo, o conte\u00fado da mo\u00e7\u00e3o.<\/p>\n<p><em>Senhor Presidente,<\/em><\/p>\n<p><em>o Vereador que esta subscreve, com fulcro nos artigos 118 e 119 do Regimento Interno desta Casa e ap\u00f3s ouvido o Plen\u00e1rio, solicita manifesta\u00e7\u00e3o de rep\u00fadio da C\u00e2mara Municipal de Florian\u00f3polis \u00e0 Presid\u00eancia da Rep\u00fablica em fun\u00e7\u00e3o da indica\u00e7\u00e3o do Sr. Alexandre Moraes para substituir o Ministro Teori Zavascki no Supremo Tribunal Federal. \u00a0<\/em><\/p>\n<p><em><strong>Justificativa<\/strong><\/em><br \/>\n<em> S\u00e3o diversas as raz\u00f5es que podem ser relacionadas como elementos que n\u00e3o recomendariam a indica\u00e7\u00e3o do Sr. Alexandre Moraes para uma fun\u00e7\u00e3o t\u00e3o importante, especialmente na atual conjuntura do Pa\u00eds. Considere-se, por exemplo, a situa\u00e7\u00e3o cr\u00edtica da \u00e1rea da seguran\u00e7a, especialmente a crise nos pres\u00eddios, sob a responsabilidade do Minist\u00e9rio do qual era titular. Na condu\u00e7\u00e3o do Minist\u00e9rio, inclusive, foi autor de diversas declara\u00e7\u00f5es pol\u00eamicas, como a antecipa\u00e7\u00e3o de opera\u00e7\u00f5es da Pol\u00edcia Federal. <\/em><\/p>\n<p><em> Pesam tamb\u00e9m contra o Sr. Alexandre Moraes acusa\u00e7\u00f5es de advocacia para empresa ligada ao crime organizado e para o ex-deputado Eduardo Cunha. Contraditoriamente, a tese que apresentou para doutoramento, em 2000, condena a nomea\u00e7\u00e3o ao Supremo de pessoas com cargo de confian\u00e7a da Presid\u00eancia da Rep\u00fablica. A indica\u00e7\u00e3o do Sr. Alexandre Moraes tem uma forte identidade partid\u00e1ria e suas liga\u00e7\u00f5es pol\u00edticas e pessoais com envolvidos na opera\u00e7\u00e3o Lava Jato colocam em d\u00favida o futuro das investiga\u00e7\u00f5es e o pr\u00f3prio posicionamento do STF e, por essas raz\u00f5es, merece uma manifesta\u00e7\u00e3o de protesto da C\u00e2mara Municipal de Florian\u00f3polis.<\/em><\/p>\n<p><em>Sala das Sess\u00f5es, em 13 de fevereiro de 2017.<\/em><br \/>\n<em><strong>Afr\u00e2nio Boppr\u00e9<br \/>\n<\/strong><strong>Vereador PSOL<\/strong><\/em><\/p>\n<p>&nbsp;<\/p>\n<p>&nbsp;<\/p>\n","protected":false},"excerpt":{"rendered":"<p>Por iniciativa do PSOL, a C\u00e2mara de Vereadores de Florian\u00f3polis aprovou mo\u00e7\u00e3o de rep\u00fadio \u00e0 indica\u00e7\u00e3o de Alexandre de Moraes ao Supremo Tribunal Federal (STF). Dos 23 vereadores, 15 votaram favor\u00e1veis ao texto, apresentado pelo vereador Afr\u00e2nio Boppr\u00e9. Confira, abaixo, o conte\u00fado da mo\u00e7\u00e3o. Senhor Presidente, o Vereador que esta subscreve, com fulcro nos artigos [&hellip;]<\/p>\n","protected":false},"author":2,"featured_media":15131,"comment_status":"open","ping_status":"open","sticky":false,"template":"","format":"standard","meta":{"_acf_changed":false,"footnotes":""},"categories":[10,654,6],"tags":[2934,615,2935,2936,22,45],"class_list":{"0":"post-15443","1":"post","2":"type-post","3":"status-publish","4":"format-standard","5":"has-post-thumbnail","7":"category-acao-parlamentares","8":"category-estados","9":"category-noticias","10":"tag-afranio-boppre","11":"tag-alexandre-de-moraes","12":"tag-camara-de-vereadores-de-florianopolis","13":"tag-mocao-de-repudio","14":"tag-psol","15":"tag-stf"},"acf":[],"yoast_head":"<!-- This site is optimized with the Yoast SEO plugin v26.5 - https:\/\/yoast.com\/wordpress\/plugins\/seo\/ -->\n<title>Mo\u00e7\u00e3o de rep\u00fadio da C\u00e2mara de Vereadores de Florian\u00f3polis \u00e0 indica\u00e7\u00e3o de Alexandre de Morares ao STF - PSOL 50<\/title>\n<meta name=\"robots\" content=\"index, follow, max-snippet:-1, max-image-preview:large, max-video-preview:-1\" \/>\n<link rel=\"canonical\" href=\"https:\/\/psol50.org.br\/mocao-de-repudio-da-camara-de-vereadores-de-florianopolis-a-indicacao-de-alexandre-de-morares-ao-stf\/\" \/>\n<meta property=\"og:locale\" content=\"pt_BR\" \/>\n<meta property=\"og:type\" content=\"article\" \/>\n<meta property=\"og:title\" content=\"Mo\u00e7\u00e3o de rep\u00fadio da C\u00e2mara de Vereadores de Florian\u00f3polis \u00e0 indica\u00e7\u00e3o de Alexandre de Morares ao STF - PSOL 50\" \/>\n<meta property=\"og:description\" content=\"Por iniciativa do PSOL, a C\u00e2mara de Vereadores de Florian\u00f3polis aprovou mo\u00e7\u00e3o de rep\u00fadio \u00e0 indica\u00e7\u00e3o de Alexandre de Moraes ao Supremo Tribunal Federal (STF). Dos 23 vereadores, 15 votaram favor\u00e1veis ao texto, apresentado pelo vereador Afr\u00e2nio Boppr\u00e9. Confira, abaixo, o conte\u00fado da mo\u00e7\u00e3o. Senhor Presidente, o Vereador que esta subscreve, com fulcro nos artigos [&hellip;]\" \/>\n<meta property=\"og:url\" content=\"https:\/\/psol50.org.br\/mocao-de-repudio-da-camara-de-vereadores-de-florianopolis-a-indicacao-de-alexandre-de-morares-ao-stf\/\" \/>\n<meta property=\"og:site_name\" content=\"PSOL 50\" \/>\n<meta property=\"article:publisher\" content=\"https:\/\/www.facebook.com\/psol50\" \/>\n<meta property=\"article:published_time\" content=\"2017-02-21T14:28:58+00:00\" \/>\n<meta property=\"og:image\" content=\"https:\/\/psol50.org.br\/inc\/uploads\/2018\/07\/capa.png\" \/>\n\t<meta property=\"og:image:width\" content=\"1350\" \/>\n\t<meta property=\"og:image:height\" content=\"900\" \/>\n\t<meta property=\"og:image:type\" content=\"image\/png\" \/>\n<meta name=\"author\" content=\"Comunica\u00e7\u00e3o PSOL\" \/>\n<meta name=\"twitter:card\" content=\"summary_large_image\" \/>\n<meta name=\"twitter:creator\" content=\"@psol50\" \/>\n<meta name=\"twitter:site\" content=\"@psol50\" \/>\n<meta name=\"twitter:label1\" content=\"Escrito por\" \/>\n\t<meta name=\"twitter:data1\" content=\"Comunica\u00e7\u00e3o PSOL\" \/>\n\t<meta name=\"twitter:label2\" content=\"Est. tempo de leitura\" \/>\n\t<meta name=\"twitter:data2\" content=\"2 minutos\" \/>\n<script type=\"application\/ld+json\" class=\"yoast-schema-graph\">{\"@context\":\"https:\/\/schema.org\",\"@graph\":[{\"@type\":\"Article\",\"@id\":\"https:\/\/psol50.org.br\/mocao-de-repudio-da-camara-de-vereadores-de-florianopolis-a-indicacao-de-alexandre-de-morares-ao-stf\/#article\",\"isPartOf\":{\"@id\":\"https:\/\/psol50.org.br\/mocao-de-repudio-da-camara-de-vereadores-de-florianopolis-a-indicacao-de-alexandre-de-morares-ao-stf\/\"},\"author\":{\"name\":\"Comunica\u00e7\u00e3o PSOL\",\"@id\":\"https:\/\/psol50.org.br\/#\/schema\/person\/475dfa57d0b815993c714c2e96491fcd\"},\"headline\":\"Mo\u00e7\u00e3o de rep\u00fadio da C\u00e2mara de Vereadores de Florian\u00f3polis \u00e0 indica\u00e7\u00e3o de Alexandre de Morares ao STF\",\"datePublished\":\"2017-02-21T14:28:58+00:00\",\"mainEntityOfPage\":{\"@id\":\"https:\/\/psol50.org.br\/mocao-de-repudio-da-camara-de-vereadores-de-florianopolis-a-indicacao-de-alexandre-de-morares-ao-stf\/\"},\"wordCount\":354,\"commentCount\":0,\"publisher\":{\"@id\":\"https:\/\/psol50.org.br\/#organization\"},\"image\":{\"@id\":\"https:\/\/psol50.org.br\/mocao-de-repudio-da-camara-de-vereadores-de-florianopolis-a-indicacao-de-alexandre-de-morares-ao-stf\/#primaryimage\"},\"thumbnailUrl\":\"\",\"keywords\":[\"Afr\u00e2nio Boppr\u00e9\",\"Alexandre de Moraes\",\"C\u00e2mara de Vereadores de Florian\u00f3polis\",\"mo\u00e7\u00e3o de rep\u00fadio\",\"PSOL\",\"STF\"],\"articleSection\":[\"A\u00e7\u00e3o Parlamentar\",\"Estados\",\"Not\u00edcias\"],\"inLanguage\":\"pt-BR\",\"potentialAction\":[{\"@type\":\"CommentAction\",\"name\":\"Comment\",\"target\":[\"https:\/\/psol50.org.br\/mocao-de-repudio-da-camara-de-vereadores-de-florianopolis-a-indicacao-de-alexandre-de-morares-ao-stf\/#respond\"]}]},{\"@type\":\"WebPage\",\"@id\":\"https:\/\/psol50.org.br\/mocao-de-repudio-da-camara-de-vereadores-de-florianopolis-a-indicacao-de-alexandre-de-morares-ao-stf\/\",\"url\":\"https:\/\/psol50.org.br\/mocao-de-repudio-da-camara-de-vereadores-de-florianopolis-a-indicacao-de-alexandre-de-morares-ao-stf\/\",\"name\":\"Mo\u00e7\u00e3o de rep\u00fadio da C\u00e2mara de Vereadores de Florian\u00f3polis \u00e0 indica\u00e7\u00e3o de Alexandre de Morares ao STF - PSOL 50\",\"isPartOf\":{\"@id\":\"https:\/\/psol50.org.br\/#website\"},\"primaryImageOfPage\":{\"@id\":\"https:\/\/psol50.org.br\/mocao-de-repudio-da-camara-de-vereadores-de-florianopolis-a-indicacao-de-alexandre-de-morares-ao-stf\/#primaryimage\"},\"image\":{\"@id\":\"https:\/\/psol50.org.br\/mocao-de-repudio-da-camara-de-vereadores-de-florianopolis-a-indicacao-de-alexandre-de-morares-ao-stf\/#primaryimage\"},\"thumbnailUrl\":\"\",\"datePublished\":\"2017-02-21T14:28:58+00:00\",\"breadcrumb\":{\"@id\":\"https:\/\/psol50.org.br\/mocao-de-repudio-da-camara-de-vereadores-de-florianopolis-a-indicacao-de-alexandre-de-morares-ao-stf\/#breadcrumb\"},\"inLanguage\":\"pt-BR\",\"potentialAction\":[{\"@type\":\"ReadAction\",\"target\":[\"https:\/\/psol50.org.br\/mocao-de-repudio-da-camara-de-vereadores-de-florianopolis-a-indicacao-de-alexandre-de-morares-ao-stf\/\"]}]},{\"@type\":\"ImageObject\",\"inLanguage\":\"pt-BR\",\"@id\":\"https:\/\/psol50.org.br\/mocao-de-repudio-da-camara-de-vereadores-de-florianopolis-a-indicacao-de-alexandre-de-morares-ao-stf\/#primaryimage\",\"url\":\"\",\"contentUrl\":\"\"},{\"@type\":\"BreadcrumbList\",\"@id\":\"https:\/\/psol50.org.br\/mocao-de-repudio-da-camara-de-vereadores-de-florianopolis-a-indicacao-de-alexandre-de-morares-ao-stf\/#breadcrumb\",\"itemListElement\":[{\"@type\":\"ListItem\",\"position\":1,\"name\":\"In\u00edcio\",\"item\":\"https:\/\/psol50.org.br\/\"},{\"@type\":\"ListItem\",\"position\":2,\"name\":\"Mo\u00e7\u00e3o de rep\u00fadio da C\u00e2mara de Vereadores de Florian\u00f3polis \u00e0 indica\u00e7\u00e3o de Alexandre de Morares ao STF\"}]},{\"@type\":\"WebSite\",\"@id\":\"https:\/\/psol50.org.br\/#website\",\"url\":\"https:\/\/psol50.org.br\/\",\"name\":\"PSOL 50\",\"description\":\"Site oficial do Partido Socialismo e Liberdade\",\"publisher\":{\"@id\":\"https:\/\/psol50.org.br\/#organization\"},\"alternateName\":\"PSOL50\",\"potentialAction\":[{\"@type\":\"SearchAction\",\"target\":{\"@type\":\"EntryPoint\",\"urlTemplate\":\"https:\/\/psol50.org.br\/?s={search_term_string}\"},\"query-input\":{\"@type\":\"PropertyValueSpecification\",\"valueRequired\":true,\"valueName\":\"search_term_string\"}}],\"inLanguage\":\"pt-BR\"},{\"@type\":\"Organization\",\"@id\":\"https:\/\/psol50.org.br\/#organization\",\"name\":\"PSOL 50\",\"alternateName\":\"PSOL 50\",\"url\":\"https:\/\/psol50.org.br\/\",\"logo\":{\"@type\":\"ImageObject\",\"inLanguage\":\"pt-BR\",\"@id\":\"https:\/\/psol50.org.br\/#\/schema\/logo\/image\/\",\"url\":\"https:\/\/psol50.org.br\/inc\/uploads\/2018\/07\/capa.png\",\"contentUrl\":\"https:\/\/psol50.org.br\/inc\/uploads\/2018\/07\/capa.png\",\"width\":1350,\"height\":900,\"caption\":\"PSOL 50\"},\"image\":{\"@id\":\"https:\/\/psol50.org.br\/#\/schema\/logo\/image\/\"},\"sameAs\":[\"https:\/\/www.facebook.com\/psol50\",\"https:\/\/x.com\/psol50\",\"https:\/\/www.instagram.com\/psol50\/\",\"https:\/\/www.youtube.com\/channel\/UC7SnJS5o1os7a6CaiNabzcg\"]},{\"@type\":\"Person\",\"@id\":\"https:\/\/psol50.org.br\/#\/schema\/person\/475dfa57d0b815993c714c2e96491fcd\",\"name\":\"Comunica\u00e7\u00e3o PSOL\",\"image\":{\"@type\":\"ImageObject\",\"inLanguage\":\"pt-BR\",\"@id\":\"https:\/\/psol50.org.br\/#\/schema\/person\/image\/\",\"url\":\"https:\/\/secure.gravatar.com\/avatar\/b34fc4f4e468a4e51785917065a3db57b841f5c95dba6ad8c73aaf8f66f8f9bf?s=96&d=mm&r=g\",\"contentUrl\":\"https:\/\/secure.gravatar.com\/avatar\/b34fc4f4e468a4e51785917065a3db57b841f5c95dba6ad8c73aaf8f66f8f9bf?s=96&d=mm&r=g\",\"caption\":\"Comunica\u00e7\u00e3o PSOL\"}}]}<\/script>\n<!-- \/ Yoast SEO plugin. -->","yoast_head_json":{"title":"Mo\u00e7\u00e3o de rep\u00fadio da C\u00e2mara de Vereadores de Florian\u00f3polis \u00e0 indica\u00e7\u00e3o de Alexandre de Morares ao STF - PSOL 50","robots":{"index":"index","follow":"follow","max-snippet":"max-snippet:-1","max-image-preview":"max-image-preview:large","max-video-preview":"max-video-preview:-1"},"canonical":"https:\/\/psol50.org.br\/mocao-de-repudio-da-camara-de-vereadores-de-florianopolis-a-indicacao-de-alexandre-de-morares-ao-stf\/","og_locale":"pt_BR","og_type":"article","og_title":"Mo\u00e7\u00e3o de rep\u00fadio da C\u00e2mara de Vereadores de Florian\u00f3polis \u00e0 indica\u00e7\u00e3o de Alexandre de Morares ao STF - PSOL 50","og_description":"Por iniciativa do PSOL, a C\u00e2mara de Vereadores de Florian\u00f3polis aprovou mo\u00e7\u00e3o de rep\u00fadio \u00e0 indica\u00e7\u00e3o de Alexandre de Moraes ao Supremo Tribunal Federal (STF). Dos 23 vereadores, 15 votaram favor\u00e1veis ao texto, apresentado pelo vereador Afr\u00e2nio Boppr\u00e9. Confira, abaixo, o conte\u00fado da mo\u00e7\u00e3o. Senhor Presidente, o Vereador que esta subscreve, com fulcro nos artigos [&hellip;]","og_url":"https:\/\/psol50.org.br\/mocao-de-repudio-da-camara-de-vereadores-de-florianopolis-a-indicacao-de-alexandre-de-morares-ao-stf\/","og_site_name":"PSOL 50","article_publisher":"https:\/\/www.facebook.com\/psol50","article_published_time":"2017-02-21T14:28:58+00:00","og_image":[{"width":1350,"height":900,"url":"https:\/\/psol50.org.br\/inc\/uploads\/2018\/07\/capa.png","type":"image\/png"}],"author":"Comunica\u00e7\u00e3o PSOL","twitter_card":"summary_large_image","twitter_creator":"@psol50","twitter_site":"@psol50","twitter_misc":{"Escrito por":"Comunica\u00e7\u00e3o PSOL","Est. tempo de leitura":"2 minutos"},"schema":{"@context":"https:\/\/schema.org","@graph":[{"@type":"Article","@id":"https:\/\/psol50.org.br\/mocao-de-repudio-da-camara-de-vereadores-de-florianopolis-a-indicacao-de-alexandre-de-morares-ao-stf\/#article","isPartOf":{"@id":"https:\/\/psol50.org.br\/mocao-de-repudio-da-camara-de-vereadores-de-florianopolis-a-indicacao-de-alexandre-de-morares-ao-stf\/"},"author":{"name":"Comunica\u00e7\u00e3o PSOL","@id":"https:\/\/psol50.org.br\/#\/schema\/person\/475dfa57d0b815993c714c2e96491fcd"},"headline":"Mo\u00e7\u00e3o de rep\u00fadio da C\u00e2mara de Vereadores de Florian\u00f3polis \u00e0 indica\u00e7\u00e3o de Alexandre de Morares ao STF","datePublished":"2017-02-21T14:28:58+00:00","mainEntityOfPage":{"@id":"https:\/\/psol50.org.br\/mocao-de-repudio-da-camara-de-vereadores-de-florianopolis-a-indicacao-de-alexandre-de-morares-ao-stf\/"},"wordCount":354,"commentCount":0,"publisher":{"@id":"https:\/\/psol50.org.br\/#organization"},"image":{"@id":"https:\/\/psol50.org.br\/mocao-de-repudio-da-camara-de-vereadores-de-florianopolis-a-indicacao-de-alexandre-de-morares-ao-stf\/#primaryimage"},"thumbnailUrl":"","keywords":["Afr\u00e2nio Boppr\u00e9","Alexandre de Moraes","C\u00e2mara de Vereadores de Florian\u00f3polis","mo\u00e7\u00e3o de rep\u00fadio","PSOL","STF"],"articleSection":["A\u00e7\u00e3o Parlamentar","Estados","Not\u00edcias"],"inLanguage":"pt-BR","potentialAction":[{"@type":"CommentAction","name":"Comment","target":["https:\/\/psol50.org.br\/mocao-de-repudio-da-camara-de-vereadores-de-florianopolis-a-indicacao-de-alexandre-de-morares-ao-stf\/#respond"]}]},{"@type":"WebPage","@id":"https:\/\/psol50.org.br\/mocao-de-repudio-da-camara-de-vereadores-de-florianopolis-a-indicacao-de-alexandre-de-morares-ao-stf\/","url":"https:\/\/psol50.org.br\/mocao-de-repudio-da-camara-de-vereadores-de-florianopolis-a-indicacao-de-alexandre-de-morares-ao-stf\/","name":"Mo\u00e7\u00e3o de rep\u00fadio da C\u00e2mara de Vereadores de Florian\u00f3polis \u00e0 indica\u00e7\u00e3o de Alexandre de Morares ao STF - PSOL 50","isPartOf":{"@id":"https:\/\/psol50.org.br\/#website"},"primaryImageOfPage":{"@id":"https:\/\/psol50.org.br\/mocao-de-repudio-da-camara-de-vereadores-de-florianopolis-a-indicacao-de-alexandre-de-morares-ao-stf\/#primaryimage"},"image":{"@id":"https:\/\/psol50.org.br\/mocao-de-repudio-da-camara-de-vereadores-de-florianopolis-a-indicacao-de-alexandre-de-morares-ao-stf\/#primaryimage"},"thumbnailUrl":"","datePublished":"2017-02-21T14:28:58+00:00","breadcrumb":{"@id":"https:\/\/psol50.org.br\/mocao-de-repudio-da-camara-de-vereadores-de-florianopolis-a-indicacao-de-alexandre-de-morares-ao-stf\/#breadcrumb"},"inLanguage":"pt-BR","potentialAction":[{"@type":"ReadAction","target":["https:\/\/psol50.org.br\/mocao-de-repudio-da-camara-de-vereadores-de-florianopolis-a-indicacao-de-alexandre-de-morares-ao-stf\/"]}]},{"@type":"ImageObject","inLanguage":"pt-BR","@id":"https:\/\/psol50.org.br\/mocao-de-repudio-da-camara-de-vereadores-de-florianopolis-a-indicacao-de-alexandre-de-morares-ao-stf\/#primaryimage","url":"","contentUrl":""},{"@type":"BreadcrumbList","@id":"https:\/\/psol50.org.br\/mocao-de-repudio-da-camara-de-vereadores-de-florianopolis-a-indicacao-de-alexandre-de-morares-ao-stf\/#breadcrumb","itemListElement":[{"@type":"ListItem","position":1,"name":"In\u00edcio","item":"https:\/\/psol50.org.br\/"},{"@type":"ListItem","position":2,"name":"Mo\u00e7\u00e3o de rep\u00fadio da C\u00e2mara de Vereadores de Florian\u00f3polis \u00e0 indica\u00e7\u00e3o de Alexandre de Morares ao STF"}]},{"@type":"WebSite","@id":"https:\/\/psol50.org.br\/#website","url":"https:\/\/psol50.org.br\/","name":"PSOL 50","description":"Site oficial do Partido Socialismo e Liberdade","publisher":{"@id":"https:\/\/psol50.org.br\/#organization"},"alternateName":"PSOL50","potentialAction":[{"@type":"SearchAction","target":{"@type":"EntryPoint","urlTemplate":"https:\/\/psol50.org.br\/?s={search_term_string}"},"query-input":{"@type":"PropertyValueSpecification","valueRequired":true,"valueName":"search_term_string"}}],"inLanguage":"pt-BR"},{"@type":"Organization","@id":"https:\/\/psol50.org.br\/#organization","name":"PSOL 50","alternateName":"PSOL 50","url":"https:\/\/psol50.org.br\/","logo":{"@type":"ImageObject","inLanguage":"pt-BR","@id":"https:\/\/psol50.org.br\/#\/schema\/logo\/image\/","url":"https:\/\/psol50.org.br\/inc\/uploads\/2018\/07\/capa.png","contentUrl":"https:\/\/psol50.org.br\/inc\/uploads\/2018\/07\/capa.png","width":1350,"height":900,"caption":"PSOL 50"},"image":{"@id":"https:\/\/psol50.org.br\/#\/schema\/logo\/image\/"},"sameAs":["https:\/\/www.facebook.com\/psol50","https:\/\/x.com\/psol50","https:\/\/www.instagram.com\/psol50\/","https:\/\/www.youtube.com\/channel\/UC7SnJS5o1os7a6CaiNabzcg"]},{"@type":"Person","@id":"https:\/\/psol50.org.br\/#\/schema\/person\/475dfa57d0b815993c714c2e96491fcd","name":"Comunica\u00e7\u00e3o PSOL","image":{"@type":"ImageObject","inLanguage":"pt-BR","@id":"https:\/\/psol50.org.br\/#\/schema\/person\/image\/","url":"https:\/\/secure.gravatar.com\/avatar\/b34fc4f4e468a4e51785917065a3db57b841f5c95dba6ad8c73aaf8f66f8f9bf?s=96&d=mm&r=g","contentUrl":"https:\/\/secure.gravatar.com\/avatar\/b34fc4f4e468a4e51785917065a3db57b841f5c95dba6ad8c73aaf8f66f8f9bf?s=96&d=mm&r=g","caption":"Comunica\u00e7\u00e3o PSOL"}}]}},"_links":{"self":[{"href":"https:\/\/psol50.org.br\/rest\/wp\/v2\/posts\/15443","targetHints":{"allow":["GET"]}}],"collection":[{"href":"https:\/\/psol50.org.br\/rest\/wp\/v2\/posts"}],"about":[{"href":"https:\/\/psol50.org.br\/rest\/wp\/v2\/types\/post"}],"author":[{"embeddable":true,"href":"https:\/\/psol50.org.br\/rest\/wp\/v2\/users\/2"}],"replies":[{"embeddable":true,"href":"https:\/\/psol50.org.br\/rest\/wp\/v2\/comments?post=15443"}],"version-history":[{"count":0,"href":"https:\/\/psol50.org.br\/rest\/wp\/v2\/posts\/15443\/revisions"}],"wp:featuredmedia":[{"embeddable":true,"href":"https:\/\/psol50.org.br\/rest\/"}],"wp:attachment":[{"href":"https:\/\/psol50.org.br\/rest\/wp\/v2\/media?parent=15443"}],"wp:term":[{"taxonomy":"category","embeddable":true,"href":"https:\/\/psol50.org.br\/rest\/wp\/v2\/categories?post=15443"},{"taxonomy":"post_tag","embeddable":true,"href":"https:\/\/psol50.org.br\/rest\/wp\/v2\/tags?post=15443"}],"curies":[{"name":"wp","href":"https:\/\/api.w.org\/{rel}","templated":true}]}}