{"id":15465,"date":"2017-02-23T14:01:29","date_gmt":"2017-02-23T14:01:29","guid":{"rendered":"http:\/\/www.psol50.org.br\/?p=15465"},"modified":"2017-02-23T14:01:29","modified_gmt":"2017-02-23T14:01:29","slug":"para-fortalecer-a-luta-das-mulheres-psol-de-sao-paulo-tera-duas-vereadoras-em-marco","status":"publish","type":"post","link":"https:\/\/psol50.org.br\/para-fortalecer-a-luta-das-mulheres-psol-de-sao-paulo-tera-duas-vereadoras-em-marco\/","title":{"rendered":"Para fortalecer a luta das mulheres, PSOL de S\u00e3o Paulo ter\u00e1 duas vereadoras em mar\u00e7o\u00a0"},"content":{"rendered":"<p>O vereador do PSOL de S\u00e3o Paulo, Toninho Vespoli, se licenciar\u00e1 da C\u00e2mara Municipal por um m\u00eas a partir do dia 8 mar\u00e7o. Em seu lugar, assumir\u00e1 a advogada e militante feminista, Isadora Penna, que teve 12.439 votos nas elei\u00e7\u00f5es de 2016 e \u00e9 a primeira suplente da chapa.<\/p>\n<p>A iniciativa foi pensada pelo partido como forma de fortalecer a luta das mulheres no m\u00eas de mar\u00e7o, marcado pela celebra\u00e7\u00e3o de lutas passadas e pela reivindica\u00e7\u00e3o de mais direitos. Dessa forma, o PSOL, al\u00e9m de ser representado pela vereadora S\u00e2mia Bonfim, ter\u00e1 em sua bancada outra jovem feminista.<\/p>\n<p>O PSOL reafirma seu comprometimento com o feminismo e com as mulheres que mesmo com o aumento da bancada ainda representam apenas 20% da C\u00e2mara dos vereadores de S\u00e3o Paulo.<\/p>\n<figure id=\"attachment_15466\" aria-describedby=\"caption-attachment-15466\" style=\"width: 500px\" class=\"wp-caption aligncenter\"><img loading=\"lazy\" decoding=\"async\" class=\"wp-image-15466\" src=\"http:\/\/www.psol50.org.br\/2017teste\/inc\/uploads\/2017\/02\/Isa-Penna-1-300x300.jpg\" width=\"500\" height=\"500\" \/><figcaption id=\"caption-attachment-15466\" class=\"wp-caption-text\"><em>Isa Penna durante a campanha para vereadora, em 2016<\/em><\/figcaption><\/figure>\n<p><a href=\"https:\/\/www.facebook.com\/IsaPennaPsol\/\" target=\"_blank\" rel=\"noopener\"><span style=\"color: #0000ff\"><strong>Acompanhe aqui a atua\u00e7\u00e3o de Isa Penna.<\/strong><\/span><\/a><\/p>\n<p>&nbsp;<\/p>\n","protected":false},"excerpt":{"rendered":"<p>O vereador do PSOL de S\u00e3o Paulo, Toninho Vespoli, se licenciar\u00e1 da C\u00e2mara Municipal por um m\u00eas a partir do dia 8 mar\u00e7o. Em seu lugar, assumir\u00e1 a advogada e militante feminista, Isadora Penna, que teve 12.439 votos nas elei\u00e7\u00f5es de 2016 e \u00e9 a primeira suplente da chapa. A iniciativa foi pensada pelo partido [&hellip;]<\/p>\n","protected":false},"author":2,"featured_media":15467,"comment_status":"open","ping_status":"open","sticky":false,"template":"","format":"standard","meta":{"_acf_changed":false,"footnotes":""},"categories":[10,654,6,14],"tags":[1361,309,298,2937,2938,2939,2265,2940,1363],"class_list":{"0":"post-15465","1":"post","2":"type-post","3":"status-publish","4":"format-standard","5":"has-post-thumbnail","7":"category-acao-parlamentares","8":"category-estados","9":"category-noticias","10":"category-partido","11":"tag-camara-municipal","12":"tag-feminista","13":"tag-isa-penna","14":"tag-isadora-pena","15":"tag-luta-das-mulheres","16":"tag-psol-sao-paulo","17":"tag-samia-bonfim","18":"tag-toninho-vespoili","19":"tag-vereadora"},"acf":[],"yoast_head":"<!-- This site is optimized with the Yoast SEO plugin v26.5 - https:\/\/yoast.com\/wordpress\/plugins\/seo\/ -->\n<title>Para fortalecer a luta das mulheres, PSOL de S\u00e3o Paulo ter\u00e1 duas vereadoras em mar\u00e7o\u00a0 - PSOL 50<\/title>\n<meta name=\"robots\" content=\"index, follow, max-snippet:-1, max-image-preview:large, max-video-preview:-1\" \/>\n<link rel=\"canonical\" href=\"https:\/\/psol50.org.br\/para-fortalecer-a-luta-das-mulheres-psol-de-sao-paulo-tera-duas-vereadoras-em-marco\/\" \/>\n<meta property=\"og:locale\" content=\"pt_BR\" \/>\n<meta property=\"og:type\" content=\"article\" \/>\n<meta property=\"og:title\" content=\"Para fortalecer a luta das mulheres, PSOL de S\u00e3o Paulo ter\u00e1 duas vereadoras em mar\u00e7o\u00a0 - PSOL 50\" \/>\n<meta property=\"og:description\" content=\"O vereador do PSOL de S\u00e3o Paulo, Toninho Vespoli, se licenciar\u00e1 da C\u00e2mara Municipal por um m\u00eas a partir do dia 8 mar\u00e7o. Em seu lugar, assumir\u00e1 a advogada e militante feminista, Isadora Penna, que teve 12.439 votos nas elei\u00e7\u00f5es de 2016 e \u00e9 a primeira suplente da chapa. A iniciativa foi pensada pelo partido [&hellip;]\" \/>\n<meta property=\"og:url\" content=\"https:\/\/psol50.org.br\/para-fortalecer-a-luta-das-mulheres-psol-de-sao-paulo-tera-duas-vereadoras-em-marco\/\" \/>\n<meta property=\"og:site_name\" content=\"PSOL 50\" \/>\n<meta property=\"article:publisher\" content=\"https:\/\/www.facebook.com\/psol50\" \/>\n<meta property=\"article:published_time\" content=\"2017-02-23T14:01:29+00:00\" \/>\n<meta property=\"og:image\" content=\"https:\/\/psol50.org.br\/inc\/uploads\/2018\/07\/capa.png\" \/>\n\t<meta property=\"og:image:width\" content=\"1350\" \/>\n\t<meta property=\"og:image:height\" content=\"900\" \/>\n\t<meta property=\"og:image:type\" content=\"image\/png\" \/>\n<meta name=\"author\" content=\"Comunica\u00e7\u00e3o PSOL\" \/>\n<meta name=\"twitter:card\" content=\"summary_large_image\" \/>\n<meta name=\"twitter:creator\" content=\"@psol50\" \/>\n<meta name=\"twitter:site\" content=\"@psol50\" \/>\n<meta name=\"twitter:label1\" content=\"Escrito por\" \/>\n\t<meta name=\"twitter:data1\" content=\"Comunica\u00e7\u00e3o PSOL\" \/>\n\t<meta name=\"twitter:label2\" content=\"Est. tempo de leitura\" \/>\n\t<meta name=\"twitter:data2\" content=\"1 minuto\" \/>\n<script type=\"application\/ld+json\" class=\"yoast-schema-graph\">{\"@context\":\"https:\/\/schema.org\",\"@graph\":[{\"@type\":\"Article\",\"@id\":\"https:\/\/psol50.org.br\/para-fortalecer-a-luta-das-mulheres-psol-de-sao-paulo-tera-duas-vereadoras-em-marco\/#article\",\"isPartOf\":{\"@id\":\"https:\/\/psol50.org.br\/para-fortalecer-a-luta-das-mulheres-psol-de-sao-paulo-tera-duas-vereadoras-em-marco\/\"},\"author\":{\"name\":\"Comunica\u00e7\u00e3o PSOL\",\"@id\":\"https:\/\/psol50.org.br\/#\/schema\/person\/475dfa57d0b815993c714c2e96491fcd\"},\"headline\":\"Para fortalecer a luta das mulheres, PSOL de S\u00e3o Paulo ter\u00e1 duas vereadoras em mar\u00e7o\u00a0\",\"datePublished\":\"2017-02-23T14:01:29+00:00\",\"mainEntityOfPage\":{\"@id\":\"https:\/\/psol50.org.br\/para-fortalecer-a-luta-das-mulheres-psol-de-sao-paulo-tera-duas-vereadoras-em-marco\/\"},\"wordCount\":177,\"commentCount\":0,\"publisher\":{\"@id\":\"https:\/\/psol50.org.br\/#organization\"},\"image\":{\"@id\":\"https:\/\/psol50.org.br\/para-fortalecer-a-luta-das-mulheres-psol-de-sao-paulo-tera-duas-vereadoras-em-marco\/#primaryimage\"},\"thumbnailUrl\":\"\",\"keywords\":[\"C\u00e2mara Municipal\",\"feminista\",\"Isa Penna\",\"Isadora Pena\",\"luta das mulheres\",\"PSOL S\u00e3o Paulo\",\"Samia Bonfim\",\"Toninho Vespoili\",\"vereadora\"],\"articleSection\":[\"A\u00e7\u00e3o Parlamentar\",\"Estados\",\"Not\u00edcias\",\"Partido\"],\"inLanguage\":\"pt-BR\",\"potentialAction\":[{\"@type\":\"CommentAction\",\"name\":\"Comment\",\"target\":[\"https:\/\/psol50.org.br\/para-fortalecer-a-luta-das-mulheres-psol-de-sao-paulo-tera-duas-vereadoras-em-marco\/#respond\"]}]},{\"@type\":\"WebPage\",\"@id\":\"https:\/\/psol50.org.br\/para-fortalecer-a-luta-das-mulheres-psol-de-sao-paulo-tera-duas-vereadoras-em-marco\/\",\"url\":\"https:\/\/psol50.org.br\/para-fortalecer-a-luta-das-mulheres-psol-de-sao-paulo-tera-duas-vereadoras-em-marco\/\",\"name\":\"Para fortalecer a luta das mulheres, PSOL de S\u00e3o Paulo ter\u00e1 duas vereadoras em mar\u00e7o\u00a0 - PSOL 50\",\"isPartOf\":{\"@id\":\"https:\/\/psol50.org.br\/#website\"},\"primaryImageOfPage\":{\"@id\":\"https:\/\/psol50.org.br\/para-fortalecer-a-luta-das-mulheres-psol-de-sao-paulo-tera-duas-vereadoras-em-marco\/#primaryimage\"},\"image\":{\"@id\":\"https:\/\/psol50.org.br\/para-fortalecer-a-luta-das-mulheres-psol-de-sao-paulo-tera-duas-vereadoras-em-marco\/#primaryimage\"},\"thumbnailUrl\":\"\",\"datePublished\":\"2017-02-23T14:01:29+00:00\",\"breadcrumb\":{\"@id\":\"https:\/\/psol50.org.br\/para-fortalecer-a-luta-das-mulheres-psol-de-sao-paulo-tera-duas-vereadoras-em-marco\/#breadcrumb\"},\"inLanguage\":\"pt-BR\",\"potentialAction\":[{\"@type\":\"ReadAction\",\"target\":[\"https:\/\/psol50.org.br\/para-fortalecer-a-luta-das-mulheres-psol-de-sao-paulo-tera-duas-vereadoras-em-marco\/\"]}]},{\"@type\":\"ImageObject\",\"inLanguage\":\"pt-BR\",\"@id\":\"https:\/\/psol50.org.br\/para-fortalecer-a-luta-das-mulheres-psol-de-sao-paulo-tera-duas-vereadoras-em-marco\/#primaryimage\",\"url\":\"\",\"contentUrl\":\"\"},{\"@type\":\"BreadcrumbList\",\"@id\":\"https:\/\/psol50.org.br\/para-fortalecer-a-luta-das-mulheres-psol-de-sao-paulo-tera-duas-vereadoras-em-marco\/#breadcrumb\",\"itemListElement\":[{\"@type\":\"ListItem\",\"position\":1,\"name\":\"In\u00edcio\",\"item\":\"https:\/\/psol50.org.br\/\"},{\"@type\":\"ListItem\",\"position\":2,\"name\":\"Para fortalecer a luta das mulheres, PSOL de S\u00e3o Paulo ter\u00e1 duas vereadoras em mar\u00e7o\u00a0\"}]},{\"@type\":\"WebSite\",\"@id\":\"https:\/\/psol50.org.br\/#website\",\"url\":\"https:\/\/psol50.org.br\/\",\"name\":\"PSOL 50\",\"description\":\"Site oficial do Partido Socialismo e Liberdade\",\"publisher\":{\"@id\":\"https:\/\/psol50.org.br\/#organization\"},\"alternateName\":\"PSOL50\",\"potentialAction\":[{\"@type\":\"SearchAction\",\"target\":{\"@type\":\"EntryPoint\",\"urlTemplate\":\"https:\/\/psol50.org.br\/?s={search_term_string}\"},\"query-input\":{\"@type\":\"PropertyValueSpecification\",\"valueRequired\":true,\"valueName\":\"search_term_string\"}}],\"inLanguage\":\"pt-BR\"},{\"@type\":\"Organization\",\"@id\":\"https:\/\/psol50.org.br\/#organization\",\"name\":\"PSOL 50\",\"alternateName\":\"PSOL 50\",\"url\":\"https:\/\/psol50.org.br\/\",\"logo\":{\"@type\":\"ImageObject\",\"inLanguage\":\"pt-BR\",\"@id\":\"https:\/\/psol50.org.br\/#\/schema\/logo\/image\/\",\"url\":\"https:\/\/psol50.org.br\/inc\/uploads\/2018\/07\/capa.png\",\"contentUrl\":\"https:\/\/psol50.org.br\/inc\/uploads\/2018\/07\/capa.png\",\"width\":1350,\"height\":900,\"caption\":\"PSOL 50\"},\"image\":{\"@id\":\"https:\/\/psol50.org.br\/#\/schema\/logo\/image\/\"},\"sameAs\":[\"https:\/\/www.facebook.com\/psol50\",\"https:\/\/x.com\/psol50\",\"https:\/\/www.instagram.com\/psol50\/\",\"https:\/\/www.youtube.com\/channel\/UC7SnJS5o1os7a6CaiNabzcg\"]},{\"@type\":\"Person\",\"@id\":\"https:\/\/psol50.org.br\/#\/schema\/person\/475dfa57d0b815993c714c2e96491fcd\",\"name\":\"Comunica\u00e7\u00e3o PSOL\",\"image\":{\"@type\":\"ImageObject\",\"inLanguage\":\"pt-BR\",\"@id\":\"https:\/\/psol50.org.br\/#\/schema\/person\/image\/\",\"url\":\"https:\/\/secure.gravatar.com\/avatar\/b34fc4f4e468a4e51785917065a3db57b841f5c95dba6ad8c73aaf8f66f8f9bf?s=96&d=mm&r=g\",\"contentUrl\":\"https:\/\/secure.gravatar.com\/avatar\/b34fc4f4e468a4e51785917065a3db57b841f5c95dba6ad8c73aaf8f66f8f9bf?s=96&d=mm&r=g\",\"caption\":\"Comunica\u00e7\u00e3o PSOL\"}}]}<\/script>\n<!-- \/ Yoast SEO plugin. -->","yoast_head_json":{"title":"Para fortalecer a luta das mulheres, PSOL de S\u00e3o Paulo ter\u00e1 duas vereadoras em mar\u00e7o\u00a0 - PSOL 50","robots":{"index":"index","follow":"follow","max-snippet":"max-snippet:-1","max-image-preview":"max-image-preview:large","max-video-preview":"max-video-preview:-1"},"canonical":"https:\/\/psol50.org.br\/para-fortalecer-a-luta-das-mulheres-psol-de-sao-paulo-tera-duas-vereadoras-em-marco\/","og_locale":"pt_BR","og_type":"article","og_title":"Para fortalecer a luta das mulheres, PSOL de S\u00e3o Paulo ter\u00e1 duas vereadoras em mar\u00e7o\u00a0 - PSOL 50","og_description":"O vereador do PSOL de S\u00e3o Paulo, Toninho Vespoli, se licenciar\u00e1 da C\u00e2mara Municipal por um m\u00eas a partir do dia 8 mar\u00e7o. Em seu lugar, assumir\u00e1 a advogada e militante feminista, Isadora Penna, que teve 12.439 votos nas elei\u00e7\u00f5es de 2016 e \u00e9 a primeira suplente da chapa. A iniciativa foi pensada pelo partido [&hellip;]","og_url":"https:\/\/psol50.org.br\/para-fortalecer-a-luta-das-mulheres-psol-de-sao-paulo-tera-duas-vereadoras-em-marco\/","og_site_name":"PSOL 50","article_publisher":"https:\/\/www.facebook.com\/psol50","article_published_time":"2017-02-23T14:01:29+00:00","og_image":[{"width":1350,"height":900,"url":"https:\/\/psol50.org.br\/inc\/uploads\/2018\/07\/capa.png","type":"image\/png"}],"author":"Comunica\u00e7\u00e3o PSOL","twitter_card":"summary_large_image","twitter_creator":"@psol50","twitter_site":"@psol50","twitter_misc":{"Escrito por":"Comunica\u00e7\u00e3o PSOL","Est. tempo de leitura":"1 minuto"},"schema":{"@context":"https:\/\/schema.org","@graph":[{"@type":"Article","@id":"https:\/\/psol50.org.br\/para-fortalecer-a-luta-das-mulheres-psol-de-sao-paulo-tera-duas-vereadoras-em-marco\/#article","isPartOf":{"@id":"https:\/\/psol50.org.br\/para-fortalecer-a-luta-das-mulheres-psol-de-sao-paulo-tera-duas-vereadoras-em-marco\/"},"author":{"name":"Comunica\u00e7\u00e3o PSOL","@id":"https:\/\/psol50.org.br\/#\/schema\/person\/475dfa57d0b815993c714c2e96491fcd"},"headline":"Para fortalecer a luta das mulheres, PSOL de S\u00e3o Paulo ter\u00e1 duas vereadoras em mar\u00e7o\u00a0","datePublished":"2017-02-23T14:01:29+00:00","mainEntityOfPage":{"@id":"https:\/\/psol50.org.br\/para-fortalecer-a-luta-das-mulheres-psol-de-sao-paulo-tera-duas-vereadoras-em-marco\/"},"wordCount":177,"commentCount":0,"publisher":{"@id":"https:\/\/psol50.org.br\/#organization"},"image":{"@id":"https:\/\/psol50.org.br\/para-fortalecer-a-luta-das-mulheres-psol-de-sao-paulo-tera-duas-vereadoras-em-marco\/#primaryimage"},"thumbnailUrl":"","keywords":["C\u00e2mara Municipal","feminista","Isa Penna","Isadora Pena","luta das mulheres","PSOL S\u00e3o Paulo","Samia Bonfim","Toninho Vespoili","vereadora"],"articleSection":["A\u00e7\u00e3o Parlamentar","Estados","Not\u00edcias","Partido"],"inLanguage":"pt-BR","potentialAction":[{"@type":"CommentAction","name":"Comment","target":["https:\/\/psol50.org.br\/para-fortalecer-a-luta-das-mulheres-psol-de-sao-paulo-tera-duas-vereadoras-em-marco\/#respond"]}]},{"@type":"WebPage","@id":"https:\/\/psol50.org.br\/para-fortalecer-a-luta-das-mulheres-psol-de-sao-paulo-tera-duas-vereadoras-em-marco\/","url":"https:\/\/psol50.org.br\/para-fortalecer-a-luta-das-mulheres-psol-de-sao-paulo-tera-duas-vereadoras-em-marco\/","name":"Para fortalecer a luta das mulheres, PSOL de S\u00e3o Paulo ter\u00e1 duas vereadoras em mar\u00e7o\u00a0 - PSOL 50","isPartOf":{"@id":"https:\/\/psol50.org.br\/#website"},"primaryImageOfPage":{"@id":"https:\/\/psol50.org.br\/para-fortalecer-a-luta-das-mulheres-psol-de-sao-paulo-tera-duas-vereadoras-em-marco\/#primaryimage"},"image":{"@id":"https:\/\/psol50.org.br\/para-fortalecer-a-luta-das-mulheres-psol-de-sao-paulo-tera-duas-vereadoras-em-marco\/#primaryimage"},"thumbnailUrl":"","datePublished":"2017-02-23T14:01:29+00:00","breadcrumb":{"@id":"https:\/\/psol50.org.br\/para-fortalecer-a-luta-das-mulheres-psol-de-sao-paulo-tera-duas-vereadoras-em-marco\/#breadcrumb"},"inLanguage":"pt-BR","potentialAction":[{"@type":"ReadAction","target":["https:\/\/psol50.org.br\/para-fortalecer-a-luta-das-mulheres-psol-de-sao-paulo-tera-duas-vereadoras-em-marco\/"]}]},{"@type":"ImageObject","inLanguage":"pt-BR","@id":"https:\/\/psol50.org.br\/para-fortalecer-a-luta-das-mulheres-psol-de-sao-paulo-tera-duas-vereadoras-em-marco\/#primaryimage","url":"","contentUrl":""},{"@type":"BreadcrumbList","@id":"https:\/\/psol50.org.br\/para-fortalecer-a-luta-das-mulheres-psol-de-sao-paulo-tera-duas-vereadoras-em-marco\/#breadcrumb","itemListElement":[{"@type":"ListItem","position":1,"name":"In\u00edcio","item":"https:\/\/psol50.org.br\/"},{"@type":"ListItem","position":2,"name":"Para fortalecer a luta das mulheres, PSOL de S\u00e3o Paulo ter\u00e1 duas vereadoras em mar\u00e7o\u00a0"}]},{"@type":"WebSite","@id":"https:\/\/psol50.org.br\/#website","url":"https:\/\/psol50.org.br\/","name":"PSOL 50","description":"Site oficial do Partido Socialismo e Liberdade","publisher":{"@id":"https:\/\/psol50.org.br\/#organization"},"alternateName":"PSOL50","potentialAction":[{"@type":"SearchAction","target":{"@type":"EntryPoint","urlTemplate":"https:\/\/psol50.org.br\/?s={search_term_string}"},"query-input":{"@type":"PropertyValueSpecification","valueRequired":true,"valueName":"search_term_string"}}],"inLanguage":"pt-BR"},{"@type":"Organization","@id":"https:\/\/psol50.org.br\/#organization","name":"PSOL 50","alternateName":"PSOL 50","url":"https:\/\/psol50.org.br\/","logo":{"@type":"ImageObject","inLanguage":"pt-BR","@id":"https:\/\/psol50.org.br\/#\/schema\/logo\/image\/","url":"https:\/\/psol50.org.br\/inc\/uploads\/2018\/07\/capa.png","contentUrl":"https:\/\/psol50.org.br\/inc\/uploads\/2018\/07\/capa.png","width":1350,"height":900,"caption":"PSOL 50"},"image":{"@id":"https:\/\/psol50.org.br\/#\/schema\/logo\/image\/"},"sameAs":["https:\/\/www.facebook.com\/psol50","https:\/\/x.com\/psol50","https:\/\/www.instagram.com\/psol50\/","https:\/\/www.youtube.com\/channel\/UC7SnJS5o1os7a6CaiNabzcg"]},{"@type":"Person","@id":"https:\/\/psol50.org.br\/#\/schema\/person\/475dfa57d0b815993c714c2e96491fcd","name":"Comunica\u00e7\u00e3o PSOL","image":{"@type":"ImageObject","inLanguage":"pt-BR","@id":"https:\/\/psol50.org.br\/#\/schema\/person\/image\/","url":"https:\/\/secure.gravatar.com\/avatar\/b34fc4f4e468a4e51785917065a3db57b841f5c95dba6ad8c73aaf8f66f8f9bf?s=96&d=mm&r=g","contentUrl":"https:\/\/secure.gravatar.com\/avatar\/b34fc4f4e468a4e51785917065a3db57b841f5c95dba6ad8c73aaf8f66f8f9bf?s=96&d=mm&r=g","caption":"Comunica\u00e7\u00e3o PSOL"}}]}},"_links":{"self":[{"href":"https:\/\/psol50.org.br\/rest\/wp\/v2\/posts\/15465","targetHints":{"allow":["GET"]}}],"collection":[{"href":"https:\/\/psol50.org.br\/rest\/wp\/v2\/posts"}],"about":[{"href":"https:\/\/psol50.org.br\/rest\/wp\/v2\/types\/post"}],"author":[{"embeddable":true,"href":"https:\/\/psol50.org.br\/rest\/wp\/v2\/users\/2"}],"replies":[{"embeddable":true,"href":"https:\/\/psol50.org.br\/rest\/wp\/v2\/comments?post=15465"}],"version-history":[{"count":0,"href":"https:\/\/psol50.org.br\/rest\/wp\/v2\/posts\/15465\/revisions"}],"wp:featuredmedia":[{"embeddable":true,"href":"https:\/\/psol50.org.br\/rest\/"}],"wp:attachment":[{"href":"https:\/\/psol50.org.br\/rest\/wp\/v2\/media?parent=15465"}],"wp:term":[{"taxonomy":"category","embeddable":true,"href":"https:\/\/psol50.org.br\/rest\/wp\/v2\/categories?post=15465"},{"taxonomy":"post_tag","embeddable":true,"href":"https:\/\/psol50.org.br\/rest\/wp\/v2\/tags?post=15465"}],"curies":[{"name":"wp","href":"https:\/\/api.w.org\/{rel}","templated":true}]}}