{"id":1549,"date":"2011-05-11T00:00:00","date_gmt":"2011-05-11T00:00:00","guid":{"rendered":"http:\/\/psol50.org.br\/arquivo\/2011\/05\/11\/psol-sao-caetano-do-sul-sp-contra-a-privatizacao-do-dae\/"},"modified":"2011-05-11T00:00:00","modified_gmt":"2011-05-11T00:00:00","slug":"psol-sao-caetano-do-sul-sp-contra-a-privatizacao-do-dae","status":"publish","type":"post","link":"https:\/\/psol50.org.br\/psol-sao-caetano-do-sul-sp-contra-a-privatizacao-do-dae\/","title":{"rendered":"PSOL S\u00e3o Caetano do Sul (SP) contra a privatiza\u00e7\u00e3o do DAE"},"content":{"rendered":"<p>O Partido Socialismo e Liberdade \u2013 PSOL de S\u00e3o Caetano do Sul se op\u00f5e  firmemente ao projeto de privatiza\u00e7\u00e3o do <strong>DAE \u2013 Departamento de \u00c1gua e  Esgoto de S\u00e3o Caetano do Sul<\/strong>, pretendido pela Administra\u00e7\u00e3o Auricchio,  bem como denuncia o car\u00e1ter nebuloso e nocivo dessa proposta para nossa  cidade, expressando o seguinte posicionamento pol\u00edtico:<\/p>\n<p>1. Embora o DAE perten\u00e7a ao povo de S\u00e3o Caetano do Sul, a concess\u00e3o  de seus servi\u00e7os e bens ao setor privado n\u00e3o passou por nenhuma consulta  popular. O projeto foi aprovado de afogadilho na C\u00e2mara Municipal, em  duas sess\u00f5es simult\u00e2neas. Nem os seus funcion\u00e1rios foram consultados.  Como ocorre em casos nebulosos como este, a Prefeitura est\u00e1 faltando com  o dever de transpar\u00eancia que deve existir na rela\u00e7\u00e3o entre o poder  p\u00fablico e os mun\u00edcipes.<\/p>\n<p>2. Para tentar disfar\u00e7ar sua proposta de privatiza\u00e7\u00e3o a  administra\u00e7\u00e3o optou pela modalidade de privatiza\u00e7\u00e3o mais danosa ao  interesse p\u00fablico: a concess\u00e3o por trinta anos. Enquanto no processo de  privatiza\u00e7\u00e3o uma institui\u00e7\u00e3o p\u00fablica \u00e9 vendida ao setor privado por  determinado pre\u00e7o, geralmente atrav\u00e9s de leil\u00f5es, na concess\u00e3o, como o  pr\u00f3prio nome diz, os servi\u00e7os e bens p\u00fablicos s\u00e3o concedidos sem que a  empresa tenha que desembolsar um centavo pela sua aquisi\u00e7\u00e3o.<\/p>\n<p>3. As v\u00e1rias formas de privatiza\u00e7\u00e3o realizadas nos \u00faltimos anos no  pa\u00eds resultaram em aumento de tarifa, queda de qualidade dos servi\u00e7os e  desrespeito ao consumidor. Caso o DAE seja privatizado nada garante que  essa hist\u00f3ria ser\u00e1 diferente.<\/p>\n<p>4. Os servi\u00e7os prestados pelo DAE s\u00e3o considerados essenciais e  estrat\u00e9gicos para a comunidade que pela sua import\u00e2ncia devem ficar sob  controle p\u00fablico e n\u00e3o privado, tais como: fornecimento de \u00e1gua tratada,  coleta de esgotos, preserva\u00e7\u00e3o e recupera\u00e7\u00e3o do meio ambiente,  drenagem, combate \u00e1s enchentes, etc.<\/p>\n<p>5. A atua\u00e7\u00e3o incorpora crit\u00e9rios sociais tais como isen\u00e7\u00f5es para  entidades, escolas e hospitais, tarifas diferenciadas, etc. Sua  import\u00e2ncia hist\u00f3rica \u00e9 ineg\u00e1vel, pois, juntamente com outras autarquias  municipais, resistiu ao processo de centraliza\u00e7\u00e3o autorit\u00e1ria do regime  militar que resultou na cria\u00e7\u00e3o da SABESP.<\/p>\n<p>6. \u00c9 p\u00fablico e not\u00f3rio que DAE \u00e9 uma autarquia que gera super\u00e1vit  financeiro, o que pode constituir um importante elemento para fortalecer  as pol\u00edticas p\u00fablicas voltadas para o meio ambiente da nossa cidade,  inclusive para obras de drenagem e preven\u00e7\u00e3o de enchentes. Por que abrir  m\u00e3o dessas receitas e entrega-la ao capital privado?<\/p>\n<p>Em outros momentos, a mobiliza\u00e7\u00e3o da popula\u00e7\u00e3o de S\u00e3o Caetano do Sul  conseguiu barrar propostas que n\u00e3o se adequavam \u00e0 nossa cidade. Agora,  coloca-se, novamente, a necessidade da articula\u00e7\u00e3o de um amplo movimento  contra a entrega do patrim\u00f4nio p\u00fablico da nossa cidade. N\u00f3s, filiados  do PSOL, conclamamos a todos a participarem da constru\u00e7\u00e3o dessa  mobiliza\u00e7\u00e3o.<\/p>\n<p style=\"text-align: center\"><a href=\"http:\/\/psolsp.org.br\/blog\/2011\/05\/10\/nota-do-psol-de-sao-caetano-do-sul-contra-a-privatizacao-do-dae-departamento-de-agua-e-esgoto-do-municipio\/#more-8472\"><em><strong>TIREM AS GARRAS DO DAE!!!<br \/>\nPSOL S\u00e3o Caetano do Sul.<\/strong><\/em><\/a><\/p>\n<p style=\"text-align: center\"><a href=\"http:\/\/psolsp.org.br\/blog\/2011\/05\/10\/nota-do-psol-de-sao-caetano-do-sul-contra-a-privatizacao-do-dae-departamento-de-agua-e-esgoto-do-municipio\/#more-8472\"><em><strong> <img loading=\"lazy\" decoding=\"async\" src=\"http:\/\/psolsp.org.br\/inc\/plugins\/add-to-any\/icons\/twitter.png\" alt=\"Twitter\" width=\"16\" height=\"16\" \/><img loading=\"lazy\" decoding=\"async\" src=\"http:\/\/psolsp.org.br\/inc\/plugins\/add-to-any\/icons\/reader.png\" alt=\"Google Reader\" width=\"16\" height=\"16\" \/><img loading=\"lazy\" decoding=\"async\" src=\"http:\/\/psolsp.org.br\/inc\/plugins\/add-to-any\/icons\/facebook.png\" alt=\"Facebook\" width=\"16\" height=\"16\" \/><img loading=\"lazy\" decoding=\"async\" src=\"http:\/\/psolsp.org.br\/inc\/plugins\/add-to-any\/icons\/wordpress.png\" alt=\"WordPress\" width=\"16\" height=\"16\" \/><img loading=\"lazy\" decoding=\"async\" src=\"http:\/\/psolsp.org.br\/inc\/plugins\/add-to-any\/icons\/blogger.png\" alt=\"Blogger Post\" width=\"16\" height=\"16\" \/><\/strong><\/em><\/a><\/p>\n","protected":false},"excerpt":{"rendered":"<p>O Partido Socialismo e Liberdade \u2013 PSOL de S\u00e3o Caetano do Sul se op\u00f5e firmemente ao projeto de privatiza\u00e7\u00e3o do DAE \u2013 Departamento de \u00c1gua e Esgoto de S\u00e3o Caetano do Sul, pretendido pela Administra\u00e7\u00e3o Auricchio, bem como denuncia o car\u00e1ter nebuloso e nocivo dessa proposta para nossa cidade, expressando o seguinte posicionamento pol\u00edtico: 1. [&hellip;]<\/p>\n","protected":false},"author":2,"featured_media":0,"comment_status":"open","ping_status":"open","sticky":false,"template":"","format":"standard","meta":{"_acf_changed":false,"footnotes":""},"categories":[4766],"tags":[],"class_list":{"0":"post-1549","1":"post","2":"type-post","3":"status-publish","4":"format-standard","6":"category-arquivo"},"acf":[],"yoast_head":"<!-- This site is optimized with the Yoast SEO plugin v26.5 - https:\/\/yoast.com\/wordpress\/plugins\/seo\/ -->\n<title>PSOL S\u00e3o Caetano do Sul (SP) contra a privatiza\u00e7\u00e3o do DAE - PSOL 50<\/title>\n<meta name=\"robots\" content=\"index, follow, max-snippet:-1, max-image-preview:large, max-video-preview:-1\" \/>\n<link rel=\"canonical\" href=\"https:\/\/psol50.org.br\/psol-sao-caetano-do-sul-sp-contra-a-privatizacao-do-dae\/\" \/>\n<meta property=\"og:locale\" content=\"pt_BR\" \/>\n<meta property=\"og:type\" content=\"article\" \/>\n<meta property=\"og:title\" content=\"PSOL S\u00e3o Caetano do Sul (SP) contra a privatiza\u00e7\u00e3o do DAE - PSOL 50\" \/>\n<meta property=\"og:description\" content=\"O Partido Socialismo e Liberdade \u2013 PSOL de S\u00e3o Caetano do Sul se op\u00f5e firmemente ao projeto de privatiza\u00e7\u00e3o do DAE \u2013 Departamento de \u00c1gua e Esgoto de S\u00e3o Caetano do Sul, pretendido pela Administra\u00e7\u00e3o Auricchio, bem como denuncia o car\u00e1ter nebuloso e nocivo dessa proposta para nossa cidade, expressando o seguinte posicionamento pol\u00edtico: 1. [&hellip;]\" \/>\n<meta property=\"og:url\" content=\"https:\/\/psol50.org.br\/psol-sao-caetano-do-sul-sp-contra-a-privatizacao-do-dae\/\" \/>\n<meta property=\"og:site_name\" content=\"PSOL 50\" \/>\n<meta property=\"article:publisher\" content=\"https:\/\/www.facebook.com\/psol50\" \/>\n<meta property=\"article:published_time\" content=\"2011-05-11T00:00:00+00:00\" \/>\n<meta property=\"og:image\" content=\"http:\/\/psolsp.org.br\/inc\/plugins\/add-to-any\/icons\/twitter.png\" \/>\n<meta name=\"author\" content=\"Comunica\u00e7\u00e3o PSOL\" \/>\n<meta name=\"twitter:card\" content=\"summary_large_image\" \/>\n<meta name=\"twitter:creator\" content=\"@psol50\" \/>\n<meta name=\"twitter:site\" content=\"@psol50\" \/>\n<meta name=\"twitter:label1\" content=\"Escrito por\" \/>\n\t<meta name=\"twitter:data1\" content=\"Comunica\u00e7\u00e3o PSOL\" \/>\n\t<meta name=\"twitter:label2\" content=\"Est. tempo de leitura\" \/>\n\t<meta name=\"twitter:data2\" content=\"3 minutos\" \/>\n<script type=\"application\/ld+json\" class=\"yoast-schema-graph\">{\"@context\":\"https:\/\/schema.org\",\"@graph\":[{\"@type\":\"Article\",\"@id\":\"https:\/\/psol50.org.br\/psol-sao-caetano-do-sul-sp-contra-a-privatizacao-do-dae\/#article\",\"isPartOf\":{\"@id\":\"https:\/\/psol50.org.br\/psol-sao-caetano-do-sul-sp-contra-a-privatizacao-do-dae\/\"},\"author\":{\"name\":\"Comunica\u00e7\u00e3o PSOL\",\"@id\":\"https:\/\/psol50.org.br\/#\/schema\/person\/475dfa57d0b815993c714c2e96491fcd\"},\"headline\":\"PSOL S\u00e3o Caetano do Sul (SP) contra a privatiza\u00e7\u00e3o do DAE\",\"datePublished\":\"2011-05-11T00:00:00+00:00\",\"mainEntityOfPage\":{\"@id\":\"https:\/\/psol50.org.br\/psol-sao-caetano-do-sul-sp-contra-a-privatizacao-do-dae\/\"},\"wordCount\":524,\"commentCount\":0,\"publisher\":{\"@id\":\"https:\/\/psol50.org.br\/#organization\"},\"image\":{\"@id\":\"https:\/\/psol50.org.br\/psol-sao-caetano-do-sul-sp-contra-a-privatizacao-do-dae\/#primaryimage\"},\"thumbnailUrl\":\"http:\/\/psolsp.org.br\/inc\/plugins\/add-to-any\/icons\/twitter.png\",\"articleSection\":[\"Arquivo\"],\"inLanguage\":\"pt-BR\",\"potentialAction\":[{\"@type\":\"CommentAction\",\"name\":\"Comment\",\"target\":[\"https:\/\/psol50.org.br\/psol-sao-caetano-do-sul-sp-contra-a-privatizacao-do-dae\/#respond\"]}]},{\"@type\":\"WebPage\",\"@id\":\"https:\/\/psol50.org.br\/psol-sao-caetano-do-sul-sp-contra-a-privatizacao-do-dae\/\",\"url\":\"https:\/\/psol50.org.br\/psol-sao-caetano-do-sul-sp-contra-a-privatizacao-do-dae\/\",\"name\":\"PSOL S\u00e3o Caetano do Sul (SP) contra a privatiza\u00e7\u00e3o do DAE - PSOL 50\",\"isPartOf\":{\"@id\":\"https:\/\/psol50.org.br\/#website\"},\"primaryImageOfPage\":{\"@id\":\"https:\/\/psol50.org.br\/psol-sao-caetano-do-sul-sp-contra-a-privatizacao-do-dae\/#primaryimage\"},\"image\":{\"@id\":\"https:\/\/psol50.org.br\/psol-sao-caetano-do-sul-sp-contra-a-privatizacao-do-dae\/#primaryimage\"},\"thumbnailUrl\":\"http:\/\/psolsp.org.br\/inc\/plugins\/add-to-any\/icons\/twitter.png\",\"datePublished\":\"2011-05-11T00:00:00+00:00\",\"breadcrumb\":{\"@id\":\"https:\/\/psol50.org.br\/psol-sao-caetano-do-sul-sp-contra-a-privatizacao-do-dae\/#breadcrumb\"},\"inLanguage\":\"pt-BR\",\"potentialAction\":[{\"@type\":\"ReadAction\",\"target\":[\"https:\/\/psol50.org.br\/psol-sao-caetano-do-sul-sp-contra-a-privatizacao-do-dae\/\"]}]},{\"@type\":\"ImageObject\",\"inLanguage\":\"pt-BR\",\"@id\":\"https:\/\/psol50.org.br\/psol-sao-caetano-do-sul-sp-contra-a-privatizacao-do-dae\/#primaryimage\",\"url\":\"http:\/\/psolsp.org.br\/inc\/plugins\/add-to-any\/icons\/twitter.png\",\"contentUrl\":\"http:\/\/psolsp.org.br\/inc\/plugins\/add-to-any\/icons\/twitter.png\"},{\"@type\":\"BreadcrumbList\",\"@id\":\"https:\/\/psol50.org.br\/psol-sao-caetano-do-sul-sp-contra-a-privatizacao-do-dae\/#breadcrumb\",\"itemListElement\":[{\"@type\":\"ListItem\",\"position\":1,\"name\":\"In\u00edcio\",\"item\":\"https:\/\/psol50.org.br\/\"},{\"@type\":\"ListItem\",\"position\":2,\"name\":\"PSOL S\u00e3o Caetano do Sul (SP) contra a privatiza\u00e7\u00e3o do DAE\"}]},{\"@type\":\"WebSite\",\"@id\":\"https:\/\/psol50.org.br\/#website\",\"url\":\"https:\/\/psol50.org.br\/\",\"name\":\"PSOL 50\",\"description\":\"Site oficial do Partido Socialismo e Liberdade\",\"publisher\":{\"@id\":\"https:\/\/psol50.org.br\/#organization\"},\"alternateName\":\"PSOL50\",\"potentialAction\":[{\"@type\":\"SearchAction\",\"target\":{\"@type\":\"EntryPoint\",\"urlTemplate\":\"https:\/\/psol50.org.br\/?s={search_term_string}\"},\"query-input\":{\"@type\":\"PropertyValueSpecification\",\"valueRequired\":true,\"valueName\":\"search_term_string\"}}],\"inLanguage\":\"pt-BR\"},{\"@type\":\"Organization\",\"@id\":\"https:\/\/psol50.org.br\/#organization\",\"name\":\"PSOL 50\",\"alternateName\":\"PSOL 50\",\"url\":\"https:\/\/psol50.org.br\/\",\"logo\":{\"@type\":\"ImageObject\",\"inLanguage\":\"pt-BR\",\"@id\":\"https:\/\/psol50.org.br\/#\/schema\/logo\/image\/\",\"url\":\"https:\/\/psol50.org.br\/inc\/uploads\/2018\/07\/capa.png\",\"contentUrl\":\"https:\/\/psol50.org.br\/inc\/uploads\/2018\/07\/capa.png\",\"width\":1350,\"height\":900,\"caption\":\"PSOL 50\"},\"image\":{\"@id\":\"https:\/\/psol50.org.br\/#\/schema\/logo\/image\/\"},\"sameAs\":[\"https:\/\/www.facebook.com\/psol50\",\"https:\/\/x.com\/psol50\",\"https:\/\/www.instagram.com\/psol50\/\",\"https:\/\/www.youtube.com\/channel\/UC7SnJS5o1os7a6CaiNabzcg\"]},{\"@type\":\"Person\",\"@id\":\"https:\/\/psol50.org.br\/#\/schema\/person\/475dfa57d0b815993c714c2e96491fcd\",\"name\":\"Comunica\u00e7\u00e3o PSOL\",\"image\":{\"@type\":\"ImageObject\",\"inLanguage\":\"pt-BR\",\"@id\":\"https:\/\/psol50.org.br\/#\/schema\/person\/image\/\",\"url\":\"https:\/\/secure.gravatar.com\/avatar\/b34fc4f4e468a4e51785917065a3db57b841f5c95dba6ad8c73aaf8f66f8f9bf?s=96&d=mm&r=g\",\"contentUrl\":\"https:\/\/secure.gravatar.com\/avatar\/b34fc4f4e468a4e51785917065a3db57b841f5c95dba6ad8c73aaf8f66f8f9bf?s=96&d=mm&r=g\",\"caption\":\"Comunica\u00e7\u00e3o PSOL\"}}]}<\/script>\n<!-- \/ Yoast SEO plugin. -->","yoast_head_json":{"title":"PSOL S\u00e3o Caetano do Sul (SP) contra a privatiza\u00e7\u00e3o do DAE - PSOL 50","robots":{"index":"index","follow":"follow","max-snippet":"max-snippet:-1","max-image-preview":"max-image-preview:large","max-video-preview":"max-video-preview:-1"},"canonical":"https:\/\/psol50.org.br\/psol-sao-caetano-do-sul-sp-contra-a-privatizacao-do-dae\/","og_locale":"pt_BR","og_type":"article","og_title":"PSOL S\u00e3o Caetano do Sul (SP) contra a privatiza\u00e7\u00e3o do DAE - PSOL 50","og_description":"O Partido Socialismo e Liberdade \u2013 PSOL de S\u00e3o Caetano do Sul se op\u00f5e firmemente ao projeto de privatiza\u00e7\u00e3o do DAE \u2013 Departamento de \u00c1gua e Esgoto de S\u00e3o Caetano do Sul, pretendido pela Administra\u00e7\u00e3o Auricchio, bem como denuncia o car\u00e1ter nebuloso e nocivo dessa proposta para nossa cidade, expressando o seguinte posicionamento pol\u00edtico: 1. [&hellip;]","og_url":"https:\/\/psol50.org.br\/psol-sao-caetano-do-sul-sp-contra-a-privatizacao-do-dae\/","og_site_name":"PSOL 50","article_publisher":"https:\/\/www.facebook.com\/psol50","article_published_time":"2011-05-11T00:00:00+00:00","og_image":[{"url":"http:\/\/psolsp.org.br\/inc\/plugins\/add-to-any\/icons\/twitter.png","type":"","width":"","height":""}],"author":"Comunica\u00e7\u00e3o PSOL","twitter_card":"summary_large_image","twitter_creator":"@psol50","twitter_site":"@psol50","twitter_misc":{"Escrito por":"Comunica\u00e7\u00e3o PSOL","Est. tempo de leitura":"3 minutos"},"schema":{"@context":"https:\/\/schema.org","@graph":[{"@type":"Article","@id":"https:\/\/psol50.org.br\/psol-sao-caetano-do-sul-sp-contra-a-privatizacao-do-dae\/#article","isPartOf":{"@id":"https:\/\/psol50.org.br\/psol-sao-caetano-do-sul-sp-contra-a-privatizacao-do-dae\/"},"author":{"name":"Comunica\u00e7\u00e3o PSOL","@id":"https:\/\/psol50.org.br\/#\/schema\/person\/475dfa57d0b815993c714c2e96491fcd"},"headline":"PSOL S\u00e3o Caetano do Sul (SP) contra a privatiza\u00e7\u00e3o do DAE","datePublished":"2011-05-11T00:00:00+00:00","mainEntityOfPage":{"@id":"https:\/\/psol50.org.br\/psol-sao-caetano-do-sul-sp-contra-a-privatizacao-do-dae\/"},"wordCount":524,"commentCount":0,"publisher":{"@id":"https:\/\/psol50.org.br\/#organization"},"image":{"@id":"https:\/\/psol50.org.br\/psol-sao-caetano-do-sul-sp-contra-a-privatizacao-do-dae\/#primaryimage"},"thumbnailUrl":"http:\/\/psolsp.org.br\/inc\/plugins\/add-to-any\/icons\/twitter.png","articleSection":["Arquivo"],"inLanguage":"pt-BR","potentialAction":[{"@type":"CommentAction","name":"Comment","target":["https:\/\/psol50.org.br\/psol-sao-caetano-do-sul-sp-contra-a-privatizacao-do-dae\/#respond"]}]},{"@type":"WebPage","@id":"https:\/\/psol50.org.br\/psol-sao-caetano-do-sul-sp-contra-a-privatizacao-do-dae\/","url":"https:\/\/psol50.org.br\/psol-sao-caetano-do-sul-sp-contra-a-privatizacao-do-dae\/","name":"PSOL S\u00e3o Caetano do Sul (SP) contra a privatiza\u00e7\u00e3o do DAE - PSOL 50","isPartOf":{"@id":"https:\/\/psol50.org.br\/#website"},"primaryImageOfPage":{"@id":"https:\/\/psol50.org.br\/psol-sao-caetano-do-sul-sp-contra-a-privatizacao-do-dae\/#primaryimage"},"image":{"@id":"https:\/\/psol50.org.br\/psol-sao-caetano-do-sul-sp-contra-a-privatizacao-do-dae\/#primaryimage"},"thumbnailUrl":"http:\/\/psolsp.org.br\/inc\/plugins\/add-to-any\/icons\/twitter.png","datePublished":"2011-05-11T00:00:00+00:00","breadcrumb":{"@id":"https:\/\/psol50.org.br\/psol-sao-caetano-do-sul-sp-contra-a-privatizacao-do-dae\/#breadcrumb"},"inLanguage":"pt-BR","potentialAction":[{"@type":"ReadAction","target":["https:\/\/psol50.org.br\/psol-sao-caetano-do-sul-sp-contra-a-privatizacao-do-dae\/"]}]},{"@type":"ImageObject","inLanguage":"pt-BR","@id":"https:\/\/psol50.org.br\/psol-sao-caetano-do-sul-sp-contra-a-privatizacao-do-dae\/#primaryimage","url":"http:\/\/psolsp.org.br\/inc\/plugins\/add-to-any\/icons\/twitter.png","contentUrl":"http:\/\/psolsp.org.br\/inc\/plugins\/add-to-any\/icons\/twitter.png"},{"@type":"BreadcrumbList","@id":"https:\/\/psol50.org.br\/psol-sao-caetano-do-sul-sp-contra-a-privatizacao-do-dae\/#breadcrumb","itemListElement":[{"@type":"ListItem","position":1,"name":"In\u00edcio","item":"https:\/\/psol50.org.br\/"},{"@type":"ListItem","position":2,"name":"PSOL S\u00e3o Caetano do Sul (SP) contra a privatiza\u00e7\u00e3o do DAE"}]},{"@type":"WebSite","@id":"https:\/\/psol50.org.br\/#website","url":"https:\/\/psol50.org.br\/","name":"PSOL 50","description":"Site oficial do Partido Socialismo e Liberdade","publisher":{"@id":"https:\/\/psol50.org.br\/#organization"},"alternateName":"PSOL50","potentialAction":[{"@type":"SearchAction","target":{"@type":"EntryPoint","urlTemplate":"https:\/\/psol50.org.br\/?s={search_term_string}"},"query-input":{"@type":"PropertyValueSpecification","valueRequired":true,"valueName":"search_term_string"}}],"inLanguage":"pt-BR"},{"@type":"Organization","@id":"https:\/\/psol50.org.br\/#organization","name":"PSOL 50","alternateName":"PSOL 50","url":"https:\/\/psol50.org.br\/","logo":{"@type":"ImageObject","inLanguage":"pt-BR","@id":"https:\/\/psol50.org.br\/#\/schema\/logo\/image\/","url":"https:\/\/psol50.org.br\/inc\/uploads\/2018\/07\/capa.png","contentUrl":"https:\/\/psol50.org.br\/inc\/uploads\/2018\/07\/capa.png","width":1350,"height":900,"caption":"PSOL 50"},"image":{"@id":"https:\/\/psol50.org.br\/#\/schema\/logo\/image\/"},"sameAs":["https:\/\/www.facebook.com\/psol50","https:\/\/x.com\/psol50","https:\/\/www.instagram.com\/psol50\/","https:\/\/www.youtube.com\/channel\/UC7SnJS5o1os7a6CaiNabzcg"]},{"@type":"Person","@id":"https:\/\/psol50.org.br\/#\/schema\/person\/475dfa57d0b815993c714c2e96491fcd","name":"Comunica\u00e7\u00e3o PSOL","image":{"@type":"ImageObject","inLanguage":"pt-BR","@id":"https:\/\/psol50.org.br\/#\/schema\/person\/image\/","url":"https:\/\/secure.gravatar.com\/avatar\/b34fc4f4e468a4e51785917065a3db57b841f5c95dba6ad8c73aaf8f66f8f9bf?s=96&d=mm&r=g","contentUrl":"https:\/\/secure.gravatar.com\/avatar\/b34fc4f4e468a4e51785917065a3db57b841f5c95dba6ad8c73aaf8f66f8f9bf?s=96&d=mm&r=g","caption":"Comunica\u00e7\u00e3o PSOL"}}]}},"_links":{"self":[{"href":"https:\/\/psol50.org.br\/rest\/wp\/v2\/posts\/1549","targetHints":{"allow":["GET"]}}],"collection":[{"href":"https:\/\/psol50.org.br\/rest\/wp\/v2\/posts"}],"about":[{"href":"https:\/\/psol50.org.br\/rest\/wp\/v2\/types\/post"}],"author":[{"embeddable":true,"href":"https:\/\/psol50.org.br\/rest\/wp\/v2\/users\/2"}],"replies":[{"embeddable":true,"href":"https:\/\/psol50.org.br\/rest\/wp\/v2\/comments?post=1549"}],"version-history":[{"count":0,"href":"https:\/\/psol50.org.br\/rest\/wp\/v2\/posts\/1549\/revisions"}],"wp:attachment":[{"href":"https:\/\/psol50.org.br\/rest\/wp\/v2\/media?parent=1549"}],"wp:term":[{"taxonomy":"category","embeddable":true,"href":"https:\/\/psol50.org.br\/rest\/wp\/v2\/categories?post=1549"},{"taxonomy":"post_tag","embeddable":true,"href":"https:\/\/psol50.org.br\/rest\/wp\/v2\/tags?post=1549"}],"curies":[{"name":"wp","href":"https:\/\/api.w.org\/{rel}","templated":true}]}}