{"id":15492,"date":"2017-03-03T19:10:56","date_gmt":"2017-03-03T19:10:56","guid":{"rendered":"http:\/\/www.psol50.org.br\/?p=15492"},"modified":"2017-03-03T19:10:56","modified_gmt":"2017-03-03T19:10:56","slug":"temer-sanciona-com-vetos-o-desmonte-da-ebc","status":"publish","type":"post","link":"https:\/\/psol50.org.br\/temer-sanciona-com-vetos-o-desmonte-da-ebc\/","title":{"rendered":"Temer sanciona, com vetos, o desmonte da EBC"},"content":{"rendered":"<p>O presidente ileg\u00edtimo Michel Temer sancionou a lei 13.417\/2017, que reestrutura a Empresa Brasil de Comunica\u00e7\u00e3o (EBC), comprometendo o car\u00e1ter p\u00fablico dos ve\u00edculos da empresa. A nova lei foi publicada nessa quinta-feira (02\/03), <span style=\"color: #0000ff\"><strong><a style=\"color: #0000ff\" href=\"http:\/\/pesquisa.in.gov.br\/imprensa\/jsp\/visualiza\/index.jsp?jornal=1&amp;pagina=2&amp;data=02\/09\/2016\">no Di\u00e1rio Oficial da Uni\u00e3o<\/a>\u00a0(DCU)<\/strong><\/span>.<\/p>\n<p>A medida, que foi proposta logo no primeiro dia do mandato oficial de Temer, tramitou nos \u00faltimos meses na C\u00e2mara e no Senado e foi aprovada com altera\u00e7\u00f5es pelo Congresso Nacional \u2014 Temer, por\u00e9m, vetou oito delas.<\/p>\n<p>No texto original, pretendia-se extinguir o <a href=\"http:\/\/www.ebc.com.br\/institucional\/sites\/_institucional\/files\/cartilha.pdf\"><strong><span style=\"color: #0000ff\">Conselho Curador da EBC<\/span><\/strong><\/a>, que era formado por representantes da sociedade civil escolhidos por consulta popular e tinha grande peso democr\u00e1tico sobre a programa\u00e7\u00e3o e gest\u00e3o da comunica\u00e7\u00e3o p\u00fablica.<\/p>\n<p>Os parlamentares decidiram substituir o Conselho Curador pelo Comit\u00ea Editorial e de Programa\u00e7\u00e3o. De acordo com as mudan\u00e7as apresentadas ao Executivo, caberia a este grupo deliberar quest\u00f5es relativas aos planos editoriais propostos pela diretoria para os ve\u00edculos da EBC e deliberar sobre altera\u00e7\u00f5es na linha editorial da programa\u00e7\u00e3o veiculada pela empresa.<\/p>\n<p>Indo contra as propostas votadas, entretanto, Temer vetou esse trecho, bem como o que dava ao Comit\u00ea Editorial e de Programa\u00e7\u00e3o poder para convocar audi\u00eancias e consultas p\u00fablicas que permitissem a ampla discuss\u00e3o sobre os conte\u00fados produzidos e a qualifica\u00e7\u00e3o dos servi\u00e7os.<\/p>\n<p>Al\u00e9m disso, o mandato de diretor-presidente da EBC passa agora a ser de livre nomea\u00e7\u00e3o pelo presidente da Rep\u00fablica e pode ser destitu\u00eddo a qualquer momento. Uma das propostas do Legislativo era que a nomea\u00e7\u00e3o do diretor-presidente pelo presidente da Rep\u00fablica acontecesse somente ap\u00f3s aprova\u00e7\u00e3o pelo Senado Federal, mas isso tamb\u00e9m foi vetado.<\/p>\n<p>Para Bia Barbosa,\u00a0secret\u00e1ria de Comunica\u00e7\u00e3o do F\u00f3rum Nacional pela Democratiza\u00e7\u00e3o da Comunica\u00e7\u00e3o (FNDC), os vetos representam um retorno ao texto original da medida provis\u00f3ria, desconsiderando as poucas conquistas conseguidas enquanto a medida tramitava pelo Congresso. &#8220;O comit\u00ea editorial proposto pelos parlamentares foi totalmente esvaziado de poder, e ele j\u00e1 era muito mais fr\u00e1gil que o conselho curador. Os vetos fazem com que o comit\u00ea seja meramente figurativo, sem nenhum poder real de decis\u00e3o na programa\u00e7\u00e3o da EBC, que acaba ficando nas m\u00e3os do governo&#8221;, explica.<\/p>\n<p>Em um pa\u00eds em que a imprensa est\u00e1 nas m\u00e3os de poucas fam\u00edlias ricas, servindo interesses mercadol\u00f3gicos, a comunica\u00e7\u00e3o p\u00fablica tem um dever cidad\u00e3o com a sociedade, previsto na Constitui\u00e7\u00e3o. A reestrutura\u00e7\u00e3o da EBC d\u00e1 maior poder ao Estado para interferir na decis\u00e3o do \u00f3rg\u00e3o e acaba com a sua autonomia na defini\u00e7\u00e3o de produ\u00e7\u00e3o, programa\u00e7\u00e3o e distribui\u00e7\u00e3o de conte\u00fado no sistema p\u00fablico de radiodifus\u00e3o, com car\u00e1ter plural e democr\u00e1tico.<\/p>\n<p>Na pr\u00e1tica, portanto, a EBC funcionar\u00e1 agora como uma empresa de comunica\u00e7\u00e3o governamental, a servi\u00e7o do governo golpista e manipulador de Michel Temer. Mais um retrocesso para a conta do golpe.<\/p>\n","protected":false},"excerpt":{"rendered":"<p>O presidente ileg\u00edtimo Michel Temer sancionou a lei 13.417\/2017, que reestrutura a Empresa Brasil de Comunica\u00e7\u00e3o (EBC), comprometendo o car\u00e1ter p\u00fablico dos ve\u00edculos da empresa. A nova lei foi publicada nessa quinta-feira (02\/03), no Di\u00e1rio Oficial da Uni\u00e3o\u00a0(DCU). A medida, que foi proposta logo no primeiro dia do mandato oficial de Temer, tramitou nos \u00faltimos [&hellip;]<\/p>\n","protected":false},"author":2,"featured_media":15494,"comment_status":"open","ping_status":"open","sticky":false,"template":"","format":"standard","meta":{"_acf_changed":false,"footnotes":""},"categories":[1882,6],"tags":[411,2203,731,151,1748],"class_list":{"0":"post-15492","1":"post","2":"type-post","3":"status-publish","4":"format-standard","5":"has-post-thumbnail","7":"category-brasil","8":"category-noticias","9":"tag-comunicacao","10":"tag-desmonte","11":"tag-ebc","12":"tag-golpe","13":"tag-michel-temer"},"acf":[],"yoast_head":"<!-- This site is optimized with the Yoast SEO plugin v26.5 - https:\/\/yoast.com\/wordpress\/plugins\/seo\/ -->\n<title>Temer sanciona, com vetos, o desmonte da EBC - PSOL 50<\/title>\n<meta name=\"robots\" content=\"index, follow, max-snippet:-1, max-image-preview:large, max-video-preview:-1\" \/>\n<link rel=\"canonical\" href=\"https:\/\/psol50.org.br\/temer-sanciona-com-vetos-o-desmonte-da-ebc\/\" \/>\n<meta property=\"og:locale\" content=\"pt_BR\" \/>\n<meta property=\"og:type\" content=\"article\" \/>\n<meta property=\"og:title\" content=\"Temer sanciona, com vetos, o desmonte da EBC - PSOL 50\" \/>\n<meta property=\"og:description\" content=\"O presidente ileg\u00edtimo Michel Temer sancionou a lei 13.417\/2017, que reestrutura a Empresa Brasil de Comunica\u00e7\u00e3o (EBC), comprometendo o car\u00e1ter p\u00fablico dos ve\u00edculos da empresa. A nova lei foi publicada nessa quinta-feira (02\/03), no Di\u00e1rio Oficial da Uni\u00e3o\u00a0(DCU). A medida, que foi proposta logo no primeiro dia do mandato oficial de Temer, tramitou nos \u00faltimos [&hellip;]\" \/>\n<meta property=\"og:url\" content=\"https:\/\/psol50.org.br\/temer-sanciona-com-vetos-o-desmonte-da-ebc\/\" \/>\n<meta property=\"og:site_name\" content=\"PSOL 50\" \/>\n<meta property=\"article:publisher\" content=\"https:\/\/www.facebook.com\/psol50\" \/>\n<meta property=\"article:published_time\" content=\"2017-03-03T19:10:56+00:00\" \/>\n<meta property=\"og:image\" content=\"https:\/\/psol50.org.br\/inc\/uploads\/2018\/07\/capa.png\" \/>\n\t<meta property=\"og:image:width\" content=\"1350\" \/>\n\t<meta property=\"og:image:height\" content=\"900\" \/>\n\t<meta property=\"og:image:type\" content=\"image\/png\" \/>\n<meta name=\"author\" content=\"Comunica\u00e7\u00e3o PSOL\" \/>\n<meta name=\"twitter:card\" content=\"summary_large_image\" \/>\n<meta name=\"twitter:creator\" content=\"@psol50\" \/>\n<meta name=\"twitter:site\" content=\"@psol50\" \/>\n<meta name=\"twitter:label1\" content=\"Escrito por\" \/>\n\t<meta name=\"twitter:data1\" content=\"Comunica\u00e7\u00e3o PSOL\" \/>\n\t<meta name=\"twitter:label2\" content=\"Est. tempo de leitura\" \/>\n\t<meta name=\"twitter:data2\" content=\"3 minutos\" \/>\n<script type=\"application\/ld+json\" class=\"yoast-schema-graph\">{\"@context\":\"https:\/\/schema.org\",\"@graph\":[{\"@type\":\"Article\",\"@id\":\"https:\/\/psol50.org.br\/temer-sanciona-com-vetos-o-desmonte-da-ebc\/#article\",\"isPartOf\":{\"@id\":\"https:\/\/psol50.org.br\/temer-sanciona-com-vetos-o-desmonte-da-ebc\/\"},\"author\":{\"name\":\"Comunica\u00e7\u00e3o PSOL\",\"@id\":\"https:\/\/psol50.org.br\/#\/schema\/person\/475dfa57d0b815993c714c2e96491fcd\"},\"headline\":\"Temer sanciona, com vetos, o desmonte da EBC\",\"datePublished\":\"2017-03-03T19:10:56+00:00\",\"mainEntityOfPage\":{\"@id\":\"https:\/\/psol50.org.br\/temer-sanciona-com-vetos-o-desmonte-da-ebc\/\"},\"wordCount\":519,\"commentCount\":0,\"publisher\":{\"@id\":\"https:\/\/psol50.org.br\/#organization\"},\"image\":{\"@id\":\"https:\/\/psol50.org.br\/temer-sanciona-com-vetos-o-desmonte-da-ebc\/#primaryimage\"},\"thumbnailUrl\":\"\",\"keywords\":[\"comunica\u00e7\u00e3o\",\"desmonte\",\"EBC\",\"golpe\",\"Michel Temer\"],\"articleSection\":[\"Brasil\",\"Not\u00edcias\"],\"inLanguage\":\"pt-BR\",\"potentialAction\":[{\"@type\":\"CommentAction\",\"name\":\"Comment\",\"target\":[\"https:\/\/psol50.org.br\/temer-sanciona-com-vetos-o-desmonte-da-ebc\/#respond\"]}]},{\"@type\":\"WebPage\",\"@id\":\"https:\/\/psol50.org.br\/temer-sanciona-com-vetos-o-desmonte-da-ebc\/\",\"url\":\"https:\/\/psol50.org.br\/temer-sanciona-com-vetos-o-desmonte-da-ebc\/\",\"name\":\"Temer sanciona, com vetos, o desmonte da EBC - PSOL 50\",\"isPartOf\":{\"@id\":\"https:\/\/psol50.org.br\/#website\"},\"primaryImageOfPage\":{\"@id\":\"https:\/\/psol50.org.br\/temer-sanciona-com-vetos-o-desmonte-da-ebc\/#primaryimage\"},\"image\":{\"@id\":\"https:\/\/psol50.org.br\/temer-sanciona-com-vetos-o-desmonte-da-ebc\/#primaryimage\"},\"thumbnailUrl\":\"\",\"datePublished\":\"2017-03-03T19:10:56+00:00\",\"breadcrumb\":{\"@id\":\"https:\/\/psol50.org.br\/temer-sanciona-com-vetos-o-desmonte-da-ebc\/#breadcrumb\"},\"inLanguage\":\"pt-BR\",\"potentialAction\":[{\"@type\":\"ReadAction\",\"target\":[\"https:\/\/psol50.org.br\/temer-sanciona-com-vetos-o-desmonte-da-ebc\/\"]}]},{\"@type\":\"ImageObject\",\"inLanguage\":\"pt-BR\",\"@id\":\"https:\/\/psol50.org.br\/temer-sanciona-com-vetos-o-desmonte-da-ebc\/#primaryimage\",\"url\":\"\",\"contentUrl\":\"\"},{\"@type\":\"BreadcrumbList\",\"@id\":\"https:\/\/psol50.org.br\/temer-sanciona-com-vetos-o-desmonte-da-ebc\/#breadcrumb\",\"itemListElement\":[{\"@type\":\"ListItem\",\"position\":1,\"name\":\"In\u00edcio\",\"item\":\"https:\/\/psol50.org.br\/\"},{\"@type\":\"ListItem\",\"position\":2,\"name\":\"Temer sanciona, com vetos, o desmonte da EBC\"}]},{\"@type\":\"WebSite\",\"@id\":\"https:\/\/psol50.org.br\/#website\",\"url\":\"https:\/\/psol50.org.br\/\",\"name\":\"PSOL 50\",\"description\":\"Site oficial do Partido Socialismo e Liberdade\",\"publisher\":{\"@id\":\"https:\/\/psol50.org.br\/#organization\"},\"alternateName\":\"PSOL50\",\"potentialAction\":[{\"@type\":\"SearchAction\",\"target\":{\"@type\":\"EntryPoint\",\"urlTemplate\":\"https:\/\/psol50.org.br\/?s={search_term_string}\"},\"query-input\":{\"@type\":\"PropertyValueSpecification\",\"valueRequired\":true,\"valueName\":\"search_term_string\"}}],\"inLanguage\":\"pt-BR\"},{\"@type\":\"Organization\",\"@id\":\"https:\/\/psol50.org.br\/#organization\",\"name\":\"PSOL 50\",\"alternateName\":\"PSOL 50\",\"url\":\"https:\/\/psol50.org.br\/\",\"logo\":{\"@type\":\"ImageObject\",\"inLanguage\":\"pt-BR\",\"@id\":\"https:\/\/psol50.org.br\/#\/schema\/logo\/image\/\",\"url\":\"https:\/\/psol50.org.br\/inc\/uploads\/2018\/07\/capa.png\",\"contentUrl\":\"https:\/\/psol50.org.br\/inc\/uploads\/2018\/07\/capa.png\",\"width\":1350,\"height\":900,\"caption\":\"PSOL 50\"},\"image\":{\"@id\":\"https:\/\/psol50.org.br\/#\/schema\/logo\/image\/\"},\"sameAs\":[\"https:\/\/www.facebook.com\/psol50\",\"https:\/\/x.com\/psol50\",\"https:\/\/www.instagram.com\/psol50\/\",\"https:\/\/www.youtube.com\/channel\/UC7SnJS5o1os7a6CaiNabzcg\"]},{\"@type\":\"Person\",\"@id\":\"https:\/\/psol50.org.br\/#\/schema\/person\/475dfa57d0b815993c714c2e96491fcd\",\"name\":\"Comunica\u00e7\u00e3o PSOL\",\"image\":{\"@type\":\"ImageObject\",\"inLanguage\":\"pt-BR\",\"@id\":\"https:\/\/psol50.org.br\/#\/schema\/person\/image\/\",\"url\":\"https:\/\/secure.gravatar.com\/avatar\/b34fc4f4e468a4e51785917065a3db57b841f5c95dba6ad8c73aaf8f66f8f9bf?s=96&d=mm&r=g\",\"contentUrl\":\"https:\/\/secure.gravatar.com\/avatar\/b34fc4f4e468a4e51785917065a3db57b841f5c95dba6ad8c73aaf8f66f8f9bf?s=96&d=mm&r=g\",\"caption\":\"Comunica\u00e7\u00e3o PSOL\"}}]}<\/script>\n<!-- \/ Yoast SEO plugin. -->","yoast_head_json":{"title":"Temer sanciona, com vetos, o desmonte da EBC - PSOL 50","robots":{"index":"index","follow":"follow","max-snippet":"max-snippet:-1","max-image-preview":"max-image-preview:large","max-video-preview":"max-video-preview:-1"},"canonical":"https:\/\/psol50.org.br\/temer-sanciona-com-vetos-o-desmonte-da-ebc\/","og_locale":"pt_BR","og_type":"article","og_title":"Temer sanciona, com vetos, o desmonte da EBC - PSOL 50","og_description":"O presidente ileg\u00edtimo Michel Temer sancionou a lei 13.417\/2017, que reestrutura a Empresa Brasil de Comunica\u00e7\u00e3o (EBC), comprometendo o car\u00e1ter p\u00fablico dos ve\u00edculos da empresa. A nova lei foi publicada nessa quinta-feira (02\/03), no Di\u00e1rio Oficial da Uni\u00e3o\u00a0(DCU). A medida, que foi proposta logo no primeiro dia do mandato oficial de Temer, tramitou nos \u00faltimos [&hellip;]","og_url":"https:\/\/psol50.org.br\/temer-sanciona-com-vetos-o-desmonte-da-ebc\/","og_site_name":"PSOL 50","article_publisher":"https:\/\/www.facebook.com\/psol50","article_published_time":"2017-03-03T19:10:56+00:00","og_image":[{"width":1350,"height":900,"url":"https:\/\/psol50.org.br\/inc\/uploads\/2018\/07\/capa.png","type":"image\/png"}],"author":"Comunica\u00e7\u00e3o PSOL","twitter_card":"summary_large_image","twitter_creator":"@psol50","twitter_site":"@psol50","twitter_misc":{"Escrito por":"Comunica\u00e7\u00e3o PSOL","Est. tempo de leitura":"3 minutos"},"schema":{"@context":"https:\/\/schema.org","@graph":[{"@type":"Article","@id":"https:\/\/psol50.org.br\/temer-sanciona-com-vetos-o-desmonte-da-ebc\/#article","isPartOf":{"@id":"https:\/\/psol50.org.br\/temer-sanciona-com-vetos-o-desmonte-da-ebc\/"},"author":{"name":"Comunica\u00e7\u00e3o PSOL","@id":"https:\/\/psol50.org.br\/#\/schema\/person\/475dfa57d0b815993c714c2e96491fcd"},"headline":"Temer sanciona, com vetos, o desmonte da EBC","datePublished":"2017-03-03T19:10:56+00:00","mainEntityOfPage":{"@id":"https:\/\/psol50.org.br\/temer-sanciona-com-vetos-o-desmonte-da-ebc\/"},"wordCount":519,"commentCount":0,"publisher":{"@id":"https:\/\/psol50.org.br\/#organization"},"image":{"@id":"https:\/\/psol50.org.br\/temer-sanciona-com-vetos-o-desmonte-da-ebc\/#primaryimage"},"thumbnailUrl":"","keywords":["comunica\u00e7\u00e3o","desmonte","EBC","golpe","Michel Temer"],"articleSection":["Brasil","Not\u00edcias"],"inLanguage":"pt-BR","potentialAction":[{"@type":"CommentAction","name":"Comment","target":["https:\/\/psol50.org.br\/temer-sanciona-com-vetos-o-desmonte-da-ebc\/#respond"]}]},{"@type":"WebPage","@id":"https:\/\/psol50.org.br\/temer-sanciona-com-vetos-o-desmonte-da-ebc\/","url":"https:\/\/psol50.org.br\/temer-sanciona-com-vetos-o-desmonte-da-ebc\/","name":"Temer sanciona, com vetos, o desmonte da EBC - PSOL 50","isPartOf":{"@id":"https:\/\/psol50.org.br\/#website"},"primaryImageOfPage":{"@id":"https:\/\/psol50.org.br\/temer-sanciona-com-vetos-o-desmonte-da-ebc\/#primaryimage"},"image":{"@id":"https:\/\/psol50.org.br\/temer-sanciona-com-vetos-o-desmonte-da-ebc\/#primaryimage"},"thumbnailUrl":"","datePublished":"2017-03-03T19:10:56+00:00","breadcrumb":{"@id":"https:\/\/psol50.org.br\/temer-sanciona-com-vetos-o-desmonte-da-ebc\/#breadcrumb"},"inLanguage":"pt-BR","potentialAction":[{"@type":"ReadAction","target":["https:\/\/psol50.org.br\/temer-sanciona-com-vetos-o-desmonte-da-ebc\/"]}]},{"@type":"ImageObject","inLanguage":"pt-BR","@id":"https:\/\/psol50.org.br\/temer-sanciona-com-vetos-o-desmonte-da-ebc\/#primaryimage","url":"","contentUrl":""},{"@type":"BreadcrumbList","@id":"https:\/\/psol50.org.br\/temer-sanciona-com-vetos-o-desmonte-da-ebc\/#breadcrumb","itemListElement":[{"@type":"ListItem","position":1,"name":"In\u00edcio","item":"https:\/\/psol50.org.br\/"},{"@type":"ListItem","position":2,"name":"Temer sanciona, com vetos, o desmonte da EBC"}]},{"@type":"WebSite","@id":"https:\/\/psol50.org.br\/#website","url":"https:\/\/psol50.org.br\/","name":"PSOL 50","description":"Site oficial do Partido Socialismo e Liberdade","publisher":{"@id":"https:\/\/psol50.org.br\/#organization"},"alternateName":"PSOL50","potentialAction":[{"@type":"SearchAction","target":{"@type":"EntryPoint","urlTemplate":"https:\/\/psol50.org.br\/?s={search_term_string}"},"query-input":{"@type":"PropertyValueSpecification","valueRequired":true,"valueName":"search_term_string"}}],"inLanguage":"pt-BR"},{"@type":"Organization","@id":"https:\/\/psol50.org.br\/#organization","name":"PSOL 50","alternateName":"PSOL 50","url":"https:\/\/psol50.org.br\/","logo":{"@type":"ImageObject","inLanguage":"pt-BR","@id":"https:\/\/psol50.org.br\/#\/schema\/logo\/image\/","url":"https:\/\/psol50.org.br\/inc\/uploads\/2018\/07\/capa.png","contentUrl":"https:\/\/psol50.org.br\/inc\/uploads\/2018\/07\/capa.png","width":1350,"height":900,"caption":"PSOL 50"},"image":{"@id":"https:\/\/psol50.org.br\/#\/schema\/logo\/image\/"},"sameAs":["https:\/\/www.facebook.com\/psol50","https:\/\/x.com\/psol50","https:\/\/www.instagram.com\/psol50\/","https:\/\/www.youtube.com\/channel\/UC7SnJS5o1os7a6CaiNabzcg"]},{"@type":"Person","@id":"https:\/\/psol50.org.br\/#\/schema\/person\/475dfa57d0b815993c714c2e96491fcd","name":"Comunica\u00e7\u00e3o PSOL","image":{"@type":"ImageObject","inLanguage":"pt-BR","@id":"https:\/\/psol50.org.br\/#\/schema\/person\/image\/","url":"https:\/\/secure.gravatar.com\/avatar\/b34fc4f4e468a4e51785917065a3db57b841f5c95dba6ad8c73aaf8f66f8f9bf?s=96&d=mm&r=g","contentUrl":"https:\/\/secure.gravatar.com\/avatar\/b34fc4f4e468a4e51785917065a3db57b841f5c95dba6ad8c73aaf8f66f8f9bf?s=96&d=mm&r=g","caption":"Comunica\u00e7\u00e3o PSOL"}}]}},"_links":{"self":[{"href":"https:\/\/psol50.org.br\/rest\/wp\/v2\/posts\/15492","targetHints":{"allow":["GET"]}}],"collection":[{"href":"https:\/\/psol50.org.br\/rest\/wp\/v2\/posts"}],"about":[{"href":"https:\/\/psol50.org.br\/rest\/wp\/v2\/types\/post"}],"author":[{"embeddable":true,"href":"https:\/\/psol50.org.br\/rest\/wp\/v2\/users\/2"}],"replies":[{"embeddable":true,"href":"https:\/\/psol50.org.br\/rest\/wp\/v2\/comments?post=15492"}],"version-history":[{"count":0,"href":"https:\/\/psol50.org.br\/rest\/wp\/v2\/posts\/15492\/revisions"}],"wp:featuredmedia":[{"embeddable":true,"href":"https:\/\/psol50.org.br\/rest\/"}],"wp:attachment":[{"href":"https:\/\/psol50.org.br\/rest\/wp\/v2\/media?parent=15492"}],"wp:term":[{"taxonomy":"category","embeddable":true,"href":"https:\/\/psol50.org.br\/rest\/wp\/v2\/categories?post=15492"},{"taxonomy":"post_tag","embeddable":true,"href":"https:\/\/psol50.org.br\/rest\/wp\/v2\/tags?post=15492"}],"curies":[{"name":"wp","href":"https:\/\/api.w.org\/{rel}","templated":true}]}}