{"id":15507,"date":"2017-03-08T19:30:10","date_gmt":"2017-03-08T19:30:10","guid":{"rendered":"http:\/\/www.psol50.org.br\/?p=15507"},"modified":"2017-03-08T19:30:10","modified_gmt":"2017-03-08T19:30:10","slug":"carolina-peters-8m-amanha-recomeco","status":"publish","type":"post","link":"https:\/\/psol50.org.br\/carolina-peters-8m-amanha-recomeco\/","title":{"rendered":"Carolina Peters | 8M: Amanh\u00e3 recome\u00e7o"},"content":{"rendered":"<p>H\u00e1 cem anos as mulheres abalaram o mundo. Unidas contra a fome, a guerra e as p\u00e9ssimas condi\u00e7\u00f5es de vida e trabalho, oper\u00e1rias e donas de casa, sa\u00edram em marcha pelas ruas de S\u00e3o Petersburgo, constrangendo a repress\u00e3o e chamando \u00e0 luta todos os trabalhadores. Dois dias depois daquele 23 de fevereiro (conforme o calend\u00e1rio juliano, vigente na R\u00fassia em 1917, equivalente ao 8 de mar\u00e7o no calend\u00e1rio gregoriano, que utilizamos), o proletariado aderia \u00e0 greve geral que derrubaria o Czar. Assim tinha in\u00edcio a Revolu\u00e7\u00e3o Russa, e em raz\u00e3o dela foi adotado o 8 de mar\u00e7o como Dia Internacional da Mulher Trabalhadora.<\/p>\n<p>Que dist\u00e2ncia separa essa efervesc\u00eancia revolucion\u00e1ria do pa\u00eds que h\u00e1 pouco dias descriminalizou a viol\u00eancia contra a mulher! Um aviso da Hist\u00f3ria para aqueles desatentos, apegados \u00e0 falsa ideia de que a humanidade caminha invariavelmente para o progresso.<\/p>\n<p>A revolucion\u00e1ria Alexandra Kollontai j\u00e1 nos alertava sobre isso. Em ocasi\u00e3o de mais uma celebra\u00e7\u00e3o da data, no ano de 1920, a ent\u00e3o Comiss\u00e1ria do Povo para o Bem-Estar Social, equivalente ao cargo de ministra na Rep\u00fablica Sovi\u00e9tica, escreveu: \u201cEnquanto o poder estiver nas m\u00e3os dos capitalistas e dos propriet\u00e1rios, nenhum poder pol\u00edtico pode salvar as mulheres trabalhadoras da posi\u00e7\u00e3o tradicional de escravid\u00e3o em casa e na sociedade\u201d.<\/p>\n<p>Prova disso, \u00e9 o movimento que a burguesia brasileira empreende para desmontar as conquistas trabalhistas do \u00faltimo s\u00e9culo, em particular aquelas inscritas na Constitui\u00e7\u00e3o de 1988. O alvo da vez \u00e9 a aposentadoria e as pens\u00f5es, cujas principais afetadas, como nas demais medidas de arrocho, s\u00e3o as mulheres das classes trabalhadoras. N\u00e3o uma mulher hipot\u00e9tica e universal, mas as mulheres concretas, cuja taxa de formaliza\u00e7\u00e3o cresceu 30% menos que entre os homens entre 2000 e 2010, sendo que na terceira principal atividade econ\u00f4mica exercida pelas brasileiras, o trabalho dom\u00e9stico remunerado, que emprega 63,4% de negras (RASEAM 2015), m\u00edseros 32,3% (Pnad 2015) possuem carteira assinada. A trabalhadora brasileira real, cujos sal\u00e1rios representam aproximadamente 65% dos sal\u00e1rios masculinos no mercado informal e 75% no mercado formal; diferen\u00e7a salarial que surpreendentemente cresce conforme aumenta o grau de escolaridade e especializa\u00e7\u00e3o da mulher, e sem surpresa, em um pa\u00eds que conserva suas ra\u00edzes escravocratas quase intocadas, tamb\u00e9m cresce ao comparar os rendimentos de uma mulher negra aos de um homem branco.<\/p>\n<p>Sob o discurso c\u00ednico da \u201cigualdade\u201d, querem suprimir a distin\u00e7\u00e3o de idade de aposentadoria entre homens e mulheres. Os cinco anos \u201ca menos\u201d de contribui\u00e7\u00e3o para que as trabalhadoras brasileiras se aposentem, atualmente vigente, s\u00e3o um importante reconhecimento por parte do Estado da dupla jornada que ainda cumprimos. Essa diferen\u00e7a \u00e9 uma tentativa de diminuir a desigualdade entre os g\u00eaneros e compensar em alguma medida o trabalho dom\u00e9stico invis\u00edvel e n\u00e3o remunerado que as mulheres empreendem, e que garante a produ\u00e7\u00e3o e reprodu\u00e7\u00e3o da vida, da sociedade.<\/p>\n<p>A conten\u00e7\u00e3o do investimento p\u00fablico pelos pr\u00f3ximos 20 anos, assegurada pela aprova\u00e7\u00e3o recente da famigerada PEC 55\/241, aliada \u00e0 reforma da previd\u00eancia e aos projetos de precariza\u00e7\u00e3o do trabalho (terceiriza\u00e7\u00e3o, aumento da jornada de trabalho e a possibilidade de acordos que suprimem direitos trabalhistas), querem garantir ao \u201candar de cima\u201d, por um lado, a acumula\u00e7\u00e3o de capital a partir da superexplora\u00e7\u00e3o do trabalho, particularmente das mulheres e da popula\u00e7\u00e3o negra, e por outro, superavit prim\u00e1rio para manter a taxa exorbitante de juros e a hegemonia do rentismo na economia brasileira. O combate \u00e0 reforma da previd\u00eancia e ao governo ileg\u00edtimo de Temer est\u00e1 na pauta das manifesta\u00e7\u00f5es de mulheres nesse 8 de mar\u00e7o por todo o pa\u00eds.<\/p>\n<p>A opress\u00e3o-explora\u00e7\u00e3o das mulheres ultrapassa o mundo do trabalho, e busca nos dominar em todas as esferas da vida social, com uma profus\u00e3o de projetos de lei que querem negar nossa exist\u00eancia, nossa sexualidade e nossa autonomia. Na resist\u00eancia aos ataques contra os direitos sexuais e reprodutivos das mulheres, quando at\u00e9 o acesso das v\u00edtimas de estupro ao atendimento de sa\u00fade integral e de urg\u00eancia est\u00e1 sendo questionado, o PSOL e sua bancada feminista, por iniciativa da Setorial Nacional de Mulheres, apresentaram ao Supremo Tribunal Federal uma ADPF (Argui\u00e7\u00e3o de Descumprimento de Preceito Fundamental) para descriminalizar a interrup\u00e7\u00e3o da gesta\u00e7\u00e3o at\u00e9 a 12\u00aa semana.<\/p>\n<p>O 8 de mar\u00e7o tem em sua origem, quando proposto por Clara Zetkin na 2\u00aa Confer\u00eancia Internacional das Mulheres Socialistas, um sentimento profundo de solidariedade entre as trabalhadoras ao redor do mundo. A compreens\u00e3o de que a liberta\u00e7\u00e3o das mulheres \u00e9 imposs\u00edvel de maneira individual ou isolada, e desvinculada de um projeto de sociedade sem classes. O chamado caloroso feito por Nancy Fraser e Angela Davis, na resist\u00eancia contra Trump nos Estados Unidos, de uma greve internacional de mulheres, deve despertar mais do que uma coes\u00e3o abstrata entre as in\u00fameras manifesta\u00e7\u00f5es que hoje v\u00e3o \u00e0s ruas, mas uma reflex\u00e3o profunda e reiterada das pautas capazes de, nos dias duros que enfrentaremos ao redor do globo, unificar e mobilizar as mulheres que vivem do trabalho contra os retrocessos e por uma sociedade sem opress\u00e3o-explora\u00e7\u00e3o. Como o elefante do poema de Drummond, amanh\u00e3 recome\u00e7amos.<\/p>\n","protected":false},"excerpt":{"rendered":"<p>H\u00e1 cem anos as mulheres abalaram o mundo. Unidas contra a fome, a guerra e as p\u00e9ssimas condi\u00e7\u00f5es de vida e trabalho, oper\u00e1rias e donas de casa, sa\u00edram em marcha pelas ruas de S\u00e3o Petersburgo, constrangendo a repress\u00e3o e chamando \u00e0 luta todos os trabalhadores. Dois dias depois daquele 23 de fevereiro (conforme o calend\u00e1rio [&hellip;]<\/p>\n","protected":false},"author":2,"featured_media":15508,"comment_status":"open","ping_status":"open","sticky":false,"template":"","format":"standard","meta":{"_acf_changed":false,"footnotes":""},"categories":[3,1882,1104,6],"tags":[294,2943,30,4,2944],"class_list":{"0":"post-15507","1":"post","2":"type-post","3":"status-publish","4":"format-standard","5":"has-post-thumbnail","7":"category-artigos-e-entrevistas","8":"category-brasil","9":"category-movimento","10":"category-noticias","11":"tag-8-de-marco","12":"tag-carolina-peters","13":"tag-feminismo","14":"tag-mulheres","15":"tag-revolucao-russa"},"acf":[],"yoast_head":"<!-- This site is optimized with the Yoast SEO plugin v26.5 - https:\/\/yoast.com\/wordpress\/plugins\/seo\/ -->\n<title>Carolina Peters | 8M: Amanh\u00e3 recome\u00e7o - PSOL 50<\/title>\n<meta name=\"robots\" content=\"index, follow, max-snippet:-1, max-image-preview:large, max-video-preview:-1\" \/>\n<link rel=\"canonical\" href=\"https:\/\/psol50.org.br\/carolina-peters-8m-amanha-recomeco\/\" \/>\n<meta property=\"og:locale\" content=\"pt_BR\" \/>\n<meta property=\"og:type\" content=\"article\" \/>\n<meta property=\"og:title\" content=\"Carolina Peters | 8M: Amanh\u00e3 recome\u00e7o - PSOL 50\" \/>\n<meta property=\"og:description\" content=\"H\u00e1 cem anos as mulheres abalaram o mundo. Unidas contra a fome, a guerra e as p\u00e9ssimas condi\u00e7\u00f5es de vida e trabalho, oper\u00e1rias e donas de casa, sa\u00edram em marcha pelas ruas de S\u00e3o Petersburgo, constrangendo a repress\u00e3o e chamando \u00e0 luta todos os trabalhadores. Dois dias depois daquele 23 de fevereiro (conforme o calend\u00e1rio [&hellip;]\" \/>\n<meta property=\"og:url\" content=\"https:\/\/psol50.org.br\/carolina-peters-8m-amanha-recomeco\/\" \/>\n<meta property=\"og:site_name\" content=\"PSOL 50\" \/>\n<meta property=\"article:publisher\" content=\"https:\/\/www.facebook.com\/psol50\" \/>\n<meta property=\"article:published_time\" content=\"2017-03-08T19:30:10+00:00\" \/>\n<meta property=\"og:image\" content=\"https:\/\/psol50.org.br\/inc\/uploads\/2018\/07\/capa.png\" \/>\n\t<meta property=\"og:image:width\" content=\"1350\" \/>\n\t<meta property=\"og:image:height\" content=\"900\" \/>\n\t<meta property=\"og:image:type\" content=\"image\/png\" \/>\n<meta name=\"author\" content=\"Comunica\u00e7\u00e3o PSOL\" \/>\n<meta name=\"twitter:card\" content=\"summary_large_image\" \/>\n<meta name=\"twitter:creator\" content=\"@psol50\" \/>\n<meta name=\"twitter:site\" content=\"@psol50\" \/>\n<meta name=\"twitter:label1\" content=\"Escrito por\" \/>\n\t<meta name=\"twitter:data1\" content=\"Comunica\u00e7\u00e3o PSOL\" \/>\n\t<meta name=\"twitter:label2\" content=\"Est. tempo de leitura\" \/>\n\t<meta name=\"twitter:data2\" content=\"4 minutos\" \/>\n<script type=\"application\/ld+json\" class=\"yoast-schema-graph\">{\"@context\":\"https:\/\/schema.org\",\"@graph\":[{\"@type\":\"Article\",\"@id\":\"https:\/\/psol50.org.br\/carolina-peters-8m-amanha-recomeco\/#article\",\"isPartOf\":{\"@id\":\"https:\/\/psol50.org.br\/carolina-peters-8m-amanha-recomeco\/\"},\"author\":{\"name\":\"Comunica\u00e7\u00e3o PSOL\",\"@id\":\"https:\/\/psol50.org.br\/#\/schema\/person\/475dfa57d0b815993c714c2e96491fcd\"},\"headline\":\"Carolina Peters | 8M: Amanh\u00e3 recome\u00e7o\",\"datePublished\":\"2017-03-08T19:30:10+00:00\",\"mainEntityOfPage\":{\"@id\":\"https:\/\/psol50.org.br\/carolina-peters-8m-amanha-recomeco\/\"},\"wordCount\":903,\"commentCount\":0,\"publisher\":{\"@id\":\"https:\/\/psol50.org.br\/#organization\"},\"image\":{\"@id\":\"https:\/\/psol50.org.br\/carolina-peters-8m-amanha-recomeco\/#primaryimage\"},\"thumbnailUrl\":\"\",\"keywords\":[\"8 de mar\u00e7o\",\"Carolina Peters\",\"feminismo\",\"mulheres\",\"Revolu\u00e7\u00e3o Russa\"],\"articleSection\":[\"Artigos\",\"Brasil\",\"Movimento\",\"Not\u00edcias\"],\"inLanguage\":\"pt-BR\",\"potentialAction\":[{\"@type\":\"CommentAction\",\"name\":\"Comment\",\"target\":[\"https:\/\/psol50.org.br\/carolina-peters-8m-amanha-recomeco\/#respond\"]}]},{\"@type\":\"WebPage\",\"@id\":\"https:\/\/psol50.org.br\/carolina-peters-8m-amanha-recomeco\/\",\"url\":\"https:\/\/psol50.org.br\/carolina-peters-8m-amanha-recomeco\/\",\"name\":\"Carolina Peters | 8M: Amanh\u00e3 recome\u00e7o - PSOL 50\",\"isPartOf\":{\"@id\":\"https:\/\/psol50.org.br\/#website\"},\"primaryImageOfPage\":{\"@id\":\"https:\/\/psol50.org.br\/carolina-peters-8m-amanha-recomeco\/#primaryimage\"},\"image\":{\"@id\":\"https:\/\/psol50.org.br\/carolina-peters-8m-amanha-recomeco\/#primaryimage\"},\"thumbnailUrl\":\"\",\"datePublished\":\"2017-03-08T19:30:10+00:00\",\"breadcrumb\":{\"@id\":\"https:\/\/psol50.org.br\/carolina-peters-8m-amanha-recomeco\/#breadcrumb\"},\"inLanguage\":\"pt-BR\",\"potentialAction\":[{\"@type\":\"ReadAction\",\"target\":[\"https:\/\/psol50.org.br\/carolina-peters-8m-amanha-recomeco\/\"]}]},{\"@type\":\"ImageObject\",\"inLanguage\":\"pt-BR\",\"@id\":\"https:\/\/psol50.org.br\/carolina-peters-8m-amanha-recomeco\/#primaryimage\",\"url\":\"\",\"contentUrl\":\"\"},{\"@type\":\"BreadcrumbList\",\"@id\":\"https:\/\/psol50.org.br\/carolina-peters-8m-amanha-recomeco\/#breadcrumb\",\"itemListElement\":[{\"@type\":\"ListItem\",\"position\":1,\"name\":\"In\u00edcio\",\"item\":\"https:\/\/psol50.org.br\/\"},{\"@type\":\"ListItem\",\"position\":2,\"name\":\"Carolina Peters | 8M: Amanh\u00e3 recome\u00e7o\"}]},{\"@type\":\"WebSite\",\"@id\":\"https:\/\/psol50.org.br\/#website\",\"url\":\"https:\/\/psol50.org.br\/\",\"name\":\"PSOL 50\",\"description\":\"Site oficial do Partido Socialismo e Liberdade\",\"publisher\":{\"@id\":\"https:\/\/psol50.org.br\/#organization\"},\"alternateName\":\"PSOL50\",\"potentialAction\":[{\"@type\":\"SearchAction\",\"target\":{\"@type\":\"EntryPoint\",\"urlTemplate\":\"https:\/\/psol50.org.br\/?s={search_term_string}\"},\"query-input\":{\"@type\":\"PropertyValueSpecification\",\"valueRequired\":true,\"valueName\":\"search_term_string\"}}],\"inLanguage\":\"pt-BR\"},{\"@type\":\"Organization\",\"@id\":\"https:\/\/psol50.org.br\/#organization\",\"name\":\"PSOL 50\",\"alternateName\":\"PSOL 50\",\"url\":\"https:\/\/psol50.org.br\/\",\"logo\":{\"@type\":\"ImageObject\",\"inLanguage\":\"pt-BR\",\"@id\":\"https:\/\/psol50.org.br\/#\/schema\/logo\/image\/\",\"url\":\"https:\/\/psol50.org.br\/inc\/uploads\/2018\/07\/capa.png\",\"contentUrl\":\"https:\/\/psol50.org.br\/inc\/uploads\/2018\/07\/capa.png\",\"width\":1350,\"height\":900,\"caption\":\"PSOL 50\"},\"image\":{\"@id\":\"https:\/\/psol50.org.br\/#\/schema\/logo\/image\/\"},\"sameAs\":[\"https:\/\/www.facebook.com\/psol50\",\"https:\/\/x.com\/psol50\",\"https:\/\/www.instagram.com\/psol50\/\",\"https:\/\/www.youtube.com\/channel\/UC7SnJS5o1os7a6CaiNabzcg\"]},{\"@type\":\"Person\",\"@id\":\"https:\/\/psol50.org.br\/#\/schema\/person\/475dfa57d0b815993c714c2e96491fcd\",\"name\":\"Comunica\u00e7\u00e3o PSOL\",\"image\":{\"@type\":\"ImageObject\",\"inLanguage\":\"pt-BR\",\"@id\":\"https:\/\/psol50.org.br\/#\/schema\/person\/image\/\",\"url\":\"https:\/\/secure.gravatar.com\/avatar\/b34fc4f4e468a4e51785917065a3db57b841f5c95dba6ad8c73aaf8f66f8f9bf?s=96&d=mm&r=g\",\"contentUrl\":\"https:\/\/secure.gravatar.com\/avatar\/b34fc4f4e468a4e51785917065a3db57b841f5c95dba6ad8c73aaf8f66f8f9bf?s=96&d=mm&r=g\",\"caption\":\"Comunica\u00e7\u00e3o PSOL\"}}]}<\/script>\n<!-- \/ Yoast SEO plugin. -->","yoast_head_json":{"title":"Carolina Peters | 8M: Amanh\u00e3 recome\u00e7o - PSOL 50","robots":{"index":"index","follow":"follow","max-snippet":"max-snippet:-1","max-image-preview":"max-image-preview:large","max-video-preview":"max-video-preview:-1"},"canonical":"https:\/\/psol50.org.br\/carolina-peters-8m-amanha-recomeco\/","og_locale":"pt_BR","og_type":"article","og_title":"Carolina Peters | 8M: Amanh\u00e3 recome\u00e7o - PSOL 50","og_description":"H\u00e1 cem anos as mulheres abalaram o mundo. Unidas contra a fome, a guerra e as p\u00e9ssimas condi\u00e7\u00f5es de vida e trabalho, oper\u00e1rias e donas de casa, sa\u00edram em marcha pelas ruas de S\u00e3o Petersburgo, constrangendo a repress\u00e3o e chamando \u00e0 luta todos os trabalhadores. Dois dias depois daquele 23 de fevereiro (conforme o calend\u00e1rio [&hellip;]","og_url":"https:\/\/psol50.org.br\/carolina-peters-8m-amanha-recomeco\/","og_site_name":"PSOL 50","article_publisher":"https:\/\/www.facebook.com\/psol50","article_published_time":"2017-03-08T19:30:10+00:00","og_image":[{"width":1350,"height":900,"url":"https:\/\/psol50.org.br\/inc\/uploads\/2018\/07\/capa.png","type":"image\/png"}],"author":"Comunica\u00e7\u00e3o PSOL","twitter_card":"summary_large_image","twitter_creator":"@psol50","twitter_site":"@psol50","twitter_misc":{"Escrito por":"Comunica\u00e7\u00e3o PSOL","Est. tempo de leitura":"4 minutos"},"schema":{"@context":"https:\/\/schema.org","@graph":[{"@type":"Article","@id":"https:\/\/psol50.org.br\/carolina-peters-8m-amanha-recomeco\/#article","isPartOf":{"@id":"https:\/\/psol50.org.br\/carolina-peters-8m-amanha-recomeco\/"},"author":{"name":"Comunica\u00e7\u00e3o PSOL","@id":"https:\/\/psol50.org.br\/#\/schema\/person\/475dfa57d0b815993c714c2e96491fcd"},"headline":"Carolina Peters | 8M: Amanh\u00e3 recome\u00e7o","datePublished":"2017-03-08T19:30:10+00:00","mainEntityOfPage":{"@id":"https:\/\/psol50.org.br\/carolina-peters-8m-amanha-recomeco\/"},"wordCount":903,"commentCount":0,"publisher":{"@id":"https:\/\/psol50.org.br\/#organization"},"image":{"@id":"https:\/\/psol50.org.br\/carolina-peters-8m-amanha-recomeco\/#primaryimage"},"thumbnailUrl":"","keywords":["8 de mar\u00e7o","Carolina Peters","feminismo","mulheres","Revolu\u00e7\u00e3o Russa"],"articleSection":["Artigos","Brasil","Movimento","Not\u00edcias"],"inLanguage":"pt-BR","potentialAction":[{"@type":"CommentAction","name":"Comment","target":["https:\/\/psol50.org.br\/carolina-peters-8m-amanha-recomeco\/#respond"]}]},{"@type":"WebPage","@id":"https:\/\/psol50.org.br\/carolina-peters-8m-amanha-recomeco\/","url":"https:\/\/psol50.org.br\/carolina-peters-8m-amanha-recomeco\/","name":"Carolina Peters | 8M: Amanh\u00e3 recome\u00e7o - PSOL 50","isPartOf":{"@id":"https:\/\/psol50.org.br\/#website"},"primaryImageOfPage":{"@id":"https:\/\/psol50.org.br\/carolina-peters-8m-amanha-recomeco\/#primaryimage"},"image":{"@id":"https:\/\/psol50.org.br\/carolina-peters-8m-amanha-recomeco\/#primaryimage"},"thumbnailUrl":"","datePublished":"2017-03-08T19:30:10+00:00","breadcrumb":{"@id":"https:\/\/psol50.org.br\/carolina-peters-8m-amanha-recomeco\/#breadcrumb"},"inLanguage":"pt-BR","potentialAction":[{"@type":"ReadAction","target":["https:\/\/psol50.org.br\/carolina-peters-8m-amanha-recomeco\/"]}]},{"@type":"ImageObject","inLanguage":"pt-BR","@id":"https:\/\/psol50.org.br\/carolina-peters-8m-amanha-recomeco\/#primaryimage","url":"","contentUrl":""},{"@type":"BreadcrumbList","@id":"https:\/\/psol50.org.br\/carolina-peters-8m-amanha-recomeco\/#breadcrumb","itemListElement":[{"@type":"ListItem","position":1,"name":"In\u00edcio","item":"https:\/\/psol50.org.br\/"},{"@type":"ListItem","position":2,"name":"Carolina Peters | 8M: Amanh\u00e3 recome\u00e7o"}]},{"@type":"WebSite","@id":"https:\/\/psol50.org.br\/#website","url":"https:\/\/psol50.org.br\/","name":"PSOL 50","description":"Site oficial do Partido Socialismo e Liberdade","publisher":{"@id":"https:\/\/psol50.org.br\/#organization"},"alternateName":"PSOL50","potentialAction":[{"@type":"SearchAction","target":{"@type":"EntryPoint","urlTemplate":"https:\/\/psol50.org.br\/?s={search_term_string}"},"query-input":{"@type":"PropertyValueSpecification","valueRequired":true,"valueName":"search_term_string"}}],"inLanguage":"pt-BR"},{"@type":"Organization","@id":"https:\/\/psol50.org.br\/#organization","name":"PSOL 50","alternateName":"PSOL 50","url":"https:\/\/psol50.org.br\/","logo":{"@type":"ImageObject","inLanguage":"pt-BR","@id":"https:\/\/psol50.org.br\/#\/schema\/logo\/image\/","url":"https:\/\/psol50.org.br\/inc\/uploads\/2018\/07\/capa.png","contentUrl":"https:\/\/psol50.org.br\/inc\/uploads\/2018\/07\/capa.png","width":1350,"height":900,"caption":"PSOL 50"},"image":{"@id":"https:\/\/psol50.org.br\/#\/schema\/logo\/image\/"},"sameAs":["https:\/\/www.facebook.com\/psol50","https:\/\/x.com\/psol50","https:\/\/www.instagram.com\/psol50\/","https:\/\/www.youtube.com\/channel\/UC7SnJS5o1os7a6CaiNabzcg"]},{"@type":"Person","@id":"https:\/\/psol50.org.br\/#\/schema\/person\/475dfa57d0b815993c714c2e96491fcd","name":"Comunica\u00e7\u00e3o PSOL","image":{"@type":"ImageObject","inLanguage":"pt-BR","@id":"https:\/\/psol50.org.br\/#\/schema\/person\/image\/","url":"https:\/\/secure.gravatar.com\/avatar\/b34fc4f4e468a4e51785917065a3db57b841f5c95dba6ad8c73aaf8f66f8f9bf?s=96&d=mm&r=g","contentUrl":"https:\/\/secure.gravatar.com\/avatar\/b34fc4f4e468a4e51785917065a3db57b841f5c95dba6ad8c73aaf8f66f8f9bf?s=96&d=mm&r=g","caption":"Comunica\u00e7\u00e3o PSOL"}}]}},"_links":{"self":[{"href":"https:\/\/psol50.org.br\/rest\/wp\/v2\/posts\/15507","targetHints":{"allow":["GET"]}}],"collection":[{"href":"https:\/\/psol50.org.br\/rest\/wp\/v2\/posts"}],"about":[{"href":"https:\/\/psol50.org.br\/rest\/wp\/v2\/types\/post"}],"author":[{"embeddable":true,"href":"https:\/\/psol50.org.br\/rest\/wp\/v2\/users\/2"}],"replies":[{"embeddable":true,"href":"https:\/\/psol50.org.br\/rest\/wp\/v2\/comments?post=15507"}],"version-history":[{"count":0,"href":"https:\/\/psol50.org.br\/rest\/wp\/v2\/posts\/15507\/revisions"}],"wp:featuredmedia":[{"embeddable":true,"href":"https:\/\/psol50.org.br\/rest\/"}],"wp:attachment":[{"href":"https:\/\/psol50.org.br\/rest\/wp\/v2\/media?parent=15507"}],"wp:term":[{"taxonomy":"category","embeddable":true,"href":"https:\/\/psol50.org.br\/rest\/wp\/v2\/categories?post=15507"},{"taxonomy":"post_tag","embeddable":true,"href":"https:\/\/psol50.org.br\/rest\/wp\/v2\/tags?post=15507"}],"curies":[{"name":"wp","href":"https:\/\/api.w.org\/{rel}","templated":true}]}}