{"id":15512,"date":"2017-03-09T19:03:02","date_gmt":"2017-03-09T19:03:02","guid":{"rendered":"http:\/\/www.psol50.org.br\/?p=15512"},"modified":"2017-03-09T19:03:02","modified_gmt":"2017-03-09T19:03:02","slug":"mtst-sai-vitorioso-da-ocupapaulista","status":"publish","type":"post","link":"https:\/\/psol50.org.br\/mtst-sai-vitorioso-da-ocupapaulista\/","title":{"rendered":"MTST sai vitorioso da #OcupaPaulista"},"content":{"rendered":"<p>Ap\u00f3s 22 dias de resist\u00eancia e cultura, o Movimento dos Trabalhadores Sem Teto (MTST) deixa hoje (09\/03) a Avenida Paulista, em S\u00e3o Paulo, com um sentimento de vit\u00f3ria e um gostinho de &#8220;quero mais&#8221;. A manifesta\u00e7\u00e3o, que ficou conhecida como <strong>#OcupaPaulista<\/strong>, reivindicava a retomada das contrata\u00e7\u00f5es de moradia na Faixa 1 do programa Minha Casa Minha Vida, que estavam suspensas desde o golpe de Michel Temer.<\/p>\n<p>Ap\u00f3s negocia\u00e7\u00f5es, o ministro das Cidades, Bruno Ara\u00fajo, garantiu a libera\u00e7\u00e3o de recursos para a constru\u00e7\u00e3o de casas para fam\u00edlias com renda de at\u00e9 R$ 1,8 mil. Desde que assumiu, o governo Temer tenta priorizar fam\u00edlias com renda mais alta no programa, o qual atualmente consiste\u00a0no\u00a0maior meio de acesso \u00e0 moradia popular no Brasil.<\/p>\n<p>Com a volta das contrata\u00e7\u00f5es, o acampamento atingiu seu objetivo e encerrou o protesto em frente ao escrit\u00f3rio da Presid\u00eancia da Rep\u00fablica, na capital paulista. O movimento deixou avisado, no entanto que a luta n\u00e3o acaba aqui. &#8220;Seguiremos nas ruas contra todos os ataques a direitos realizados pelo governo Temer e em luta pela democracia&#8221;, informaram\u00a0em nota publicada no site do MTST. &#8220;Ontem n\u00e3o dissemos &#8216;adeus&#8217; \u00e0 Paulista, mas s\u00f3 um &#8216;at\u00e9 logo&#8217;. No dia 15 tomaremos novamente esta avenida, com milhares de sem-teto, no dia de lutas contra a reforma da previd\u00eancia&#8221;, prometem os manifestantes.<\/p>\n<p>A assembleia de encerramento da ocupa\u00e7\u00e3o, que aconteceu ontem \u00e0 noite, no Dia Internacional de Luta da Mulher, \u00a0foi puxada somente pelas mulheres do movimento, que \u00e9 majoritariamente feminino. Al\u00e9m de fun\u00e7\u00f5es administrativas e de coordena\u00e7\u00e3o nas ocupa\u00e7\u00f5es e manifesta\u00e7\u00f5es, elas tiveram papel central na organiza\u00e7\u00e3o da alimenta\u00e7\u00e3o, seguran\u00e7a, estrutura e no cuidado com todos os acampados. O MTST, hoje, \u00e9 um dos mais importantes Movimentos Sociais da Am\u00e9rica Latina e tem cumprido um papel de extrema import\u00e2ncia no que diz respeito \u00e0 oposi\u00e7\u00e3o ao desmonte das pol\u00edticas habitacionais da direita brasileira.<\/p>\n<p>Confira algumas fotos da <strong>#OcupaPaulista<\/strong>:<\/p>\n<p>&nbsp;<\/p>\n<div id='gallery-1' class='gallery galleryid-15512 gallery-columns-3 gallery-size-thumbnail'><figure class='gallery-item'>\n\t\t\t<div class='gallery-icon landscape'>\n\t\t\t\t<a href='https:\/\/psol50.org.br\/16715913_823088154515998_3822164607580557644_o\/'><img loading=\"lazy\" decoding=\"async\" width=\"150\" height=\"150\" src=\"https:\/\/psol50.org.br\/inc\/uploads\/2017\/03\/16715913_823088154515998_3822164607580557644_o-150x150.jpg\" class=\"attachment-thumbnail size-thumbnail\" alt=\"\" aria-describedby=\"gallery-1-15522\" \/><\/a>\n\t\t\t<\/div>\n\t\t\t\t<figcaption class='wp-caption-text gallery-caption' id='gallery-1-15522'>\n\t\t\t\tFoto: M\u00eddia Ninja\n\t\t\t\t<\/figcaption><\/figure><figure class='gallery-item'>\n\t\t\t<div class='gallery-icon landscape'>\n\t\t\t\t<a href='https:\/\/psol50.org.br\/midia-ninjaa\/'><img loading=\"lazy\" decoding=\"async\" width=\"150\" height=\"150\" src=\"https:\/\/psol50.org.br\/inc\/uploads\/2017\/03\/midia-ninjaa-150x150.jpg\" class=\"attachment-thumbnail size-thumbnail\" alt=\"\" aria-describedby=\"gallery-1-15525\" \/><\/a>\n\t\t\t<\/div>\n\t\t\t\t<figcaption class='wp-caption-text gallery-caption' id='gallery-1-15525'>\n\t\t\t\tAtividades culturais marcaram os 22 dias de ocupa\u00e7\u00e3o. Foto: M\u00eddia Ninja\n\t\t\t\t<\/figcaption><\/figure>\n\t\t<\/div>\n\n<p>&nbsp;<\/p>\n<p>&nbsp;<\/p>\n","protected":false},"excerpt":{"rendered":"<p>Ap\u00f3s 22 dias de resist\u00eancia e cultura, o Movimento dos Trabalhadores Sem Teto (MTST) deixa hoje (09\/03) a Avenida Paulista, em S\u00e3o Paulo, com um sentimento de vit\u00f3ria e um gostinho de &#8220;quero mais&#8221;. A manifesta\u00e7\u00e3o, que ficou conhecida como #OcupaPaulista, reivindicava a retomada das contrata\u00e7\u00f5es de moradia na Faixa 1 do programa Minha Casa [&hellip;]<\/p>\n","protected":false},"author":2,"featured_media":15518,"comment_status":"open","ping_status":"open","sticky":false,"template":"","format":"standard","meta":{"_acf_changed":false,"footnotes":""},"categories":[1882,6],"tags":[2203,1748,1846,101,1481,2945],"class_list":{"0":"post-15512","1":"post","2":"type-post","3":"status-publish","4":"format-standard","5":"has-post-thumbnail","7":"category-brasil","8":"category-noticias","9":"tag-desmonte","10":"tag-michel-temer","11":"tag-minha-casa-minha-vida","12":"tag-mtst","13":"tag-ocupacao","14":"tag-ocupapaulista"},"acf":[],"yoast_head":"<!-- This site is optimized with the Yoast SEO plugin v26.5 - https:\/\/yoast.com\/wordpress\/plugins\/seo\/ -->\n<title>MTST sai vitorioso da #OcupaPaulista - PSOL 50<\/title>\n<meta name=\"robots\" content=\"index, follow, max-snippet:-1, max-image-preview:large, max-video-preview:-1\" \/>\n<link rel=\"canonical\" href=\"https:\/\/psol50.org.br\/mtst-sai-vitorioso-da-ocupapaulista\/\" \/>\n<meta property=\"og:locale\" content=\"pt_BR\" \/>\n<meta property=\"og:type\" content=\"article\" \/>\n<meta property=\"og:title\" content=\"MTST sai vitorioso da #OcupaPaulista - PSOL 50\" \/>\n<meta property=\"og:description\" content=\"Ap\u00f3s 22 dias de resist\u00eancia e cultura, o Movimento dos Trabalhadores Sem Teto (MTST) deixa hoje (09\/03) a Avenida Paulista, em S\u00e3o Paulo, com um sentimento de vit\u00f3ria e um gostinho de &#8220;quero mais&#8221;. A manifesta\u00e7\u00e3o, que ficou conhecida como #OcupaPaulista, reivindicava a retomada das contrata\u00e7\u00f5es de moradia na Faixa 1 do programa Minha Casa [&hellip;]\" \/>\n<meta property=\"og:url\" content=\"https:\/\/psol50.org.br\/mtst-sai-vitorioso-da-ocupapaulista\/\" \/>\n<meta property=\"og:site_name\" content=\"PSOL 50\" \/>\n<meta property=\"article:publisher\" content=\"https:\/\/www.facebook.com\/psol50\" \/>\n<meta property=\"article:published_time\" content=\"2017-03-09T19:03:02+00:00\" \/>\n<meta property=\"og:image\" content=\"https:\/\/psol50.org.br\/inc\/uploads\/2018\/07\/capa.png\" \/>\n\t<meta property=\"og:image:width\" content=\"1350\" \/>\n\t<meta property=\"og:image:height\" content=\"900\" \/>\n\t<meta property=\"og:image:type\" content=\"image\/png\" \/>\n<meta name=\"author\" content=\"Comunica\u00e7\u00e3o PSOL\" \/>\n<meta name=\"twitter:card\" content=\"summary_large_image\" \/>\n<meta name=\"twitter:creator\" content=\"@psol50\" \/>\n<meta name=\"twitter:site\" content=\"@psol50\" \/>\n<meta name=\"twitter:label1\" content=\"Escrito por\" \/>\n\t<meta name=\"twitter:data1\" content=\"Comunica\u00e7\u00e3o PSOL\" \/>\n\t<meta name=\"twitter:label2\" content=\"Est. tempo de leitura\" \/>\n\t<meta name=\"twitter:data2\" content=\"2 minutos\" \/>\n<script type=\"application\/ld+json\" class=\"yoast-schema-graph\">{\"@context\":\"https:\/\/schema.org\",\"@graph\":[{\"@type\":\"Article\",\"@id\":\"https:\/\/psol50.org.br\/mtst-sai-vitorioso-da-ocupapaulista\/#article\",\"isPartOf\":{\"@id\":\"https:\/\/psol50.org.br\/mtst-sai-vitorioso-da-ocupapaulista\/\"},\"author\":{\"name\":\"Comunica\u00e7\u00e3o PSOL\",\"@id\":\"https:\/\/psol50.org.br\/#\/schema\/person\/475dfa57d0b815993c714c2e96491fcd\"},\"headline\":\"MTST sai vitorioso da #OcupaPaulista\",\"datePublished\":\"2017-03-09T19:03:02+00:00\",\"mainEntityOfPage\":{\"@id\":\"https:\/\/psol50.org.br\/mtst-sai-vitorioso-da-ocupapaulista\/\"},\"wordCount\":348,\"commentCount\":0,\"publisher\":{\"@id\":\"https:\/\/psol50.org.br\/#organization\"},\"image\":{\"@id\":\"https:\/\/psol50.org.br\/mtst-sai-vitorioso-da-ocupapaulista\/#primaryimage\"},\"thumbnailUrl\":\"\",\"keywords\":[\"desmonte\",\"Michel Temer\",\"Minha Casa Minha Vida\",\"MTST\",\"ocupa\u00e7\u00e3o\",\"OcupaPaulista\"],\"articleSection\":[\"Brasil\",\"Not\u00edcias\"],\"inLanguage\":\"pt-BR\",\"potentialAction\":[{\"@type\":\"CommentAction\",\"name\":\"Comment\",\"target\":[\"https:\/\/psol50.org.br\/mtst-sai-vitorioso-da-ocupapaulista\/#respond\"]}]},{\"@type\":\"WebPage\",\"@id\":\"https:\/\/psol50.org.br\/mtst-sai-vitorioso-da-ocupapaulista\/\",\"url\":\"https:\/\/psol50.org.br\/mtst-sai-vitorioso-da-ocupapaulista\/\",\"name\":\"MTST sai vitorioso da #OcupaPaulista - PSOL 50\",\"isPartOf\":{\"@id\":\"https:\/\/psol50.org.br\/#website\"},\"primaryImageOfPage\":{\"@id\":\"https:\/\/psol50.org.br\/mtst-sai-vitorioso-da-ocupapaulista\/#primaryimage\"},\"image\":{\"@id\":\"https:\/\/psol50.org.br\/mtst-sai-vitorioso-da-ocupapaulista\/#primaryimage\"},\"thumbnailUrl\":\"\",\"datePublished\":\"2017-03-09T19:03:02+00:00\",\"breadcrumb\":{\"@id\":\"https:\/\/psol50.org.br\/mtst-sai-vitorioso-da-ocupapaulista\/#breadcrumb\"},\"inLanguage\":\"pt-BR\",\"potentialAction\":[{\"@type\":\"ReadAction\",\"target\":[\"https:\/\/psol50.org.br\/mtst-sai-vitorioso-da-ocupapaulista\/\"]}]},{\"@type\":\"ImageObject\",\"inLanguage\":\"pt-BR\",\"@id\":\"https:\/\/psol50.org.br\/mtst-sai-vitorioso-da-ocupapaulista\/#primaryimage\",\"url\":\"\",\"contentUrl\":\"\"},{\"@type\":\"BreadcrumbList\",\"@id\":\"https:\/\/psol50.org.br\/mtst-sai-vitorioso-da-ocupapaulista\/#breadcrumb\",\"itemListElement\":[{\"@type\":\"ListItem\",\"position\":1,\"name\":\"In\u00edcio\",\"item\":\"https:\/\/psol50.org.br\/\"},{\"@type\":\"ListItem\",\"position\":2,\"name\":\"MTST sai vitorioso da #OcupaPaulista\"}]},{\"@type\":\"WebSite\",\"@id\":\"https:\/\/psol50.org.br\/#website\",\"url\":\"https:\/\/psol50.org.br\/\",\"name\":\"PSOL 50\",\"description\":\"Site oficial do Partido Socialismo e Liberdade\",\"publisher\":{\"@id\":\"https:\/\/psol50.org.br\/#organization\"},\"alternateName\":\"PSOL50\",\"potentialAction\":[{\"@type\":\"SearchAction\",\"target\":{\"@type\":\"EntryPoint\",\"urlTemplate\":\"https:\/\/psol50.org.br\/?s={search_term_string}\"},\"query-input\":{\"@type\":\"PropertyValueSpecification\",\"valueRequired\":true,\"valueName\":\"search_term_string\"}}],\"inLanguage\":\"pt-BR\"},{\"@type\":\"Organization\",\"@id\":\"https:\/\/psol50.org.br\/#organization\",\"name\":\"PSOL 50\",\"alternateName\":\"PSOL 50\",\"url\":\"https:\/\/psol50.org.br\/\",\"logo\":{\"@type\":\"ImageObject\",\"inLanguage\":\"pt-BR\",\"@id\":\"https:\/\/psol50.org.br\/#\/schema\/logo\/image\/\",\"url\":\"https:\/\/psol50.org.br\/inc\/uploads\/2018\/07\/capa.png\",\"contentUrl\":\"https:\/\/psol50.org.br\/inc\/uploads\/2018\/07\/capa.png\",\"width\":1350,\"height\":900,\"caption\":\"PSOL 50\"},\"image\":{\"@id\":\"https:\/\/psol50.org.br\/#\/schema\/logo\/image\/\"},\"sameAs\":[\"https:\/\/www.facebook.com\/psol50\",\"https:\/\/x.com\/psol50\",\"https:\/\/www.instagram.com\/psol50\/\",\"https:\/\/www.youtube.com\/channel\/UC7SnJS5o1os7a6CaiNabzcg\"]},{\"@type\":\"Person\",\"@id\":\"https:\/\/psol50.org.br\/#\/schema\/person\/475dfa57d0b815993c714c2e96491fcd\",\"name\":\"Comunica\u00e7\u00e3o PSOL\",\"image\":{\"@type\":\"ImageObject\",\"inLanguage\":\"pt-BR\",\"@id\":\"https:\/\/psol50.org.br\/#\/schema\/person\/image\/\",\"url\":\"https:\/\/secure.gravatar.com\/avatar\/b34fc4f4e468a4e51785917065a3db57b841f5c95dba6ad8c73aaf8f66f8f9bf?s=96&d=mm&r=g\",\"contentUrl\":\"https:\/\/secure.gravatar.com\/avatar\/b34fc4f4e468a4e51785917065a3db57b841f5c95dba6ad8c73aaf8f66f8f9bf?s=96&d=mm&r=g\",\"caption\":\"Comunica\u00e7\u00e3o PSOL\"}}]}<\/script>\n<!-- \/ Yoast SEO plugin. -->","yoast_head_json":{"title":"MTST sai vitorioso da #OcupaPaulista - PSOL 50","robots":{"index":"index","follow":"follow","max-snippet":"max-snippet:-1","max-image-preview":"max-image-preview:large","max-video-preview":"max-video-preview:-1"},"canonical":"https:\/\/psol50.org.br\/mtst-sai-vitorioso-da-ocupapaulista\/","og_locale":"pt_BR","og_type":"article","og_title":"MTST sai vitorioso da #OcupaPaulista - PSOL 50","og_description":"Ap\u00f3s 22 dias de resist\u00eancia e cultura, o Movimento dos Trabalhadores Sem Teto (MTST) deixa hoje (09\/03) a Avenida Paulista, em S\u00e3o Paulo, com um sentimento de vit\u00f3ria e um gostinho de &#8220;quero mais&#8221;. A manifesta\u00e7\u00e3o, que ficou conhecida como #OcupaPaulista, reivindicava a retomada das contrata\u00e7\u00f5es de moradia na Faixa 1 do programa Minha Casa [&hellip;]","og_url":"https:\/\/psol50.org.br\/mtst-sai-vitorioso-da-ocupapaulista\/","og_site_name":"PSOL 50","article_publisher":"https:\/\/www.facebook.com\/psol50","article_published_time":"2017-03-09T19:03:02+00:00","og_image":[{"width":1350,"height":900,"url":"https:\/\/psol50.org.br\/inc\/uploads\/2018\/07\/capa.png","type":"image\/png"}],"author":"Comunica\u00e7\u00e3o PSOL","twitter_card":"summary_large_image","twitter_creator":"@psol50","twitter_site":"@psol50","twitter_misc":{"Escrito por":"Comunica\u00e7\u00e3o PSOL","Est. tempo de leitura":"2 minutos"},"schema":{"@context":"https:\/\/schema.org","@graph":[{"@type":"Article","@id":"https:\/\/psol50.org.br\/mtst-sai-vitorioso-da-ocupapaulista\/#article","isPartOf":{"@id":"https:\/\/psol50.org.br\/mtst-sai-vitorioso-da-ocupapaulista\/"},"author":{"name":"Comunica\u00e7\u00e3o PSOL","@id":"https:\/\/psol50.org.br\/#\/schema\/person\/475dfa57d0b815993c714c2e96491fcd"},"headline":"MTST sai vitorioso da #OcupaPaulista","datePublished":"2017-03-09T19:03:02+00:00","mainEntityOfPage":{"@id":"https:\/\/psol50.org.br\/mtst-sai-vitorioso-da-ocupapaulista\/"},"wordCount":348,"commentCount":0,"publisher":{"@id":"https:\/\/psol50.org.br\/#organization"},"image":{"@id":"https:\/\/psol50.org.br\/mtst-sai-vitorioso-da-ocupapaulista\/#primaryimage"},"thumbnailUrl":"","keywords":["desmonte","Michel Temer","Minha Casa Minha Vida","MTST","ocupa\u00e7\u00e3o","OcupaPaulista"],"articleSection":["Brasil","Not\u00edcias"],"inLanguage":"pt-BR","potentialAction":[{"@type":"CommentAction","name":"Comment","target":["https:\/\/psol50.org.br\/mtst-sai-vitorioso-da-ocupapaulista\/#respond"]}]},{"@type":"WebPage","@id":"https:\/\/psol50.org.br\/mtst-sai-vitorioso-da-ocupapaulista\/","url":"https:\/\/psol50.org.br\/mtst-sai-vitorioso-da-ocupapaulista\/","name":"MTST sai vitorioso da #OcupaPaulista - PSOL 50","isPartOf":{"@id":"https:\/\/psol50.org.br\/#website"},"primaryImageOfPage":{"@id":"https:\/\/psol50.org.br\/mtst-sai-vitorioso-da-ocupapaulista\/#primaryimage"},"image":{"@id":"https:\/\/psol50.org.br\/mtst-sai-vitorioso-da-ocupapaulista\/#primaryimage"},"thumbnailUrl":"","datePublished":"2017-03-09T19:03:02+00:00","breadcrumb":{"@id":"https:\/\/psol50.org.br\/mtst-sai-vitorioso-da-ocupapaulista\/#breadcrumb"},"inLanguage":"pt-BR","potentialAction":[{"@type":"ReadAction","target":["https:\/\/psol50.org.br\/mtst-sai-vitorioso-da-ocupapaulista\/"]}]},{"@type":"ImageObject","inLanguage":"pt-BR","@id":"https:\/\/psol50.org.br\/mtst-sai-vitorioso-da-ocupapaulista\/#primaryimage","url":"","contentUrl":""},{"@type":"BreadcrumbList","@id":"https:\/\/psol50.org.br\/mtst-sai-vitorioso-da-ocupapaulista\/#breadcrumb","itemListElement":[{"@type":"ListItem","position":1,"name":"In\u00edcio","item":"https:\/\/psol50.org.br\/"},{"@type":"ListItem","position":2,"name":"MTST sai vitorioso da #OcupaPaulista"}]},{"@type":"WebSite","@id":"https:\/\/psol50.org.br\/#website","url":"https:\/\/psol50.org.br\/","name":"PSOL 50","description":"Site oficial do Partido Socialismo e Liberdade","publisher":{"@id":"https:\/\/psol50.org.br\/#organization"},"alternateName":"PSOL50","potentialAction":[{"@type":"SearchAction","target":{"@type":"EntryPoint","urlTemplate":"https:\/\/psol50.org.br\/?s={search_term_string}"},"query-input":{"@type":"PropertyValueSpecification","valueRequired":true,"valueName":"search_term_string"}}],"inLanguage":"pt-BR"},{"@type":"Organization","@id":"https:\/\/psol50.org.br\/#organization","name":"PSOL 50","alternateName":"PSOL 50","url":"https:\/\/psol50.org.br\/","logo":{"@type":"ImageObject","inLanguage":"pt-BR","@id":"https:\/\/psol50.org.br\/#\/schema\/logo\/image\/","url":"https:\/\/psol50.org.br\/inc\/uploads\/2018\/07\/capa.png","contentUrl":"https:\/\/psol50.org.br\/inc\/uploads\/2018\/07\/capa.png","width":1350,"height":900,"caption":"PSOL 50"},"image":{"@id":"https:\/\/psol50.org.br\/#\/schema\/logo\/image\/"},"sameAs":["https:\/\/www.facebook.com\/psol50","https:\/\/x.com\/psol50","https:\/\/www.instagram.com\/psol50\/","https:\/\/www.youtube.com\/channel\/UC7SnJS5o1os7a6CaiNabzcg"]},{"@type":"Person","@id":"https:\/\/psol50.org.br\/#\/schema\/person\/475dfa57d0b815993c714c2e96491fcd","name":"Comunica\u00e7\u00e3o PSOL","image":{"@type":"ImageObject","inLanguage":"pt-BR","@id":"https:\/\/psol50.org.br\/#\/schema\/person\/image\/","url":"https:\/\/secure.gravatar.com\/avatar\/b34fc4f4e468a4e51785917065a3db57b841f5c95dba6ad8c73aaf8f66f8f9bf?s=96&d=mm&r=g","contentUrl":"https:\/\/secure.gravatar.com\/avatar\/b34fc4f4e468a4e51785917065a3db57b841f5c95dba6ad8c73aaf8f66f8f9bf?s=96&d=mm&r=g","caption":"Comunica\u00e7\u00e3o PSOL"}}]}},"_links":{"self":[{"href":"https:\/\/psol50.org.br\/rest\/wp\/v2\/posts\/15512","targetHints":{"allow":["GET"]}}],"collection":[{"href":"https:\/\/psol50.org.br\/rest\/wp\/v2\/posts"}],"about":[{"href":"https:\/\/psol50.org.br\/rest\/wp\/v2\/types\/post"}],"author":[{"embeddable":true,"href":"https:\/\/psol50.org.br\/rest\/wp\/v2\/users\/2"}],"replies":[{"embeddable":true,"href":"https:\/\/psol50.org.br\/rest\/wp\/v2\/comments?post=15512"}],"version-history":[{"count":0,"href":"https:\/\/psol50.org.br\/rest\/wp\/v2\/posts\/15512\/revisions"}],"wp:featuredmedia":[{"embeddable":true,"href":"https:\/\/psol50.org.br\/rest\/"}],"wp:attachment":[{"href":"https:\/\/psol50.org.br\/rest\/wp\/v2\/media?parent=15512"}],"wp:term":[{"taxonomy":"category","embeddable":true,"href":"https:\/\/psol50.org.br\/rest\/wp\/v2\/categories?post=15512"},{"taxonomy":"post_tag","embeddable":true,"href":"https:\/\/psol50.org.br\/rest\/wp\/v2\/tags?post=15512"}],"curies":[{"name":"wp","href":"https:\/\/api.w.org\/{rel}","templated":true}]}}