{"id":15548,"date":"2017-03-13T19:30:26","date_gmt":"2017-03-13T19:30:26","guid":{"rendered":"http:\/\/www.psol50.org.br\/?p=15548"},"modified":"2017-03-13T19:30:26","modified_gmt":"2017-03-13T19:30:26","slug":"professores-deflagram-greve-nacional-contra-a-reforma-da-previdencia-a-partir-do-dia-15","status":"publish","type":"post","link":"https:\/\/psol50.org.br\/professores-deflagram-greve-nacional-contra-a-reforma-da-previdencia-a-partir-do-dia-15\/","title":{"rendered":"Professores deflagram greve nacional contra a Reforma da Previd\u00eancia a partir do dia 15"},"content":{"rendered":"<p>Na quarta-feira (15), mais de um milh\u00e3o de professores e profissionais da rede p\u00fablica de ensino v\u00e3o entrar em greve contra os desmontes dos direitos trabalhistas de Michel Temer.<\/p>\n<p>A mobiliza\u00e7\u00e3o foi convocada pela Confedera\u00e7\u00e3o Nacional dos Trabalhadores em Educa\u00e7\u00e3o (CNTE), ap\u00f3s assembleia realizada em janeiro deste ano, na cidade de S\u00e3o Paulo. As principais reivindica\u00e7\u00f5es s\u00e3o a rejei\u00e7\u00e3o da PEC 287\/2016, que diz respeito \u00e0 reforma previdenci\u00e1ria, e o cumprimento do piso salarial dos professores.<\/p>\n<p>\u201cA reforma da previd\u00eancia \u00e9 extremamente nefasta, porque representa o desmonte da previd\u00eancia publica. N\u00e3o devia nem ser chamada de reforma, porque n\u00e3o h\u00e1 reforma, mas sim uma extin\u00e7\u00e3o\u201d, critica Paula Coradi, do diret\u00f3rio nacional do PSOL e professora da rede estadual do Esp\u00edrito Santo.<\/p>\n<p>Castigando os trabalhadores e as classes mais pobres do pa\u00eds, a PEC imp\u00f5e a idade m\u00ednima de 65 anos para a aposentadoria, com pelo menos 49 de contribui\u00e7\u00e3o para receb\u00ea-la integralmente. No caso dos professores, h\u00e1 um agravante ainda maior, que \u00e9 a retirada do direito \u00e0 aposentadoria especial, injustamente equiparando a categoria \u00e0s outras classes trabalhadoras.<\/p>\n<p>Al\u00e9m disso, o governo federal pretende igualar tamb\u00e9m o tempo de contribui\u00e7\u00e3o das mulheres ao dos homens, desconsiderando a desigualdade de g\u00eanero no mercado e a jornada dupla que elas exercem em um pa\u00eds machista como o Brasil. O ato, portanto, tamb\u00e9m \u00e9 em defesa dos direitos da mulher, levando em conta que elas constituem a maior parte dos profissionais de educa\u00e7\u00e3o.<\/p>\n<p>\u201cSe aprovada a reforma, as mulheres professoras v\u00e3o trabalhar no m\u00ednimo 15 anos a mais do que antes, porque a PEC retira a garantia constitucional de cinco anos a menos de contribui\u00e7\u00e3o aos docentes e iguala os homens \u00e0s mulheres\u201d, explica Paula.<\/p>\n<p>A paralisa\u00e7\u00e3o vai durar inicialmente 10 dias e, no dia 25 de mar\u00e7o, o movimento vai avaliar a continuidade da luta. \u201cVamos parar o pa\u00eds para conseguirmos a manuten\u00e7\u00e3o dos nossos direitos\u201d, afirmou o presidente da CNTE, Heleno Ara\u00fajo Filho, no site da organiza\u00e7\u00e3o.<\/p>\n","protected":false},"excerpt":{"rendered":"<p>Na quarta-feira (15), mais de um milh\u00e3o de professores e profissionais da rede p\u00fablica de ensino v\u00e3o entrar em greve contra os desmontes dos direitos trabalhistas de Michel Temer. A mobiliza\u00e7\u00e3o foi convocada pela Confedera\u00e7\u00e3o Nacional dos Trabalhadores em Educa\u00e7\u00e3o (CNTE), ap\u00f3s assembleia realizada em janeiro deste ano, na cidade de S\u00e3o Paulo. As principais [&hellip;]<\/p>\n","protected":false},"author":2,"featured_media":15550,"comment_status":"open","ping_status":"open","sticky":false,"template":"","format":"standard","meta":{"_acf_changed":false,"footnotes":""},"categories":[1882,2208,1104,6],"tags":[164,221,2882,63,272,78],"class_list":{"0":"post-15548","1":"post","2":"type-post","3":"status-publish","4":"format-standard","5":"has-post-thumbnail","7":"category-brasil","8":"category-educacao","9":"category-movimento","10":"category-noticias","11":"tag-educacao","12":"tag-greve","13":"tag-paralisacao","14":"tag-previdencia","15":"tag-professores","16":"tag-reforma"},"acf":[],"yoast_head":"<!-- This site is optimized with the Yoast SEO plugin v26.5 - https:\/\/yoast.com\/wordpress\/plugins\/seo\/ -->\n<title>Professores deflagram greve nacional contra a Reforma da Previd\u00eancia a partir do dia 15 - PSOL 50<\/title>\n<meta name=\"robots\" content=\"index, follow, max-snippet:-1, max-image-preview:large, max-video-preview:-1\" \/>\n<link rel=\"canonical\" href=\"https:\/\/psol50.org.br\/professores-deflagram-greve-nacional-contra-a-reforma-da-previdencia-a-partir-do-dia-15\/\" \/>\n<meta property=\"og:locale\" content=\"pt_BR\" \/>\n<meta property=\"og:type\" content=\"article\" \/>\n<meta property=\"og:title\" content=\"Professores deflagram greve nacional contra a Reforma da Previd\u00eancia a partir do dia 15 - PSOL 50\" \/>\n<meta property=\"og:description\" content=\"Na quarta-feira (15), mais de um milh\u00e3o de professores e profissionais da rede p\u00fablica de ensino v\u00e3o entrar em greve contra os desmontes dos direitos trabalhistas de Michel Temer. A mobiliza\u00e7\u00e3o foi convocada pela Confedera\u00e7\u00e3o Nacional dos Trabalhadores em Educa\u00e7\u00e3o (CNTE), ap\u00f3s assembleia realizada em janeiro deste ano, na cidade de S\u00e3o Paulo. As principais [&hellip;]\" \/>\n<meta property=\"og:url\" content=\"https:\/\/psol50.org.br\/professores-deflagram-greve-nacional-contra-a-reforma-da-previdencia-a-partir-do-dia-15\/\" \/>\n<meta property=\"og:site_name\" content=\"PSOL 50\" \/>\n<meta property=\"article:publisher\" content=\"https:\/\/www.facebook.com\/psol50\" \/>\n<meta property=\"article:published_time\" content=\"2017-03-13T19:30:26+00:00\" \/>\n<meta property=\"og:image\" content=\"https:\/\/psol50.org.br\/inc\/uploads\/2018\/07\/capa.png\" \/>\n\t<meta property=\"og:image:width\" content=\"1350\" \/>\n\t<meta property=\"og:image:height\" content=\"900\" \/>\n\t<meta property=\"og:image:type\" content=\"image\/png\" \/>\n<meta name=\"author\" content=\"Comunica\u00e7\u00e3o PSOL\" \/>\n<meta name=\"twitter:card\" content=\"summary_large_image\" \/>\n<meta name=\"twitter:creator\" content=\"@psol50\" \/>\n<meta name=\"twitter:site\" content=\"@psol50\" \/>\n<meta name=\"twitter:label1\" content=\"Escrito por\" \/>\n\t<meta name=\"twitter:data1\" content=\"Comunica\u00e7\u00e3o PSOL\" \/>\n\t<meta name=\"twitter:label2\" content=\"Est. tempo de leitura\" \/>\n\t<meta name=\"twitter:data2\" content=\"2 minutos\" \/>\n<script type=\"application\/ld+json\" class=\"yoast-schema-graph\">{\"@context\":\"https:\/\/schema.org\",\"@graph\":[{\"@type\":\"Article\",\"@id\":\"https:\/\/psol50.org.br\/professores-deflagram-greve-nacional-contra-a-reforma-da-previdencia-a-partir-do-dia-15\/#article\",\"isPartOf\":{\"@id\":\"https:\/\/psol50.org.br\/professores-deflagram-greve-nacional-contra-a-reforma-da-previdencia-a-partir-do-dia-15\/\"},\"author\":{\"name\":\"Comunica\u00e7\u00e3o PSOL\",\"@id\":\"https:\/\/psol50.org.br\/#\/schema\/person\/475dfa57d0b815993c714c2e96491fcd\"},\"headline\":\"Professores deflagram greve nacional contra a Reforma da Previd\u00eancia a partir do dia 15\",\"datePublished\":\"2017-03-13T19:30:26+00:00\",\"mainEntityOfPage\":{\"@id\":\"https:\/\/psol50.org.br\/professores-deflagram-greve-nacional-contra-a-reforma-da-previdencia-a-partir-do-dia-15\/\"},\"wordCount\":368,\"commentCount\":0,\"publisher\":{\"@id\":\"https:\/\/psol50.org.br\/#organization\"},\"image\":{\"@id\":\"https:\/\/psol50.org.br\/professores-deflagram-greve-nacional-contra-a-reforma-da-previdencia-a-partir-do-dia-15\/#primaryimage\"},\"thumbnailUrl\":\"\",\"keywords\":[\"Educa\u00e7\u00e3o\",\"greve\",\"paralisa\u00e7\u00e3o\",\"previd\u00eancia\",\"professores\",\"Reforma\"],\"articleSection\":[\"Brasil\",\"Educa\u00e7\u00e3o\",\"Movimento\",\"Not\u00edcias\"],\"inLanguage\":\"pt-BR\",\"potentialAction\":[{\"@type\":\"CommentAction\",\"name\":\"Comment\",\"target\":[\"https:\/\/psol50.org.br\/professores-deflagram-greve-nacional-contra-a-reforma-da-previdencia-a-partir-do-dia-15\/#respond\"]}]},{\"@type\":\"WebPage\",\"@id\":\"https:\/\/psol50.org.br\/professores-deflagram-greve-nacional-contra-a-reforma-da-previdencia-a-partir-do-dia-15\/\",\"url\":\"https:\/\/psol50.org.br\/professores-deflagram-greve-nacional-contra-a-reforma-da-previdencia-a-partir-do-dia-15\/\",\"name\":\"Professores deflagram greve nacional contra a Reforma da Previd\u00eancia a partir do dia 15 - PSOL 50\",\"isPartOf\":{\"@id\":\"https:\/\/psol50.org.br\/#website\"},\"primaryImageOfPage\":{\"@id\":\"https:\/\/psol50.org.br\/professores-deflagram-greve-nacional-contra-a-reforma-da-previdencia-a-partir-do-dia-15\/#primaryimage\"},\"image\":{\"@id\":\"https:\/\/psol50.org.br\/professores-deflagram-greve-nacional-contra-a-reforma-da-previdencia-a-partir-do-dia-15\/#primaryimage\"},\"thumbnailUrl\":\"\",\"datePublished\":\"2017-03-13T19:30:26+00:00\",\"breadcrumb\":{\"@id\":\"https:\/\/psol50.org.br\/professores-deflagram-greve-nacional-contra-a-reforma-da-previdencia-a-partir-do-dia-15\/#breadcrumb\"},\"inLanguage\":\"pt-BR\",\"potentialAction\":[{\"@type\":\"ReadAction\",\"target\":[\"https:\/\/psol50.org.br\/professores-deflagram-greve-nacional-contra-a-reforma-da-previdencia-a-partir-do-dia-15\/\"]}]},{\"@type\":\"ImageObject\",\"inLanguage\":\"pt-BR\",\"@id\":\"https:\/\/psol50.org.br\/professores-deflagram-greve-nacional-contra-a-reforma-da-previdencia-a-partir-do-dia-15\/#primaryimage\",\"url\":\"\",\"contentUrl\":\"\"},{\"@type\":\"BreadcrumbList\",\"@id\":\"https:\/\/psol50.org.br\/professores-deflagram-greve-nacional-contra-a-reforma-da-previdencia-a-partir-do-dia-15\/#breadcrumb\",\"itemListElement\":[{\"@type\":\"ListItem\",\"position\":1,\"name\":\"In\u00edcio\",\"item\":\"https:\/\/psol50.org.br\/\"},{\"@type\":\"ListItem\",\"position\":2,\"name\":\"Professores deflagram greve nacional contra a Reforma da Previd\u00eancia a partir do dia 15\"}]},{\"@type\":\"WebSite\",\"@id\":\"https:\/\/psol50.org.br\/#website\",\"url\":\"https:\/\/psol50.org.br\/\",\"name\":\"PSOL 50\",\"description\":\"Site oficial do Partido Socialismo e Liberdade\",\"publisher\":{\"@id\":\"https:\/\/psol50.org.br\/#organization\"},\"alternateName\":\"PSOL50\",\"potentialAction\":[{\"@type\":\"SearchAction\",\"target\":{\"@type\":\"EntryPoint\",\"urlTemplate\":\"https:\/\/psol50.org.br\/?s={search_term_string}\"},\"query-input\":{\"@type\":\"PropertyValueSpecification\",\"valueRequired\":true,\"valueName\":\"search_term_string\"}}],\"inLanguage\":\"pt-BR\"},{\"@type\":\"Organization\",\"@id\":\"https:\/\/psol50.org.br\/#organization\",\"name\":\"PSOL 50\",\"alternateName\":\"PSOL 50\",\"url\":\"https:\/\/psol50.org.br\/\",\"logo\":{\"@type\":\"ImageObject\",\"inLanguage\":\"pt-BR\",\"@id\":\"https:\/\/psol50.org.br\/#\/schema\/logo\/image\/\",\"url\":\"https:\/\/psol50.org.br\/inc\/uploads\/2018\/07\/capa.png\",\"contentUrl\":\"https:\/\/psol50.org.br\/inc\/uploads\/2018\/07\/capa.png\",\"width\":1350,\"height\":900,\"caption\":\"PSOL 50\"},\"image\":{\"@id\":\"https:\/\/psol50.org.br\/#\/schema\/logo\/image\/\"},\"sameAs\":[\"https:\/\/www.facebook.com\/psol50\",\"https:\/\/x.com\/psol50\",\"https:\/\/www.instagram.com\/psol50\/\",\"https:\/\/www.youtube.com\/channel\/UC7SnJS5o1os7a6CaiNabzcg\"]},{\"@type\":\"Person\",\"@id\":\"https:\/\/psol50.org.br\/#\/schema\/person\/475dfa57d0b815993c714c2e96491fcd\",\"name\":\"Comunica\u00e7\u00e3o PSOL\",\"image\":{\"@type\":\"ImageObject\",\"inLanguage\":\"pt-BR\",\"@id\":\"https:\/\/psol50.org.br\/#\/schema\/person\/image\/\",\"url\":\"https:\/\/secure.gravatar.com\/avatar\/b34fc4f4e468a4e51785917065a3db57b841f5c95dba6ad8c73aaf8f66f8f9bf?s=96&d=mm&r=g\",\"contentUrl\":\"https:\/\/secure.gravatar.com\/avatar\/b34fc4f4e468a4e51785917065a3db57b841f5c95dba6ad8c73aaf8f66f8f9bf?s=96&d=mm&r=g\",\"caption\":\"Comunica\u00e7\u00e3o PSOL\"}}]}<\/script>\n<!-- \/ Yoast SEO plugin. -->","yoast_head_json":{"title":"Professores deflagram greve nacional contra a Reforma da Previd\u00eancia a partir do dia 15 - PSOL 50","robots":{"index":"index","follow":"follow","max-snippet":"max-snippet:-1","max-image-preview":"max-image-preview:large","max-video-preview":"max-video-preview:-1"},"canonical":"https:\/\/psol50.org.br\/professores-deflagram-greve-nacional-contra-a-reforma-da-previdencia-a-partir-do-dia-15\/","og_locale":"pt_BR","og_type":"article","og_title":"Professores deflagram greve nacional contra a Reforma da Previd\u00eancia a partir do dia 15 - PSOL 50","og_description":"Na quarta-feira (15), mais de um milh\u00e3o de professores e profissionais da rede p\u00fablica de ensino v\u00e3o entrar em greve contra os desmontes dos direitos trabalhistas de Michel Temer. A mobiliza\u00e7\u00e3o foi convocada pela Confedera\u00e7\u00e3o Nacional dos Trabalhadores em Educa\u00e7\u00e3o (CNTE), ap\u00f3s assembleia realizada em janeiro deste ano, na cidade de S\u00e3o Paulo. As principais [&hellip;]","og_url":"https:\/\/psol50.org.br\/professores-deflagram-greve-nacional-contra-a-reforma-da-previdencia-a-partir-do-dia-15\/","og_site_name":"PSOL 50","article_publisher":"https:\/\/www.facebook.com\/psol50","article_published_time":"2017-03-13T19:30:26+00:00","og_image":[{"width":1350,"height":900,"url":"https:\/\/psol50.org.br\/inc\/uploads\/2018\/07\/capa.png","type":"image\/png"}],"author":"Comunica\u00e7\u00e3o PSOL","twitter_card":"summary_large_image","twitter_creator":"@psol50","twitter_site":"@psol50","twitter_misc":{"Escrito por":"Comunica\u00e7\u00e3o PSOL","Est. tempo de leitura":"2 minutos"},"schema":{"@context":"https:\/\/schema.org","@graph":[{"@type":"Article","@id":"https:\/\/psol50.org.br\/professores-deflagram-greve-nacional-contra-a-reforma-da-previdencia-a-partir-do-dia-15\/#article","isPartOf":{"@id":"https:\/\/psol50.org.br\/professores-deflagram-greve-nacional-contra-a-reforma-da-previdencia-a-partir-do-dia-15\/"},"author":{"name":"Comunica\u00e7\u00e3o PSOL","@id":"https:\/\/psol50.org.br\/#\/schema\/person\/475dfa57d0b815993c714c2e96491fcd"},"headline":"Professores deflagram greve nacional contra a Reforma da Previd\u00eancia a partir do dia 15","datePublished":"2017-03-13T19:30:26+00:00","mainEntityOfPage":{"@id":"https:\/\/psol50.org.br\/professores-deflagram-greve-nacional-contra-a-reforma-da-previdencia-a-partir-do-dia-15\/"},"wordCount":368,"commentCount":0,"publisher":{"@id":"https:\/\/psol50.org.br\/#organization"},"image":{"@id":"https:\/\/psol50.org.br\/professores-deflagram-greve-nacional-contra-a-reforma-da-previdencia-a-partir-do-dia-15\/#primaryimage"},"thumbnailUrl":"","keywords":["Educa\u00e7\u00e3o","greve","paralisa\u00e7\u00e3o","previd\u00eancia","professores","Reforma"],"articleSection":["Brasil","Educa\u00e7\u00e3o","Movimento","Not\u00edcias"],"inLanguage":"pt-BR","potentialAction":[{"@type":"CommentAction","name":"Comment","target":["https:\/\/psol50.org.br\/professores-deflagram-greve-nacional-contra-a-reforma-da-previdencia-a-partir-do-dia-15\/#respond"]}]},{"@type":"WebPage","@id":"https:\/\/psol50.org.br\/professores-deflagram-greve-nacional-contra-a-reforma-da-previdencia-a-partir-do-dia-15\/","url":"https:\/\/psol50.org.br\/professores-deflagram-greve-nacional-contra-a-reforma-da-previdencia-a-partir-do-dia-15\/","name":"Professores deflagram greve nacional contra a Reforma da Previd\u00eancia a partir do dia 15 - PSOL 50","isPartOf":{"@id":"https:\/\/psol50.org.br\/#website"},"primaryImageOfPage":{"@id":"https:\/\/psol50.org.br\/professores-deflagram-greve-nacional-contra-a-reforma-da-previdencia-a-partir-do-dia-15\/#primaryimage"},"image":{"@id":"https:\/\/psol50.org.br\/professores-deflagram-greve-nacional-contra-a-reforma-da-previdencia-a-partir-do-dia-15\/#primaryimage"},"thumbnailUrl":"","datePublished":"2017-03-13T19:30:26+00:00","breadcrumb":{"@id":"https:\/\/psol50.org.br\/professores-deflagram-greve-nacional-contra-a-reforma-da-previdencia-a-partir-do-dia-15\/#breadcrumb"},"inLanguage":"pt-BR","potentialAction":[{"@type":"ReadAction","target":["https:\/\/psol50.org.br\/professores-deflagram-greve-nacional-contra-a-reforma-da-previdencia-a-partir-do-dia-15\/"]}]},{"@type":"ImageObject","inLanguage":"pt-BR","@id":"https:\/\/psol50.org.br\/professores-deflagram-greve-nacional-contra-a-reforma-da-previdencia-a-partir-do-dia-15\/#primaryimage","url":"","contentUrl":""},{"@type":"BreadcrumbList","@id":"https:\/\/psol50.org.br\/professores-deflagram-greve-nacional-contra-a-reforma-da-previdencia-a-partir-do-dia-15\/#breadcrumb","itemListElement":[{"@type":"ListItem","position":1,"name":"In\u00edcio","item":"https:\/\/psol50.org.br\/"},{"@type":"ListItem","position":2,"name":"Professores deflagram greve nacional contra a Reforma da Previd\u00eancia a partir do dia 15"}]},{"@type":"WebSite","@id":"https:\/\/psol50.org.br\/#website","url":"https:\/\/psol50.org.br\/","name":"PSOL 50","description":"Site oficial do Partido Socialismo e Liberdade","publisher":{"@id":"https:\/\/psol50.org.br\/#organization"},"alternateName":"PSOL50","potentialAction":[{"@type":"SearchAction","target":{"@type":"EntryPoint","urlTemplate":"https:\/\/psol50.org.br\/?s={search_term_string}"},"query-input":{"@type":"PropertyValueSpecification","valueRequired":true,"valueName":"search_term_string"}}],"inLanguage":"pt-BR"},{"@type":"Organization","@id":"https:\/\/psol50.org.br\/#organization","name":"PSOL 50","alternateName":"PSOL 50","url":"https:\/\/psol50.org.br\/","logo":{"@type":"ImageObject","inLanguage":"pt-BR","@id":"https:\/\/psol50.org.br\/#\/schema\/logo\/image\/","url":"https:\/\/psol50.org.br\/inc\/uploads\/2018\/07\/capa.png","contentUrl":"https:\/\/psol50.org.br\/inc\/uploads\/2018\/07\/capa.png","width":1350,"height":900,"caption":"PSOL 50"},"image":{"@id":"https:\/\/psol50.org.br\/#\/schema\/logo\/image\/"},"sameAs":["https:\/\/www.facebook.com\/psol50","https:\/\/x.com\/psol50","https:\/\/www.instagram.com\/psol50\/","https:\/\/www.youtube.com\/channel\/UC7SnJS5o1os7a6CaiNabzcg"]},{"@type":"Person","@id":"https:\/\/psol50.org.br\/#\/schema\/person\/475dfa57d0b815993c714c2e96491fcd","name":"Comunica\u00e7\u00e3o PSOL","image":{"@type":"ImageObject","inLanguage":"pt-BR","@id":"https:\/\/psol50.org.br\/#\/schema\/person\/image\/","url":"https:\/\/secure.gravatar.com\/avatar\/b34fc4f4e468a4e51785917065a3db57b841f5c95dba6ad8c73aaf8f66f8f9bf?s=96&d=mm&r=g","contentUrl":"https:\/\/secure.gravatar.com\/avatar\/b34fc4f4e468a4e51785917065a3db57b841f5c95dba6ad8c73aaf8f66f8f9bf?s=96&d=mm&r=g","caption":"Comunica\u00e7\u00e3o PSOL"}}]}},"_links":{"self":[{"href":"https:\/\/psol50.org.br\/rest\/wp\/v2\/posts\/15548","targetHints":{"allow":["GET"]}}],"collection":[{"href":"https:\/\/psol50.org.br\/rest\/wp\/v2\/posts"}],"about":[{"href":"https:\/\/psol50.org.br\/rest\/wp\/v2\/types\/post"}],"author":[{"embeddable":true,"href":"https:\/\/psol50.org.br\/rest\/wp\/v2\/users\/2"}],"replies":[{"embeddable":true,"href":"https:\/\/psol50.org.br\/rest\/wp\/v2\/comments?post=15548"}],"version-history":[{"count":0,"href":"https:\/\/psol50.org.br\/rest\/wp\/v2\/posts\/15548\/revisions"}],"wp:featuredmedia":[{"embeddable":true,"href":"https:\/\/psol50.org.br\/rest\/"}],"wp:attachment":[{"href":"https:\/\/psol50.org.br\/rest\/wp\/v2\/media?parent=15548"}],"wp:term":[{"taxonomy":"category","embeddable":true,"href":"https:\/\/psol50.org.br\/rest\/wp\/v2\/categories?post=15548"},{"taxonomy":"post_tag","embeddable":true,"href":"https:\/\/psol50.org.br\/rest\/wp\/v2\/tags?post=15548"}],"curies":[{"name":"wp","href":"https:\/\/api.w.org\/{rel}","templated":true}]}}