{"id":15556,"date":"2017-03-14T17:13:04","date_gmt":"2017-03-14T17:13:04","guid":{"rendered":"http:\/\/www.psol50.org.br\/?p=15556"},"modified":"2017-03-14T17:13:04","modified_gmt":"2017-03-14T17:13:04","slug":"psol-da-boas-vindas-a-paulo-rubem","status":"publish","type":"post","link":"https:\/\/psol50.org.br\/psol-da-boas-vindas-a-paulo-rubem\/","title":{"rendered":"PSOL d\u00e1 boas-vindas a Paulo Rubem"},"content":{"rendered":"<p>O PSOL recebe com entusiasmo a filia\u00e7\u00e3o de Paulo Rubem Santiago, grande educador e pol\u00edtico brasileiro, que aconteceu ontem \u00e0 noite em recep\u00e7\u00e3o lotada na C\u00e2mara de Vereadores do Recife.<\/p>\n<p>Professor da UFPE h\u00e1 mais de trinta anos, Paulo Rubem \u00e9 um hist\u00f3rico lutador social que j\u00e1 foi vereador da capital pernambucana, deputado estadual e\u00a0deputado federal pelo Pernambuco, com destacada atua\u00e7\u00e3o nas \u00e1reas de Educa\u00e7\u00e3o e Or\u00e7amento P\u00fablico.<\/p>\n<p>No evento de recep\u00e7\u00e3o, estavam presentes diversas organiza\u00e7\u00f5es de movimentos sociais e parlamentares da esquerda, inclusive representantes da bancada federal do PSOL, como\u00a0Chico Alencar, Ivan Valente e Edmilson Rodrigues. No Twitter, Chico comemorou a filia\u00e7\u00e3o: &#8220;Paulo Rubem est\u00e1 h\u00e1 d\u00e9cadas na pol\u00edtica e n\u00e3o se tem uma \u00fanica cr\u00edtica \u00e0 sua postura \u00e9tica. Sempre esteve ao lado das causas populares&#8221;, escreveu.<\/p>\n<p>Para Albanise Pires, presidenta estadual do PSOL-PE, a filia\u00e7\u00e3o mostra que o PSOL est\u00e1 aberto para abra\u00e7ar uma sociedade mais progressista, \u00e9tica e militante, presente no discurso de Paulo Rubem. &#8220;Estamos de bra\u00e7os\u00a0abertos para receber e fortalecer o projeto pol\u00edtico em busca de uma sociedade mais igualit\u00e1ria, mais justa, que garanta os direitos b\u00e1sicos da popula\u00e7\u00e3o&#8221;, afirma.<\/p>\n<p>Na C\u00e2mara dos Vereadores, onde ocorreu o ato de filia\u00e7\u00e3o, Paulo Rubem salientou a cr\u00edtica \u00e0 gest\u00e3o ileg\u00edtima de Michel Temer e refor\u00e7ou a oposi\u00e7\u00e3o a seus projetos elitistas. Sua chegada \u00e9 um importante refor\u00e7o para o PSOL e fortalece o projeto de esquerda socialista e democr\u00e1tica do partido, principalmente em tempos em que a oposi\u00e7\u00e3o deve ser ferrenha \u00e0\u00a0onda neoliberal e conservadora que tem assolado nosso pa\u00eds.<\/p>\n<figure id=\"attachment_15561\" aria-describedby=\"caption-attachment-15561\" style=\"width: 1000px\" class=\"wp-caption alignleft\"><img loading=\"lazy\" decoding=\"async\" class=\"wp-image-15561 size-large\" src=\"http:\/\/www.psol50.org.br\/2017teste\/inc\/uploads\/2017\/03\/photo_2017-03-14_12-39-21-1024x682.jpg\" width=\"1000\" height=\"666\" \/><figcaption id=\"caption-attachment-15561\" class=\"wp-caption-text\"><em>Foto: Beto Figueroa<\/em><\/figcaption><\/figure>\n","protected":false},"excerpt":{"rendered":"<p>O PSOL recebe com entusiasmo a filia\u00e7\u00e3o de Paulo Rubem Santiago, grande educador e pol\u00edtico brasileiro, que aconteceu ontem \u00e0 noite em recep\u00e7\u00e3o lotada na C\u00e2mara de Vereadores do Recife. Professor da UFPE h\u00e1 mais de trinta anos, Paulo Rubem \u00e9 um hist\u00f3rico lutador social que j\u00e1 foi vereador da capital pernambucana, deputado estadual e\u00a0deputado [&hellip;]<\/p>\n","protected":false},"author":2,"featured_media":15558,"comment_status":"open","ping_status":"open","sticky":false,"template":"","format":"standard","meta":{"_acf_changed":false,"footnotes":""},"categories":[10,6,14],"tags":[2016,2953,902,2954],"class_list":{"0":"post-15556","1":"post","2":"type-post","3":"status-publish","4":"format-standard","5":"has-post-thumbnail","7":"category-acao-parlamentares","8":"category-noticias","9":"category-partido","10":"tag-filiacao","11":"tag-paulo-rubem","12":"tag-pernambuco","13":"tag-psol-pe"},"acf":[],"yoast_head":"<!-- This site is optimized with the Yoast SEO plugin v26.5 - https:\/\/yoast.com\/wordpress\/plugins\/seo\/ -->\n<title>PSOL d\u00e1 boas-vindas a Paulo Rubem - PSOL 50<\/title>\n<meta name=\"robots\" content=\"index, follow, max-snippet:-1, max-image-preview:large, max-video-preview:-1\" \/>\n<link rel=\"canonical\" href=\"https:\/\/psol50.org.br\/psol-da-boas-vindas-a-paulo-rubem\/\" \/>\n<meta property=\"og:locale\" content=\"pt_BR\" \/>\n<meta property=\"og:type\" content=\"article\" \/>\n<meta property=\"og:title\" content=\"PSOL d\u00e1 boas-vindas a Paulo Rubem - PSOL 50\" \/>\n<meta property=\"og:description\" content=\"O PSOL recebe com entusiasmo a filia\u00e7\u00e3o de Paulo Rubem Santiago, grande educador e pol\u00edtico brasileiro, que aconteceu ontem \u00e0 noite em recep\u00e7\u00e3o lotada na C\u00e2mara de Vereadores do Recife. Professor da UFPE h\u00e1 mais de trinta anos, Paulo Rubem \u00e9 um hist\u00f3rico lutador social que j\u00e1 foi vereador da capital pernambucana, deputado estadual e\u00a0deputado [&hellip;]\" \/>\n<meta property=\"og:url\" content=\"https:\/\/psol50.org.br\/psol-da-boas-vindas-a-paulo-rubem\/\" \/>\n<meta property=\"og:site_name\" content=\"PSOL 50\" \/>\n<meta property=\"article:publisher\" content=\"https:\/\/www.facebook.com\/psol50\" \/>\n<meta property=\"article:published_time\" content=\"2017-03-14T17:13:04+00:00\" \/>\n<meta property=\"og:image\" content=\"https:\/\/psol50.org.br\/inc\/uploads\/2018\/07\/capa.png\" \/>\n\t<meta property=\"og:image:width\" content=\"1350\" \/>\n\t<meta property=\"og:image:height\" content=\"900\" \/>\n\t<meta property=\"og:image:type\" content=\"image\/png\" \/>\n<meta name=\"author\" content=\"Comunica\u00e7\u00e3o PSOL\" \/>\n<meta name=\"twitter:card\" content=\"summary_large_image\" \/>\n<meta name=\"twitter:creator\" content=\"@psol50\" \/>\n<meta name=\"twitter:site\" content=\"@psol50\" \/>\n<meta name=\"twitter:label1\" content=\"Escrito por\" \/>\n\t<meta name=\"twitter:data1\" content=\"Comunica\u00e7\u00e3o PSOL\" \/>\n\t<meta name=\"twitter:label2\" content=\"Est. tempo de leitura\" \/>\n\t<meta name=\"twitter:data2\" content=\"1 minuto\" \/>\n<script type=\"application\/ld+json\" class=\"yoast-schema-graph\">{\"@context\":\"https:\/\/schema.org\",\"@graph\":[{\"@type\":\"Article\",\"@id\":\"https:\/\/psol50.org.br\/psol-da-boas-vindas-a-paulo-rubem\/#article\",\"isPartOf\":{\"@id\":\"https:\/\/psol50.org.br\/psol-da-boas-vindas-a-paulo-rubem\/\"},\"author\":{\"name\":\"Comunica\u00e7\u00e3o PSOL\",\"@id\":\"https:\/\/psol50.org.br\/#\/schema\/person\/475dfa57d0b815993c714c2e96491fcd\"},\"headline\":\"PSOL d\u00e1 boas-vindas a Paulo Rubem\",\"datePublished\":\"2017-03-14T17:13:04+00:00\",\"mainEntityOfPage\":{\"@id\":\"https:\/\/psol50.org.br\/psol-da-boas-vindas-a-paulo-rubem\/\"},\"wordCount\":302,\"commentCount\":0,\"publisher\":{\"@id\":\"https:\/\/psol50.org.br\/#organization\"},\"image\":{\"@id\":\"https:\/\/psol50.org.br\/psol-da-boas-vindas-a-paulo-rubem\/#primaryimage\"},\"thumbnailUrl\":\"\",\"keywords\":[\"filia\u00e7\u00e3o\",\"Paulo Rubem\",\"Pernambuco\",\"PSOL-PE\"],\"articleSection\":[\"A\u00e7\u00e3o Parlamentar\",\"Not\u00edcias\",\"Partido\"],\"inLanguage\":\"pt-BR\",\"potentialAction\":[{\"@type\":\"CommentAction\",\"name\":\"Comment\",\"target\":[\"https:\/\/psol50.org.br\/psol-da-boas-vindas-a-paulo-rubem\/#respond\"]}]},{\"@type\":\"WebPage\",\"@id\":\"https:\/\/psol50.org.br\/psol-da-boas-vindas-a-paulo-rubem\/\",\"url\":\"https:\/\/psol50.org.br\/psol-da-boas-vindas-a-paulo-rubem\/\",\"name\":\"PSOL d\u00e1 boas-vindas a Paulo Rubem - PSOL 50\",\"isPartOf\":{\"@id\":\"https:\/\/psol50.org.br\/#website\"},\"primaryImageOfPage\":{\"@id\":\"https:\/\/psol50.org.br\/psol-da-boas-vindas-a-paulo-rubem\/#primaryimage\"},\"image\":{\"@id\":\"https:\/\/psol50.org.br\/psol-da-boas-vindas-a-paulo-rubem\/#primaryimage\"},\"thumbnailUrl\":\"\",\"datePublished\":\"2017-03-14T17:13:04+00:00\",\"breadcrumb\":{\"@id\":\"https:\/\/psol50.org.br\/psol-da-boas-vindas-a-paulo-rubem\/#breadcrumb\"},\"inLanguage\":\"pt-BR\",\"potentialAction\":[{\"@type\":\"ReadAction\",\"target\":[\"https:\/\/psol50.org.br\/psol-da-boas-vindas-a-paulo-rubem\/\"]}]},{\"@type\":\"ImageObject\",\"inLanguage\":\"pt-BR\",\"@id\":\"https:\/\/psol50.org.br\/psol-da-boas-vindas-a-paulo-rubem\/#primaryimage\",\"url\":\"\",\"contentUrl\":\"\"},{\"@type\":\"BreadcrumbList\",\"@id\":\"https:\/\/psol50.org.br\/psol-da-boas-vindas-a-paulo-rubem\/#breadcrumb\",\"itemListElement\":[{\"@type\":\"ListItem\",\"position\":1,\"name\":\"In\u00edcio\",\"item\":\"https:\/\/psol50.org.br\/\"},{\"@type\":\"ListItem\",\"position\":2,\"name\":\"PSOL d\u00e1 boas-vindas a Paulo Rubem\"}]},{\"@type\":\"WebSite\",\"@id\":\"https:\/\/psol50.org.br\/#website\",\"url\":\"https:\/\/psol50.org.br\/\",\"name\":\"PSOL 50\",\"description\":\"Site oficial do Partido Socialismo e Liberdade\",\"publisher\":{\"@id\":\"https:\/\/psol50.org.br\/#organization\"},\"alternateName\":\"PSOL50\",\"potentialAction\":[{\"@type\":\"SearchAction\",\"target\":{\"@type\":\"EntryPoint\",\"urlTemplate\":\"https:\/\/psol50.org.br\/?s={search_term_string}\"},\"query-input\":{\"@type\":\"PropertyValueSpecification\",\"valueRequired\":true,\"valueName\":\"search_term_string\"}}],\"inLanguage\":\"pt-BR\"},{\"@type\":\"Organization\",\"@id\":\"https:\/\/psol50.org.br\/#organization\",\"name\":\"PSOL 50\",\"alternateName\":\"PSOL 50\",\"url\":\"https:\/\/psol50.org.br\/\",\"logo\":{\"@type\":\"ImageObject\",\"inLanguage\":\"pt-BR\",\"@id\":\"https:\/\/psol50.org.br\/#\/schema\/logo\/image\/\",\"url\":\"https:\/\/psol50.org.br\/inc\/uploads\/2018\/07\/capa.png\",\"contentUrl\":\"https:\/\/psol50.org.br\/inc\/uploads\/2018\/07\/capa.png\",\"width\":1350,\"height\":900,\"caption\":\"PSOL 50\"},\"image\":{\"@id\":\"https:\/\/psol50.org.br\/#\/schema\/logo\/image\/\"},\"sameAs\":[\"https:\/\/www.facebook.com\/psol50\",\"https:\/\/x.com\/psol50\",\"https:\/\/www.instagram.com\/psol50\/\",\"https:\/\/www.youtube.com\/channel\/UC7SnJS5o1os7a6CaiNabzcg\"]},{\"@type\":\"Person\",\"@id\":\"https:\/\/psol50.org.br\/#\/schema\/person\/475dfa57d0b815993c714c2e96491fcd\",\"name\":\"Comunica\u00e7\u00e3o PSOL\",\"image\":{\"@type\":\"ImageObject\",\"inLanguage\":\"pt-BR\",\"@id\":\"https:\/\/psol50.org.br\/#\/schema\/person\/image\/\",\"url\":\"https:\/\/secure.gravatar.com\/avatar\/b34fc4f4e468a4e51785917065a3db57b841f5c95dba6ad8c73aaf8f66f8f9bf?s=96&d=mm&r=g\",\"contentUrl\":\"https:\/\/secure.gravatar.com\/avatar\/b34fc4f4e468a4e51785917065a3db57b841f5c95dba6ad8c73aaf8f66f8f9bf?s=96&d=mm&r=g\",\"caption\":\"Comunica\u00e7\u00e3o PSOL\"}}]}<\/script>\n<!-- \/ Yoast SEO plugin. -->","yoast_head_json":{"title":"PSOL d\u00e1 boas-vindas a Paulo Rubem - PSOL 50","robots":{"index":"index","follow":"follow","max-snippet":"max-snippet:-1","max-image-preview":"max-image-preview:large","max-video-preview":"max-video-preview:-1"},"canonical":"https:\/\/psol50.org.br\/psol-da-boas-vindas-a-paulo-rubem\/","og_locale":"pt_BR","og_type":"article","og_title":"PSOL d\u00e1 boas-vindas a Paulo Rubem - PSOL 50","og_description":"O PSOL recebe com entusiasmo a filia\u00e7\u00e3o de Paulo Rubem Santiago, grande educador e pol\u00edtico brasileiro, que aconteceu ontem \u00e0 noite em recep\u00e7\u00e3o lotada na C\u00e2mara de Vereadores do Recife. Professor da UFPE h\u00e1 mais de trinta anos, Paulo Rubem \u00e9 um hist\u00f3rico lutador social que j\u00e1 foi vereador da capital pernambucana, deputado estadual e\u00a0deputado [&hellip;]","og_url":"https:\/\/psol50.org.br\/psol-da-boas-vindas-a-paulo-rubem\/","og_site_name":"PSOL 50","article_publisher":"https:\/\/www.facebook.com\/psol50","article_published_time":"2017-03-14T17:13:04+00:00","og_image":[{"width":1350,"height":900,"url":"https:\/\/psol50.org.br\/inc\/uploads\/2018\/07\/capa.png","type":"image\/png"}],"author":"Comunica\u00e7\u00e3o PSOL","twitter_card":"summary_large_image","twitter_creator":"@psol50","twitter_site":"@psol50","twitter_misc":{"Escrito por":"Comunica\u00e7\u00e3o PSOL","Est. tempo de leitura":"1 minuto"},"schema":{"@context":"https:\/\/schema.org","@graph":[{"@type":"Article","@id":"https:\/\/psol50.org.br\/psol-da-boas-vindas-a-paulo-rubem\/#article","isPartOf":{"@id":"https:\/\/psol50.org.br\/psol-da-boas-vindas-a-paulo-rubem\/"},"author":{"name":"Comunica\u00e7\u00e3o PSOL","@id":"https:\/\/psol50.org.br\/#\/schema\/person\/475dfa57d0b815993c714c2e96491fcd"},"headline":"PSOL d\u00e1 boas-vindas a Paulo Rubem","datePublished":"2017-03-14T17:13:04+00:00","mainEntityOfPage":{"@id":"https:\/\/psol50.org.br\/psol-da-boas-vindas-a-paulo-rubem\/"},"wordCount":302,"commentCount":0,"publisher":{"@id":"https:\/\/psol50.org.br\/#organization"},"image":{"@id":"https:\/\/psol50.org.br\/psol-da-boas-vindas-a-paulo-rubem\/#primaryimage"},"thumbnailUrl":"","keywords":["filia\u00e7\u00e3o","Paulo Rubem","Pernambuco","PSOL-PE"],"articleSection":["A\u00e7\u00e3o Parlamentar","Not\u00edcias","Partido"],"inLanguage":"pt-BR","potentialAction":[{"@type":"CommentAction","name":"Comment","target":["https:\/\/psol50.org.br\/psol-da-boas-vindas-a-paulo-rubem\/#respond"]}]},{"@type":"WebPage","@id":"https:\/\/psol50.org.br\/psol-da-boas-vindas-a-paulo-rubem\/","url":"https:\/\/psol50.org.br\/psol-da-boas-vindas-a-paulo-rubem\/","name":"PSOL d\u00e1 boas-vindas a Paulo Rubem - PSOL 50","isPartOf":{"@id":"https:\/\/psol50.org.br\/#website"},"primaryImageOfPage":{"@id":"https:\/\/psol50.org.br\/psol-da-boas-vindas-a-paulo-rubem\/#primaryimage"},"image":{"@id":"https:\/\/psol50.org.br\/psol-da-boas-vindas-a-paulo-rubem\/#primaryimage"},"thumbnailUrl":"","datePublished":"2017-03-14T17:13:04+00:00","breadcrumb":{"@id":"https:\/\/psol50.org.br\/psol-da-boas-vindas-a-paulo-rubem\/#breadcrumb"},"inLanguage":"pt-BR","potentialAction":[{"@type":"ReadAction","target":["https:\/\/psol50.org.br\/psol-da-boas-vindas-a-paulo-rubem\/"]}]},{"@type":"ImageObject","inLanguage":"pt-BR","@id":"https:\/\/psol50.org.br\/psol-da-boas-vindas-a-paulo-rubem\/#primaryimage","url":"","contentUrl":""},{"@type":"BreadcrumbList","@id":"https:\/\/psol50.org.br\/psol-da-boas-vindas-a-paulo-rubem\/#breadcrumb","itemListElement":[{"@type":"ListItem","position":1,"name":"In\u00edcio","item":"https:\/\/psol50.org.br\/"},{"@type":"ListItem","position":2,"name":"PSOL d\u00e1 boas-vindas a Paulo Rubem"}]},{"@type":"WebSite","@id":"https:\/\/psol50.org.br\/#website","url":"https:\/\/psol50.org.br\/","name":"PSOL 50","description":"Site oficial do Partido Socialismo e Liberdade","publisher":{"@id":"https:\/\/psol50.org.br\/#organization"},"alternateName":"PSOL50","potentialAction":[{"@type":"SearchAction","target":{"@type":"EntryPoint","urlTemplate":"https:\/\/psol50.org.br\/?s={search_term_string}"},"query-input":{"@type":"PropertyValueSpecification","valueRequired":true,"valueName":"search_term_string"}}],"inLanguage":"pt-BR"},{"@type":"Organization","@id":"https:\/\/psol50.org.br\/#organization","name":"PSOL 50","alternateName":"PSOL 50","url":"https:\/\/psol50.org.br\/","logo":{"@type":"ImageObject","inLanguage":"pt-BR","@id":"https:\/\/psol50.org.br\/#\/schema\/logo\/image\/","url":"https:\/\/psol50.org.br\/inc\/uploads\/2018\/07\/capa.png","contentUrl":"https:\/\/psol50.org.br\/inc\/uploads\/2018\/07\/capa.png","width":1350,"height":900,"caption":"PSOL 50"},"image":{"@id":"https:\/\/psol50.org.br\/#\/schema\/logo\/image\/"},"sameAs":["https:\/\/www.facebook.com\/psol50","https:\/\/x.com\/psol50","https:\/\/www.instagram.com\/psol50\/","https:\/\/www.youtube.com\/channel\/UC7SnJS5o1os7a6CaiNabzcg"]},{"@type":"Person","@id":"https:\/\/psol50.org.br\/#\/schema\/person\/475dfa57d0b815993c714c2e96491fcd","name":"Comunica\u00e7\u00e3o PSOL","image":{"@type":"ImageObject","inLanguage":"pt-BR","@id":"https:\/\/psol50.org.br\/#\/schema\/person\/image\/","url":"https:\/\/secure.gravatar.com\/avatar\/b34fc4f4e468a4e51785917065a3db57b841f5c95dba6ad8c73aaf8f66f8f9bf?s=96&d=mm&r=g","contentUrl":"https:\/\/secure.gravatar.com\/avatar\/b34fc4f4e468a4e51785917065a3db57b841f5c95dba6ad8c73aaf8f66f8f9bf?s=96&d=mm&r=g","caption":"Comunica\u00e7\u00e3o PSOL"}}]}},"_links":{"self":[{"href":"https:\/\/psol50.org.br\/rest\/wp\/v2\/posts\/15556","targetHints":{"allow":["GET"]}}],"collection":[{"href":"https:\/\/psol50.org.br\/rest\/wp\/v2\/posts"}],"about":[{"href":"https:\/\/psol50.org.br\/rest\/wp\/v2\/types\/post"}],"author":[{"embeddable":true,"href":"https:\/\/psol50.org.br\/rest\/wp\/v2\/users\/2"}],"replies":[{"embeddable":true,"href":"https:\/\/psol50.org.br\/rest\/wp\/v2\/comments?post=15556"}],"version-history":[{"count":0,"href":"https:\/\/psol50.org.br\/rest\/wp\/v2\/posts\/15556\/revisions"}],"wp:featuredmedia":[{"embeddable":true,"href":"https:\/\/psol50.org.br\/rest\/"}],"wp:attachment":[{"href":"https:\/\/psol50.org.br\/rest\/wp\/v2\/media?parent=15556"}],"wp:term":[{"taxonomy":"category","embeddable":true,"href":"https:\/\/psol50.org.br\/rest\/wp\/v2\/categories?post=15556"},{"taxonomy":"post_tag","embeddable":true,"href":"https:\/\/psol50.org.br\/rest\/wp\/v2\/tags?post=15556"}],"curies":[{"name":"wp","href":"https:\/\/api.w.org\/{rel}","templated":true}]}}