{"id":15563,"date":"2017-03-15T18:49:11","date_gmt":"2017-03-15T18:49:11","guid":{"rendered":"http:\/\/www.psol50.org.br\/?p=15563"},"modified":"2017-03-15T18:49:11","modified_gmt":"2017-03-15T18:49:11","slug":"rosa-weber-e-a-relatora-da-acao-pela-descriminalizacao-do-aborto","status":"publish","type":"post","link":"https:\/\/psol50.org.br\/rosa-weber-e-a-relatora-da-acao-pela-descriminalizacao-do-aborto\/","title":{"rendered":"Rosa Weber \u00e9 a relatora da a\u00e7\u00e3o pela descriminaliza\u00e7\u00e3o do aborto"},"content":{"rendered":"<p><span style=\"color: #333333\">A ministra do Supremo Tribunal Federal (STF) Rosa Weber foi sorteada para fazer a relatoria da Argui\u00e7\u00e3o por Descumprimento de Preceito Fundamental (ADPF) contra a criminaliza\u00e7\u00e3o do aborto at\u00e9 a 12\u00aa semana de gravidez. A a\u00e7\u00e3o,\u00a0assinada pelo PSOL e pela Anis &#8211; Instituto de Bio\u00e9tica,\u00a0<span style=\"color: #0000ff\"><strong><a style=\"color: #0000ff\" href=\"http:\/\/www.psol50.org.br\/blog\/2017\/03\/07\/pela-vida-das-mulheres-psol-protocola-acao-no-stf-contra-criminalizacao-do-aborto\/\">foi protocolada semana passada no STF<\/a><\/strong><\/span>.<\/span><\/p>\n<p><span style=\"color: #333333\">Terceira mulher a integrar a Suprema Corte e \u00fanica ministra que poderia ser\u00a0sorteada para a relatoria (enquanto presidenta, Carmen L\u00facia n\u00e3o pode ser relatora), Rosa j\u00e1 se manifestou favor\u00e1vel \u00e0 descriminaliza\u00e7\u00e3o do aborto para qualquer caso nos primeiros tr\u00eas meses de gravidez. A declara\u00e7\u00e3o ocorreu\u00a0<span style=\"color: #0000ff\"><strong><a style=\"color: #0000ff\" href=\"https:\/\/jota.info\/justica\/1a-turma-stf-vota-para-descriminalizar-aborto-ate-3o-mes-29112016\">em\u00a0novembro do ano passado<\/a><\/strong><\/span>, quando a 1\u00aa Turma do STF abriu um precedente ao entender que n\u00e3o \u00e9\u00a0crime a interrup\u00e7\u00e3o volunt\u00e1ria da gesta\u00e7\u00e3o efetivada no primeiro trimestre.<\/span><\/p>\n<p><span style=\"color: #333333\"><em>Leia mais: <span style=\"color: #0000ff\"><a style=\"color: #0000ff\" href=\"http:\/\/www.psol50.org.br\/blog\/2017\/03\/10\/entenda-a-acao-do-psol-pela-descriminalizacao-do-aborto\/\"><strong>Entenda a a\u00e7\u00e3o do PSOL pela descriminaliza\u00e7\u00e3o do aborto<\/strong><\/a><\/span><\/em><\/span><\/p>\n<p><span style=\"color: #333333\">Al\u00e9m disso, Rosa Weber foi fundamental em outros casos de garantia de direitos de mulheres gr\u00e1vidas que chegaram ao STF, como na vota\u00e7\u00e3o do aborto em casos de anencefalia fetal. &#8220;Todos os caminhos, a meu ju\u00edzo, conduzem \u00e0 preserva\u00e7\u00e3o da autonomia da gestante para escolher sobre a interrup\u00e7\u00e3o da gesta\u00e7\u00e3o de fetos anenc\u00e9falos\u201d,\u00a0defendeu a ministra, na \u00e9poca, mostrando preocupa\u00e7\u00e3o com o direito \u00e0 autonomia das mulheres.<\/span><\/p>\n<p><span style=\"color: #333333\">&#8220;N\u00f3s mulheres nos sentimos mais seguras pelo fato de ter uma relatora mulher, pois h\u00e1 mais condi\u00e7\u00f5es de que, em sua condi\u00e7\u00e3o de g\u00eanero, ela compreenda a realidade das mulheres no que diz respeito aos nossos direitos&#8221;, comemora Luciana Boiteux, advogada da a\u00e7\u00e3o. &#8220;Esperamos que ela seja coerente com as decis\u00f5es anteriormente tomadas e que o julgamento n\u00e3o demore muito&#8221;, completa.<\/span><\/p>\n<p><span style=\"color: #333333\">A a\u00e7\u00e3o do PSOL e da Anis questiona a criminaliza\u00e7\u00e3o do aborto pelo C\u00f3digo Penal, escrito em\u00a01940 \u2013 muito anterior \u00e0 pr\u00f3pria Constitui\u00e7\u00e3o Federal, aprovada em 1988.\u00a0O argumento \u00e9\u00a0que direitos fundamentais das mulheres, como \u00e0 liberdade, \u00e0 dignidade, ao planejamento familiar e \u00e0 cidadania, est\u00e3o sendo obstru\u00eddos com a criminaliza\u00e7\u00e3o. Assim, a a\u00e7\u00e3o pede que o Supremo \u201catualize\u201d o texto para o que consta na Constitui\u00e7\u00e3o Federal.<\/span><\/p>\n","protected":false},"excerpt":{"rendered":"<p>A ministra do Supremo Tribunal Federal (STF) Rosa Weber foi sorteada para fazer a relatoria da Argui\u00e7\u00e3o por Descumprimento de Preceito Fundamental (ADPF) contra a criminaliza\u00e7\u00e3o do aborto at\u00e9 a 12\u00aa semana de gravidez. A a\u00e7\u00e3o,\u00a0assinada pelo PSOL e pela Anis &#8211; Instituto de Bio\u00e9tica,\u00a0foi protocolada semana passada no STF. Terceira mulher a integrar a [&hellip;]<\/p>\n","protected":false},"author":2,"featured_media":15565,"comment_status":"open","ping_status":"open","sticky":false,"template":"","format":"standard","meta":{"_acf_changed":false,"footnotes":""},"categories":[1882,6],"tags":[1116,2409,2387,30,45],"class_list":{"0":"post-15563","1":"post","2":"type-post","3":"status-publish","4":"format-standard","5":"has-post-thumbnail","7":"category-brasil","8":"category-noticias","9":"tag-adpf","10":"tag-anis","11":"tag-descriminalizacao-do-aborto","12":"tag-feminismo","13":"tag-stf"},"acf":[],"yoast_head":"<!-- This site is optimized with the Yoast SEO plugin v26.5 - https:\/\/yoast.com\/wordpress\/plugins\/seo\/ -->\n<title>Rosa Weber \u00e9 a relatora da a\u00e7\u00e3o pela descriminaliza\u00e7\u00e3o do aborto - PSOL 50<\/title>\n<meta name=\"robots\" content=\"index, follow, max-snippet:-1, max-image-preview:large, max-video-preview:-1\" \/>\n<link rel=\"canonical\" href=\"https:\/\/psol50.org.br\/rosa-weber-e-a-relatora-da-acao-pela-descriminalizacao-do-aborto\/\" \/>\n<meta property=\"og:locale\" content=\"pt_BR\" \/>\n<meta property=\"og:type\" content=\"article\" \/>\n<meta property=\"og:title\" content=\"Rosa Weber \u00e9 a relatora da a\u00e7\u00e3o pela descriminaliza\u00e7\u00e3o do aborto - PSOL 50\" \/>\n<meta property=\"og:description\" content=\"A ministra do Supremo Tribunal Federal (STF) Rosa Weber foi sorteada para fazer a relatoria da Argui\u00e7\u00e3o por Descumprimento de Preceito Fundamental (ADPF) contra a criminaliza\u00e7\u00e3o do aborto at\u00e9 a 12\u00aa semana de gravidez. A a\u00e7\u00e3o,\u00a0assinada pelo PSOL e pela Anis &#8211; Instituto de Bio\u00e9tica,\u00a0foi protocolada semana passada no STF. Terceira mulher a integrar a [&hellip;]\" \/>\n<meta property=\"og:url\" content=\"https:\/\/psol50.org.br\/rosa-weber-e-a-relatora-da-acao-pela-descriminalizacao-do-aborto\/\" \/>\n<meta property=\"og:site_name\" content=\"PSOL 50\" \/>\n<meta property=\"article:publisher\" content=\"https:\/\/www.facebook.com\/psol50\" \/>\n<meta property=\"article:published_time\" content=\"2017-03-15T18:49:11+00:00\" \/>\n<meta property=\"og:image\" content=\"https:\/\/psol50.org.br\/inc\/uploads\/2018\/07\/capa.png\" \/>\n\t<meta property=\"og:image:width\" content=\"1350\" \/>\n\t<meta property=\"og:image:height\" content=\"900\" \/>\n\t<meta property=\"og:image:type\" content=\"image\/png\" \/>\n<meta name=\"author\" content=\"Comunica\u00e7\u00e3o PSOL\" \/>\n<meta name=\"twitter:card\" content=\"summary_large_image\" \/>\n<meta name=\"twitter:creator\" content=\"@psol50\" \/>\n<meta name=\"twitter:site\" content=\"@psol50\" \/>\n<meta name=\"twitter:label1\" content=\"Escrito por\" \/>\n\t<meta name=\"twitter:data1\" content=\"Comunica\u00e7\u00e3o PSOL\" \/>\n\t<meta name=\"twitter:label2\" content=\"Est. tempo de leitura\" \/>\n\t<meta name=\"twitter:data2\" content=\"2 minutos\" \/>\n<script type=\"application\/ld+json\" class=\"yoast-schema-graph\">{\"@context\":\"https:\/\/schema.org\",\"@graph\":[{\"@type\":\"Article\",\"@id\":\"https:\/\/psol50.org.br\/rosa-weber-e-a-relatora-da-acao-pela-descriminalizacao-do-aborto\/#article\",\"isPartOf\":{\"@id\":\"https:\/\/psol50.org.br\/rosa-weber-e-a-relatora-da-acao-pela-descriminalizacao-do-aborto\/\"},\"author\":{\"name\":\"Comunica\u00e7\u00e3o PSOL\",\"@id\":\"https:\/\/psol50.org.br\/#\/schema\/person\/475dfa57d0b815993c714c2e96491fcd\"},\"headline\":\"Rosa Weber \u00e9 a relatora da a\u00e7\u00e3o pela descriminaliza\u00e7\u00e3o do aborto\",\"datePublished\":\"2017-03-15T18:49:11+00:00\",\"mainEntityOfPage\":{\"@id\":\"https:\/\/psol50.org.br\/rosa-weber-e-a-relatora-da-acao-pela-descriminalizacao-do-aborto\/\"},\"wordCount\":376,\"commentCount\":0,\"publisher\":{\"@id\":\"https:\/\/psol50.org.br\/#organization\"},\"image\":{\"@id\":\"https:\/\/psol50.org.br\/rosa-weber-e-a-relatora-da-acao-pela-descriminalizacao-do-aborto\/#primaryimage\"},\"thumbnailUrl\":\"\",\"keywords\":[\"ADPF\",\"Anis\",\"Descriminaliza\u00e7\u00e3o do aborto\",\"feminismo\",\"STF\"],\"articleSection\":[\"Brasil\",\"Not\u00edcias\"],\"inLanguage\":\"pt-BR\",\"potentialAction\":[{\"@type\":\"CommentAction\",\"name\":\"Comment\",\"target\":[\"https:\/\/psol50.org.br\/rosa-weber-e-a-relatora-da-acao-pela-descriminalizacao-do-aborto\/#respond\"]}]},{\"@type\":\"WebPage\",\"@id\":\"https:\/\/psol50.org.br\/rosa-weber-e-a-relatora-da-acao-pela-descriminalizacao-do-aborto\/\",\"url\":\"https:\/\/psol50.org.br\/rosa-weber-e-a-relatora-da-acao-pela-descriminalizacao-do-aborto\/\",\"name\":\"Rosa Weber \u00e9 a relatora da a\u00e7\u00e3o pela descriminaliza\u00e7\u00e3o do aborto - PSOL 50\",\"isPartOf\":{\"@id\":\"https:\/\/psol50.org.br\/#website\"},\"primaryImageOfPage\":{\"@id\":\"https:\/\/psol50.org.br\/rosa-weber-e-a-relatora-da-acao-pela-descriminalizacao-do-aborto\/#primaryimage\"},\"image\":{\"@id\":\"https:\/\/psol50.org.br\/rosa-weber-e-a-relatora-da-acao-pela-descriminalizacao-do-aborto\/#primaryimage\"},\"thumbnailUrl\":\"\",\"datePublished\":\"2017-03-15T18:49:11+00:00\",\"breadcrumb\":{\"@id\":\"https:\/\/psol50.org.br\/rosa-weber-e-a-relatora-da-acao-pela-descriminalizacao-do-aborto\/#breadcrumb\"},\"inLanguage\":\"pt-BR\",\"potentialAction\":[{\"@type\":\"ReadAction\",\"target\":[\"https:\/\/psol50.org.br\/rosa-weber-e-a-relatora-da-acao-pela-descriminalizacao-do-aborto\/\"]}]},{\"@type\":\"ImageObject\",\"inLanguage\":\"pt-BR\",\"@id\":\"https:\/\/psol50.org.br\/rosa-weber-e-a-relatora-da-acao-pela-descriminalizacao-do-aborto\/#primaryimage\",\"url\":\"\",\"contentUrl\":\"\"},{\"@type\":\"BreadcrumbList\",\"@id\":\"https:\/\/psol50.org.br\/rosa-weber-e-a-relatora-da-acao-pela-descriminalizacao-do-aborto\/#breadcrumb\",\"itemListElement\":[{\"@type\":\"ListItem\",\"position\":1,\"name\":\"In\u00edcio\",\"item\":\"https:\/\/psol50.org.br\/\"},{\"@type\":\"ListItem\",\"position\":2,\"name\":\"Rosa Weber \u00e9 a relatora da a\u00e7\u00e3o pela descriminaliza\u00e7\u00e3o do aborto\"}]},{\"@type\":\"WebSite\",\"@id\":\"https:\/\/psol50.org.br\/#website\",\"url\":\"https:\/\/psol50.org.br\/\",\"name\":\"PSOL 50\",\"description\":\"Site oficial do Partido Socialismo e Liberdade\",\"publisher\":{\"@id\":\"https:\/\/psol50.org.br\/#organization\"},\"alternateName\":\"PSOL50\",\"potentialAction\":[{\"@type\":\"SearchAction\",\"target\":{\"@type\":\"EntryPoint\",\"urlTemplate\":\"https:\/\/psol50.org.br\/?s={search_term_string}\"},\"query-input\":{\"@type\":\"PropertyValueSpecification\",\"valueRequired\":true,\"valueName\":\"search_term_string\"}}],\"inLanguage\":\"pt-BR\"},{\"@type\":\"Organization\",\"@id\":\"https:\/\/psol50.org.br\/#organization\",\"name\":\"PSOL 50\",\"alternateName\":\"PSOL 50\",\"url\":\"https:\/\/psol50.org.br\/\",\"logo\":{\"@type\":\"ImageObject\",\"inLanguage\":\"pt-BR\",\"@id\":\"https:\/\/psol50.org.br\/#\/schema\/logo\/image\/\",\"url\":\"https:\/\/psol50.org.br\/inc\/uploads\/2018\/07\/capa.png\",\"contentUrl\":\"https:\/\/psol50.org.br\/inc\/uploads\/2018\/07\/capa.png\",\"width\":1350,\"height\":900,\"caption\":\"PSOL 50\"},\"image\":{\"@id\":\"https:\/\/psol50.org.br\/#\/schema\/logo\/image\/\"},\"sameAs\":[\"https:\/\/www.facebook.com\/psol50\",\"https:\/\/x.com\/psol50\",\"https:\/\/www.instagram.com\/psol50\/\",\"https:\/\/www.youtube.com\/channel\/UC7SnJS5o1os7a6CaiNabzcg\"]},{\"@type\":\"Person\",\"@id\":\"https:\/\/psol50.org.br\/#\/schema\/person\/475dfa57d0b815993c714c2e96491fcd\",\"name\":\"Comunica\u00e7\u00e3o PSOL\",\"image\":{\"@type\":\"ImageObject\",\"inLanguage\":\"pt-BR\",\"@id\":\"https:\/\/psol50.org.br\/#\/schema\/person\/image\/\",\"url\":\"https:\/\/secure.gravatar.com\/avatar\/b34fc4f4e468a4e51785917065a3db57b841f5c95dba6ad8c73aaf8f66f8f9bf?s=96&d=mm&r=g\",\"contentUrl\":\"https:\/\/secure.gravatar.com\/avatar\/b34fc4f4e468a4e51785917065a3db57b841f5c95dba6ad8c73aaf8f66f8f9bf?s=96&d=mm&r=g\",\"caption\":\"Comunica\u00e7\u00e3o PSOL\"}}]}<\/script>\n<!-- \/ Yoast SEO plugin. -->","yoast_head_json":{"title":"Rosa Weber \u00e9 a relatora da a\u00e7\u00e3o pela descriminaliza\u00e7\u00e3o do aborto - PSOL 50","robots":{"index":"index","follow":"follow","max-snippet":"max-snippet:-1","max-image-preview":"max-image-preview:large","max-video-preview":"max-video-preview:-1"},"canonical":"https:\/\/psol50.org.br\/rosa-weber-e-a-relatora-da-acao-pela-descriminalizacao-do-aborto\/","og_locale":"pt_BR","og_type":"article","og_title":"Rosa Weber \u00e9 a relatora da a\u00e7\u00e3o pela descriminaliza\u00e7\u00e3o do aborto - PSOL 50","og_description":"A ministra do Supremo Tribunal Federal (STF) Rosa Weber foi sorteada para fazer a relatoria da Argui\u00e7\u00e3o por Descumprimento de Preceito Fundamental (ADPF) contra a criminaliza\u00e7\u00e3o do aborto at\u00e9 a 12\u00aa semana de gravidez. A a\u00e7\u00e3o,\u00a0assinada pelo PSOL e pela Anis &#8211; Instituto de Bio\u00e9tica,\u00a0foi protocolada semana passada no STF. Terceira mulher a integrar a [&hellip;]","og_url":"https:\/\/psol50.org.br\/rosa-weber-e-a-relatora-da-acao-pela-descriminalizacao-do-aborto\/","og_site_name":"PSOL 50","article_publisher":"https:\/\/www.facebook.com\/psol50","article_published_time":"2017-03-15T18:49:11+00:00","og_image":[{"width":1350,"height":900,"url":"https:\/\/psol50.org.br\/inc\/uploads\/2018\/07\/capa.png","type":"image\/png"}],"author":"Comunica\u00e7\u00e3o PSOL","twitter_card":"summary_large_image","twitter_creator":"@psol50","twitter_site":"@psol50","twitter_misc":{"Escrito por":"Comunica\u00e7\u00e3o PSOL","Est. tempo de leitura":"2 minutos"},"schema":{"@context":"https:\/\/schema.org","@graph":[{"@type":"Article","@id":"https:\/\/psol50.org.br\/rosa-weber-e-a-relatora-da-acao-pela-descriminalizacao-do-aborto\/#article","isPartOf":{"@id":"https:\/\/psol50.org.br\/rosa-weber-e-a-relatora-da-acao-pela-descriminalizacao-do-aborto\/"},"author":{"name":"Comunica\u00e7\u00e3o PSOL","@id":"https:\/\/psol50.org.br\/#\/schema\/person\/475dfa57d0b815993c714c2e96491fcd"},"headline":"Rosa Weber \u00e9 a relatora da a\u00e7\u00e3o pela descriminaliza\u00e7\u00e3o do aborto","datePublished":"2017-03-15T18:49:11+00:00","mainEntityOfPage":{"@id":"https:\/\/psol50.org.br\/rosa-weber-e-a-relatora-da-acao-pela-descriminalizacao-do-aborto\/"},"wordCount":376,"commentCount":0,"publisher":{"@id":"https:\/\/psol50.org.br\/#organization"},"image":{"@id":"https:\/\/psol50.org.br\/rosa-weber-e-a-relatora-da-acao-pela-descriminalizacao-do-aborto\/#primaryimage"},"thumbnailUrl":"","keywords":["ADPF","Anis","Descriminaliza\u00e7\u00e3o do aborto","feminismo","STF"],"articleSection":["Brasil","Not\u00edcias"],"inLanguage":"pt-BR","potentialAction":[{"@type":"CommentAction","name":"Comment","target":["https:\/\/psol50.org.br\/rosa-weber-e-a-relatora-da-acao-pela-descriminalizacao-do-aborto\/#respond"]}]},{"@type":"WebPage","@id":"https:\/\/psol50.org.br\/rosa-weber-e-a-relatora-da-acao-pela-descriminalizacao-do-aborto\/","url":"https:\/\/psol50.org.br\/rosa-weber-e-a-relatora-da-acao-pela-descriminalizacao-do-aborto\/","name":"Rosa Weber \u00e9 a relatora da a\u00e7\u00e3o pela descriminaliza\u00e7\u00e3o do aborto - PSOL 50","isPartOf":{"@id":"https:\/\/psol50.org.br\/#website"},"primaryImageOfPage":{"@id":"https:\/\/psol50.org.br\/rosa-weber-e-a-relatora-da-acao-pela-descriminalizacao-do-aborto\/#primaryimage"},"image":{"@id":"https:\/\/psol50.org.br\/rosa-weber-e-a-relatora-da-acao-pela-descriminalizacao-do-aborto\/#primaryimage"},"thumbnailUrl":"","datePublished":"2017-03-15T18:49:11+00:00","breadcrumb":{"@id":"https:\/\/psol50.org.br\/rosa-weber-e-a-relatora-da-acao-pela-descriminalizacao-do-aborto\/#breadcrumb"},"inLanguage":"pt-BR","potentialAction":[{"@type":"ReadAction","target":["https:\/\/psol50.org.br\/rosa-weber-e-a-relatora-da-acao-pela-descriminalizacao-do-aborto\/"]}]},{"@type":"ImageObject","inLanguage":"pt-BR","@id":"https:\/\/psol50.org.br\/rosa-weber-e-a-relatora-da-acao-pela-descriminalizacao-do-aborto\/#primaryimage","url":"","contentUrl":""},{"@type":"BreadcrumbList","@id":"https:\/\/psol50.org.br\/rosa-weber-e-a-relatora-da-acao-pela-descriminalizacao-do-aborto\/#breadcrumb","itemListElement":[{"@type":"ListItem","position":1,"name":"In\u00edcio","item":"https:\/\/psol50.org.br\/"},{"@type":"ListItem","position":2,"name":"Rosa Weber \u00e9 a relatora da a\u00e7\u00e3o pela descriminaliza\u00e7\u00e3o do aborto"}]},{"@type":"WebSite","@id":"https:\/\/psol50.org.br\/#website","url":"https:\/\/psol50.org.br\/","name":"PSOL 50","description":"Site oficial do Partido Socialismo e Liberdade","publisher":{"@id":"https:\/\/psol50.org.br\/#organization"},"alternateName":"PSOL50","potentialAction":[{"@type":"SearchAction","target":{"@type":"EntryPoint","urlTemplate":"https:\/\/psol50.org.br\/?s={search_term_string}"},"query-input":{"@type":"PropertyValueSpecification","valueRequired":true,"valueName":"search_term_string"}}],"inLanguage":"pt-BR"},{"@type":"Organization","@id":"https:\/\/psol50.org.br\/#organization","name":"PSOL 50","alternateName":"PSOL 50","url":"https:\/\/psol50.org.br\/","logo":{"@type":"ImageObject","inLanguage":"pt-BR","@id":"https:\/\/psol50.org.br\/#\/schema\/logo\/image\/","url":"https:\/\/psol50.org.br\/inc\/uploads\/2018\/07\/capa.png","contentUrl":"https:\/\/psol50.org.br\/inc\/uploads\/2018\/07\/capa.png","width":1350,"height":900,"caption":"PSOL 50"},"image":{"@id":"https:\/\/psol50.org.br\/#\/schema\/logo\/image\/"},"sameAs":["https:\/\/www.facebook.com\/psol50","https:\/\/x.com\/psol50","https:\/\/www.instagram.com\/psol50\/","https:\/\/www.youtube.com\/channel\/UC7SnJS5o1os7a6CaiNabzcg"]},{"@type":"Person","@id":"https:\/\/psol50.org.br\/#\/schema\/person\/475dfa57d0b815993c714c2e96491fcd","name":"Comunica\u00e7\u00e3o PSOL","image":{"@type":"ImageObject","inLanguage":"pt-BR","@id":"https:\/\/psol50.org.br\/#\/schema\/person\/image\/","url":"https:\/\/secure.gravatar.com\/avatar\/b34fc4f4e468a4e51785917065a3db57b841f5c95dba6ad8c73aaf8f66f8f9bf?s=96&d=mm&r=g","contentUrl":"https:\/\/secure.gravatar.com\/avatar\/b34fc4f4e468a4e51785917065a3db57b841f5c95dba6ad8c73aaf8f66f8f9bf?s=96&d=mm&r=g","caption":"Comunica\u00e7\u00e3o PSOL"}}]}},"_links":{"self":[{"href":"https:\/\/psol50.org.br\/rest\/wp\/v2\/posts\/15563","targetHints":{"allow":["GET"]}}],"collection":[{"href":"https:\/\/psol50.org.br\/rest\/wp\/v2\/posts"}],"about":[{"href":"https:\/\/psol50.org.br\/rest\/wp\/v2\/types\/post"}],"author":[{"embeddable":true,"href":"https:\/\/psol50.org.br\/rest\/wp\/v2\/users\/2"}],"replies":[{"embeddable":true,"href":"https:\/\/psol50.org.br\/rest\/wp\/v2\/comments?post=15563"}],"version-history":[{"count":0,"href":"https:\/\/psol50.org.br\/rest\/wp\/v2\/posts\/15563\/revisions"}],"wp:featuredmedia":[{"embeddable":true,"href":"https:\/\/psol50.org.br\/rest\/"}],"wp:attachment":[{"href":"https:\/\/psol50.org.br\/rest\/wp\/v2\/media?parent=15563"}],"wp:term":[{"taxonomy":"category","embeddable":true,"href":"https:\/\/psol50.org.br\/rest\/wp\/v2\/categories?post=15563"},{"taxonomy":"post_tag","embeddable":true,"href":"https:\/\/psol50.org.br\/rest\/wp\/v2\/tags?post=15563"}],"curies":[{"name":"wp","href":"https:\/\/api.w.org\/{rel}","templated":true}]}}