{"id":15572,"date":"2017-03-16T13:03:49","date_gmt":"2017-03-16T13:03:49","guid":{"rendered":"http:\/\/www.psol50.org.br\/?p=15572"},"modified":"2017-03-16T13:03:49","modified_gmt":"2017-03-16T13:03:49","slug":"15m-brasil-se-levanta-contra-temer-e-seu-desmonte-da-previdencia","status":"publish","type":"post","link":"https:\/\/psol50.org.br\/15m-brasil-se-levanta-contra-temer-e-seu-desmonte-da-previdencia\/","title":{"rendered":"#15M: Brasil se levanta contra Temer e seu desmonte da Previd\u00eancia"},"content":{"rendered":"<p>Nessa quarta-feira (15\/03), dia nacional de mobiliza\u00e7\u00e3o contra a reforma da Previd\u00eancia, o Brasil se levantou contra Temer. Em ao menos 22 capitais, grandes atos contra o governo tomaram as ruas das cidades, enquanto em diversos outros locais houve paralisa\u00e7\u00f5es e atividades p\u00fablicas.<\/p>\n<p>Muitos n\u00e3o acreditaram, mas o clima de greve geral &#8220;pegou&#8221;: especialmente nas grandes capitais, como S\u00e3o Paulo, a greve dos metrovi\u00e1rios e rodovi\u00e1rios parou a cidade e culminou em uma gigantesca manifesta\u00e7\u00e3o na Avenida Paulista, que reuniu ao menos 200 mil pessoas em defesa dos direitos.<\/p>\n<p>No mesmo dia em que os <span style=\"color: #3366ff\"><strong><a style=\"color: #3366ff\" href=\"http:\/\/www.psol50.org.br\/blog\/2017\/03\/13\/professores-deflagram-greve-nacional-contra-a-reforma-da-previdencia-a-partir-do-dia-15\/\" target=\"_blank\" rel=\"noopener\">professores do Brasil todo iniciaram sua greve<\/a><\/strong><\/span> por tempo indeterminado, a ampla e unit\u00e1ria palavra de ordem era simples: &#8220;Fora, Temer!&#8221;\u00a0Este v\u00eddeo, produzido pela M\u00eddia Ninja no auge da manifesta\u00e7\u00e3o em S\u00e3o Paulo, mostra o tamanho do ato:<\/p>\n<p>&nbsp;<\/p>\n<p>Ficou \u00f3bvio que n\u00e3o s\u00e3o apenas os movimentos sociais organizados que est\u00e3o indo \u00e0s ruas contra o desmonte da Previd\u00eancia e o fim da aposentadoria. Cada vez mais, os trabalhadores e trabalhadoras entendem a amplitude da perda de seus direitos e come\u00e7am a se mobilizar.<\/p>\n<p>Para Guilherme Boulos, coordenador do Movimento dos Trabalhadores Sem-Teto (MTST), em sua fala na Paulista abarrotada, afirmou: &#8220;Hoje, o nosso povo entrou em campo. A paci\u00eancia acabou com esse governo golpista&#8221;. Assista \u00e0 interven\u00e7\u00e3o:<\/p>\n<p>&nbsp;<\/p>\n<p>Edson Carneiro \u00cdndio, secret\u00e1rio-geral da Intersindical e um dos coordenadores do ato, afirmou que o dia entra para a hist\u00f3ria da luta contra o governo golpista. Citando as grandes manifesta\u00e7\u00f5es das mulheres no 8 de mar\u00e7o e a vit\u00f3ria da ocupa\u00e7\u00e3o do MTST na Paulista, \u00cdndio mostra que a mobiliza\u00e7\u00e3o vai continuar at\u00e9 barrar os ataques de Temer. Assista ao v\u00eddeo:<\/p>\n<p>&nbsp;<\/p>\n<p>No Rio de Janeiro n\u00e3o foi diferente. Dezenas de milhares tomaram as ruas do centro da cidade, em ato unit\u00e1rio que juntou a pauta nacional com o caos que vive o estado carioca, motivado por anos de governos do PMDB, que quebraram o estado e hoje tentam destruir ainda mais direitos.<\/p>\n<figure id=\"attachment_15574\" aria-describedby=\"caption-attachment-15574\" style=\"width: 1000px\" class=\"wp-caption alignnone\"><img loading=\"lazy\" decoding=\"async\" class=\"size-large wp-image-15574\" src=\"http:\/\/www.psol50.org.br\/2017teste\/inc\/uploads\/2017\/03\/15M-RJ-NINJA-1024x682.jpg\" alt=\"\" width=\"1000\" height=\"666\" \/><figcaption id=\"caption-attachment-15574\" class=\"wp-caption-text\">Foto: M\u00eddia NINJA<\/figcaption><\/figure>\n<p>J\u00e1 em Bras\u00edlia, o dia amanheceu com o pr\u00e9dio do Minist\u00e9rio da Fazenda ocupado pelas frentes de mobiliza\u00e7\u00e3o Povo Sem Medo e Brasil Popular. Movimentos sociais como o MTST e o MST, coletivos de juventude e sindicatos amanheceram dentro do pr\u00e9dio que dirige a pol\u00edtica econ\u00f4mica do governo golpista e avisaram que ningu\u00e9m mais tolera a perda de direitos.<\/p>\n<p>&nbsp;<\/p>\n<figure id=\"attachment_15575\" aria-describedby=\"caption-attachment-15575\" style=\"width: 1000px\" class=\"wp-caption alignnone\"><img loading=\"lazy\" decoding=\"async\" class=\"size-large wp-image-15575\" src=\"http:\/\/www.psol50.org.br\/2017teste\/inc\/uploads\/2017\/03\/15M-DF-MinisterioFazendaOcupado-NINJA-1024x682.jpg\" alt=\"\" width=\"1000\" height=\"666\" \/><figcaption id=\"caption-attachment-15575\" class=\"wp-caption-text\">Foto: M\u00eddia NINJA<\/figcaption><\/figure>\n<p>Alguns articuladores de Temer, como os senadores Romero Juc\u00e1 e Eun\u00edcio Oliveira (PMDB) e o Rodrigo Maia (DEM) &#8211; todos afundados em den\u00fancias de corrup\u00e7\u00e3o -, acharam que iriam aprovar com facilidade quaisquer ataques aos nossos direitos. O povo est\u00e1 mostrando que o toque de caixa n\u00e3o vai acontecer.<\/p>\n","protected":false},"excerpt":{"rendered":"<p>Nessa quarta-feira (15\/03), dia nacional de mobiliza\u00e7\u00e3o contra a reforma da Previd\u00eancia, o Brasil se levantou contra Temer. Em ao menos 22 capitais, grandes atos contra o governo tomaram as ruas das cidades, enquanto em diversos outros locais houve paralisa\u00e7\u00f5es e atividades p\u00fablicas. Muitos n\u00e3o acreditaram, mas o clima de greve geral &#8220;pegou&#8221;: especialmente nas [&hellip;]<\/p>\n","protected":false},"author":2,"featured_media":15576,"comment_status":"open","ping_status":"open","sticky":false,"template":"","format":"standard","meta":{"_acf_changed":false,"footnotes":""},"categories":[1882,1104,6],"tags":[1815,2169,1793,287,39],"class_list":{"0":"post-15572","1":"post","2":"type-post","3":"status-publish","4":"format-standard","5":"has-post-thumbnail","7":"category-brasil","8":"category-movimento","9":"category-noticias","10":"tag-15m","11":"tag-fora-temer","12":"tag-greve-geral","13":"tag-manifestacao","14":"tag-reforma-da-previdencia"},"acf":[],"yoast_head":"<!-- This site is optimized with the Yoast SEO plugin v26.5 - https:\/\/yoast.com\/wordpress\/plugins\/seo\/ -->\n<title>#15M: Brasil se levanta contra Temer e seu desmonte da Previd\u00eancia - PSOL 50<\/title>\n<meta name=\"robots\" content=\"index, follow, max-snippet:-1, max-image-preview:large, max-video-preview:-1\" \/>\n<link rel=\"canonical\" href=\"https:\/\/psol50.org.br\/15m-brasil-se-levanta-contra-temer-e-seu-desmonte-da-previdencia\/\" \/>\n<meta property=\"og:locale\" content=\"pt_BR\" \/>\n<meta property=\"og:type\" content=\"article\" \/>\n<meta property=\"og:title\" content=\"#15M: Brasil se levanta contra Temer e seu desmonte da Previd\u00eancia - PSOL 50\" \/>\n<meta property=\"og:description\" content=\"Nessa quarta-feira (15\/03), dia nacional de mobiliza\u00e7\u00e3o contra a reforma da Previd\u00eancia, o Brasil se levantou contra Temer. Em ao menos 22 capitais, grandes atos contra o governo tomaram as ruas das cidades, enquanto em diversos outros locais houve paralisa\u00e7\u00f5es e atividades p\u00fablicas. Muitos n\u00e3o acreditaram, mas o clima de greve geral &#8220;pegou&#8221;: especialmente nas [&hellip;]\" \/>\n<meta property=\"og:url\" content=\"https:\/\/psol50.org.br\/15m-brasil-se-levanta-contra-temer-e-seu-desmonte-da-previdencia\/\" \/>\n<meta property=\"og:site_name\" content=\"PSOL 50\" \/>\n<meta property=\"article:publisher\" content=\"https:\/\/www.facebook.com\/psol50\" \/>\n<meta property=\"article:published_time\" content=\"2017-03-16T13:03:49+00:00\" \/>\n<meta property=\"og:image\" content=\"https:\/\/psol50.org.br\/inc\/uploads\/2017\/03\/15M-SP-NINJA.jpg\" \/>\n\t<meta property=\"og:image:width\" content=\"1350\" \/>\n\t<meta property=\"og:image:height\" content=\"866\" \/>\n\t<meta property=\"og:image:type\" content=\"image\/jpeg\" \/>\n<meta name=\"author\" content=\"Comunica\u00e7\u00e3o PSOL\" \/>\n<meta name=\"twitter:card\" content=\"summary_large_image\" \/>\n<meta name=\"twitter:creator\" content=\"@psol50\" \/>\n<meta name=\"twitter:site\" content=\"@psol50\" \/>\n<meta name=\"twitter:label1\" content=\"Escrito por\" \/>\n\t<meta name=\"twitter:data1\" content=\"Comunica\u00e7\u00e3o PSOL\" \/>\n\t<meta name=\"twitter:label2\" content=\"Est. tempo de leitura\" \/>\n\t<meta name=\"twitter:data2\" content=\"2 minutos\" \/>\n<script type=\"application\/ld+json\" class=\"yoast-schema-graph\">{\"@context\":\"https:\/\/schema.org\",\"@graph\":[{\"@type\":\"Article\",\"@id\":\"https:\/\/psol50.org.br\/15m-brasil-se-levanta-contra-temer-e-seu-desmonte-da-previdencia\/#article\",\"isPartOf\":{\"@id\":\"https:\/\/psol50.org.br\/15m-brasil-se-levanta-contra-temer-e-seu-desmonte-da-previdencia\/\"},\"author\":{\"name\":\"Comunica\u00e7\u00e3o PSOL\",\"@id\":\"https:\/\/psol50.org.br\/#\/schema\/person\/475dfa57d0b815993c714c2e96491fcd\"},\"headline\":\"#15M: Brasil se levanta contra Temer e seu desmonte da Previd\u00eancia\",\"datePublished\":\"2017-03-16T13:03:49+00:00\",\"mainEntityOfPage\":{\"@id\":\"https:\/\/psol50.org.br\/15m-brasil-se-levanta-contra-temer-e-seu-desmonte-da-previdencia\/\"},\"wordCount\":509,\"commentCount\":0,\"publisher\":{\"@id\":\"https:\/\/psol50.org.br\/#organization\"},\"image\":{\"@id\":\"https:\/\/psol50.org.br\/15m-brasil-se-levanta-contra-temer-e-seu-desmonte-da-previdencia\/#primaryimage\"},\"thumbnailUrl\":\"https:\/\/psol50.org.br\/inc\/uploads\/2017\/03\/15M-SP-NINJA.jpg\",\"keywords\":[\"15M\",\"Fora Temer\",\"greve geral\",\"manifesta\u00e7\u00e3o\",\"reforma da previd\u00eancia\"],\"articleSection\":[\"Brasil\",\"Movimento\",\"Not\u00edcias\"],\"inLanguage\":\"pt-BR\",\"potentialAction\":[{\"@type\":\"CommentAction\",\"name\":\"Comment\",\"target\":[\"https:\/\/psol50.org.br\/15m-brasil-se-levanta-contra-temer-e-seu-desmonte-da-previdencia\/#respond\"]}]},{\"@type\":\"WebPage\",\"@id\":\"https:\/\/psol50.org.br\/15m-brasil-se-levanta-contra-temer-e-seu-desmonte-da-previdencia\/\",\"url\":\"https:\/\/psol50.org.br\/15m-brasil-se-levanta-contra-temer-e-seu-desmonte-da-previdencia\/\",\"name\":\"#15M: Brasil se levanta contra Temer e seu desmonte da Previd\u00eancia - PSOL 50\",\"isPartOf\":{\"@id\":\"https:\/\/psol50.org.br\/#website\"},\"primaryImageOfPage\":{\"@id\":\"https:\/\/psol50.org.br\/15m-brasil-se-levanta-contra-temer-e-seu-desmonte-da-previdencia\/#primaryimage\"},\"image\":{\"@id\":\"https:\/\/psol50.org.br\/15m-brasil-se-levanta-contra-temer-e-seu-desmonte-da-previdencia\/#primaryimage\"},\"thumbnailUrl\":\"https:\/\/psol50.org.br\/inc\/uploads\/2017\/03\/15M-SP-NINJA.jpg\",\"datePublished\":\"2017-03-16T13:03:49+00:00\",\"breadcrumb\":{\"@id\":\"https:\/\/psol50.org.br\/15m-brasil-se-levanta-contra-temer-e-seu-desmonte-da-previdencia\/#breadcrumb\"},\"inLanguage\":\"pt-BR\",\"potentialAction\":[{\"@type\":\"ReadAction\",\"target\":[\"https:\/\/psol50.org.br\/15m-brasil-se-levanta-contra-temer-e-seu-desmonte-da-previdencia\/\"]}]},{\"@type\":\"ImageObject\",\"inLanguage\":\"pt-BR\",\"@id\":\"https:\/\/psol50.org.br\/15m-brasil-se-levanta-contra-temer-e-seu-desmonte-da-previdencia\/#primaryimage\",\"url\":\"https:\/\/psol50.org.br\/inc\/uploads\/2017\/03\/15M-SP-NINJA.jpg\",\"contentUrl\":\"https:\/\/psol50.org.br\/inc\/uploads\/2017\/03\/15M-SP-NINJA.jpg\",\"width\":1350,\"height\":866},{\"@type\":\"BreadcrumbList\",\"@id\":\"https:\/\/psol50.org.br\/15m-brasil-se-levanta-contra-temer-e-seu-desmonte-da-previdencia\/#breadcrumb\",\"itemListElement\":[{\"@type\":\"ListItem\",\"position\":1,\"name\":\"In\u00edcio\",\"item\":\"https:\/\/psol50.org.br\/\"},{\"@type\":\"ListItem\",\"position\":2,\"name\":\"#15M: Brasil se levanta contra Temer e seu desmonte da Previd\u00eancia\"}]},{\"@type\":\"WebSite\",\"@id\":\"https:\/\/psol50.org.br\/#website\",\"url\":\"https:\/\/psol50.org.br\/\",\"name\":\"PSOL 50\",\"description\":\"Site oficial do Partido Socialismo e Liberdade\",\"publisher\":{\"@id\":\"https:\/\/psol50.org.br\/#organization\"},\"alternateName\":\"PSOL50\",\"potentialAction\":[{\"@type\":\"SearchAction\",\"target\":{\"@type\":\"EntryPoint\",\"urlTemplate\":\"https:\/\/psol50.org.br\/?s={search_term_string}\"},\"query-input\":{\"@type\":\"PropertyValueSpecification\",\"valueRequired\":true,\"valueName\":\"search_term_string\"}}],\"inLanguage\":\"pt-BR\"},{\"@type\":\"Organization\",\"@id\":\"https:\/\/psol50.org.br\/#organization\",\"name\":\"PSOL 50\",\"alternateName\":\"PSOL 50\",\"url\":\"https:\/\/psol50.org.br\/\",\"logo\":{\"@type\":\"ImageObject\",\"inLanguage\":\"pt-BR\",\"@id\":\"https:\/\/psol50.org.br\/#\/schema\/logo\/image\/\",\"url\":\"https:\/\/psol50.org.br\/inc\/uploads\/2018\/07\/capa.png\",\"contentUrl\":\"https:\/\/psol50.org.br\/inc\/uploads\/2018\/07\/capa.png\",\"width\":1350,\"height\":900,\"caption\":\"PSOL 50\"},\"image\":{\"@id\":\"https:\/\/psol50.org.br\/#\/schema\/logo\/image\/\"},\"sameAs\":[\"https:\/\/www.facebook.com\/psol50\",\"https:\/\/x.com\/psol50\",\"https:\/\/www.instagram.com\/psol50\/\",\"https:\/\/www.youtube.com\/channel\/UC7SnJS5o1os7a6CaiNabzcg\"]},{\"@type\":\"Person\",\"@id\":\"https:\/\/psol50.org.br\/#\/schema\/person\/475dfa57d0b815993c714c2e96491fcd\",\"name\":\"Comunica\u00e7\u00e3o PSOL\",\"image\":{\"@type\":\"ImageObject\",\"inLanguage\":\"pt-BR\",\"@id\":\"https:\/\/psol50.org.br\/#\/schema\/person\/image\/\",\"url\":\"https:\/\/secure.gravatar.com\/avatar\/b34fc4f4e468a4e51785917065a3db57b841f5c95dba6ad8c73aaf8f66f8f9bf?s=96&d=mm&r=g\",\"contentUrl\":\"https:\/\/secure.gravatar.com\/avatar\/b34fc4f4e468a4e51785917065a3db57b841f5c95dba6ad8c73aaf8f66f8f9bf?s=96&d=mm&r=g\",\"caption\":\"Comunica\u00e7\u00e3o PSOL\"}}]}<\/script>\n<!-- \/ Yoast SEO plugin. -->","yoast_head_json":{"title":"#15M: Brasil se levanta contra Temer e seu desmonte da Previd\u00eancia - PSOL 50","robots":{"index":"index","follow":"follow","max-snippet":"max-snippet:-1","max-image-preview":"max-image-preview:large","max-video-preview":"max-video-preview:-1"},"canonical":"https:\/\/psol50.org.br\/15m-brasil-se-levanta-contra-temer-e-seu-desmonte-da-previdencia\/","og_locale":"pt_BR","og_type":"article","og_title":"#15M: Brasil se levanta contra Temer e seu desmonte da Previd\u00eancia - PSOL 50","og_description":"Nessa quarta-feira (15\/03), dia nacional de mobiliza\u00e7\u00e3o contra a reforma da Previd\u00eancia, o Brasil se levantou contra Temer. Em ao menos 22 capitais, grandes atos contra o governo tomaram as ruas das cidades, enquanto em diversos outros locais houve paralisa\u00e7\u00f5es e atividades p\u00fablicas. Muitos n\u00e3o acreditaram, mas o clima de greve geral &#8220;pegou&#8221;: especialmente nas [&hellip;]","og_url":"https:\/\/psol50.org.br\/15m-brasil-se-levanta-contra-temer-e-seu-desmonte-da-previdencia\/","og_site_name":"PSOL 50","article_publisher":"https:\/\/www.facebook.com\/psol50","article_published_time":"2017-03-16T13:03:49+00:00","og_image":[{"width":1350,"height":866,"url":"https:\/\/psol50.org.br\/inc\/uploads\/2017\/03\/15M-SP-NINJA.jpg","type":"image\/jpeg"}],"author":"Comunica\u00e7\u00e3o PSOL","twitter_card":"summary_large_image","twitter_creator":"@psol50","twitter_site":"@psol50","twitter_misc":{"Escrito por":"Comunica\u00e7\u00e3o PSOL","Est. tempo de leitura":"2 minutos"},"schema":{"@context":"https:\/\/schema.org","@graph":[{"@type":"Article","@id":"https:\/\/psol50.org.br\/15m-brasil-se-levanta-contra-temer-e-seu-desmonte-da-previdencia\/#article","isPartOf":{"@id":"https:\/\/psol50.org.br\/15m-brasil-se-levanta-contra-temer-e-seu-desmonte-da-previdencia\/"},"author":{"name":"Comunica\u00e7\u00e3o PSOL","@id":"https:\/\/psol50.org.br\/#\/schema\/person\/475dfa57d0b815993c714c2e96491fcd"},"headline":"#15M: Brasil se levanta contra Temer e seu desmonte da Previd\u00eancia","datePublished":"2017-03-16T13:03:49+00:00","mainEntityOfPage":{"@id":"https:\/\/psol50.org.br\/15m-brasil-se-levanta-contra-temer-e-seu-desmonte-da-previdencia\/"},"wordCount":509,"commentCount":0,"publisher":{"@id":"https:\/\/psol50.org.br\/#organization"},"image":{"@id":"https:\/\/psol50.org.br\/15m-brasil-se-levanta-contra-temer-e-seu-desmonte-da-previdencia\/#primaryimage"},"thumbnailUrl":"https:\/\/psol50.org.br\/inc\/uploads\/2017\/03\/15M-SP-NINJA.jpg","keywords":["15M","Fora Temer","greve geral","manifesta\u00e7\u00e3o","reforma da previd\u00eancia"],"articleSection":["Brasil","Movimento","Not\u00edcias"],"inLanguage":"pt-BR","potentialAction":[{"@type":"CommentAction","name":"Comment","target":["https:\/\/psol50.org.br\/15m-brasil-se-levanta-contra-temer-e-seu-desmonte-da-previdencia\/#respond"]}]},{"@type":"WebPage","@id":"https:\/\/psol50.org.br\/15m-brasil-se-levanta-contra-temer-e-seu-desmonte-da-previdencia\/","url":"https:\/\/psol50.org.br\/15m-brasil-se-levanta-contra-temer-e-seu-desmonte-da-previdencia\/","name":"#15M: Brasil se levanta contra Temer e seu desmonte da Previd\u00eancia - PSOL 50","isPartOf":{"@id":"https:\/\/psol50.org.br\/#website"},"primaryImageOfPage":{"@id":"https:\/\/psol50.org.br\/15m-brasil-se-levanta-contra-temer-e-seu-desmonte-da-previdencia\/#primaryimage"},"image":{"@id":"https:\/\/psol50.org.br\/15m-brasil-se-levanta-contra-temer-e-seu-desmonte-da-previdencia\/#primaryimage"},"thumbnailUrl":"https:\/\/psol50.org.br\/inc\/uploads\/2017\/03\/15M-SP-NINJA.jpg","datePublished":"2017-03-16T13:03:49+00:00","breadcrumb":{"@id":"https:\/\/psol50.org.br\/15m-brasil-se-levanta-contra-temer-e-seu-desmonte-da-previdencia\/#breadcrumb"},"inLanguage":"pt-BR","potentialAction":[{"@type":"ReadAction","target":["https:\/\/psol50.org.br\/15m-brasil-se-levanta-contra-temer-e-seu-desmonte-da-previdencia\/"]}]},{"@type":"ImageObject","inLanguage":"pt-BR","@id":"https:\/\/psol50.org.br\/15m-brasil-se-levanta-contra-temer-e-seu-desmonte-da-previdencia\/#primaryimage","url":"https:\/\/psol50.org.br\/inc\/uploads\/2017\/03\/15M-SP-NINJA.jpg","contentUrl":"https:\/\/psol50.org.br\/inc\/uploads\/2017\/03\/15M-SP-NINJA.jpg","width":1350,"height":866},{"@type":"BreadcrumbList","@id":"https:\/\/psol50.org.br\/15m-brasil-se-levanta-contra-temer-e-seu-desmonte-da-previdencia\/#breadcrumb","itemListElement":[{"@type":"ListItem","position":1,"name":"In\u00edcio","item":"https:\/\/psol50.org.br\/"},{"@type":"ListItem","position":2,"name":"#15M: Brasil se levanta contra Temer e seu desmonte da Previd\u00eancia"}]},{"@type":"WebSite","@id":"https:\/\/psol50.org.br\/#website","url":"https:\/\/psol50.org.br\/","name":"PSOL 50","description":"Site oficial do Partido Socialismo e Liberdade","publisher":{"@id":"https:\/\/psol50.org.br\/#organization"},"alternateName":"PSOL50","potentialAction":[{"@type":"SearchAction","target":{"@type":"EntryPoint","urlTemplate":"https:\/\/psol50.org.br\/?s={search_term_string}"},"query-input":{"@type":"PropertyValueSpecification","valueRequired":true,"valueName":"search_term_string"}}],"inLanguage":"pt-BR"},{"@type":"Organization","@id":"https:\/\/psol50.org.br\/#organization","name":"PSOL 50","alternateName":"PSOL 50","url":"https:\/\/psol50.org.br\/","logo":{"@type":"ImageObject","inLanguage":"pt-BR","@id":"https:\/\/psol50.org.br\/#\/schema\/logo\/image\/","url":"https:\/\/psol50.org.br\/inc\/uploads\/2018\/07\/capa.png","contentUrl":"https:\/\/psol50.org.br\/inc\/uploads\/2018\/07\/capa.png","width":1350,"height":900,"caption":"PSOL 50"},"image":{"@id":"https:\/\/psol50.org.br\/#\/schema\/logo\/image\/"},"sameAs":["https:\/\/www.facebook.com\/psol50","https:\/\/x.com\/psol50","https:\/\/www.instagram.com\/psol50\/","https:\/\/www.youtube.com\/channel\/UC7SnJS5o1os7a6CaiNabzcg"]},{"@type":"Person","@id":"https:\/\/psol50.org.br\/#\/schema\/person\/475dfa57d0b815993c714c2e96491fcd","name":"Comunica\u00e7\u00e3o PSOL","image":{"@type":"ImageObject","inLanguage":"pt-BR","@id":"https:\/\/psol50.org.br\/#\/schema\/person\/image\/","url":"https:\/\/secure.gravatar.com\/avatar\/b34fc4f4e468a4e51785917065a3db57b841f5c95dba6ad8c73aaf8f66f8f9bf?s=96&d=mm&r=g","contentUrl":"https:\/\/secure.gravatar.com\/avatar\/b34fc4f4e468a4e51785917065a3db57b841f5c95dba6ad8c73aaf8f66f8f9bf?s=96&d=mm&r=g","caption":"Comunica\u00e7\u00e3o PSOL"}}]}},"_links":{"self":[{"href":"https:\/\/psol50.org.br\/rest\/wp\/v2\/posts\/15572","targetHints":{"allow":["GET"]}}],"collection":[{"href":"https:\/\/psol50.org.br\/rest\/wp\/v2\/posts"}],"about":[{"href":"https:\/\/psol50.org.br\/rest\/wp\/v2\/types\/post"}],"author":[{"embeddable":true,"href":"https:\/\/psol50.org.br\/rest\/wp\/v2\/users\/2"}],"replies":[{"embeddable":true,"href":"https:\/\/psol50.org.br\/rest\/wp\/v2\/comments?post=15572"}],"version-history":[{"count":0,"href":"https:\/\/psol50.org.br\/rest\/wp\/v2\/posts\/15572\/revisions"}],"wp:featuredmedia":[{"embeddable":true,"href":"https:\/\/psol50.org.br\/rest\/wp\/v2\/media\/15576"}],"wp:attachment":[{"href":"https:\/\/psol50.org.br\/rest\/wp\/v2\/media?parent=15572"}],"wp:term":[{"taxonomy":"category","embeddable":true,"href":"https:\/\/psol50.org.br\/rest\/wp\/v2\/categories?post=15572"},{"taxonomy":"post_tag","embeddable":true,"href":"https:\/\/psol50.org.br\/rest\/wp\/v2\/tags?post=15572"}],"curies":[{"name":"wp","href":"https:\/\/api.w.org\/{rel}","templated":true}]}}