{"id":1558,"date":"2011-05-27T00:00:00","date_gmt":"2011-05-27T00:00:00","guid":{"rendered":"http:\/\/psol50.org.br\/arquivo\/2011\/05\/27\/psol-salvador-campanha-chega-de-vender-nossa-cidade-sera-reforcada\/"},"modified":"2011-05-27T00:00:00","modified_gmt":"2011-05-27T00:00:00","slug":"psol-salvador-campanha-chega-de-vender-nossa-cidade-sera-reforcada","status":"publish","type":"post","link":"https:\/\/psol50.org.br\/psol-salvador-campanha-chega-de-vender-nossa-cidade-sera-reforcada\/","title":{"rendered":"PSOL Salvador: Campanha &#8220;Chega de vender nossa cidade&#8221; ser\u00e1 refor\u00e7ada"},"content":{"rendered":"<div>No dia 23 de maio, segunda-feira, a Executiva Municipal reunida decidiu por  refor\u00e7ar a campanha que o Partido vem fazendo na cidade desde o in\u00edcio  deste ano.<\/div>\n<p>Sob o mote &#8220;Chega de vender nossa cidade&#8221; o PSOL busca articular todas  as bandeiras e luta do partido em n\u00edvel Municipal por entender que  &#8220;nossas lutas se encontram num ponto em comum: a luta contra a\u00a0entrega  da cidade aos corruptos, capitalistas e especuladores&#8221;\u00a0afirma Hamilton  Assis, presidente do Diret\u00f3rio Municipal.???<\/p>\n<table cellspacing=\"0\" cellpadding=\"0\">\n<tbody>\n<tr>\n<td><a href=\"http:\/\/3.bp.blogspot.com\/-nnVLwf9LsKI\/Td2FUmzSRHI\/AAAAAAAAAAY\/SW91O_dzn5A\/s1600\/untitled.bmp\"><img loading=\"lazy\" decoding=\"async\" src=\"http:\/\/3.bp.blogspot.com\/-nnVLwf9LsKI\/Td2FUmzSRHI\/AAAAAAAAAAY\/SW91O_dzn5A\/s320\/untitled.bmp\" border=\"0\" alt=\"\" width=\"320\" height=\"256\" \/><\/a><\/td>\n<\/tr>\n<tr>\n<td><strong>MIlitantes do PSOL<\/strong><\/td>\n<\/tr>\n<\/tbody>\n<\/table>\n<p>??Segundo o secret\u00e1rio geral do Partido, Rafael Digal,  &#8220;a ideia \u00e9 que nesse pr\u00f3ximo per\u00edodo a interven\u00e7\u00e3o do PSOL em Salvador a  partir dessa campanha, cumpra o papel de mobilizar e instrumentalizar a  milit\u00e2ncia al\u00e9m de visibilizar as lutas do nosso povo onde estamos  inseridos ou apoiamos&#8221;<\/p>\n<p>Em breve ser\u00e1 realizado um semin\u00e1rio para militantes e simpatizantes do  PSOL discutindo as principais quest\u00f5es do munic\u00edpio e organizando nosso  bloco pra ir \u00e0s ruas. Fiquem <a href=\"mailto:atent@s\">atent@s<\/a>!<\/p>\n","protected":false},"excerpt":{"rendered":"<p>No dia 23 de maio, segunda-feira, a Executiva Municipal reunida decidiu por refor\u00e7ar a campanha que o Partido vem fazendo na cidade desde o in\u00edcio deste ano. Sob o mote &#8220;Chega de vender nossa cidade&#8221; o PSOL busca articular todas as bandeiras e luta do partido em n\u00edvel Municipal por entender que &#8220;nossas lutas se [&hellip;]<\/p>\n","protected":false},"author":2,"featured_media":0,"comment_status":"open","ping_status":"open","sticky":false,"template":"","format":"standard","meta":{"_acf_changed":false,"footnotes":""},"categories":[4766],"tags":[],"class_list":{"0":"post-1558","1":"post","2":"type-post","3":"status-publish","4":"format-standard","6":"category-arquivo"},"acf":[],"yoast_head":"<!-- This site is optimized with the Yoast SEO plugin v26.5 - https:\/\/yoast.com\/wordpress\/plugins\/seo\/ -->\n<title>PSOL Salvador: Campanha &quot;Chega de vender nossa cidade&quot; ser\u00e1 refor\u00e7ada - PSOL 50<\/title>\n<meta name=\"robots\" content=\"index, follow, max-snippet:-1, max-image-preview:large, max-video-preview:-1\" \/>\n<link rel=\"canonical\" href=\"https:\/\/psol50.org.br\/psol-salvador-campanha-chega-de-vender-nossa-cidade-sera-reforcada\/\" \/>\n<meta property=\"og:locale\" content=\"pt_BR\" \/>\n<meta property=\"og:type\" content=\"article\" \/>\n<meta property=\"og:title\" content=\"PSOL Salvador: Campanha &quot;Chega de vender nossa cidade&quot; ser\u00e1 refor\u00e7ada - PSOL 50\" \/>\n<meta property=\"og:description\" content=\"No dia 23 de maio, segunda-feira, a Executiva Municipal reunida decidiu por refor\u00e7ar a campanha que o Partido vem fazendo na cidade desde o in\u00edcio deste ano. Sob o mote &#8220;Chega de vender nossa cidade&#8221; o PSOL busca articular todas as bandeiras e luta do partido em n\u00edvel Municipal por entender que &#8220;nossas lutas se [&hellip;]\" \/>\n<meta property=\"og:url\" content=\"https:\/\/psol50.org.br\/psol-salvador-campanha-chega-de-vender-nossa-cidade-sera-reforcada\/\" \/>\n<meta property=\"og:site_name\" content=\"PSOL 50\" \/>\n<meta property=\"article:publisher\" content=\"https:\/\/www.facebook.com\/psol50\" \/>\n<meta property=\"article:published_time\" content=\"2011-05-27T00:00:00+00:00\" \/>\n<meta property=\"og:image\" content=\"http:\/\/3.bp.blogspot.com\/-nnVLwf9LsKI\/Td2FUmzSRHI\/AAAAAAAAAAY\/SW91O_dzn5A\/s320\/untitled.bmp\" \/>\n<meta name=\"author\" content=\"Comunica\u00e7\u00e3o PSOL\" \/>\n<meta name=\"twitter:card\" content=\"summary_large_image\" \/>\n<meta name=\"twitter:creator\" content=\"@psol50\" \/>\n<meta name=\"twitter:site\" content=\"@psol50\" \/>\n<meta name=\"twitter:label1\" content=\"Escrito por\" \/>\n\t<meta name=\"twitter:data1\" content=\"Comunica\u00e7\u00e3o PSOL\" \/>\n\t<meta name=\"twitter:label2\" content=\"Est. tempo de leitura\" \/>\n\t<meta name=\"twitter:data2\" content=\"1 minuto\" \/>\n<script type=\"application\/ld+json\" class=\"yoast-schema-graph\">{\"@context\":\"https:\/\/schema.org\",\"@graph\":[{\"@type\":\"Article\",\"@id\":\"https:\/\/psol50.org.br\/psol-salvador-campanha-chega-de-vender-nossa-cidade-sera-reforcada\/#article\",\"isPartOf\":{\"@id\":\"https:\/\/psol50.org.br\/psol-salvador-campanha-chega-de-vender-nossa-cidade-sera-reforcada\/\"},\"author\":{\"name\":\"Comunica\u00e7\u00e3o PSOL\",\"@id\":\"https:\/\/psol50.org.br\/#\/schema\/person\/475dfa57d0b815993c714c2e96491fcd\"},\"headline\":\"PSOL Salvador: Campanha &#8220;Chega de vender nossa cidade&#8221; ser\u00e1 refor\u00e7ada\",\"datePublished\":\"2011-05-27T00:00:00+00:00\",\"mainEntityOfPage\":{\"@id\":\"https:\/\/psol50.org.br\/psol-salvador-campanha-chega-de-vender-nossa-cidade-sera-reforcada\/\"},\"wordCount\":180,\"commentCount\":0,\"publisher\":{\"@id\":\"https:\/\/psol50.org.br\/#organization\"},\"image\":{\"@id\":\"https:\/\/psol50.org.br\/psol-salvador-campanha-chega-de-vender-nossa-cidade-sera-reforcada\/#primaryimage\"},\"thumbnailUrl\":\"http:\/\/3.bp.blogspot.com\/-nnVLwf9LsKI\/Td2FUmzSRHI\/AAAAAAAAAAY\/SW91O_dzn5A\/s320\/untitled.bmp\",\"articleSection\":[\"Arquivo\"],\"inLanguage\":\"pt-BR\",\"potentialAction\":[{\"@type\":\"CommentAction\",\"name\":\"Comment\",\"target\":[\"https:\/\/psol50.org.br\/psol-salvador-campanha-chega-de-vender-nossa-cidade-sera-reforcada\/#respond\"]}]},{\"@type\":\"WebPage\",\"@id\":\"https:\/\/psol50.org.br\/psol-salvador-campanha-chega-de-vender-nossa-cidade-sera-reforcada\/\",\"url\":\"https:\/\/psol50.org.br\/psol-salvador-campanha-chega-de-vender-nossa-cidade-sera-reforcada\/\",\"name\":\"PSOL Salvador: Campanha \\\"Chega de vender nossa cidade\\\" ser\u00e1 refor\u00e7ada - PSOL 50\",\"isPartOf\":{\"@id\":\"https:\/\/psol50.org.br\/#website\"},\"primaryImageOfPage\":{\"@id\":\"https:\/\/psol50.org.br\/psol-salvador-campanha-chega-de-vender-nossa-cidade-sera-reforcada\/#primaryimage\"},\"image\":{\"@id\":\"https:\/\/psol50.org.br\/psol-salvador-campanha-chega-de-vender-nossa-cidade-sera-reforcada\/#primaryimage\"},\"thumbnailUrl\":\"http:\/\/3.bp.blogspot.com\/-nnVLwf9LsKI\/Td2FUmzSRHI\/AAAAAAAAAAY\/SW91O_dzn5A\/s320\/untitled.bmp\",\"datePublished\":\"2011-05-27T00:00:00+00:00\",\"breadcrumb\":{\"@id\":\"https:\/\/psol50.org.br\/psol-salvador-campanha-chega-de-vender-nossa-cidade-sera-reforcada\/#breadcrumb\"},\"inLanguage\":\"pt-BR\",\"potentialAction\":[{\"@type\":\"ReadAction\",\"target\":[\"https:\/\/psol50.org.br\/psol-salvador-campanha-chega-de-vender-nossa-cidade-sera-reforcada\/\"]}]},{\"@type\":\"ImageObject\",\"inLanguage\":\"pt-BR\",\"@id\":\"https:\/\/psol50.org.br\/psol-salvador-campanha-chega-de-vender-nossa-cidade-sera-reforcada\/#primaryimage\",\"url\":\"http:\/\/3.bp.blogspot.com\/-nnVLwf9LsKI\/Td2FUmzSRHI\/AAAAAAAAAAY\/SW91O_dzn5A\/s320\/untitled.bmp\",\"contentUrl\":\"http:\/\/3.bp.blogspot.com\/-nnVLwf9LsKI\/Td2FUmzSRHI\/AAAAAAAAAAY\/SW91O_dzn5A\/s320\/untitled.bmp\"},{\"@type\":\"BreadcrumbList\",\"@id\":\"https:\/\/psol50.org.br\/psol-salvador-campanha-chega-de-vender-nossa-cidade-sera-reforcada\/#breadcrumb\",\"itemListElement\":[{\"@type\":\"ListItem\",\"position\":1,\"name\":\"In\u00edcio\",\"item\":\"https:\/\/psol50.org.br\/\"},{\"@type\":\"ListItem\",\"position\":2,\"name\":\"PSOL Salvador: Campanha &#8220;Chega de vender nossa cidade&#8221; ser\u00e1 refor\u00e7ada\"}]},{\"@type\":\"WebSite\",\"@id\":\"https:\/\/psol50.org.br\/#website\",\"url\":\"https:\/\/psol50.org.br\/\",\"name\":\"PSOL 50\",\"description\":\"Site oficial do Partido Socialismo e Liberdade\",\"publisher\":{\"@id\":\"https:\/\/psol50.org.br\/#organization\"},\"alternateName\":\"PSOL50\",\"potentialAction\":[{\"@type\":\"SearchAction\",\"target\":{\"@type\":\"EntryPoint\",\"urlTemplate\":\"https:\/\/psol50.org.br\/?s={search_term_string}\"},\"query-input\":{\"@type\":\"PropertyValueSpecification\",\"valueRequired\":true,\"valueName\":\"search_term_string\"}}],\"inLanguage\":\"pt-BR\"},{\"@type\":\"Organization\",\"@id\":\"https:\/\/psol50.org.br\/#organization\",\"name\":\"PSOL 50\",\"alternateName\":\"PSOL 50\",\"url\":\"https:\/\/psol50.org.br\/\",\"logo\":{\"@type\":\"ImageObject\",\"inLanguage\":\"pt-BR\",\"@id\":\"https:\/\/psol50.org.br\/#\/schema\/logo\/image\/\",\"url\":\"https:\/\/psol50.org.br\/inc\/uploads\/2018\/07\/capa.png\",\"contentUrl\":\"https:\/\/psol50.org.br\/inc\/uploads\/2018\/07\/capa.png\",\"width\":1350,\"height\":900,\"caption\":\"PSOL 50\"},\"image\":{\"@id\":\"https:\/\/psol50.org.br\/#\/schema\/logo\/image\/\"},\"sameAs\":[\"https:\/\/www.facebook.com\/psol50\",\"https:\/\/x.com\/psol50\",\"https:\/\/www.instagram.com\/psol50\/\",\"https:\/\/www.youtube.com\/channel\/UC7SnJS5o1os7a6CaiNabzcg\"]},{\"@type\":\"Person\",\"@id\":\"https:\/\/psol50.org.br\/#\/schema\/person\/475dfa57d0b815993c714c2e96491fcd\",\"name\":\"Comunica\u00e7\u00e3o PSOL\",\"image\":{\"@type\":\"ImageObject\",\"inLanguage\":\"pt-BR\",\"@id\":\"https:\/\/psol50.org.br\/#\/schema\/person\/image\/\",\"url\":\"https:\/\/secure.gravatar.com\/avatar\/b34fc4f4e468a4e51785917065a3db57b841f5c95dba6ad8c73aaf8f66f8f9bf?s=96&d=mm&r=g\",\"contentUrl\":\"https:\/\/secure.gravatar.com\/avatar\/b34fc4f4e468a4e51785917065a3db57b841f5c95dba6ad8c73aaf8f66f8f9bf?s=96&d=mm&r=g\",\"caption\":\"Comunica\u00e7\u00e3o PSOL\"}}]}<\/script>\n<!-- \/ Yoast SEO plugin. -->","yoast_head_json":{"title":"PSOL Salvador: Campanha \"Chega de vender nossa cidade\" ser\u00e1 refor\u00e7ada - PSOL 50","robots":{"index":"index","follow":"follow","max-snippet":"max-snippet:-1","max-image-preview":"max-image-preview:large","max-video-preview":"max-video-preview:-1"},"canonical":"https:\/\/psol50.org.br\/psol-salvador-campanha-chega-de-vender-nossa-cidade-sera-reforcada\/","og_locale":"pt_BR","og_type":"article","og_title":"PSOL Salvador: Campanha \"Chega de vender nossa cidade\" ser\u00e1 refor\u00e7ada - PSOL 50","og_description":"No dia 23 de maio, segunda-feira, a Executiva Municipal reunida decidiu por refor\u00e7ar a campanha que o Partido vem fazendo na cidade desde o in\u00edcio deste ano. Sob o mote &#8220;Chega de vender nossa cidade&#8221; o PSOL busca articular todas as bandeiras e luta do partido em n\u00edvel Municipal por entender que &#8220;nossas lutas se [&hellip;]","og_url":"https:\/\/psol50.org.br\/psol-salvador-campanha-chega-de-vender-nossa-cidade-sera-reforcada\/","og_site_name":"PSOL 50","article_publisher":"https:\/\/www.facebook.com\/psol50","article_published_time":"2011-05-27T00:00:00+00:00","og_image":[{"url":"http:\/\/3.bp.blogspot.com\/-nnVLwf9LsKI\/Td2FUmzSRHI\/AAAAAAAAAAY\/SW91O_dzn5A\/s320\/untitled.bmp","type":"","width":"","height":""}],"author":"Comunica\u00e7\u00e3o PSOL","twitter_card":"summary_large_image","twitter_creator":"@psol50","twitter_site":"@psol50","twitter_misc":{"Escrito por":"Comunica\u00e7\u00e3o PSOL","Est. tempo de leitura":"1 minuto"},"schema":{"@context":"https:\/\/schema.org","@graph":[{"@type":"Article","@id":"https:\/\/psol50.org.br\/psol-salvador-campanha-chega-de-vender-nossa-cidade-sera-reforcada\/#article","isPartOf":{"@id":"https:\/\/psol50.org.br\/psol-salvador-campanha-chega-de-vender-nossa-cidade-sera-reforcada\/"},"author":{"name":"Comunica\u00e7\u00e3o PSOL","@id":"https:\/\/psol50.org.br\/#\/schema\/person\/475dfa57d0b815993c714c2e96491fcd"},"headline":"PSOL Salvador: Campanha &#8220;Chega de vender nossa cidade&#8221; ser\u00e1 refor\u00e7ada","datePublished":"2011-05-27T00:00:00+00:00","mainEntityOfPage":{"@id":"https:\/\/psol50.org.br\/psol-salvador-campanha-chega-de-vender-nossa-cidade-sera-reforcada\/"},"wordCount":180,"commentCount":0,"publisher":{"@id":"https:\/\/psol50.org.br\/#organization"},"image":{"@id":"https:\/\/psol50.org.br\/psol-salvador-campanha-chega-de-vender-nossa-cidade-sera-reforcada\/#primaryimage"},"thumbnailUrl":"http:\/\/3.bp.blogspot.com\/-nnVLwf9LsKI\/Td2FUmzSRHI\/AAAAAAAAAAY\/SW91O_dzn5A\/s320\/untitled.bmp","articleSection":["Arquivo"],"inLanguage":"pt-BR","potentialAction":[{"@type":"CommentAction","name":"Comment","target":["https:\/\/psol50.org.br\/psol-salvador-campanha-chega-de-vender-nossa-cidade-sera-reforcada\/#respond"]}]},{"@type":"WebPage","@id":"https:\/\/psol50.org.br\/psol-salvador-campanha-chega-de-vender-nossa-cidade-sera-reforcada\/","url":"https:\/\/psol50.org.br\/psol-salvador-campanha-chega-de-vender-nossa-cidade-sera-reforcada\/","name":"PSOL Salvador: Campanha \"Chega de vender nossa cidade\" ser\u00e1 refor\u00e7ada - PSOL 50","isPartOf":{"@id":"https:\/\/psol50.org.br\/#website"},"primaryImageOfPage":{"@id":"https:\/\/psol50.org.br\/psol-salvador-campanha-chega-de-vender-nossa-cidade-sera-reforcada\/#primaryimage"},"image":{"@id":"https:\/\/psol50.org.br\/psol-salvador-campanha-chega-de-vender-nossa-cidade-sera-reforcada\/#primaryimage"},"thumbnailUrl":"http:\/\/3.bp.blogspot.com\/-nnVLwf9LsKI\/Td2FUmzSRHI\/AAAAAAAAAAY\/SW91O_dzn5A\/s320\/untitled.bmp","datePublished":"2011-05-27T00:00:00+00:00","breadcrumb":{"@id":"https:\/\/psol50.org.br\/psol-salvador-campanha-chega-de-vender-nossa-cidade-sera-reforcada\/#breadcrumb"},"inLanguage":"pt-BR","potentialAction":[{"@type":"ReadAction","target":["https:\/\/psol50.org.br\/psol-salvador-campanha-chega-de-vender-nossa-cidade-sera-reforcada\/"]}]},{"@type":"ImageObject","inLanguage":"pt-BR","@id":"https:\/\/psol50.org.br\/psol-salvador-campanha-chega-de-vender-nossa-cidade-sera-reforcada\/#primaryimage","url":"http:\/\/3.bp.blogspot.com\/-nnVLwf9LsKI\/Td2FUmzSRHI\/AAAAAAAAAAY\/SW91O_dzn5A\/s320\/untitled.bmp","contentUrl":"http:\/\/3.bp.blogspot.com\/-nnVLwf9LsKI\/Td2FUmzSRHI\/AAAAAAAAAAY\/SW91O_dzn5A\/s320\/untitled.bmp"},{"@type":"BreadcrumbList","@id":"https:\/\/psol50.org.br\/psol-salvador-campanha-chega-de-vender-nossa-cidade-sera-reforcada\/#breadcrumb","itemListElement":[{"@type":"ListItem","position":1,"name":"In\u00edcio","item":"https:\/\/psol50.org.br\/"},{"@type":"ListItem","position":2,"name":"PSOL Salvador: Campanha &#8220;Chega de vender nossa cidade&#8221; ser\u00e1 refor\u00e7ada"}]},{"@type":"WebSite","@id":"https:\/\/psol50.org.br\/#website","url":"https:\/\/psol50.org.br\/","name":"PSOL 50","description":"Site oficial do Partido Socialismo e Liberdade","publisher":{"@id":"https:\/\/psol50.org.br\/#organization"},"alternateName":"PSOL50","potentialAction":[{"@type":"SearchAction","target":{"@type":"EntryPoint","urlTemplate":"https:\/\/psol50.org.br\/?s={search_term_string}"},"query-input":{"@type":"PropertyValueSpecification","valueRequired":true,"valueName":"search_term_string"}}],"inLanguage":"pt-BR"},{"@type":"Organization","@id":"https:\/\/psol50.org.br\/#organization","name":"PSOL 50","alternateName":"PSOL 50","url":"https:\/\/psol50.org.br\/","logo":{"@type":"ImageObject","inLanguage":"pt-BR","@id":"https:\/\/psol50.org.br\/#\/schema\/logo\/image\/","url":"https:\/\/psol50.org.br\/inc\/uploads\/2018\/07\/capa.png","contentUrl":"https:\/\/psol50.org.br\/inc\/uploads\/2018\/07\/capa.png","width":1350,"height":900,"caption":"PSOL 50"},"image":{"@id":"https:\/\/psol50.org.br\/#\/schema\/logo\/image\/"},"sameAs":["https:\/\/www.facebook.com\/psol50","https:\/\/x.com\/psol50","https:\/\/www.instagram.com\/psol50\/","https:\/\/www.youtube.com\/channel\/UC7SnJS5o1os7a6CaiNabzcg"]},{"@type":"Person","@id":"https:\/\/psol50.org.br\/#\/schema\/person\/475dfa57d0b815993c714c2e96491fcd","name":"Comunica\u00e7\u00e3o PSOL","image":{"@type":"ImageObject","inLanguage":"pt-BR","@id":"https:\/\/psol50.org.br\/#\/schema\/person\/image\/","url":"https:\/\/secure.gravatar.com\/avatar\/b34fc4f4e468a4e51785917065a3db57b841f5c95dba6ad8c73aaf8f66f8f9bf?s=96&d=mm&r=g","contentUrl":"https:\/\/secure.gravatar.com\/avatar\/b34fc4f4e468a4e51785917065a3db57b841f5c95dba6ad8c73aaf8f66f8f9bf?s=96&d=mm&r=g","caption":"Comunica\u00e7\u00e3o PSOL"}}]}},"_links":{"self":[{"href":"https:\/\/psol50.org.br\/rest\/wp\/v2\/posts\/1558","targetHints":{"allow":["GET"]}}],"collection":[{"href":"https:\/\/psol50.org.br\/rest\/wp\/v2\/posts"}],"about":[{"href":"https:\/\/psol50.org.br\/rest\/wp\/v2\/types\/post"}],"author":[{"embeddable":true,"href":"https:\/\/psol50.org.br\/rest\/wp\/v2\/users\/2"}],"replies":[{"embeddable":true,"href":"https:\/\/psol50.org.br\/rest\/wp\/v2\/comments?post=1558"}],"version-history":[{"count":0,"href":"https:\/\/psol50.org.br\/rest\/wp\/v2\/posts\/1558\/revisions"}],"wp:attachment":[{"href":"https:\/\/psol50.org.br\/rest\/wp\/v2\/media?parent=1558"}],"wp:term":[{"taxonomy":"category","embeddable":true,"href":"https:\/\/psol50.org.br\/rest\/wp\/v2\/categories?post=1558"},{"taxonomy":"post_tag","embeddable":true,"href":"https:\/\/psol50.org.br\/rest\/wp\/v2\/tags?post=1558"}],"curies":[{"name":"wp","href":"https:\/\/api.w.org\/{rel}","templated":true}]}}