{"id":15583,"date":"2017-03-16T18:15:56","date_gmt":"2017-03-16T18:15:56","guid":{"rendered":"http:\/\/www.psol50.org.br\/?p=15583"},"modified":"2017-03-16T18:15:56","modified_gmt":"2017-03-16T18:15:56","slug":"bancada-do-psol-na-camara-e-contra-a-anistia-ao-caixa-dois","status":"publish","type":"post","link":"https:\/\/psol50.org.br\/bancada-do-psol-na-camara-e-contra-a-anistia-ao-caixa-dois\/","title":{"rendered":"Bancada do PSOL na C\u00e2mara \u00e9 contra a anistia ao caixa dois"},"content":{"rendered":"<p class=\"_2cuy _50a1 _2vxa\">Nesta quinta-feira, a bancada do PSOL na C\u00e2mara soltou uma nota se manifestando de maneira contr\u00e1ria \u00e0 tentativa de anistiar os crimes de caixa dois. Mesmo ap\u00f3s o projeto ter sido barrado no Congresso ano passado, a discuss\u00e3o sobre o tema voltou \u00e0 tona ap\u00f3s a divulga\u00e7\u00e3o da lista de Janot.<\/p>\n<p class=\"_2cuy _50a1 _2vxa\">Confira, abaixo, a nota na \u00edntegra:<\/p>\n<p class=\"_2cuy _50a1 _2vxa\"><strong><em><span class=\"_4yxp\">Lista de Janot n\u00e3o pode ser usada como argumento para anistiar crime de corrup\u00e7\u00e3o<\/span><\/em><\/strong><\/p>\n<div class=\"_2cuy _3dgx _2vxa\"><\/div>\n<p><em>Os depoimentos da Opera\u00e7\u00e3o Lava Jato e a divulga\u00e7\u00e3o de novos pedidos de abertura de inqu\u00e9rito da Procuradoria Geral da Rep\u00fablica para investigar parlamentares fizeram ressurgir a possibilidade de vota\u00e7\u00e3o na C\u00e2mara dos Deputados de proposta de anistia para o crime de caixa dois.<\/em><\/p>\n<p><em>\u201c\u00c9 uma preocupa\u00e7\u00e3o j\u00e1 que o pr\u00f3prio presidente da C\u00e2mara n\u00e3o descartou por completo a possibilidade de coloca\u00e7\u00e3o dessa mat\u00e9ria na pauta, e a prerrogativa de incluir na pauta de vota\u00e7\u00e3o \u00e9 dele\u201d, disse o l\u00edder do PSOL, deputado Glauber Braga (RJ).<\/em><\/p>\n<p><em>Glauber se referia ao questionamento feito por ele ao deputado Rodrigo Maia, durante a reuni\u00e3o de l\u00edderes, na ter\u00e7a-feira (14), sobre os rumores de anistia ao caixa dois. Maia respondeu, naquele momento, que a pergunta deveria ser dirigida ao relator da comiss\u00e3o da reforma pol\u00edtica, deputado Vicente C\u00e2ndido.<\/em><\/p>\n<p><em>No ano passado, durante o tr\u00e2mite das dez medidas sugeridas por procuradores contra a corrup\u00e7\u00e3o, houve uma tentativa, na C\u00e2mara, por meio de uma emenda, que n\u00e3o tinha autoria. A emenda n\u00e3o chegou a ser votada.<\/em><\/p>\n<p><em>\u201cSeria uma forma de demonstrar claramente que isso n\u00e3o ser\u00e1 votado se a Presid\u00eancia da Casa dizer peremptoriamente que essa mat\u00e9ria n\u00e3o ser\u00e1 trazida ao Plen\u00e1rio da C\u00e2mara dos Deputados, independentemente de ela ser votada ou avaliada em alguma Comiss\u00e3o\u201d, analisou Glauber Braga. Para o l\u00edder do PSOL, a lista do procurador Rodrigo Janot n\u00e3o pode ser usada como justificativa para a anistiar pol\u00edticos.<\/em><\/p>\n<p><em>O PSOL \u00e9 contra qualquer tentativa de anistiar a pr\u00e1tica do caixa dois. Historicamente, o partido defende o financiamento p\u00fablico exclusivo de campanha, como forma de impedir a influ\u00eancia financeira nos mandatos e na gest\u00e3o p\u00fablica.<\/em><\/p>\n<p><strong><em>Bancada do PSOL na C\u00e2mara dos Deputados<\/em><\/strong><\/p>\n<p><strong><em>Bras\u00edlia, 16 de mar\u00e7o de 2017<\/em><\/strong><\/p>\n<div class=\"_2cuy _3dgx _2vxa\"><\/div>\n<div class=\"_2cuy _3dgx _2vxa\"><\/div>\n","protected":false},"excerpt":{"rendered":"<p>Nesta quinta-feira, a bancada do PSOL na C\u00e2mara soltou uma nota se manifestando de maneira contr\u00e1ria \u00e0 tentativa de anistiar os crimes de caixa dois. Mesmo ap\u00f3s o projeto ter sido barrado no Congresso ano passado, a discuss\u00e3o sobre o tema voltou \u00e0 tona ap\u00f3s a divulga\u00e7\u00e3o da lista de Janot. Confira, abaixo, a nota [&hellip;]<\/p>\n","protected":false},"author":2,"featured_media":15588,"comment_status":"open","ping_status":"open","sticky":false,"template":"","format":"standard","meta":{"_acf_changed":false,"footnotes":""},"categories":[6],"tags":[2955,58,19,417],"class_list":{"0":"post-15583","1":"post","2":"type-post","3":"status-publish","4":"format-standard","5":"has-post-thumbnail","7":"category-noticias","8":"tag-caixa-dois","9":"tag-corrupcao","10":"tag-nota","11":"tag-psol-na-camara"},"acf":[],"yoast_head":"<!-- This site is optimized with the Yoast SEO plugin v26.5 - https:\/\/yoast.com\/wordpress\/plugins\/seo\/ -->\n<title>Bancada do PSOL na C\u00e2mara \u00e9 contra a anistia ao caixa dois - PSOL 50<\/title>\n<meta name=\"robots\" content=\"index, follow, max-snippet:-1, max-image-preview:large, max-video-preview:-1\" \/>\n<link rel=\"canonical\" href=\"https:\/\/psol50.org.br\/bancada-do-psol-na-camara-e-contra-a-anistia-ao-caixa-dois\/\" \/>\n<meta property=\"og:locale\" content=\"pt_BR\" \/>\n<meta property=\"og:type\" content=\"article\" \/>\n<meta property=\"og:title\" content=\"Bancada do PSOL na C\u00e2mara \u00e9 contra a anistia ao caixa dois - PSOL 50\" \/>\n<meta property=\"og:description\" content=\"Nesta quinta-feira, a bancada do PSOL na C\u00e2mara soltou uma nota se manifestando de maneira contr\u00e1ria \u00e0 tentativa de anistiar os crimes de caixa dois. Mesmo ap\u00f3s o projeto ter sido barrado no Congresso ano passado, a discuss\u00e3o sobre o tema voltou \u00e0 tona ap\u00f3s a divulga\u00e7\u00e3o da lista de Janot. Confira, abaixo, a nota [&hellip;]\" \/>\n<meta property=\"og:url\" content=\"https:\/\/psol50.org.br\/bancada-do-psol-na-camara-e-contra-a-anistia-ao-caixa-dois\/\" \/>\n<meta property=\"og:site_name\" content=\"PSOL 50\" \/>\n<meta property=\"article:publisher\" content=\"https:\/\/www.facebook.com\/psol50\" \/>\n<meta property=\"article:published_time\" content=\"2017-03-16T18:15:56+00:00\" \/>\n<meta property=\"og:image\" content=\"https:\/\/psol50.org.br\/inc\/uploads\/2018\/07\/capa.png\" \/>\n\t<meta property=\"og:image:width\" content=\"1350\" \/>\n\t<meta property=\"og:image:height\" content=\"900\" \/>\n\t<meta property=\"og:image:type\" content=\"image\/png\" \/>\n<meta name=\"author\" content=\"Comunica\u00e7\u00e3o PSOL\" \/>\n<meta name=\"twitter:card\" content=\"summary_large_image\" \/>\n<meta name=\"twitter:creator\" content=\"@psol50\" \/>\n<meta name=\"twitter:site\" content=\"@psol50\" \/>\n<meta name=\"twitter:label1\" content=\"Escrito por\" \/>\n\t<meta name=\"twitter:data1\" content=\"Comunica\u00e7\u00e3o PSOL\" \/>\n\t<meta name=\"twitter:label2\" content=\"Est. tempo de leitura\" \/>\n\t<meta name=\"twitter:data2\" content=\"2 minutos\" \/>\n<script type=\"application\/ld+json\" class=\"yoast-schema-graph\">{\"@context\":\"https:\/\/schema.org\",\"@graph\":[{\"@type\":\"Article\",\"@id\":\"https:\/\/psol50.org.br\/bancada-do-psol-na-camara-e-contra-a-anistia-ao-caixa-dois\/#article\",\"isPartOf\":{\"@id\":\"https:\/\/psol50.org.br\/bancada-do-psol-na-camara-e-contra-a-anistia-ao-caixa-dois\/\"},\"author\":{\"name\":\"Comunica\u00e7\u00e3o PSOL\",\"@id\":\"https:\/\/psol50.org.br\/#\/schema\/person\/475dfa57d0b815993c714c2e96491fcd\"},\"headline\":\"Bancada do PSOL na C\u00e2mara \u00e9 contra a anistia ao caixa dois\",\"datePublished\":\"2017-03-16T18:15:56+00:00\",\"mainEntityOfPage\":{\"@id\":\"https:\/\/psol50.org.br\/bancada-do-psol-na-camara-e-contra-a-anistia-ao-caixa-dois\/\"},\"wordCount\":409,\"commentCount\":0,\"publisher\":{\"@id\":\"https:\/\/psol50.org.br\/#organization\"},\"image\":{\"@id\":\"https:\/\/psol50.org.br\/bancada-do-psol-na-camara-e-contra-a-anistia-ao-caixa-dois\/#primaryimage\"},\"thumbnailUrl\":\"\",\"keywords\":[\"caixa dois\",\"corrup\u00e7\u00e3o\",\"nota\",\"PSOL na C\u00e2mara\"],\"articleSection\":[\"Not\u00edcias\"],\"inLanguage\":\"pt-BR\",\"potentialAction\":[{\"@type\":\"CommentAction\",\"name\":\"Comment\",\"target\":[\"https:\/\/psol50.org.br\/bancada-do-psol-na-camara-e-contra-a-anistia-ao-caixa-dois\/#respond\"]}]},{\"@type\":\"WebPage\",\"@id\":\"https:\/\/psol50.org.br\/bancada-do-psol-na-camara-e-contra-a-anistia-ao-caixa-dois\/\",\"url\":\"https:\/\/psol50.org.br\/bancada-do-psol-na-camara-e-contra-a-anistia-ao-caixa-dois\/\",\"name\":\"Bancada do PSOL na C\u00e2mara \u00e9 contra a anistia ao caixa dois - PSOL 50\",\"isPartOf\":{\"@id\":\"https:\/\/psol50.org.br\/#website\"},\"primaryImageOfPage\":{\"@id\":\"https:\/\/psol50.org.br\/bancada-do-psol-na-camara-e-contra-a-anistia-ao-caixa-dois\/#primaryimage\"},\"image\":{\"@id\":\"https:\/\/psol50.org.br\/bancada-do-psol-na-camara-e-contra-a-anistia-ao-caixa-dois\/#primaryimage\"},\"thumbnailUrl\":\"\",\"datePublished\":\"2017-03-16T18:15:56+00:00\",\"breadcrumb\":{\"@id\":\"https:\/\/psol50.org.br\/bancada-do-psol-na-camara-e-contra-a-anistia-ao-caixa-dois\/#breadcrumb\"},\"inLanguage\":\"pt-BR\",\"potentialAction\":[{\"@type\":\"ReadAction\",\"target\":[\"https:\/\/psol50.org.br\/bancada-do-psol-na-camara-e-contra-a-anistia-ao-caixa-dois\/\"]}]},{\"@type\":\"ImageObject\",\"inLanguage\":\"pt-BR\",\"@id\":\"https:\/\/psol50.org.br\/bancada-do-psol-na-camara-e-contra-a-anistia-ao-caixa-dois\/#primaryimage\",\"url\":\"\",\"contentUrl\":\"\"},{\"@type\":\"BreadcrumbList\",\"@id\":\"https:\/\/psol50.org.br\/bancada-do-psol-na-camara-e-contra-a-anistia-ao-caixa-dois\/#breadcrumb\",\"itemListElement\":[{\"@type\":\"ListItem\",\"position\":1,\"name\":\"In\u00edcio\",\"item\":\"https:\/\/psol50.org.br\/\"},{\"@type\":\"ListItem\",\"position\":2,\"name\":\"Bancada do PSOL na C\u00e2mara \u00e9 contra a anistia ao caixa dois\"}]},{\"@type\":\"WebSite\",\"@id\":\"https:\/\/psol50.org.br\/#website\",\"url\":\"https:\/\/psol50.org.br\/\",\"name\":\"PSOL 50\",\"description\":\"Site oficial do Partido Socialismo e Liberdade\",\"publisher\":{\"@id\":\"https:\/\/psol50.org.br\/#organization\"},\"alternateName\":\"PSOL50\",\"potentialAction\":[{\"@type\":\"SearchAction\",\"target\":{\"@type\":\"EntryPoint\",\"urlTemplate\":\"https:\/\/psol50.org.br\/?s={search_term_string}\"},\"query-input\":{\"@type\":\"PropertyValueSpecification\",\"valueRequired\":true,\"valueName\":\"search_term_string\"}}],\"inLanguage\":\"pt-BR\"},{\"@type\":\"Organization\",\"@id\":\"https:\/\/psol50.org.br\/#organization\",\"name\":\"PSOL 50\",\"alternateName\":\"PSOL 50\",\"url\":\"https:\/\/psol50.org.br\/\",\"logo\":{\"@type\":\"ImageObject\",\"inLanguage\":\"pt-BR\",\"@id\":\"https:\/\/psol50.org.br\/#\/schema\/logo\/image\/\",\"url\":\"https:\/\/psol50.org.br\/inc\/uploads\/2018\/07\/capa.png\",\"contentUrl\":\"https:\/\/psol50.org.br\/inc\/uploads\/2018\/07\/capa.png\",\"width\":1350,\"height\":900,\"caption\":\"PSOL 50\"},\"image\":{\"@id\":\"https:\/\/psol50.org.br\/#\/schema\/logo\/image\/\"},\"sameAs\":[\"https:\/\/www.facebook.com\/psol50\",\"https:\/\/x.com\/psol50\",\"https:\/\/www.instagram.com\/psol50\/\",\"https:\/\/www.youtube.com\/channel\/UC7SnJS5o1os7a6CaiNabzcg\"]},{\"@type\":\"Person\",\"@id\":\"https:\/\/psol50.org.br\/#\/schema\/person\/475dfa57d0b815993c714c2e96491fcd\",\"name\":\"Comunica\u00e7\u00e3o PSOL\",\"image\":{\"@type\":\"ImageObject\",\"inLanguage\":\"pt-BR\",\"@id\":\"https:\/\/psol50.org.br\/#\/schema\/person\/image\/\",\"url\":\"https:\/\/secure.gravatar.com\/avatar\/b34fc4f4e468a4e51785917065a3db57b841f5c95dba6ad8c73aaf8f66f8f9bf?s=96&d=mm&r=g\",\"contentUrl\":\"https:\/\/secure.gravatar.com\/avatar\/b34fc4f4e468a4e51785917065a3db57b841f5c95dba6ad8c73aaf8f66f8f9bf?s=96&d=mm&r=g\",\"caption\":\"Comunica\u00e7\u00e3o PSOL\"}}]}<\/script>\n<!-- \/ Yoast SEO plugin. -->","yoast_head_json":{"title":"Bancada do PSOL na C\u00e2mara \u00e9 contra a anistia ao caixa dois - PSOL 50","robots":{"index":"index","follow":"follow","max-snippet":"max-snippet:-1","max-image-preview":"max-image-preview:large","max-video-preview":"max-video-preview:-1"},"canonical":"https:\/\/psol50.org.br\/bancada-do-psol-na-camara-e-contra-a-anistia-ao-caixa-dois\/","og_locale":"pt_BR","og_type":"article","og_title":"Bancada do PSOL na C\u00e2mara \u00e9 contra a anistia ao caixa dois - PSOL 50","og_description":"Nesta quinta-feira, a bancada do PSOL na C\u00e2mara soltou uma nota se manifestando de maneira contr\u00e1ria \u00e0 tentativa de anistiar os crimes de caixa dois. Mesmo ap\u00f3s o projeto ter sido barrado no Congresso ano passado, a discuss\u00e3o sobre o tema voltou \u00e0 tona ap\u00f3s a divulga\u00e7\u00e3o da lista de Janot. Confira, abaixo, a nota [&hellip;]","og_url":"https:\/\/psol50.org.br\/bancada-do-psol-na-camara-e-contra-a-anistia-ao-caixa-dois\/","og_site_name":"PSOL 50","article_publisher":"https:\/\/www.facebook.com\/psol50","article_published_time":"2017-03-16T18:15:56+00:00","og_image":[{"width":1350,"height":900,"url":"https:\/\/psol50.org.br\/inc\/uploads\/2018\/07\/capa.png","type":"image\/png"}],"author":"Comunica\u00e7\u00e3o PSOL","twitter_card":"summary_large_image","twitter_creator":"@psol50","twitter_site":"@psol50","twitter_misc":{"Escrito por":"Comunica\u00e7\u00e3o PSOL","Est. tempo de leitura":"2 minutos"},"schema":{"@context":"https:\/\/schema.org","@graph":[{"@type":"Article","@id":"https:\/\/psol50.org.br\/bancada-do-psol-na-camara-e-contra-a-anistia-ao-caixa-dois\/#article","isPartOf":{"@id":"https:\/\/psol50.org.br\/bancada-do-psol-na-camara-e-contra-a-anistia-ao-caixa-dois\/"},"author":{"name":"Comunica\u00e7\u00e3o PSOL","@id":"https:\/\/psol50.org.br\/#\/schema\/person\/475dfa57d0b815993c714c2e96491fcd"},"headline":"Bancada do PSOL na C\u00e2mara \u00e9 contra a anistia ao caixa dois","datePublished":"2017-03-16T18:15:56+00:00","mainEntityOfPage":{"@id":"https:\/\/psol50.org.br\/bancada-do-psol-na-camara-e-contra-a-anistia-ao-caixa-dois\/"},"wordCount":409,"commentCount":0,"publisher":{"@id":"https:\/\/psol50.org.br\/#organization"},"image":{"@id":"https:\/\/psol50.org.br\/bancada-do-psol-na-camara-e-contra-a-anistia-ao-caixa-dois\/#primaryimage"},"thumbnailUrl":"","keywords":["caixa dois","corrup\u00e7\u00e3o","nota","PSOL na C\u00e2mara"],"articleSection":["Not\u00edcias"],"inLanguage":"pt-BR","potentialAction":[{"@type":"CommentAction","name":"Comment","target":["https:\/\/psol50.org.br\/bancada-do-psol-na-camara-e-contra-a-anistia-ao-caixa-dois\/#respond"]}]},{"@type":"WebPage","@id":"https:\/\/psol50.org.br\/bancada-do-psol-na-camara-e-contra-a-anistia-ao-caixa-dois\/","url":"https:\/\/psol50.org.br\/bancada-do-psol-na-camara-e-contra-a-anistia-ao-caixa-dois\/","name":"Bancada do PSOL na C\u00e2mara \u00e9 contra a anistia ao caixa dois - PSOL 50","isPartOf":{"@id":"https:\/\/psol50.org.br\/#website"},"primaryImageOfPage":{"@id":"https:\/\/psol50.org.br\/bancada-do-psol-na-camara-e-contra-a-anistia-ao-caixa-dois\/#primaryimage"},"image":{"@id":"https:\/\/psol50.org.br\/bancada-do-psol-na-camara-e-contra-a-anistia-ao-caixa-dois\/#primaryimage"},"thumbnailUrl":"","datePublished":"2017-03-16T18:15:56+00:00","breadcrumb":{"@id":"https:\/\/psol50.org.br\/bancada-do-psol-na-camara-e-contra-a-anistia-ao-caixa-dois\/#breadcrumb"},"inLanguage":"pt-BR","potentialAction":[{"@type":"ReadAction","target":["https:\/\/psol50.org.br\/bancada-do-psol-na-camara-e-contra-a-anistia-ao-caixa-dois\/"]}]},{"@type":"ImageObject","inLanguage":"pt-BR","@id":"https:\/\/psol50.org.br\/bancada-do-psol-na-camara-e-contra-a-anistia-ao-caixa-dois\/#primaryimage","url":"","contentUrl":""},{"@type":"BreadcrumbList","@id":"https:\/\/psol50.org.br\/bancada-do-psol-na-camara-e-contra-a-anistia-ao-caixa-dois\/#breadcrumb","itemListElement":[{"@type":"ListItem","position":1,"name":"In\u00edcio","item":"https:\/\/psol50.org.br\/"},{"@type":"ListItem","position":2,"name":"Bancada do PSOL na C\u00e2mara \u00e9 contra a anistia ao caixa dois"}]},{"@type":"WebSite","@id":"https:\/\/psol50.org.br\/#website","url":"https:\/\/psol50.org.br\/","name":"PSOL 50","description":"Site oficial do Partido Socialismo e Liberdade","publisher":{"@id":"https:\/\/psol50.org.br\/#organization"},"alternateName":"PSOL50","potentialAction":[{"@type":"SearchAction","target":{"@type":"EntryPoint","urlTemplate":"https:\/\/psol50.org.br\/?s={search_term_string}"},"query-input":{"@type":"PropertyValueSpecification","valueRequired":true,"valueName":"search_term_string"}}],"inLanguage":"pt-BR"},{"@type":"Organization","@id":"https:\/\/psol50.org.br\/#organization","name":"PSOL 50","alternateName":"PSOL 50","url":"https:\/\/psol50.org.br\/","logo":{"@type":"ImageObject","inLanguage":"pt-BR","@id":"https:\/\/psol50.org.br\/#\/schema\/logo\/image\/","url":"https:\/\/psol50.org.br\/inc\/uploads\/2018\/07\/capa.png","contentUrl":"https:\/\/psol50.org.br\/inc\/uploads\/2018\/07\/capa.png","width":1350,"height":900,"caption":"PSOL 50"},"image":{"@id":"https:\/\/psol50.org.br\/#\/schema\/logo\/image\/"},"sameAs":["https:\/\/www.facebook.com\/psol50","https:\/\/x.com\/psol50","https:\/\/www.instagram.com\/psol50\/","https:\/\/www.youtube.com\/channel\/UC7SnJS5o1os7a6CaiNabzcg"]},{"@type":"Person","@id":"https:\/\/psol50.org.br\/#\/schema\/person\/475dfa57d0b815993c714c2e96491fcd","name":"Comunica\u00e7\u00e3o PSOL","image":{"@type":"ImageObject","inLanguage":"pt-BR","@id":"https:\/\/psol50.org.br\/#\/schema\/person\/image\/","url":"https:\/\/secure.gravatar.com\/avatar\/b34fc4f4e468a4e51785917065a3db57b841f5c95dba6ad8c73aaf8f66f8f9bf?s=96&d=mm&r=g","contentUrl":"https:\/\/secure.gravatar.com\/avatar\/b34fc4f4e468a4e51785917065a3db57b841f5c95dba6ad8c73aaf8f66f8f9bf?s=96&d=mm&r=g","caption":"Comunica\u00e7\u00e3o PSOL"}}]}},"_links":{"self":[{"href":"https:\/\/psol50.org.br\/rest\/wp\/v2\/posts\/15583","targetHints":{"allow":["GET"]}}],"collection":[{"href":"https:\/\/psol50.org.br\/rest\/wp\/v2\/posts"}],"about":[{"href":"https:\/\/psol50.org.br\/rest\/wp\/v2\/types\/post"}],"author":[{"embeddable":true,"href":"https:\/\/psol50.org.br\/rest\/wp\/v2\/users\/2"}],"replies":[{"embeddable":true,"href":"https:\/\/psol50.org.br\/rest\/wp\/v2\/comments?post=15583"}],"version-history":[{"count":0,"href":"https:\/\/psol50.org.br\/rest\/wp\/v2\/posts\/15583\/revisions"}],"wp:featuredmedia":[{"embeddable":true,"href":"https:\/\/psol50.org.br\/rest\/"}],"wp:attachment":[{"href":"https:\/\/psol50.org.br\/rest\/wp\/v2\/media?parent=15583"}],"wp:term":[{"taxonomy":"category","embeddable":true,"href":"https:\/\/psol50.org.br\/rest\/wp\/v2\/categories?post=15583"},{"taxonomy":"post_tag","embeddable":true,"href":"https:\/\/psol50.org.br\/rest\/wp\/v2\/tags?post=15583"}],"curies":[{"name":"wp","href":"https:\/\/api.w.org\/{rel}","templated":true}]}}