{"id":15598,"date":"2017-03-17T16:40:01","date_gmt":"2017-03-17T16:40:01","guid":{"rendered":"http:\/\/www.psol50.org.br\/?p=15598"},"modified":"2017-03-17T16:40:01","modified_gmt":"2017-03-17T16:40:01","slug":"absurdo-vereador-do-psb-agride-isa-penna-do-psol-na-camara-de-sao-paulo","status":"publish","type":"post","link":"https:\/\/psol50.org.br\/absurdo-vereador-do-psb-agride-isa-penna-do-psol-na-camara-de-sao-paulo\/","title":{"rendered":"Absurdo: vereador do PSB agride Isa Penna, do PSOL, na C\u00e2mara de S\u00e3o Paulo"},"content":{"rendered":"<p>Um verdadeiro absurdo aconteceu na noite dessa quinta-feira (16\/03) na C\u00e2mara Municipal de S\u00e3o Paulo. Isa Penna, vereadora por um m\u00eas na capital paulista pelo PSOL, foi agredida verbal e fisicamente por\u00a0Camilo Crist\u00f3faro (PSB) no elevador do pr\u00e9dio.<\/p>\n<p>No momento da agress\u00e3o, Isa estava a caminho de audi\u00eancia para debater exatamente o combate \u00e0 viol\u00eancia contra as mulheres, que sofrem diariamente com os mais diversos tipos de agress\u00e3o. Isa Penna, que \u00e9 suplente de Toninho Vespoli, tamb\u00e9m do PSOL, assumiu a cadeira neste m\u00eas de mar\u00e7o exatamente para fortalecer a pauta das mulheres &#8211; a bancada do partido na capital paulista, at\u00e9 o fim do m\u00eas, \u00e9 composta apenas por mulheres, juntamente com S\u00e2mia Bomfim.<\/p>\n<p>A vereadora vai ainda nesta sexta-feira (17) fazer o boletim de ocorr\u00eancia na Pol\u00edcia Militar e, depois, entrar com processo na Corregedoria da C\u00e2mara pedindo a cassa\u00e7\u00e3o do mandato do agressor Camilo Crist\u00f3faro. No momento, a dificuldade est\u00e1 em obter os v\u00eddeos da c\u00e2mera de seguran\u00e7a que comprovam a agress\u00e3o.<\/p>\n<p>Para Isa Penna, o ato do vereador, al\u00e9m de machista, foi certamente como forma de responder e tentar calar uma das poucas vozes destoantes da C\u00e2mara. Um dia antes, no 15 de mar\u00e7o que se tornou uma greve geral contra a reforma da Previd\u00eancia, a vereadora do PSOL fez sua fala no plen\u00e1rio criticando o governo Temer e a postura dos vereadores de S\u00e3o Paulo.<\/p>\n<p><strong>Relato<\/strong><\/p>\n<p>Isa Penna conta que a agress\u00e3o come\u00e7ou como uma conversa aparentemente normal. Leia o relato da vereadora:<\/p>\n<p>&#8220;Nesta quinta-feira (16\/3), por volta das 20h, encontrei no elevador privativo dos parlamentares o vereador Camilo Crist\u00f3faro (PSB) e o cumprimentei: &#8216;Tudo bem?&#8217; Ao que ele respondeu: &#8216;N\u00e3o, n\u00e3o est\u00e1 nada bem! Com essa boca que voc\u00ea tem, n\u00e3o se assuste se tomar uns tapas l\u00e1 fora!&#8217; N\u00e3o bastando isso, me empurrou e me chamou de &#8216;vagabunda&#8217;, numa agress\u00e3o gravada pelas c\u00e2meras de seguran\u00e7a do 1\u00ba subsolo da C\u00e2mara Municipal.<\/p>\n<p>Assista ao v\u00eddeo de den\u00fancia gravado pouco tempo ap\u00f3s o ocorrido:<\/p>\n<p>O vereador Toninho Vespoli se solidarizou com Isa Penna e afirmou: &#8220;o que ela sofreu aqui \u00e9 o que as mulheres sofrem cotidianamente neste pa\u00eds&#8221;. Assista:<\/p>\n<p>Juninho, presidente estadual do PSOL SP, tamb\u00e9m acompanha o caso e prestou seu apoio a Isa Penna. Assista:<\/p>\n","protected":false},"excerpt":{"rendered":"<p>Um verdadeiro absurdo aconteceu na noite dessa quinta-feira (16\/03) na C\u00e2mara Municipal de S\u00e3o Paulo. Isa Penna, vereadora por um m\u00eas na capital paulista pelo PSOL, foi agredida verbal e fisicamente por\u00a0Camilo Crist\u00f3faro (PSB) no elevador do pr\u00e9dio. No momento da agress\u00e3o, Isa estava a caminho de audi\u00eancia para debater exatamente o combate \u00e0 viol\u00eancia [&hellip;]<\/p>\n","protected":false},"author":2,"featured_media":15599,"comment_status":"open","ping_status":"open","sticky":false,"template":"","format":"standard","meta":{"_acf_changed":false,"footnotes":""},"categories":[10,654,6],"tags":[294,1937,2956,298,1077,300,2957],"class_list":{"0":"post-15598","1":"post","2":"type-post","3":"status-publish","4":"format-standard","5":"has-post-thumbnail","7":"category-acao-parlamentares","8":"category-estados","9":"category-noticias","10":"tag-8-de-marco","11":"tag-agressao","12":"tag-camilo-cristofaro","13":"tag-isa-penna","14":"tag-samia-bomfim","15":"tag-toninho-vespoli","16":"tag-violencia-contra-a-mulher"},"acf":[],"yoast_head":"<!-- This site is optimized with the Yoast SEO plugin v26.5 - https:\/\/yoast.com\/wordpress\/plugins\/seo\/ -->\n<title>Absurdo: vereador do PSB agride Isa Penna, do PSOL, na C\u00e2mara de S\u00e3o Paulo - PSOL 50<\/title>\n<meta name=\"robots\" content=\"index, follow, max-snippet:-1, max-image-preview:large, max-video-preview:-1\" \/>\n<link rel=\"canonical\" href=\"https:\/\/psol50.org.br\/absurdo-vereador-do-psb-agride-isa-penna-do-psol-na-camara-de-sao-paulo\/\" \/>\n<meta property=\"og:locale\" content=\"pt_BR\" \/>\n<meta property=\"og:type\" content=\"article\" \/>\n<meta property=\"og:title\" content=\"Absurdo: vereador do PSB agride Isa Penna, do PSOL, na C\u00e2mara de S\u00e3o Paulo - PSOL 50\" \/>\n<meta property=\"og:description\" content=\"Um verdadeiro absurdo aconteceu na noite dessa quinta-feira (16\/03) na C\u00e2mara Municipal de S\u00e3o Paulo. Isa Penna, vereadora por um m\u00eas na capital paulista pelo PSOL, foi agredida verbal e fisicamente por\u00a0Camilo Crist\u00f3faro (PSB) no elevador do pr\u00e9dio. No momento da agress\u00e3o, Isa estava a caminho de audi\u00eancia para debater exatamente o combate \u00e0 viol\u00eancia [&hellip;]\" \/>\n<meta property=\"og:url\" content=\"https:\/\/psol50.org.br\/absurdo-vereador-do-psb-agride-isa-penna-do-psol-na-camara-de-sao-paulo\/\" \/>\n<meta property=\"og:site_name\" content=\"PSOL 50\" \/>\n<meta property=\"article:publisher\" content=\"https:\/\/www.facebook.com\/psol50\" \/>\n<meta property=\"article:published_time\" content=\"2017-03-17T16:40:01+00:00\" \/>\n<meta property=\"og:image\" content=\"https:\/\/psol50.org.br\/inc\/uploads\/2018\/07\/capa.png\" \/>\n\t<meta property=\"og:image:width\" content=\"1350\" \/>\n\t<meta property=\"og:image:height\" content=\"900\" \/>\n\t<meta property=\"og:image:type\" content=\"image\/png\" \/>\n<meta name=\"author\" content=\"Comunica\u00e7\u00e3o PSOL\" \/>\n<meta name=\"twitter:card\" content=\"summary_large_image\" \/>\n<meta name=\"twitter:creator\" content=\"@psol50\" \/>\n<meta name=\"twitter:site\" content=\"@psol50\" \/>\n<meta name=\"twitter:label1\" content=\"Escrito por\" \/>\n\t<meta name=\"twitter:data1\" content=\"Comunica\u00e7\u00e3o PSOL\" \/>\n\t<meta name=\"twitter:label2\" content=\"Est. tempo de leitura\" \/>\n\t<meta name=\"twitter:data2\" content=\"2 minutos\" \/>\n<script type=\"application\/ld+json\" class=\"yoast-schema-graph\">{\"@context\":\"https:\/\/schema.org\",\"@graph\":[{\"@type\":\"Article\",\"@id\":\"https:\/\/psol50.org.br\/absurdo-vereador-do-psb-agride-isa-penna-do-psol-na-camara-de-sao-paulo\/#article\",\"isPartOf\":{\"@id\":\"https:\/\/psol50.org.br\/absurdo-vereador-do-psb-agride-isa-penna-do-psol-na-camara-de-sao-paulo\/\"},\"author\":{\"name\":\"Comunica\u00e7\u00e3o PSOL\",\"@id\":\"https:\/\/psol50.org.br\/#\/schema\/person\/475dfa57d0b815993c714c2e96491fcd\"},\"headline\":\"Absurdo: vereador do PSB agride Isa Penna, do PSOL, na C\u00e2mara de S\u00e3o Paulo\",\"datePublished\":\"2017-03-17T16:40:01+00:00\",\"mainEntityOfPage\":{\"@id\":\"https:\/\/psol50.org.br\/absurdo-vereador-do-psb-agride-isa-penna-do-psol-na-camara-de-sao-paulo\/\"},\"wordCount\":426,\"commentCount\":0,\"publisher\":{\"@id\":\"https:\/\/psol50.org.br\/#organization\"},\"image\":{\"@id\":\"https:\/\/psol50.org.br\/absurdo-vereador-do-psb-agride-isa-penna-do-psol-na-camara-de-sao-paulo\/#primaryimage\"},\"thumbnailUrl\":\"\",\"keywords\":[\"8 de mar\u00e7o\",\"agress\u00e3o\",\"Camilo Crist\u00f3faro\",\"Isa Penna\",\"S\u00e2mia Bomfim\",\"Toninho Vespoli\",\"Viol\u00eancia contra a mulher\"],\"articleSection\":[\"A\u00e7\u00e3o Parlamentar\",\"Estados\",\"Not\u00edcias\"],\"inLanguage\":\"pt-BR\",\"potentialAction\":[{\"@type\":\"CommentAction\",\"name\":\"Comment\",\"target\":[\"https:\/\/psol50.org.br\/absurdo-vereador-do-psb-agride-isa-penna-do-psol-na-camara-de-sao-paulo\/#respond\"]}]},{\"@type\":\"WebPage\",\"@id\":\"https:\/\/psol50.org.br\/absurdo-vereador-do-psb-agride-isa-penna-do-psol-na-camara-de-sao-paulo\/\",\"url\":\"https:\/\/psol50.org.br\/absurdo-vereador-do-psb-agride-isa-penna-do-psol-na-camara-de-sao-paulo\/\",\"name\":\"Absurdo: vereador do PSB agride Isa Penna, do PSOL, na C\u00e2mara de S\u00e3o Paulo - PSOL 50\",\"isPartOf\":{\"@id\":\"https:\/\/psol50.org.br\/#website\"},\"primaryImageOfPage\":{\"@id\":\"https:\/\/psol50.org.br\/absurdo-vereador-do-psb-agride-isa-penna-do-psol-na-camara-de-sao-paulo\/#primaryimage\"},\"image\":{\"@id\":\"https:\/\/psol50.org.br\/absurdo-vereador-do-psb-agride-isa-penna-do-psol-na-camara-de-sao-paulo\/#primaryimage\"},\"thumbnailUrl\":\"\",\"datePublished\":\"2017-03-17T16:40:01+00:00\",\"breadcrumb\":{\"@id\":\"https:\/\/psol50.org.br\/absurdo-vereador-do-psb-agride-isa-penna-do-psol-na-camara-de-sao-paulo\/#breadcrumb\"},\"inLanguage\":\"pt-BR\",\"potentialAction\":[{\"@type\":\"ReadAction\",\"target\":[\"https:\/\/psol50.org.br\/absurdo-vereador-do-psb-agride-isa-penna-do-psol-na-camara-de-sao-paulo\/\"]}]},{\"@type\":\"ImageObject\",\"inLanguage\":\"pt-BR\",\"@id\":\"https:\/\/psol50.org.br\/absurdo-vereador-do-psb-agride-isa-penna-do-psol-na-camara-de-sao-paulo\/#primaryimage\",\"url\":\"\",\"contentUrl\":\"\"},{\"@type\":\"BreadcrumbList\",\"@id\":\"https:\/\/psol50.org.br\/absurdo-vereador-do-psb-agride-isa-penna-do-psol-na-camara-de-sao-paulo\/#breadcrumb\",\"itemListElement\":[{\"@type\":\"ListItem\",\"position\":1,\"name\":\"In\u00edcio\",\"item\":\"https:\/\/psol50.org.br\/\"},{\"@type\":\"ListItem\",\"position\":2,\"name\":\"Absurdo: vereador do PSB agride Isa Penna, do PSOL, na C\u00e2mara de S\u00e3o Paulo\"}]},{\"@type\":\"WebSite\",\"@id\":\"https:\/\/psol50.org.br\/#website\",\"url\":\"https:\/\/psol50.org.br\/\",\"name\":\"PSOL 50\",\"description\":\"Site oficial do Partido Socialismo e Liberdade\",\"publisher\":{\"@id\":\"https:\/\/psol50.org.br\/#organization\"},\"alternateName\":\"PSOL50\",\"potentialAction\":[{\"@type\":\"SearchAction\",\"target\":{\"@type\":\"EntryPoint\",\"urlTemplate\":\"https:\/\/psol50.org.br\/?s={search_term_string}\"},\"query-input\":{\"@type\":\"PropertyValueSpecification\",\"valueRequired\":true,\"valueName\":\"search_term_string\"}}],\"inLanguage\":\"pt-BR\"},{\"@type\":\"Organization\",\"@id\":\"https:\/\/psol50.org.br\/#organization\",\"name\":\"PSOL 50\",\"alternateName\":\"PSOL 50\",\"url\":\"https:\/\/psol50.org.br\/\",\"logo\":{\"@type\":\"ImageObject\",\"inLanguage\":\"pt-BR\",\"@id\":\"https:\/\/psol50.org.br\/#\/schema\/logo\/image\/\",\"url\":\"https:\/\/psol50.org.br\/inc\/uploads\/2018\/07\/capa.png\",\"contentUrl\":\"https:\/\/psol50.org.br\/inc\/uploads\/2018\/07\/capa.png\",\"width\":1350,\"height\":900,\"caption\":\"PSOL 50\"},\"image\":{\"@id\":\"https:\/\/psol50.org.br\/#\/schema\/logo\/image\/\"},\"sameAs\":[\"https:\/\/www.facebook.com\/psol50\",\"https:\/\/x.com\/psol50\",\"https:\/\/www.instagram.com\/psol50\/\",\"https:\/\/www.youtube.com\/channel\/UC7SnJS5o1os7a6CaiNabzcg\"]},{\"@type\":\"Person\",\"@id\":\"https:\/\/psol50.org.br\/#\/schema\/person\/475dfa57d0b815993c714c2e96491fcd\",\"name\":\"Comunica\u00e7\u00e3o PSOL\",\"image\":{\"@type\":\"ImageObject\",\"inLanguage\":\"pt-BR\",\"@id\":\"https:\/\/psol50.org.br\/#\/schema\/person\/image\/\",\"url\":\"https:\/\/secure.gravatar.com\/avatar\/b34fc4f4e468a4e51785917065a3db57b841f5c95dba6ad8c73aaf8f66f8f9bf?s=96&d=mm&r=g\",\"contentUrl\":\"https:\/\/secure.gravatar.com\/avatar\/b34fc4f4e468a4e51785917065a3db57b841f5c95dba6ad8c73aaf8f66f8f9bf?s=96&d=mm&r=g\",\"caption\":\"Comunica\u00e7\u00e3o PSOL\"}}]}<\/script>\n<!-- \/ Yoast SEO plugin. -->","yoast_head_json":{"title":"Absurdo: vereador do PSB agride Isa Penna, do PSOL, na C\u00e2mara de S\u00e3o Paulo - PSOL 50","robots":{"index":"index","follow":"follow","max-snippet":"max-snippet:-1","max-image-preview":"max-image-preview:large","max-video-preview":"max-video-preview:-1"},"canonical":"https:\/\/psol50.org.br\/absurdo-vereador-do-psb-agride-isa-penna-do-psol-na-camara-de-sao-paulo\/","og_locale":"pt_BR","og_type":"article","og_title":"Absurdo: vereador do PSB agride Isa Penna, do PSOL, na C\u00e2mara de S\u00e3o Paulo - PSOL 50","og_description":"Um verdadeiro absurdo aconteceu na noite dessa quinta-feira (16\/03) na C\u00e2mara Municipal de S\u00e3o Paulo. Isa Penna, vereadora por um m\u00eas na capital paulista pelo PSOL, foi agredida verbal e fisicamente por\u00a0Camilo Crist\u00f3faro (PSB) no elevador do pr\u00e9dio. No momento da agress\u00e3o, Isa estava a caminho de audi\u00eancia para debater exatamente o combate \u00e0 viol\u00eancia [&hellip;]","og_url":"https:\/\/psol50.org.br\/absurdo-vereador-do-psb-agride-isa-penna-do-psol-na-camara-de-sao-paulo\/","og_site_name":"PSOL 50","article_publisher":"https:\/\/www.facebook.com\/psol50","article_published_time":"2017-03-17T16:40:01+00:00","og_image":[{"width":1350,"height":900,"url":"https:\/\/psol50.org.br\/inc\/uploads\/2018\/07\/capa.png","type":"image\/png"}],"author":"Comunica\u00e7\u00e3o PSOL","twitter_card":"summary_large_image","twitter_creator":"@psol50","twitter_site":"@psol50","twitter_misc":{"Escrito por":"Comunica\u00e7\u00e3o PSOL","Est. tempo de leitura":"2 minutos"},"schema":{"@context":"https:\/\/schema.org","@graph":[{"@type":"Article","@id":"https:\/\/psol50.org.br\/absurdo-vereador-do-psb-agride-isa-penna-do-psol-na-camara-de-sao-paulo\/#article","isPartOf":{"@id":"https:\/\/psol50.org.br\/absurdo-vereador-do-psb-agride-isa-penna-do-psol-na-camara-de-sao-paulo\/"},"author":{"name":"Comunica\u00e7\u00e3o PSOL","@id":"https:\/\/psol50.org.br\/#\/schema\/person\/475dfa57d0b815993c714c2e96491fcd"},"headline":"Absurdo: vereador do PSB agride Isa Penna, do PSOL, na C\u00e2mara de S\u00e3o Paulo","datePublished":"2017-03-17T16:40:01+00:00","mainEntityOfPage":{"@id":"https:\/\/psol50.org.br\/absurdo-vereador-do-psb-agride-isa-penna-do-psol-na-camara-de-sao-paulo\/"},"wordCount":426,"commentCount":0,"publisher":{"@id":"https:\/\/psol50.org.br\/#organization"},"image":{"@id":"https:\/\/psol50.org.br\/absurdo-vereador-do-psb-agride-isa-penna-do-psol-na-camara-de-sao-paulo\/#primaryimage"},"thumbnailUrl":"","keywords":["8 de mar\u00e7o","agress\u00e3o","Camilo Crist\u00f3faro","Isa Penna","S\u00e2mia Bomfim","Toninho Vespoli","Viol\u00eancia contra a mulher"],"articleSection":["A\u00e7\u00e3o Parlamentar","Estados","Not\u00edcias"],"inLanguage":"pt-BR","potentialAction":[{"@type":"CommentAction","name":"Comment","target":["https:\/\/psol50.org.br\/absurdo-vereador-do-psb-agride-isa-penna-do-psol-na-camara-de-sao-paulo\/#respond"]}]},{"@type":"WebPage","@id":"https:\/\/psol50.org.br\/absurdo-vereador-do-psb-agride-isa-penna-do-psol-na-camara-de-sao-paulo\/","url":"https:\/\/psol50.org.br\/absurdo-vereador-do-psb-agride-isa-penna-do-psol-na-camara-de-sao-paulo\/","name":"Absurdo: vereador do PSB agride Isa Penna, do PSOL, na C\u00e2mara de S\u00e3o Paulo - PSOL 50","isPartOf":{"@id":"https:\/\/psol50.org.br\/#website"},"primaryImageOfPage":{"@id":"https:\/\/psol50.org.br\/absurdo-vereador-do-psb-agride-isa-penna-do-psol-na-camara-de-sao-paulo\/#primaryimage"},"image":{"@id":"https:\/\/psol50.org.br\/absurdo-vereador-do-psb-agride-isa-penna-do-psol-na-camara-de-sao-paulo\/#primaryimage"},"thumbnailUrl":"","datePublished":"2017-03-17T16:40:01+00:00","breadcrumb":{"@id":"https:\/\/psol50.org.br\/absurdo-vereador-do-psb-agride-isa-penna-do-psol-na-camara-de-sao-paulo\/#breadcrumb"},"inLanguage":"pt-BR","potentialAction":[{"@type":"ReadAction","target":["https:\/\/psol50.org.br\/absurdo-vereador-do-psb-agride-isa-penna-do-psol-na-camara-de-sao-paulo\/"]}]},{"@type":"ImageObject","inLanguage":"pt-BR","@id":"https:\/\/psol50.org.br\/absurdo-vereador-do-psb-agride-isa-penna-do-psol-na-camara-de-sao-paulo\/#primaryimage","url":"","contentUrl":""},{"@type":"BreadcrumbList","@id":"https:\/\/psol50.org.br\/absurdo-vereador-do-psb-agride-isa-penna-do-psol-na-camara-de-sao-paulo\/#breadcrumb","itemListElement":[{"@type":"ListItem","position":1,"name":"In\u00edcio","item":"https:\/\/psol50.org.br\/"},{"@type":"ListItem","position":2,"name":"Absurdo: vereador do PSB agride Isa Penna, do PSOL, na C\u00e2mara de S\u00e3o Paulo"}]},{"@type":"WebSite","@id":"https:\/\/psol50.org.br\/#website","url":"https:\/\/psol50.org.br\/","name":"PSOL 50","description":"Site oficial do Partido Socialismo e Liberdade","publisher":{"@id":"https:\/\/psol50.org.br\/#organization"},"alternateName":"PSOL50","potentialAction":[{"@type":"SearchAction","target":{"@type":"EntryPoint","urlTemplate":"https:\/\/psol50.org.br\/?s={search_term_string}"},"query-input":{"@type":"PropertyValueSpecification","valueRequired":true,"valueName":"search_term_string"}}],"inLanguage":"pt-BR"},{"@type":"Organization","@id":"https:\/\/psol50.org.br\/#organization","name":"PSOL 50","alternateName":"PSOL 50","url":"https:\/\/psol50.org.br\/","logo":{"@type":"ImageObject","inLanguage":"pt-BR","@id":"https:\/\/psol50.org.br\/#\/schema\/logo\/image\/","url":"https:\/\/psol50.org.br\/inc\/uploads\/2018\/07\/capa.png","contentUrl":"https:\/\/psol50.org.br\/inc\/uploads\/2018\/07\/capa.png","width":1350,"height":900,"caption":"PSOL 50"},"image":{"@id":"https:\/\/psol50.org.br\/#\/schema\/logo\/image\/"},"sameAs":["https:\/\/www.facebook.com\/psol50","https:\/\/x.com\/psol50","https:\/\/www.instagram.com\/psol50\/","https:\/\/www.youtube.com\/channel\/UC7SnJS5o1os7a6CaiNabzcg"]},{"@type":"Person","@id":"https:\/\/psol50.org.br\/#\/schema\/person\/475dfa57d0b815993c714c2e96491fcd","name":"Comunica\u00e7\u00e3o PSOL","image":{"@type":"ImageObject","inLanguage":"pt-BR","@id":"https:\/\/psol50.org.br\/#\/schema\/person\/image\/","url":"https:\/\/secure.gravatar.com\/avatar\/b34fc4f4e468a4e51785917065a3db57b841f5c95dba6ad8c73aaf8f66f8f9bf?s=96&d=mm&r=g","contentUrl":"https:\/\/secure.gravatar.com\/avatar\/b34fc4f4e468a4e51785917065a3db57b841f5c95dba6ad8c73aaf8f66f8f9bf?s=96&d=mm&r=g","caption":"Comunica\u00e7\u00e3o PSOL"}}]}},"_links":{"self":[{"href":"https:\/\/psol50.org.br\/rest\/wp\/v2\/posts\/15598","targetHints":{"allow":["GET"]}}],"collection":[{"href":"https:\/\/psol50.org.br\/rest\/wp\/v2\/posts"}],"about":[{"href":"https:\/\/psol50.org.br\/rest\/wp\/v2\/types\/post"}],"author":[{"embeddable":true,"href":"https:\/\/psol50.org.br\/rest\/wp\/v2\/users\/2"}],"replies":[{"embeddable":true,"href":"https:\/\/psol50.org.br\/rest\/wp\/v2\/comments?post=15598"}],"version-history":[{"count":0,"href":"https:\/\/psol50.org.br\/rest\/wp\/v2\/posts\/15598\/revisions"}],"wp:featuredmedia":[{"embeddable":true,"href":"https:\/\/psol50.org.br\/rest\/"}],"wp:attachment":[{"href":"https:\/\/psol50.org.br\/rest\/wp\/v2\/media?parent=15598"}],"wp:term":[{"taxonomy":"category","embeddable":true,"href":"https:\/\/psol50.org.br\/rest\/wp\/v2\/categories?post=15598"},{"taxonomy":"post_tag","embeddable":true,"href":"https:\/\/psol50.org.br\/rest\/wp\/v2\/tags?post=15598"}],"curies":[{"name":"wp","href":"https:\/\/api.w.org\/{rel}","templated":true}]}}