{"id":1560,"date":"2011-05-31T00:00:00","date_gmt":"2011-05-31T00:00:00","guid":{"rendered":"http:\/\/psol50.org.br\/arquivo\/2011\/05\/31\/nota-do-psol-ce-sobre-a-greve-ds-professoresas\/"},"modified":"2011-05-31T00:00:00","modified_gmt":"2011-05-31T00:00:00","slug":"nota-do-psol-ce-sobre-a-greve-ds-professoresas","status":"publish","type":"post","link":"https:\/\/psol50.org.br\/nota-do-psol-ce-sobre-a-greve-ds-professoresas\/","title":{"rendered":"Nota do PSOL \u2013 CE sobre a greve d@s professores\/as"},"content":{"rendered":"<table>\n<tbody>\n<tr>\n<td width=\"100%\"><\/td>\n<td width=\"100%\" align=\"right\"><a title=\"Imprimir\" rel=\"nofollow\" href=\"http:\/\/www.psolceara.org.br\/partido\/341-nota-do-psol-ce-sobre-a-greve-dosas-professoresas?tmpl=component&amp;print=1&amp;layout=default&amp;page=\"><br \/>\n<\/a><\/td>\n<td width=\"100%\" align=\"right\"><a title=\"E-mail\" href=\"http:\/\/www.psolceara.org.br\/component\/mailto\/?tmpl=component&amp;link=84d83709db1b0b2aec153b2a4570ad3b14652803\"><br \/>\n<\/a><\/td>\n<\/tr>\n<\/tbody>\n<\/table>\n<table>\n<tbody>\n<tr>\n<td valign=\"top\"><\/td>\n<\/tr>\n<tr>\n<td valign=\"top\"><\/td>\n<\/tr>\n<tr>\n<td valign=\"top\"><strong>Todo apoio \u00e0 luta dos professores<br \/>\n<\/strong><\/p>\n<p>Assim como ocorre por todo o pa\u00eds, os professores municipais de  Fortaleza encontram-se em luta pela aplica\u00e7\u00e3o da Lei 11.738\/2008 que  instituiu o Piso Salarial Nacional do Magist\u00e9rio. A greve da categoria  teve in\u00edcio no dia 26\/04, imediatamente ap\u00f3s a confirma\u00e7\u00e3o plena da  constitucionalidade da Lei, em decis\u00e3o hist\u00f3rica proferida pelo Supremo  Tribunal Federal (STF).<\/p>\n<p>A constitucionalidade da Lei foi questionada por governadores de  cinco estados, entre eles o governador do Cear\u00e1 Cid Gomes. Atrav\u00e9s da  A\u00e7\u00e3o Direta de Inconstitucionalidade (ADIN) 4167, pretendiam que  prevalecesse a considera\u00e7\u00e3o do piso como remunera\u00e7\u00e3o total e n\u00e3o como  vencimento base inicial da carreira do magist\u00e9rio das redes p\u00fablicas.  Pretendiam tamb\u00e9m derrubar a determina\u00e7\u00e3o de que 1\/3 da jornada fosse  destinada \u00e0s atividades de planejamento e prepara\u00e7\u00e3o das aulas. A  decis\u00e3o do STF rejeitou ambas as teses.<\/p>\n<p><strong>Luizianne Lins (PT) tenta de tudo para seguir descumprindo a Lei<\/strong><\/p>\n<p><strong><br \/>\n<\/strong>J\u00e1 faz tempo que o PT deixou de representar os interesses  da classe trabalhadora, a defesa da natureza e os anseios de  transforma\u00e7\u00e3o social dos demais explorados e oprimidos pelo capitalismo.<\/p>\n<p>Agora, al\u00e9m de seguir com seus ataques, como na recente aprova\u00e7\u00e3o na  C\u00e2mara dos Deputados do nefasto C\u00f3digo Florestal, o PT vem se  especializando no papel de atuar junto aos movimentos sociais por  reformas que se nega a executar quando chega ao governo. \u00c9 o que tenta  fazer agora a prefeita de Fortaleza Luizianne Lins.<\/p>\n<p>Atrav\u00e9s do Projeto de Lei 175\/2011, enviado para a C\u00e2mara Municipal  no dia 19\/05, a prefeita pretende quebrar a tabela \u00fanica do plano de  cargos, desmembrando o n\u00edvel referente aos professores com forma\u00e7\u00e3o de  n\u00edvel m\u00e9dio. Para este segmento seria aplicado um valor compat\u00edvel com o  piso considerado pelo Minist\u00e9rio da Educa\u00e7\u00e3o, enquanto que na nova  tabela referente aos professores graduados e p\u00f3s-graduados n\u00e3o seriam  respeitados os percentuais existentes na tabela \u00fanica do PCCS em vigor.  Como os professores com forma\u00e7\u00e3o de n\u00edvel m\u00e9dio s\u00e3o um pequeno n\u00famero, a  grande maioria do magist\u00e9rio municipal ser\u00e1 prejudicada. Na pr\u00e1tica,  apenas os professores com forma\u00e7\u00e3o de n\u00edvel m\u00e9dio ser\u00e3o beneficiados,  enquanto os demais praticamente n\u00e3o ter\u00e3o ganho financeiro. Por isso, o  desmembramento da tabela do PCCS-Educa\u00e7\u00e3o \u00e9 um golpe que n\u00e3o pode ser  aceito.<\/p>\n<p>Al\u00e9m disso, o projeto n\u00e3o determina a reserva de 1\/3 da jornada para  atividades de planejamento e atribui ao piso um valor rebaixado,  desconsiderando a exig\u00eancia de revis\u00e3o de seu valor. Segundo a CNTE  (Confedera\u00e7\u00e3o Nacional dos Trabalhadores em Educa\u00e7\u00e3o), o Minist\u00e9rio da  Educa\u00e7\u00e3o n\u00e3o vem observando o que determina o Art. 5\u00ba da Lei do Piso,  que trata da revis\u00e3o anual pelo percentual de crescimento do valor  aluno\/sala. Com isso, o valor atualizado do piso deveria ser de R$  1.597,87 \u2013 e n\u00e3o de R$ 1.187,97 como quer a prefeitura.<\/p>\n<p><strong>Seguir na luta at\u00e9 o cumprimento total da Lei do Piso<br \/>\n<\/strong><\/p>\n<p>O Partido Socialismo e Liberdade (PSOL), atrav\u00e9s de sua milit\u00e2ncia e  do mandato Ecos da Cidade, vereador Jo\u00e3o Alfredo, presta todo apoio \u00e0  luta do magist\u00e9rio pela aplica\u00e7\u00e3o do Piso Nacional. No parlamento  municipal nosso vereador apresentou tr\u00eas emendas \u00e0 proposta da  prefeitura: <strong>1 \u2013 Modificativa <\/strong>\u2013 que modifica a data de reajuste de 1\u00b0 de junho para 1\u00b0 de janeiro, conforme prev\u00ea a data base; <strong>2 \u2013 Aditiva <\/strong>\u2013 Onde reserva 1\/3 das horas aulas seja para planejamento, prepara\u00e7\u00e3o de aulas, elabora\u00e7\u00e3o e corre\u00e7\u00e3o de provas; <strong>3 \u2013 Substitutiva<\/strong> \u2013 Substitui todo anexo I, da prefeitura, pela tabela de reajuste do  piso de acordo com a proposta da CNTE &#8211; Confedera\u00e7\u00e3o Nacional dos  Trabalhadores em Educa\u00e7\u00e3o do MEC onde o sal\u00e1rio inicial ser\u00e1 de R$  1.597,87. Estamos junto com toda garra, construindo e apoiando a  combativa greve dos professores. Al\u00e9m do cumprimento total da Lei do  Piso, exigimos a destina\u00e7\u00e3o de 10% do PIB para a educa\u00e7\u00e3o.<\/p>\n<p><strong>Mais<\/strong>: defendemos que a luta pela educa\u00e7\u00e3o n\u00e3o se  limite a reivindicar melhores sal\u00e1rios e condi\u00e7\u00f5es de trabalho. Nossa  proposta ecossocialista exige uma educa\u00e7\u00e3o nova, voltada \u00e0 forma\u00e7\u00e3o da  juventude para um mundo onde as rela\u00e7\u00f5es entre as pessoas e destas com a  natureza n\u00e3o continuem aprisionadas na l\u00f3gica fria e insens\u00edvel das  rela\u00e7\u00f5es mercantis, mas expressem o compromisso ativo e solid\u00e1rio com a  constru\u00e7\u00e3o de uma nova sociedade, para al\u00e9m da barb\u00e1rie capitalista e da  destrui\u00e7\u00e3o ambiental.<\/p>\n<p>Fortaleza \u2013CE., 25 de maio de 2011.<\/td>\n<\/tr>\n<\/tbody>\n<\/table>\n","protected":false},"excerpt":{"rendered":"<p>Todo apoio \u00e0 luta dos professores Assim como ocorre por todo o pa\u00eds, os professores municipais de Fortaleza encontram-se em luta pela aplica\u00e7\u00e3o da Lei 11.738\/2008 que instituiu o Piso Salarial Nacional do Magist\u00e9rio. A greve da categoria teve in\u00edcio no dia 26\/04, imediatamente ap\u00f3s a confirma\u00e7\u00e3o plena da constitucionalidade da Lei, em decis\u00e3o hist\u00f3rica [&hellip;]<\/p>\n","protected":false},"author":2,"featured_media":0,"comment_status":"open","ping_status":"open","sticky":false,"template":"","format":"standard","meta":{"_acf_changed":false,"footnotes":""},"categories":[4766],"tags":[],"class_list":{"0":"post-1560","1":"post","2":"type-post","3":"status-publish","4":"format-standard","6":"category-arquivo"},"acf":[],"yoast_head":"<!-- This site is optimized with the Yoast SEO plugin v26.5 - https:\/\/yoast.com\/wordpress\/plugins\/seo\/ -->\n<title>Nota do PSOL \u2013 CE sobre a greve d@s professores\/as - PSOL 50<\/title>\n<meta name=\"robots\" content=\"index, follow, max-snippet:-1, max-image-preview:large, max-video-preview:-1\" \/>\n<link rel=\"canonical\" href=\"https:\/\/psol50.org.br\/nota-do-psol-ce-sobre-a-greve-ds-professoresas\/\" \/>\n<meta property=\"og:locale\" content=\"pt_BR\" \/>\n<meta property=\"og:type\" content=\"article\" \/>\n<meta property=\"og:title\" content=\"Nota do PSOL \u2013 CE sobre a greve d@s professores\/as - PSOL 50\" \/>\n<meta property=\"og:description\" content=\"Todo apoio \u00e0 luta dos professores Assim como ocorre por todo o pa\u00eds, os professores municipais de Fortaleza encontram-se em luta pela aplica\u00e7\u00e3o da Lei 11.738\/2008 que instituiu o Piso Salarial Nacional do Magist\u00e9rio. A greve da categoria teve in\u00edcio no dia 26\/04, imediatamente ap\u00f3s a confirma\u00e7\u00e3o plena da constitucionalidade da Lei, em decis\u00e3o hist\u00f3rica [&hellip;]\" \/>\n<meta property=\"og:url\" content=\"https:\/\/psol50.org.br\/nota-do-psol-ce-sobre-a-greve-ds-professoresas\/\" \/>\n<meta property=\"og:site_name\" content=\"PSOL 50\" \/>\n<meta property=\"article:publisher\" content=\"https:\/\/www.facebook.com\/psol50\" \/>\n<meta property=\"article:published_time\" content=\"2011-05-31T00:00:00+00:00\" \/>\n<meta property=\"og:image\" content=\"https:\/\/psol50.org.br\/inc\/uploads\/2018\/07\/capa.png\" \/>\n\t<meta property=\"og:image:width\" content=\"1350\" \/>\n\t<meta property=\"og:image:height\" content=\"900\" \/>\n\t<meta property=\"og:image:type\" content=\"image\/png\" \/>\n<meta name=\"author\" content=\"Comunica\u00e7\u00e3o PSOL\" \/>\n<meta name=\"twitter:card\" content=\"summary_large_image\" \/>\n<meta name=\"twitter:creator\" content=\"@psol50\" \/>\n<meta name=\"twitter:site\" content=\"@psol50\" \/>\n<meta name=\"twitter:label1\" content=\"Escrito por\" \/>\n\t<meta name=\"twitter:data1\" content=\"Comunica\u00e7\u00e3o PSOL\" \/>\n\t<meta name=\"twitter:label2\" content=\"Est. tempo de leitura\" \/>\n\t<meta name=\"twitter:data2\" content=\"4 minutos\" \/>\n<script type=\"application\/ld+json\" class=\"yoast-schema-graph\">{\"@context\":\"https:\/\/schema.org\",\"@graph\":[{\"@type\":\"Article\",\"@id\":\"https:\/\/psol50.org.br\/nota-do-psol-ce-sobre-a-greve-ds-professoresas\/#article\",\"isPartOf\":{\"@id\":\"https:\/\/psol50.org.br\/nota-do-psol-ce-sobre-a-greve-ds-professoresas\/\"},\"author\":{\"name\":\"Comunica\u00e7\u00e3o PSOL\",\"@id\":\"https:\/\/psol50.org.br\/#\/schema\/person\/475dfa57d0b815993c714c2e96491fcd\"},\"headline\":\"Nota do PSOL \u2013 CE sobre a greve d@s professores\/as\",\"datePublished\":\"2011-05-31T00:00:00+00:00\",\"mainEntityOfPage\":{\"@id\":\"https:\/\/psol50.org.br\/nota-do-psol-ce-sobre-a-greve-ds-professoresas\/\"},\"wordCount\":784,\"commentCount\":0,\"publisher\":{\"@id\":\"https:\/\/psol50.org.br\/#organization\"},\"articleSection\":[\"Arquivo\"],\"inLanguage\":\"pt-BR\",\"potentialAction\":[{\"@type\":\"CommentAction\",\"name\":\"Comment\",\"target\":[\"https:\/\/psol50.org.br\/nota-do-psol-ce-sobre-a-greve-ds-professoresas\/#respond\"]}]},{\"@type\":\"WebPage\",\"@id\":\"https:\/\/psol50.org.br\/nota-do-psol-ce-sobre-a-greve-ds-professoresas\/\",\"url\":\"https:\/\/psol50.org.br\/nota-do-psol-ce-sobre-a-greve-ds-professoresas\/\",\"name\":\"Nota do PSOL \u2013 CE sobre a greve d@s professores\/as - PSOL 50\",\"isPartOf\":{\"@id\":\"https:\/\/psol50.org.br\/#website\"},\"datePublished\":\"2011-05-31T00:00:00+00:00\",\"breadcrumb\":{\"@id\":\"https:\/\/psol50.org.br\/nota-do-psol-ce-sobre-a-greve-ds-professoresas\/#breadcrumb\"},\"inLanguage\":\"pt-BR\",\"potentialAction\":[{\"@type\":\"ReadAction\",\"target\":[\"https:\/\/psol50.org.br\/nota-do-psol-ce-sobre-a-greve-ds-professoresas\/\"]}]},{\"@type\":\"BreadcrumbList\",\"@id\":\"https:\/\/psol50.org.br\/nota-do-psol-ce-sobre-a-greve-ds-professoresas\/#breadcrumb\",\"itemListElement\":[{\"@type\":\"ListItem\",\"position\":1,\"name\":\"In\u00edcio\",\"item\":\"https:\/\/psol50.org.br\/\"},{\"@type\":\"ListItem\",\"position\":2,\"name\":\"Nota do PSOL \u2013 CE sobre a greve d@s professores\/as\"}]},{\"@type\":\"WebSite\",\"@id\":\"https:\/\/psol50.org.br\/#website\",\"url\":\"https:\/\/psol50.org.br\/\",\"name\":\"PSOL 50\",\"description\":\"Site oficial do Partido Socialismo e Liberdade\",\"publisher\":{\"@id\":\"https:\/\/psol50.org.br\/#organization\"},\"alternateName\":\"PSOL50\",\"potentialAction\":[{\"@type\":\"SearchAction\",\"target\":{\"@type\":\"EntryPoint\",\"urlTemplate\":\"https:\/\/psol50.org.br\/?s={search_term_string}\"},\"query-input\":{\"@type\":\"PropertyValueSpecification\",\"valueRequired\":true,\"valueName\":\"search_term_string\"}}],\"inLanguage\":\"pt-BR\"},{\"@type\":\"Organization\",\"@id\":\"https:\/\/psol50.org.br\/#organization\",\"name\":\"PSOL 50\",\"alternateName\":\"PSOL 50\",\"url\":\"https:\/\/psol50.org.br\/\",\"logo\":{\"@type\":\"ImageObject\",\"inLanguage\":\"pt-BR\",\"@id\":\"https:\/\/psol50.org.br\/#\/schema\/logo\/image\/\",\"url\":\"https:\/\/psol50.org.br\/inc\/uploads\/2018\/07\/capa.png\",\"contentUrl\":\"https:\/\/psol50.org.br\/inc\/uploads\/2018\/07\/capa.png\",\"width\":1350,\"height\":900,\"caption\":\"PSOL 50\"},\"image\":{\"@id\":\"https:\/\/psol50.org.br\/#\/schema\/logo\/image\/\"},\"sameAs\":[\"https:\/\/www.facebook.com\/psol50\",\"https:\/\/x.com\/psol50\",\"https:\/\/www.instagram.com\/psol50\/\",\"https:\/\/www.youtube.com\/channel\/UC7SnJS5o1os7a6CaiNabzcg\"]},{\"@type\":\"Person\",\"@id\":\"https:\/\/psol50.org.br\/#\/schema\/person\/475dfa57d0b815993c714c2e96491fcd\",\"name\":\"Comunica\u00e7\u00e3o PSOL\",\"image\":{\"@type\":\"ImageObject\",\"inLanguage\":\"pt-BR\",\"@id\":\"https:\/\/psol50.org.br\/#\/schema\/person\/image\/\",\"url\":\"https:\/\/secure.gravatar.com\/avatar\/b34fc4f4e468a4e51785917065a3db57b841f5c95dba6ad8c73aaf8f66f8f9bf?s=96&d=mm&r=g\",\"contentUrl\":\"https:\/\/secure.gravatar.com\/avatar\/b34fc4f4e468a4e51785917065a3db57b841f5c95dba6ad8c73aaf8f66f8f9bf?s=96&d=mm&r=g\",\"caption\":\"Comunica\u00e7\u00e3o PSOL\"}}]}<\/script>\n<!-- \/ Yoast SEO plugin. -->","yoast_head_json":{"title":"Nota do PSOL \u2013 CE sobre a greve d@s professores\/as - PSOL 50","robots":{"index":"index","follow":"follow","max-snippet":"max-snippet:-1","max-image-preview":"max-image-preview:large","max-video-preview":"max-video-preview:-1"},"canonical":"https:\/\/psol50.org.br\/nota-do-psol-ce-sobre-a-greve-ds-professoresas\/","og_locale":"pt_BR","og_type":"article","og_title":"Nota do PSOL \u2013 CE sobre a greve d@s professores\/as - PSOL 50","og_description":"Todo apoio \u00e0 luta dos professores Assim como ocorre por todo o pa\u00eds, os professores municipais de Fortaleza encontram-se em luta pela aplica\u00e7\u00e3o da Lei 11.738\/2008 que instituiu o Piso Salarial Nacional do Magist\u00e9rio. A greve da categoria teve in\u00edcio no dia 26\/04, imediatamente ap\u00f3s a confirma\u00e7\u00e3o plena da constitucionalidade da Lei, em decis\u00e3o hist\u00f3rica [&hellip;]","og_url":"https:\/\/psol50.org.br\/nota-do-psol-ce-sobre-a-greve-ds-professoresas\/","og_site_name":"PSOL 50","article_publisher":"https:\/\/www.facebook.com\/psol50","article_published_time":"2011-05-31T00:00:00+00:00","og_image":[{"width":1350,"height":900,"url":"https:\/\/psol50.org.br\/inc\/uploads\/2018\/07\/capa.png","type":"image\/png"}],"author":"Comunica\u00e7\u00e3o PSOL","twitter_card":"summary_large_image","twitter_creator":"@psol50","twitter_site":"@psol50","twitter_misc":{"Escrito por":"Comunica\u00e7\u00e3o PSOL","Est. tempo de leitura":"4 minutos"},"schema":{"@context":"https:\/\/schema.org","@graph":[{"@type":"Article","@id":"https:\/\/psol50.org.br\/nota-do-psol-ce-sobre-a-greve-ds-professoresas\/#article","isPartOf":{"@id":"https:\/\/psol50.org.br\/nota-do-psol-ce-sobre-a-greve-ds-professoresas\/"},"author":{"name":"Comunica\u00e7\u00e3o PSOL","@id":"https:\/\/psol50.org.br\/#\/schema\/person\/475dfa57d0b815993c714c2e96491fcd"},"headline":"Nota do PSOL \u2013 CE sobre a greve d@s professores\/as","datePublished":"2011-05-31T00:00:00+00:00","mainEntityOfPage":{"@id":"https:\/\/psol50.org.br\/nota-do-psol-ce-sobre-a-greve-ds-professoresas\/"},"wordCount":784,"commentCount":0,"publisher":{"@id":"https:\/\/psol50.org.br\/#organization"},"articleSection":["Arquivo"],"inLanguage":"pt-BR","potentialAction":[{"@type":"CommentAction","name":"Comment","target":["https:\/\/psol50.org.br\/nota-do-psol-ce-sobre-a-greve-ds-professoresas\/#respond"]}]},{"@type":"WebPage","@id":"https:\/\/psol50.org.br\/nota-do-psol-ce-sobre-a-greve-ds-professoresas\/","url":"https:\/\/psol50.org.br\/nota-do-psol-ce-sobre-a-greve-ds-professoresas\/","name":"Nota do PSOL \u2013 CE sobre a greve d@s professores\/as - PSOL 50","isPartOf":{"@id":"https:\/\/psol50.org.br\/#website"},"datePublished":"2011-05-31T00:00:00+00:00","breadcrumb":{"@id":"https:\/\/psol50.org.br\/nota-do-psol-ce-sobre-a-greve-ds-professoresas\/#breadcrumb"},"inLanguage":"pt-BR","potentialAction":[{"@type":"ReadAction","target":["https:\/\/psol50.org.br\/nota-do-psol-ce-sobre-a-greve-ds-professoresas\/"]}]},{"@type":"BreadcrumbList","@id":"https:\/\/psol50.org.br\/nota-do-psol-ce-sobre-a-greve-ds-professoresas\/#breadcrumb","itemListElement":[{"@type":"ListItem","position":1,"name":"In\u00edcio","item":"https:\/\/psol50.org.br\/"},{"@type":"ListItem","position":2,"name":"Nota do PSOL \u2013 CE sobre a greve d@s professores\/as"}]},{"@type":"WebSite","@id":"https:\/\/psol50.org.br\/#website","url":"https:\/\/psol50.org.br\/","name":"PSOL 50","description":"Site oficial do Partido Socialismo e Liberdade","publisher":{"@id":"https:\/\/psol50.org.br\/#organization"},"alternateName":"PSOL50","potentialAction":[{"@type":"SearchAction","target":{"@type":"EntryPoint","urlTemplate":"https:\/\/psol50.org.br\/?s={search_term_string}"},"query-input":{"@type":"PropertyValueSpecification","valueRequired":true,"valueName":"search_term_string"}}],"inLanguage":"pt-BR"},{"@type":"Organization","@id":"https:\/\/psol50.org.br\/#organization","name":"PSOL 50","alternateName":"PSOL 50","url":"https:\/\/psol50.org.br\/","logo":{"@type":"ImageObject","inLanguage":"pt-BR","@id":"https:\/\/psol50.org.br\/#\/schema\/logo\/image\/","url":"https:\/\/psol50.org.br\/inc\/uploads\/2018\/07\/capa.png","contentUrl":"https:\/\/psol50.org.br\/inc\/uploads\/2018\/07\/capa.png","width":1350,"height":900,"caption":"PSOL 50"},"image":{"@id":"https:\/\/psol50.org.br\/#\/schema\/logo\/image\/"},"sameAs":["https:\/\/www.facebook.com\/psol50","https:\/\/x.com\/psol50","https:\/\/www.instagram.com\/psol50\/","https:\/\/www.youtube.com\/channel\/UC7SnJS5o1os7a6CaiNabzcg"]},{"@type":"Person","@id":"https:\/\/psol50.org.br\/#\/schema\/person\/475dfa57d0b815993c714c2e96491fcd","name":"Comunica\u00e7\u00e3o PSOL","image":{"@type":"ImageObject","inLanguage":"pt-BR","@id":"https:\/\/psol50.org.br\/#\/schema\/person\/image\/","url":"https:\/\/secure.gravatar.com\/avatar\/b34fc4f4e468a4e51785917065a3db57b841f5c95dba6ad8c73aaf8f66f8f9bf?s=96&d=mm&r=g","contentUrl":"https:\/\/secure.gravatar.com\/avatar\/b34fc4f4e468a4e51785917065a3db57b841f5c95dba6ad8c73aaf8f66f8f9bf?s=96&d=mm&r=g","caption":"Comunica\u00e7\u00e3o PSOL"}}]}},"_links":{"self":[{"href":"https:\/\/psol50.org.br\/rest\/wp\/v2\/posts\/1560","targetHints":{"allow":["GET"]}}],"collection":[{"href":"https:\/\/psol50.org.br\/rest\/wp\/v2\/posts"}],"about":[{"href":"https:\/\/psol50.org.br\/rest\/wp\/v2\/types\/post"}],"author":[{"embeddable":true,"href":"https:\/\/psol50.org.br\/rest\/wp\/v2\/users\/2"}],"replies":[{"embeddable":true,"href":"https:\/\/psol50.org.br\/rest\/wp\/v2\/comments?post=1560"}],"version-history":[{"count":0,"href":"https:\/\/psol50.org.br\/rest\/wp\/v2\/posts\/1560\/revisions"}],"wp:attachment":[{"href":"https:\/\/psol50.org.br\/rest\/wp\/v2\/media?parent=1560"}],"wp:term":[{"taxonomy":"category","embeddable":true,"href":"https:\/\/psol50.org.br\/rest\/wp\/v2\/categories?post=1560"},{"taxonomy":"post_tag","embeddable":true,"href":"https:\/\/psol50.org.br\/rest\/wp\/v2\/tags?post=1560"}],"curies":[{"name":"wp","href":"https:\/\/api.w.org\/{rel}","templated":true}]}}