{"id":15605,"date":"2017-03-17T16:57:15","date_gmt":"2017-03-17T16:57:15","guid":{"rendered":"http:\/\/www.psol50.org.br\/?p=15605"},"modified":"2017-03-17T16:57:15","modified_gmt":"2017-03-17T16:57:15","slug":"fernando-silva-aposentadoria-fica-temer-sai-o-15m-foi-um-grande-ponto-de-partida","status":"publish","type":"post","link":"https:\/\/psol50.org.br\/fernando-silva-aposentadoria-fica-temer-sai-o-15m-foi-um-grande-ponto-de-partida\/","title":{"rendered":"Fernando Silva | Aposentadoria fica, Temer sai! O 15M foi um grande ponto de partida"},"content":{"rendered":"<p>&nbsp;<\/p>\n<p>Atos que totalizaram centenas de milhares em 19 capitais e centenas de cidades do pa\u00eds, paralisa\u00e7\u00f5es parciais em pelo menos 28 categorias, com eixo no setor da Educa\u00e7\u00e3o e em diversos setores do transporte p\u00fablico e que ocorreram tanto no setor p\u00fablico como no setor privado, ocupa\u00e7\u00f5es de minist\u00e9rios e superintend\u00eancias do INSS entre outros pr\u00e9dios p\u00fablicos, bloqueio de estradas. Este aut\u00eantico dia massivo de luta, manifesta\u00e7\u00f5es e paralisa\u00e7\u00f5es nacionais d\u00e1 a dimens\u00e3o da centralidade e capacidade de mobiliza\u00e7\u00e3o que a luta contra a Reforma da Previd\u00eancia ocupa na agenda de todos os atores sociais dos explorados e oprimidos.<\/p>\n<p>Mas tamb\u00e9m teve enorme import\u00e2ncia as demonstra\u00e7\u00f5es de recha\u00e7o ao governo golpista de Temer em todas essas manifesta\u00e7\u00f5es. N\u00e3o por acaso um dos slogans principais das manifesta\u00e7\u00f5es do dia de luta das mulheres, no 8 de mar\u00e7o, esteve presente novamente no 15M (Aposentadoria fica, Temer sai). Nem mesmo as c\u00e2meras dos canais Globo em sua cobertura prudente do dia 15, conseguiram esconder as faixas e cartazes de populares que se postavam ao lado dos rep\u00f3rteres com os dizeres \u201cFora Temer\u201d.<\/p>\n<p>Indiscutivelmente o 15 de mar\u00e7o pode abrir uma nova perspectiva para a resist\u00eancia social contras as reformas ultra-liberais, a depender da sua continuidade e da capacidade de se manter a unidade de a\u00e7\u00e3o com o objetivo de produzir novas mobiliza\u00e7\u00f5es e iniciativas para derrotar, barrar a reforma previdenci\u00e1ria em particular.<br \/>\nEsta perspectiva da resist\u00eancia social \u00e9 alentada pelo quadro de agravamento da crise pol\u00edtica e institucional no andar de cima da Rep\u00fablica com a lista de Janot, que atinge em cheio o governo Temer, os l\u00edderes das duas casas do Congresso, figur\u00f5es do PSDB e novamente do PT.<\/p>\n<p>Some-se a isso a alta impopularidade do governo Temer, o agravamento da crise econ\u00f4mica e social e temos sim um cen\u00e1rio onde se abre uma enorme brecha para, como m\u00ednimo, ter no horizonte a possibilidade real de barrar a reforma da Previd\u00eancia, o que n\u00e3o seria uma vit\u00f3ria qualquer, pois ela poderia liquidar politicamente com o governo Temer e sua utilidade para a burguesia. Talvez seja esta a via mais concreta para se efetivar o \u201cFora Temer\u201d, pois as quest\u00f5es aqui est\u00e3o interligadas.<\/p>\n<p>E em que pese a amplitude de ataques, por exemplo, do peso que a reforma trabalhista tem para os objetivos do grande Capital, assim como a for\u00e7a que o Fora Temer preserva em todo tipo de manifesta\u00e7\u00e3o, como foi no caso do carnaval deste ano, a bandeira que tem a maior capacidade de mobiliza\u00e7\u00e3o e precisa ter a centralidade da mobiliza\u00e7\u00e3o \u00e9 a reforma da Previd\u00eancia. \u00c9 a luta de massas que atinge a todos e todas, que vai acabar com o direito a aposentadoria numa propor\u00e7\u00e3o que n\u00e3o h\u00e1 par\u00e2metros no nosso continente. E isto \u00e9 muito f\u00e1cil de explicar e de ser entendida pelo povo, ali\u00e1s, j\u00e1 est\u00e1 sendo devidamente entendida como o 15 de mar\u00e7o deixou isso n\u00edtido, de forma at\u00e9 surpreendente.<\/p>\n<p>Mas ainda sobre os atos do 15 de mar\u00e7o cabem algumas palavras sobre a pol\u00eamica presen\u00e7a de Lula no ato da avenida Paulista em S\u00e3o Paulo. Embora estejamos no momento da mais ampla unidade de a\u00e7\u00e3o e isto implica em que n\u00e3o h\u00e1 como vetar quem quer que seja desta ampla frente de centrais, movimentos sociais e partidos da oposi\u00e7\u00e3o ao governo Temer e as reformas, \u00e9 preciso ter n\u00edtido para toda a popula\u00e7\u00e3o que este movimento n\u00e3o est\u00e1 a servi\u00e7o da candidatura de Lula em 2018. Entre outras raz\u00f5es porque quando presidente seu primeiro grande projeto foi iniciar a pesada reforma da previd\u00eancia no setor p\u00fablico. Mas principalmente porque o modelo de concilia\u00e7\u00e3o de classes e manuten\u00e7\u00e3o dos privil\u00e9gios aos banqueiros e agroneg\u00f3cio durante o ciclo dos governos petistas, esgotou-se e ajudou a abrir as portas para a derrota que todo o movimento sofreu quando do golpe parlamentar.<\/p>\n<p>A luta contra a reforma da Previd\u00eancia unifica todo o movimento e a esquerda, Lula n\u00e3o. Pois a esquerda e os movimentos sociais ter\u00e3o dois desafios de grande monta, o primeiro pr\u00e1tico: derrotar o governo Temer e suas reformas; o segundo de f\u00f4lego mais estrat\u00e9gico: formatar um projeto, um programa para o Brasil que tamb\u00e9m supere o modelo de concilia\u00e7\u00e3o de classes do ciclo que rec\u00e9m se encerra.<\/p>\n<p>Voltando aos desafios imediatos, \u00e9 preciso agora que uma nova jornada de lutas seja constru\u00edda combinando mobiliza\u00e7\u00f5es de rua, novas paralisa\u00e7\u00f5es e toda sorte de inciativa (plebiscito, abaixo-assinados, etc) que ajude a massificar e envolver a maioria esmagadora da popula\u00e7\u00e3o em toda a\u00e7\u00e3o que tenha como centro barrar a reforma da Previd\u00eancia. O momento \u00e9 o de aproveitar a brecha aberta e o impulso das manifesta\u00e7\u00f5es do 15 de mar\u00e7o.<\/p>\n","protected":false},"excerpt":{"rendered":"<p>&nbsp; Atos que totalizaram centenas de milhares em 19 capitais e centenas de cidades do pa\u00eds, paralisa\u00e7\u00f5es parciais em pelo menos 28 categorias, com eixo no setor da Educa\u00e7\u00e3o e em diversos setores do transporte p\u00fablico e que ocorreram tanto no setor p\u00fablico como no setor privado, ocupa\u00e7\u00f5es de minist\u00e9rios e superintend\u00eancias do INSS entre [&hellip;]<\/p>\n","protected":false},"author":2,"featured_media":15574,"comment_status":"open","ping_status":"open","sticky":false,"template":"","format":"standard","meta":{"_acf_changed":false,"footnotes":""},"categories":[3,1882,1104,6],"tags":[],"class_list":{"0":"post-15605","1":"post","2":"type-post","3":"status-publish","4":"format-standard","5":"has-post-thumbnail","7":"category-artigos-e-entrevistas","8":"category-brasil","9":"category-movimento","10":"category-noticias"},"acf":[],"yoast_head":"<!-- This site is optimized with the Yoast SEO plugin v26.5 - https:\/\/yoast.com\/wordpress\/plugins\/seo\/ -->\n<title>Fernando Silva | Aposentadoria fica, Temer sai! O 15M foi um grande ponto de partida - PSOL 50<\/title>\n<meta name=\"robots\" content=\"index, follow, max-snippet:-1, max-image-preview:large, max-video-preview:-1\" \/>\n<link rel=\"canonical\" href=\"https:\/\/psol50.org.br\/fernando-silva-aposentadoria-fica-temer-sai-o-15m-foi-um-grande-ponto-de-partida\/\" \/>\n<meta property=\"og:locale\" content=\"pt_BR\" \/>\n<meta property=\"og:type\" content=\"article\" \/>\n<meta property=\"og:title\" content=\"Fernando Silva | Aposentadoria fica, Temer sai! O 15M foi um grande ponto de partida - PSOL 50\" \/>\n<meta property=\"og:description\" content=\"&nbsp; Atos que totalizaram centenas de milhares em 19 capitais e centenas de cidades do pa\u00eds, paralisa\u00e7\u00f5es parciais em pelo menos 28 categorias, com eixo no setor da Educa\u00e7\u00e3o e em diversos setores do transporte p\u00fablico e que ocorreram tanto no setor p\u00fablico como no setor privado, ocupa\u00e7\u00f5es de minist\u00e9rios e superintend\u00eancias do INSS entre [&hellip;]\" \/>\n<meta property=\"og:url\" content=\"https:\/\/psol50.org.br\/fernando-silva-aposentadoria-fica-temer-sai-o-15m-foi-um-grande-ponto-de-partida\/\" \/>\n<meta property=\"og:site_name\" content=\"PSOL 50\" \/>\n<meta property=\"article:publisher\" content=\"https:\/\/www.facebook.com\/psol50\" \/>\n<meta property=\"article:published_time\" content=\"2017-03-17T16:57:15+00:00\" \/>\n<meta property=\"og:image\" content=\"https:\/\/psol50.org.br\/inc\/uploads\/2018\/07\/capa.png\" \/>\n\t<meta property=\"og:image:width\" content=\"1350\" \/>\n\t<meta property=\"og:image:height\" content=\"900\" \/>\n\t<meta property=\"og:image:type\" content=\"image\/png\" \/>\n<meta name=\"author\" content=\"Comunica\u00e7\u00e3o PSOL\" \/>\n<meta name=\"twitter:card\" content=\"summary_large_image\" \/>\n<meta name=\"twitter:creator\" content=\"@psol50\" \/>\n<meta name=\"twitter:site\" content=\"@psol50\" \/>\n<meta name=\"twitter:label1\" content=\"Escrito por\" \/>\n\t<meta name=\"twitter:data1\" content=\"Comunica\u00e7\u00e3o PSOL\" \/>\n\t<meta name=\"twitter:label2\" content=\"Est. tempo de leitura\" \/>\n\t<meta name=\"twitter:data2\" content=\"4 minutos\" \/>\n<script type=\"application\/ld+json\" class=\"yoast-schema-graph\">{\"@context\":\"https:\/\/schema.org\",\"@graph\":[{\"@type\":\"Article\",\"@id\":\"https:\/\/psol50.org.br\/fernando-silva-aposentadoria-fica-temer-sai-o-15m-foi-um-grande-ponto-de-partida\/#article\",\"isPartOf\":{\"@id\":\"https:\/\/psol50.org.br\/fernando-silva-aposentadoria-fica-temer-sai-o-15m-foi-um-grande-ponto-de-partida\/\"},\"author\":{\"name\":\"Comunica\u00e7\u00e3o PSOL\",\"@id\":\"https:\/\/psol50.org.br\/#\/schema\/person\/475dfa57d0b815993c714c2e96491fcd\"},\"headline\":\"Fernando Silva | Aposentadoria fica, Temer sai! O 15M foi um grande ponto de partida\",\"datePublished\":\"2017-03-17T16:57:15+00:00\",\"mainEntityOfPage\":{\"@id\":\"https:\/\/psol50.org.br\/fernando-silva-aposentadoria-fica-temer-sai-o-15m-foi-um-grande-ponto-de-partida\/\"},\"wordCount\":862,\"commentCount\":0,\"publisher\":{\"@id\":\"https:\/\/psol50.org.br\/#organization\"},\"image\":{\"@id\":\"https:\/\/psol50.org.br\/fernando-silva-aposentadoria-fica-temer-sai-o-15m-foi-um-grande-ponto-de-partida\/#primaryimage\"},\"thumbnailUrl\":\"\",\"articleSection\":[\"Artigos\",\"Brasil\",\"Movimento\",\"Not\u00edcias\"],\"inLanguage\":\"pt-BR\",\"potentialAction\":[{\"@type\":\"CommentAction\",\"name\":\"Comment\",\"target\":[\"https:\/\/psol50.org.br\/fernando-silva-aposentadoria-fica-temer-sai-o-15m-foi-um-grande-ponto-de-partida\/#respond\"]}]},{\"@type\":\"WebPage\",\"@id\":\"https:\/\/psol50.org.br\/fernando-silva-aposentadoria-fica-temer-sai-o-15m-foi-um-grande-ponto-de-partida\/\",\"url\":\"https:\/\/psol50.org.br\/fernando-silva-aposentadoria-fica-temer-sai-o-15m-foi-um-grande-ponto-de-partida\/\",\"name\":\"Fernando Silva | Aposentadoria fica, Temer sai! O 15M foi um grande ponto de partida - PSOL 50\",\"isPartOf\":{\"@id\":\"https:\/\/psol50.org.br\/#website\"},\"primaryImageOfPage\":{\"@id\":\"https:\/\/psol50.org.br\/fernando-silva-aposentadoria-fica-temer-sai-o-15m-foi-um-grande-ponto-de-partida\/#primaryimage\"},\"image\":{\"@id\":\"https:\/\/psol50.org.br\/fernando-silva-aposentadoria-fica-temer-sai-o-15m-foi-um-grande-ponto-de-partida\/#primaryimage\"},\"thumbnailUrl\":\"\",\"datePublished\":\"2017-03-17T16:57:15+00:00\",\"breadcrumb\":{\"@id\":\"https:\/\/psol50.org.br\/fernando-silva-aposentadoria-fica-temer-sai-o-15m-foi-um-grande-ponto-de-partida\/#breadcrumb\"},\"inLanguage\":\"pt-BR\",\"potentialAction\":[{\"@type\":\"ReadAction\",\"target\":[\"https:\/\/psol50.org.br\/fernando-silva-aposentadoria-fica-temer-sai-o-15m-foi-um-grande-ponto-de-partida\/\"]}]},{\"@type\":\"ImageObject\",\"inLanguage\":\"pt-BR\",\"@id\":\"https:\/\/psol50.org.br\/fernando-silva-aposentadoria-fica-temer-sai-o-15m-foi-um-grande-ponto-de-partida\/#primaryimage\",\"url\":\"\",\"contentUrl\":\"\"},{\"@type\":\"BreadcrumbList\",\"@id\":\"https:\/\/psol50.org.br\/fernando-silva-aposentadoria-fica-temer-sai-o-15m-foi-um-grande-ponto-de-partida\/#breadcrumb\",\"itemListElement\":[{\"@type\":\"ListItem\",\"position\":1,\"name\":\"In\u00edcio\",\"item\":\"https:\/\/psol50.org.br\/\"},{\"@type\":\"ListItem\",\"position\":2,\"name\":\"Fernando Silva | Aposentadoria fica, Temer sai! O 15M foi um grande ponto de partida\"}]},{\"@type\":\"WebSite\",\"@id\":\"https:\/\/psol50.org.br\/#website\",\"url\":\"https:\/\/psol50.org.br\/\",\"name\":\"PSOL 50\",\"description\":\"Site oficial do Partido Socialismo e Liberdade\",\"publisher\":{\"@id\":\"https:\/\/psol50.org.br\/#organization\"},\"alternateName\":\"PSOL50\",\"potentialAction\":[{\"@type\":\"SearchAction\",\"target\":{\"@type\":\"EntryPoint\",\"urlTemplate\":\"https:\/\/psol50.org.br\/?s={search_term_string}\"},\"query-input\":{\"@type\":\"PropertyValueSpecification\",\"valueRequired\":true,\"valueName\":\"search_term_string\"}}],\"inLanguage\":\"pt-BR\"},{\"@type\":\"Organization\",\"@id\":\"https:\/\/psol50.org.br\/#organization\",\"name\":\"PSOL 50\",\"alternateName\":\"PSOL 50\",\"url\":\"https:\/\/psol50.org.br\/\",\"logo\":{\"@type\":\"ImageObject\",\"inLanguage\":\"pt-BR\",\"@id\":\"https:\/\/psol50.org.br\/#\/schema\/logo\/image\/\",\"url\":\"https:\/\/psol50.org.br\/inc\/uploads\/2018\/07\/capa.png\",\"contentUrl\":\"https:\/\/psol50.org.br\/inc\/uploads\/2018\/07\/capa.png\",\"width\":1350,\"height\":900,\"caption\":\"PSOL 50\"},\"image\":{\"@id\":\"https:\/\/psol50.org.br\/#\/schema\/logo\/image\/\"},\"sameAs\":[\"https:\/\/www.facebook.com\/psol50\",\"https:\/\/x.com\/psol50\",\"https:\/\/www.instagram.com\/psol50\/\",\"https:\/\/www.youtube.com\/channel\/UC7SnJS5o1os7a6CaiNabzcg\"]},{\"@type\":\"Person\",\"@id\":\"https:\/\/psol50.org.br\/#\/schema\/person\/475dfa57d0b815993c714c2e96491fcd\",\"name\":\"Comunica\u00e7\u00e3o PSOL\",\"image\":{\"@type\":\"ImageObject\",\"inLanguage\":\"pt-BR\",\"@id\":\"https:\/\/psol50.org.br\/#\/schema\/person\/image\/\",\"url\":\"https:\/\/secure.gravatar.com\/avatar\/b34fc4f4e468a4e51785917065a3db57b841f5c95dba6ad8c73aaf8f66f8f9bf?s=96&d=mm&r=g\",\"contentUrl\":\"https:\/\/secure.gravatar.com\/avatar\/b34fc4f4e468a4e51785917065a3db57b841f5c95dba6ad8c73aaf8f66f8f9bf?s=96&d=mm&r=g\",\"caption\":\"Comunica\u00e7\u00e3o PSOL\"}}]}<\/script>\n<!-- \/ Yoast SEO plugin. -->","yoast_head_json":{"title":"Fernando Silva | Aposentadoria fica, Temer sai! O 15M foi um grande ponto de partida - PSOL 50","robots":{"index":"index","follow":"follow","max-snippet":"max-snippet:-1","max-image-preview":"max-image-preview:large","max-video-preview":"max-video-preview:-1"},"canonical":"https:\/\/psol50.org.br\/fernando-silva-aposentadoria-fica-temer-sai-o-15m-foi-um-grande-ponto-de-partida\/","og_locale":"pt_BR","og_type":"article","og_title":"Fernando Silva | Aposentadoria fica, Temer sai! O 15M foi um grande ponto de partida - PSOL 50","og_description":"&nbsp; Atos que totalizaram centenas de milhares em 19 capitais e centenas de cidades do pa\u00eds, paralisa\u00e7\u00f5es parciais em pelo menos 28 categorias, com eixo no setor da Educa\u00e7\u00e3o e em diversos setores do transporte p\u00fablico e que ocorreram tanto no setor p\u00fablico como no setor privado, ocupa\u00e7\u00f5es de minist\u00e9rios e superintend\u00eancias do INSS entre [&hellip;]","og_url":"https:\/\/psol50.org.br\/fernando-silva-aposentadoria-fica-temer-sai-o-15m-foi-um-grande-ponto-de-partida\/","og_site_name":"PSOL 50","article_publisher":"https:\/\/www.facebook.com\/psol50","article_published_time":"2017-03-17T16:57:15+00:00","og_image":[{"width":1350,"height":900,"url":"https:\/\/psol50.org.br\/inc\/uploads\/2018\/07\/capa.png","type":"image\/png"}],"author":"Comunica\u00e7\u00e3o PSOL","twitter_card":"summary_large_image","twitter_creator":"@psol50","twitter_site":"@psol50","twitter_misc":{"Escrito por":"Comunica\u00e7\u00e3o PSOL","Est. tempo de leitura":"4 minutos"},"schema":{"@context":"https:\/\/schema.org","@graph":[{"@type":"Article","@id":"https:\/\/psol50.org.br\/fernando-silva-aposentadoria-fica-temer-sai-o-15m-foi-um-grande-ponto-de-partida\/#article","isPartOf":{"@id":"https:\/\/psol50.org.br\/fernando-silva-aposentadoria-fica-temer-sai-o-15m-foi-um-grande-ponto-de-partida\/"},"author":{"name":"Comunica\u00e7\u00e3o PSOL","@id":"https:\/\/psol50.org.br\/#\/schema\/person\/475dfa57d0b815993c714c2e96491fcd"},"headline":"Fernando Silva | Aposentadoria fica, Temer sai! O 15M foi um grande ponto de partida","datePublished":"2017-03-17T16:57:15+00:00","mainEntityOfPage":{"@id":"https:\/\/psol50.org.br\/fernando-silva-aposentadoria-fica-temer-sai-o-15m-foi-um-grande-ponto-de-partida\/"},"wordCount":862,"commentCount":0,"publisher":{"@id":"https:\/\/psol50.org.br\/#organization"},"image":{"@id":"https:\/\/psol50.org.br\/fernando-silva-aposentadoria-fica-temer-sai-o-15m-foi-um-grande-ponto-de-partida\/#primaryimage"},"thumbnailUrl":"","articleSection":["Artigos","Brasil","Movimento","Not\u00edcias"],"inLanguage":"pt-BR","potentialAction":[{"@type":"CommentAction","name":"Comment","target":["https:\/\/psol50.org.br\/fernando-silva-aposentadoria-fica-temer-sai-o-15m-foi-um-grande-ponto-de-partida\/#respond"]}]},{"@type":"WebPage","@id":"https:\/\/psol50.org.br\/fernando-silva-aposentadoria-fica-temer-sai-o-15m-foi-um-grande-ponto-de-partida\/","url":"https:\/\/psol50.org.br\/fernando-silva-aposentadoria-fica-temer-sai-o-15m-foi-um-grande-ponto-de-partida\/","name":"Fernando Silva | Aposentadoria fica, Temer sai! O 15M foi um grande ponto de partida - PSOL 50","isPartOf":{"@id":"https:\/\/psol50.org.br\/#website"},"primaryImageOfPage":{"@id":"https:\/\/psol50.org.br\/fernando-silva-aposentadoria-fica-temer-sai-o-15m-foi-um-grande-ponto-de-partida\/#primaryimage"},"image":{"@id":"https:\/\/psol50.org.br\/fernando-silva-aposentadoria-fica-temer-sai-o-15m-foi-um-grande-ponto-de-partida\/#primaryimage"},"thumbnailUrl":"","datePublished":"2017-03-17T16:57:15+00:00","breadcrumb":{"@id":"https:\/\/psol50.org.br\/fernando-silva-aposentadoria-fica-temer-sai-o-15m-foi-um-grande-ponto-de-partida\/#breadcrumb"},"inLanguage":"pt-BR","potentialAction":[{"@type":"ReadAction","target":["https:\/\/psol50.org.br\/fernando-silva-aposentadoria-fica-temer-sai-o-15m-foi-um-grande-ponto-de-partida\/"]}]},{"@type":"ImageObject","inLanguage":"pt-BR","@id":"https:\/\/psol50.org.br\/fernando-silva-aposentadoria-fica-temer-sai-o-15m-foi-um-grande-ponto-de-partida\/#primaryimage","url":"","contentUrl":""},{"@type":"BreadcrumbList","@id":"https:\/\/psol50.org.br\/fernando-silva-aposentadoria-fica-temer-sai-o-15m-foi-um-grande-ponto-de-partida\/#breadcrumb","itemListElement":[{"@type":"ListItem","position":1,"name":"In\u00edcio","item":"https:\/\/psol50.org.br\/"},{"@type":"ListItem","position":2,"name":"Fernando Silva | Aposentadoria fica, Temer sai! O 15M foi um grande ponto de partida"}]},{"@type":"WebSite","@id":"https:\/\/psol50.org.br\/#website","url":"https:\/\/psol50.org.br\/","name":"PSOL 50","description":"Site oficial do Partido Socialismo e Liberdade","publisher":{"@id":"https:\/\/psol50.org.br\/#organization"},"alternateName":"PSOL50","potentialAction":[{"@type":"SearchAction","target":{"@type":"EntryPoint","urlTemplate":"https:\/\/psol50.org.br\/?s={search_term_string}"},"query-input":{"@type":"PropertyValueSpecification","valueRequired":true,"valueName":"search_term_string"}}],"inLanguage":"pt-BR"},{"@type":"Organization","@id":"https:\/\/psol50.org.br\/#organization","name":"PSOL 50","alternateName":"PSOL 50","url":"https:\/\/psol50.org.br\/","logo":{"@type":"ImageObject","inLanguage":"pt-BR","@id":"https:\/\/psol50.org.br\/#\/schema\/logo\/image\/","url":"https:\/\/psol50.org.br\/inc\/uploads\/2018\/07\/capa.png","contentUrl":"https:\/\/psol50.org.br\/inc\/uploads\/2018\/07\/capa.png","width":1350,"height":900,"caption":"PSOL 50"},"image":{"@id":"https:\/\/psol50.org.br\/#\/schema\/logo\/image\/"},"sameAs":["https:\/\/www.facebook.com\/psol50","https:\/\/x.com\/psol50","https:\/\/www.instagram.com\/psol50\/","https:\/\/www.youtube.com\/channel\/UC7SnJS5o1os7a6CaiNabzcg"]},{"@type":"Person","@id":"https:\/\/psol50.org.br\/#\/schema\/person\/475dfa57d0b815993c714c2e96491fcd","name":"Comunica\u00e7\u00e3o PSOL","image":{"@type":"ImageObject","inLanguage":"pt-BR","@id":"https:\/\/psol50.org.br\/#\/schema\/person\/image\/","url":"https:\/\/secure.gravatar.com\/avatar\/b34fc4f4e468a4e51785917065a3db57b841f5c95dba6ad8c73aaf8f66f8f9bf?s=96&d=mm&r=g","contentUrl":"https:\/\/secure.gravatar.com\/avatar\/b34fc4f4e468a4e51785917065a3db57b841f5c95dba6ad8c73aaf8f66f8f9bf?s=96&d=mm&r=g","caption":"Comunica\u00e7\u00e3o PSOL"}}]}},"_links":{"self":[{"href":"https:\/\/psol50.org.br\/rest\/wp\/v2\/posts\/15605","targetHints":{"allow":["GET"]}}],"collection":[{"href":"https:\/\/psol50.org.br\/rest\/wp\/v2\/posts"}],"about":[{"href":"https:\/\/psol50.org.br\/rest\/wp\/v2\/types\/post"}],"author":[{"embeddable":true,"href":"https:\/\/psol50.org.br\/rest\/wp\/v2\/users\/2"}],"replies":[{"embeddable":true,"href":"https:\/\/psol50.org.br\/rest\/wp\/v2\/comments?post=15605"}],"version-history":[{"count":0,"href":"https:\/\/psol50.org.br\/rest\/wp\/v2\/posts\/15605\/revisions"}],"wp:featuredmedia":[{"embeddable":true,"href":"https:\/\/psol50.org.br\/rest\/"}],"wp:attachment":[{"href":"https:\/\/psol50.org.br\/rest\/wp\/v2\/media?parent=15605"}],"wp:term":[{"taxonomy":"category","embeddable":true,"href":"https:\/\/psol50.org.br\/rest\/wp\/v2\/categories?post=15605"},{"taxonomy":"post_tag","embeddable":true,"href":"https:\/\/psol50.org.br\/rest\/wp\/v2\/tags?post=15605"}],"curies":[{"name":"wp","href":"https:\/\/api.w.org\/{rel}","templated":true}]}}