{"id":15607,"date":"2017-03-17T18:28:23","date_gmt":"2017-03-17T18:28:23","guid":{"rendered":"http:\/\/www.psol50.org.br\/?p=15607"},"modified":"2017-03-17T18:28:23","modified_gmt":"2017-03-17T18:28:23","slug":"temer-libera-r-800-mi-de-emendas-parlamentares-as-vesperas-da-votacao-da-reforma-da-previdencia","status":"publish","type":"post","link":"https:\/\/psol50.org.br\/temer-libera-r-800-mi-de-emendas-parlamentares-as-vesperas-da-votacao-da-reforma-da-previdencia\/","title":{"rendered":"Temer libera R$ 800 mi de emendas parlamentares \u00e0s v\u00e9speras da vota\u00e7\u00e3o da Reforma da Previd\u00eancia"},"content":{"rendered":"<p>Faltando pouco mais de um m\u00eas (segundo as previs\u00f5es do governo)\u00a0para a vota\u00e7\u00e3o da PEC 287\/2016, que trata da Reforma da Previd\u00eancia, Michel Temer liberou um lote alto de recursos destinados a obras indicadas pelos congressistas\u00a0de sua base. As &#8220;emendas parlamentares&#8221;, modo como s\u00e3o chamados, estavam h\u00e1 mais de dois meses\u00a0sem libera\u00e7\u00e3o e j\u00e1 foram inclusive alvos de queixas de prefeitos e deputados, que no in\u00edcio do ano dirigiram-se\u00a0aos minist\u00e9rios para questionar o atraso.<\/p>\n<p>No total, foram cerca de\u00a0R$ 300 milh\u00f5es destinados a emendas de responsabilidade de seis partidos aliados, <span style=\"color: #0000ff\"><strong><a style=\"color: #0000ff\" href=\"http:\/\/www1.folha.uol.com.br\/poder\/2017\/03\/1866906-governo-temer-libera-r-800-milhoes-em-emendas-para-a-base.shtml\">segundo a Folha de S\u00e3o Paulo<\/a><\/strong><\/span>. Al\u00e9m disso, de acordo com integrantes da pr\u00f3pria equipe presidencial, o total pago a toda a base chega a R$ 800 milh\u00f5es. Essas emendas s\u00e3o a maneira como parlamentares direcionam recursos para obras em sua base.<\/p>\n<p>O momento \u00e9 &#8220;oportuno&#8221; para a libera\u00e7\u00e3o das verbas: a Reforma da Previd\u00eancia, <strong><span style=\"color: #0000ff\"><a style=\"color: #0000ff\" href=\"http:\/\/www.psol50.org.br\/blog\/2017\/03\/16\/15m-brasil-se-levanta-contra-temer-e-seu-desmonte-da-previdencia\/\">altamente rejeitada pela popula\u00e7\u00e3o<\/a><\/span><\/strong>, est\u00e1 prestes a ser votada, e o governo federal precisa garantir seu apoio sem que a base aliada no parlamento tente mudar pontos da proposta. O atraso, portanto, n\u00e3o foi aleat\u00f3rio: Temer calculou muito bem o momento, usando mecanismos de compra de influ\u00eancia para manipular seus interesses.<\/p>\n<p>As pastas que receberam os recursos foram a de Sa\u00fade, Cidades e Turismo e a lista de obras beneficiadas foi encaminhada aos minist\u00e9rios. Michel Temer, assim, exp\u00f5e cada vez mais seu jogo sujo, na tentativa de aprovar um\u00a0projeto neoliberal e elitista que massacra os direitos historicamente conquistados pela classe assalariada.<\/p>\n","protected":false},"excerpt":{"rendered":"<p>Faltando pouco mais de um m\u00eas (segundo as previs\u00f5es do governo)\u00a0para a vota\u00e7\u00e3o da PEC 287\/2016, que trata da Reforma da Previd\u00eancia, Michel Temer liberou um lote alto de recursos destinados a obras indicadas pelos congressistas\u00a0de sua base. As &#8220;emendas parlamentares&#8221;, modo como s\u00e3o chamados, estavam h\u00e1 mais de dois meses\u00a0sem libera\u00e7\u00e3o e j\u00e1 foram [&hellip;]<\/p>\n","protected":false},"author":2,"featured_media":12649,"comment_status":"open","ping_status":"open","sticky":false,"template":"","format":"standard","meta":{"_acf_changed":false,"footnotes":""},"categories":[10,1882,6],"tags":[2959,1748,39],"class_list":{"0":"post-15607","1":"post","2":"type-post","3":"status-publish","4":"format-standard","5":"has-post-thumbnail","7":"category-acao-parlamentares","8":"category-brasil","9":"category-noticias","10":"tag-manobra","11":"tag-michel-temer","12":"tag-reforma-da-previdencia"},"acf":[],"yoast_head":"<!-- This site is optimized with the Yoast SEO plugin v26.5 - https:\/\/yoast.com\/wordpress\/plugins\/seo\/ -->\n<title>Temer libera R$ 800 mi de emendas parlamentares \u00e0s v\u00e9speras da vota\u00e7\u00e3o da Reforma da Previd\u00eancia - PSOL 50<\/title>\n<meta name=\"robots\" content=\"index, follow, max-snippet:-1, max-image-preview:large, max-video-preview:-1\" \/>\n<link rel=\"canonical\" href=\"https:\/\/psol50.org.br\/temer-libera-r-800-mi-de-emendas-parlamentares-as-vesperas-da-votacao-da-reforma-da-previdencia\/\" \/>\n<meta property=\"og:locale\" content=\"pt_BR\" \/>\n<meta property=\"og:type\" content=\"article\" \/>\n<meta property=\"og:title\" content=\"Temer libera R$ 800 mi de emendas parlamentares \u00e0s v\u00e9speras da vota\u00e7\u00e3o da Reforma da Previd\u00eancia - PSOL 50\" \/>\n<meta property=\"og:description\" content=\"Faltando pouco mais de um m\u00eas (segundo as previs\u00f5es do governo)\u00a0para a vota\u00e7\u00e3o da PEC 287\/2016, que trata da Reforma da Previd\u00eancia, Michel Temer liberou um lote alto de recursos destinados a obras indicadas pelos congressistas\u00a0de sua base. As &#8220;emendas parlamentares&#8221;, modo como s\u00e3o chamados, estavam h\u00e1 mais de dois meses\u00a0sem libera\u00e7\u00e3o e j\u00e1 foram [&hellip;]\" \/>\n<meta property=\"og:url\" content=\"https:\/\/psol50.org.br\/temer-libera-r-800-mi-de-emendas-parlamentares-as-vesperas-da-votacao-da-reforma-da-previdencia\/\" \/>\n<meta property=\"og:site_name\" content=\"PSOL 50\" \/>\n<meta property=\"article:publisher\" content=\"https:\/\/www.facebook.com\/psol50\" \/>\n<meta property=\"article:published_time\" content=\"2017-03-17T18:28:23+00:00\" \/>\n<meta property=\"og:image\" content=\"https:\/\/psol50.org.br\/inc\/uploads\/2018\/07\/capa.png\" \/>\n\t<meta property=\"og:image:width\" content=\"1350\" \/>\n\t<meta property=\"og:image:height\" content=\"900\" \/>\n\t<meta property=\"og:image:type\" content=\"image\/png\" \/>\n<meta name=\"author\" content=\"Comunica\u00e7\u00e3o PSOL\" \/>\n<meta name=\"twitter:card\" content=\"summary_large_image\" \/>\n<meta name=\"twitter:creator\" content=\"@psol50\" \/>\n<meta name=\"twitter:site\" content=\"@psol50\" \/>\n<meta name=\"twitter:label1\" content=\"Escrito por\" \/>\n\t<meta name=\"twitter:data1\" content=\"Comunica\u00e7\u00e3o PSOL\" \/>\n\t<meta name=\"twitter:label2\" content=\"Est. tempo de leitura\" \/>\n\t<meta name=\"twitter:data2\" content=\"1 minuto\" \/>\n<script type=\"application\/ld+json\" class=\"yoast-schema-graph\">{\"@context\":\"https:\/\/schema.org\",\"@graph\":[{\"@type\":\"Article\",\"@id\":\"https:\/\/psol50.org.br\/temer-libera-r-800-mi-de-emendas-parlamentares-as-vesperas-da-votacao-da-reforma-da-previdencia\/#article\",\"isPartOf\":{\"@id\":\"https:\/\/psol50.org.br\/temer-libera-r-800-mi-de-emendas-parlamentares-as-vesperas-da-votacao-da-reforma-da-previdencia\/\"},\"author\":{\"name\":\"Comunica\u00e7\u00e3o PSOL\",\"@id\":\"https:\/\/psol50.org.br\/#\/schema\/person\/475dfa57d0b815993c714c2e96491fcd\"},\"headline\":\"Temer libera R$ 800 mi de emendas parlamentares \u00e0s v\u00e9speras da vota\u00e7\u00e3o da Reforma da Previd\u00eancia\",\"datePublished\":\"2017-03-17T18:28:23+00:00\",\"mainEntityOfPage\":{\"@id\":\"https:\/\/psol50.org.br\/temer-libera-r-800-mi-de-emendas-parlamentares-as-vesperas-da-votacao-da-reforma-da-previdencia\/\"},\"wordCount\":289,\"commentCount\":0,\"publisher\":{\"@id\":\"https:\/\/psol50.org.br\/#organization\"},\"image\":{\"@id\":\"https:\/\/psol50.org.br\/temer-libera-r-800-mi-de-emendas-parlamentares-as-vesperas-da-votacao-da-reforma-da-previdencia\/#primaryimage\"},\"thumbnailUrl\":\"\",\"keywords\":[\"manobra\",\"Michel Temer\",\"reforma da previd\u00eancia\"],\"articleSection\":[\"A\u00e7\u00e3o Parlamentar\",\"Brasil\",\"Not\u00edcias\"],\"inLanguage\":\"pt-BR\",\"potentialAction\":[{\"@type\":\"CommentAction\",\"name\":\"Comment\",\"target\":[\"https:\/\/psol50.org.br\/temer-libera-r-800-mi-de-emendas-parlamentares-as-vesperas-da-votacao-da-reforma-da-previdencia\/#respond\"]}]},{\"@type\":\"WebPage\",\"@id\":\"https:\/\/psol50.org.br\/temer-libera-r-800-mi-de-emendas-parlamentares-as-vesperas-da-votacao-da-reforma-da-previdencia\/\",\"url\":\"https:\/\/psol50.org.br\/temer-libera-r-800-mi-de-emendas-parlamentares-as-vesperas-da-votacao-da-reforma-da-previdencia\/\",\"name\":\"Temer libera R$ 800 mi de emendas parlamentares \u00e0s v\u00e9speras da vota\u00e7\u00e3o da Reforma da Previd\u00eancia - PSOL 50\",\"isPartOf\":{\"@id\":\"https:\/\/psol50.org.br\/#website\"},\"primaryImageOfPage\":{\"@id\":\"https:\/\/psol50.org.br\/temer-libera-r-800-mi-de-emendas-parlamentares-as-vesperas-da-votacao-da-reforma-da-previdencia\/#primaryimage\"},\"image\":{\"@id\":\"https:\/\/psol50.org.br\/temer-libera-r-800-mi-de-emendas-parlamentares-as-vesperas-da-votacao-da-reforma-da-previdencia\/#primaryimage\"},\"thumbnailUrl\":\"\",\"datePublished\":\"2017-03-17T18:28:23+00:00\",\"breadcrumb\":{\"@id\":\"https:\/\/psol50.org.br\/temer-libera-r-800-mi-de-emendas-parlamentares-as-vesperas-da-votacao-da-reforma-da-previdencia\/#breadcrumb\"},\"inLanguage\":\"pt-BR\",\"potentialAction\":[{\"@type\":\"ReadAction\",\"target\":[\"https:\/\/psol50.org.br\/temer-libera-r-800-mi-de-emendas-parlamentares-as-vesperas-da-votacao-da-reforma-da-previdencia\/\"]}]},{\"@type\":\"ImageObject\",\"inLanguage\":\"pt-BR\",\"@id\":\"https:\/\/psol50.org.br\/temer-libera-r-800-mi-de-emendas-parlamentares-as-vesperas-da-votacao-da-reforma-da-previdencia\/#primaryimage\",\"url\":\"\",\"contentUrl\":\"\"},{\"@type\":\"BreadcrumbList\",\"@id\":\"https:\/\/psol50.org.br\/temer-libera-r-800-mi-de-emendas-parlamentares-as-vesperas-da-votacao-da-reforma-da-previdencia\/#breadcrumb\",\"itemListElement\":[{\"@type\":\"ListItem\",\"position\":1,\"name\":\"In\u00edcio\",\"item\":\"https:\/\/psol50.org.br\/\"},{\"@type\":\"ListItem\",\"position\":2,\"name\":\"Temer libera R$ 800 mi de emendas parlamentares \u00e0s v\u00e9speras da vota\u00e7\u00e3o da Reforma da Previd\u00eancia\"}]},{\"@type\":\"WebSite\",\"@id\":\"https:\/\/psol50.org.br\/#website\",\"url\":\"https:\/\/psol50.org.br\/\",\"name\":\"PSOL 50\",\"description\":\"Site oficial do Partido Socialismo e Liberdade\",\"publisher\":{\"@id\":\"https:\/\/psol50.org.br\/#organization\"},\"alternateName\":\"PSOL50\",\"potentialAction\":[{\"@type\":\"SearchAction\",\"target\":{\"@type\":\"EntryPoint\",\"urlTemplate\":\"https:\/\/psol50.org.br\/?s={search_term_string}\"},\"query-input\":{\"@type\":\"PropertyValueSpecification\",\"valueRequired\":true,\"valueName\":\"search_term_string\"}}],\"inLanguage\":\"pt-BR\"},{\"@type\":\"Organization\",\"@id\":\"https:\/\/psol50.org.br\/#organization\",\"name\":\"PSOL 50\",\"alternateName\":\"PSOL 50\",\"url\":\"https:\/\/psol50.org.br\/\",\"logo\":{\"@type\":\"ImageObject\",\"inLanguage\":\"pt-BR\",\"@id\":\"https:\/\/psol50.org.br\/#\/schema\/logo\/image\/\",\"url\":\"https:\/\/psol50.org.br\/inc\/uploads\/2018\/07\/capa.png\",\"contentUrl\":\"https:\/\/psol50.org.br\/inc\/uploads\/2018\/07\/capa.png\",\"width\":1350,\"height\":900,\"caption\":\"PSOL 50\"},\"image\":{\"@id\":\"https:\/\/psol50.org.br\/#\/schema\/logo\/image\/\"},\"sameAs\":[\"https:\/\/www.facebook.com\/psol50\",\"https:\/\/x.com\/psol50\",\"https:\/\/www.instagram.com\/psol50\/\",\"https:\/\/www.youtube.com\/channel\/UC7SnJS5o1os7a6CaiNabzcg\"]},{\"@type\":\"Person\",\"@id\":\"https:\/\/psol50.org.br\/#\/schema\/person\/475dfa57d0b815993c714c2e96491fcd\",\"name\":\"Comunica\u00e7\u00e3o PSOL\",\"image\":{\"@type\":\"ImageObject\",\"inLanguage\":\"pt-BR\",\"@id\":\"https:\/\/psol50.org.br\/#\/schema\/person\/image\/\",\"url\":\"https:\/\/secure.gravatar.com\/avatar\/b34fc4f4e468a4e51785917065a3db57b841f5c95dba6ad8c73aaf8f66f8f9bf?s=96&d=mm&r=g\",\"contentUrl\":\"https:\/\/secure.gravatar.com\/avatar\/b34fc4f4e468a4e51785917065a3db57b841f5c95dba6ad8c73aaf8f66f8f9bf?s=96&d=mm&r=g\",\"caption\":\"Comunica\u00e7\u00e3o PSOL\"}}]}<\/script>\n<!-- \/ Yoast SEO plugin. -->","yoast_head_json":{"title":"Temer libera R$ 800 mi de emendas parlamentares \u00e0s v\u00e9speras da vota\u00e7\u00e3o da Reforma da Previd\u00eancia - PSOL 50","robots":{"index":"index","follow":"follow","max-snippet":"max-snippet:-1","max-image-preview":"max-image-preview:large","max-video-preview":"max-video-preview:-1"},"canonical":"https:\/\/psol50.org.br\/temer-libera-r-800-mi-de-emendas-parlamentares-as-vesperas-da-votacao-da-reforma-da-previdencia\/","og_locale":"pt_BR","og_type":"article","og_title":"Temer libera R$ 800 mi de emendas parlamentares \u00e0s v\u00e9speras da vota\u00e7\u00e3o da Reforma da Previd\u00eancia - PSOL 50","og_description":"Faltando pouco mais de um m\u00eas (segundo as previs\u00f5es do governo)\u00a0para a vota\u00e7\u00e3o da PEC 287\/2016, que trata da Reforma da Previd\u00eancia, Michel Temer liberou um lote alto de recursos destinados a obras indicadas pelos congressistas\u00a0de sua base. As &#8220;emendas parlamentares&#8221;, modo como s\u00e3o chamados, estavam h\u00e1 mais de dois meses\u00a0sem libera\u00e7\u00e3o e j\u00e1 foram [&hellip;]","og_url":"https:\/\/psol50.org.br\/temer-libera-r-800-mi-de-emendas-parlamentares-as-vesperas-da-votacao-da-reforma-da-previdencia\/","og_site_name":"PSOL 50","article_publisher":"https:\/\/www.facebook.com\/psol50","article_published_time":"2017-03-17T18:28:23+00:00","og_image":[{"width":1350,"height":900,"url":"https:\/\/psol50.org.br\/inc\/uploads\/2018\/07\/capa.png","type":"image\/png"}],"author":"Comunica\u00e7\u00e3o PSOL","twitter_card":"summary_large_image","twitter_creator":"@psol50","twitter_site":"@psol50","twitter_misc":{"Escrito por":"Comunica\u00e7\u00e3o PSOL","Est. tempo de leitura":"1 minuto"},"schema":{"@context":"https:\/\/schema.org","@graph":[{"@type":"Article","@id":"https:\/\/psol50.org.br\/temer-libera-r-800-mi-de-emendas-parlamentares-as-vesperas-da-votacao-da-reforma-da-previdencia\/#article","isPartOf":{"@id":"https:\/\/psol50.org.br\/temer-libera-r-800-mi-de-emendas-parlamentares-as-vesperas-da-votacao-da-reforma-da-previdencia\/"},"author":{"name":"Comunica\u00e7\u00e3o PSOL","@id":"https:\/\/psol50.org.br\/#\/schema\/person\/475dfa57d0b815993c714c2e96491fcd"},"headline":"Temer libera R$ 800 mi de emendas parlamentares \u00e0s v\u00e9speras da vota\u00e7\u00e3o da Reforma da Previd\u00eancia","datePublished":"2017-03-17T18:28:23+00:00","mainEntityOfPage":{"@id":"https:\/\/psol50.org.br\/temer-libera-r-800-mi-de-emendas-parlamentares-as-vesperas-da-votacao-da-reforma-da-previdencia\/"},"wordCount":289,"commentCount":0,"publisher":{"@id":"https:\/\/psol50.org.br\/#organization"},"image":{"@id":"https:\/\/psol50.org.br\/temer-libera-r-800-mi-de-emendas-parlamentares-as-vesperas-da-votacao-da-reforma-da-previdencia\/#primaryimage"},"thumbnailUrl":"","keywords":["manobra","Michel Temer","reforma da previd\u00eancia"],"articleSection":["A\u00e7\u00e3o Parlamentar","Brasil","Not\u00edcias"],"inLanguage":"pt-BR","potentialAction":[{"@type":"CommentAction","name":"Comment","target":["https:\/\/psol50.org.br\/temer-libera-r-800-mi-de-emendas-parlamentares-as-vesperas-da-votacao-da-reforma-da-previdencia\/#respond"]}]},{"@type":"WebPage","@id":"https:\/\/psol50.org.br\/temer-libera-r-800-mi-de-emendas-parlamentares-as-vesperas-da-votacao-da-reforma-da-previdencia\/","url":"https:\/\/psol50.org.br\/temer-libera-r-800-mi-de-emendas-parlamentares-as-vesperas-da-votacao-da-reforma-da-previdencia\/","name":"Temer libera R$ 800 mi de emendas parlamentares \u00e0s v\u00e9speras da vota\u00e7\u00e3o da Reforma da Previd\u00eancia - PSOL 50","isPartOf":{"@id":"https:\/\/psol50.org.br\/#website"},"primaryImageOfPage":{"@id":"https:\/\/psol50.org.br\/temer-libera-r-800-mi-de-emendas-parlamentares-as-vesperas-da-votacao-da-reforma-da-previdencia\/#primaryimage"},"image":{"@id":"https:\/\/psol50.org.br\/temer-libera-r-800-mi-de-emendas-parlamentares-as-vesperas-da-votacao-da-reforma-da-previdencia\/#primaryimage"},"thumbnailUrl":"","datePublished":"2017-03-17T18:28:23+00:00","breadcrumb":{"@id":"https:\/\/psol50.org.br\/temer-libera-r-800-mi-de-emendas-parlamentares-as-vesperas-da-votacao-da-reforma-da-previdencia\/#breadcrumb"},"inLanguage":"pt-BR","potentialAction":[{"@type":"ReadAction","target":["https:\/\/psol50.org.br\/temer-libera-r-800-mi-de-emendas-parlamentares-as-vesperas-da-votacao-da-reforma-da-previdencia\/"]}]},{"@type":"ImageObject","inLanguage":"pt-BR","@id":"https:\/\/psol50.org.br\/temer-libera-r-800-mi-de-emendas-parlamentares-as-vesperas-da-votacao-da-reforma-da-previdencia\/#primaryimage","url":"","contentUrl":""},{"@type":"BreadcrumbList","@id":"https:\/\/psol50.org.br\/temer-libera-r-800-mi-de-emendas-parlamentares-as-vesperas-da-votacao-da-reforma-da-previdencia\/#breadcrumb","itemListElement":[{"@type":"ListItem","position":1,"name":"In\u00edcio","item":"https:\/\/psol50.org.br\/"},{"@type":"ListItem","position":2,"name":"Temer libera R$ 800 mi de emendas parlamentares \u00e0s v\u00e9speras da vota\u00e7\u00e3o da Reforma da Previd\u00eancia"}]},{"@type":"WebSite","@id":"https:\/\/psol50.org.br\/#website","url":"https:\/\/psol50.org.br\/","name":"PSOL 50","description":"Site oficial do Partido Socialismo e Liberdade","publisher":{"@id":"https:\/\/psol50.org.br\/#organization"},"alternateName":"PSOL50","potentialAction":[{"@type":"SearchAction","target":{"@type":"EntryPoint","urlTemplate":"https:\/\/psol50.org.br\/?s={search_term_string}"},"query-input":{"@type":"PropertyValueSpecification","valueRequired":true,"valueName":"search_term_string"}}],"inLanguage":"pt-BR"},{"@type":"Organization","@id":"https:\/\/psol50.org.br\/#organization","name":"PSOL 50","alternateName":"PSOL 50","url":"https:\/\/psol50.org.br\/","logo":{"@type":"ImageObject","inLanguage":"pt-BR","@id":"https:\/\/psol50.org.br\/#\/schema\/logo\/image\/","url":"https:\/\/psol50.org.br\/inc\/uploads\/2018\/07\/capa.png","contentUrl":"https:\/\/psol50.org.br\/inc\/uploads\/2018\/07\/capa.png","width":1350,"height":900,"caption":"PSOL 50"},"image":{"@id":"https:\/\/psol50.org.br\/#\/schema\/logo\/image\/"},"sameAs":["https:\/\/www.facebook.com\/psol50","https:\/\/x.com\/psol50","https:\/\/www.instagram.com\/psol50\/","https:\/\/www.youtube.com\/channel\/UC7SnJS5o1os7a6CaiNabzcg"]},{"@type":"Person","@id":"https:\/\/psol50.org.br\/#\/schema\/person\/475dfa57d0b815993c714c2e96491fcd","name":"Comunica\u00e7\u00e3o PSOL","image":{"@type":"ImageObject","inLanguage":"pt-BR","@id":"https:\/\/psol50.org.br\/#\/schema\/person\/image\/","url":"https:\/\/secure.gravatar.com\/avatar\/b34fc4f4e468a4e51785917065a3db57b841f5c95dba6ad8c73aaf8f66f8f9bf?s=96&d=mm&r=g","contentUrl":"https:\/\/secure.gravatar.com\/avatar\/b34fc4f4e468a4e51785917065a3db57b841f5c95dba6ad8c73aaf8f66f8f9bf?s=96&d=mm&r=g","caption":"Comunica\u00e7\u00e3o PSOL"}}]}},"_links":{"self":[{"href":"https:\/\/psol50.org.br\/rest\/wp\/v2\/posts\/15607","targetHints":{"allow":["GET"]}}],"collection":[{"href":"https:\/\/psol50.org.br\/rest\/wp\/v2\/posts"}],"about":[{"href":"https:\/\/psol50.org.br\/rest\/wp\/v2\/types\/post"}],"author":[{"embeddable":true,"href":"https:\/\/psol50.org.br\/rest\/wp\/v2\/users\/2"}],"replies":[{"embeddable":true,"href":"https:\/\/psol50.org.br\/rest\/wp\/v2\/comments?post=15607"}],"version-history":[{"count":0,"href":"https:\/\/psol50.org.br\/rest\/wp\/v2\/posts\/15607\/revisions"}],"wp:featuredmedia":[{"embeddable":true,"href":"https:\/\/psol50.org.br\/rest\/"}],"wp:attachment":[{"href":"https:\/\/psol50.org.br\/rest\/wp\/v2\/media?parent=15607"}],"wp:term":[{"taxonomy":"category","embeddable":true,"href":"https:\/\/psol50.org.br\/rest\/wp\/v2\/categories?post=15607"},{"taxonomy":"post_tag","embeddable":true,"href":"https:\/\/psol50.org.br\/rest\/wp\/v2\/tags?post=15607"}],"curies":[{"name":"wp","href":"https:\/\/api.w.org\/{rel}","templated":true}]}}