{"id":15618,"date":"2017-03-28T23:40:33","date_gmt":"2017-03-28T23:40:33","guid":{"rendered":"http:\/\/www.psol50.org.br\/?p=15618"},"modified":"2017-03-28T23:40:33","modified_gmt":"2017-03-28T23:40:33","slug":"psol-protocola-cassacao-do-vereador-camilo-cristofaro-psb-agressor-de-isa-penna","status":"publish","type":"post","link":"https:\/\/psol50.org.br\/psol-protocola-cassacao-do-vereador-camilo-cristofaro-psb-agressor-de-isa-penna\/","title":{"rendered":"PSOL protocola cassa\u00e7\u00e3o do vereador Camilo Crist\u00f3faro (PSB), agressor de Isa Penna"},"content":{"rendered":"<p>O PSOL entrou na noite desta ter\u00e7a-feira (28\/03) com uma a\u00e7\u00e3o na C\u00e2mara de S\u00e3o Paulo pedindo a cassa\u00e7\u00e3o do mandato de Camilo Crist\u00f3faro (PSB), que na noite do \u00faltimo dia\u00a016 agrediu, verbal e fisicamente, a vereadora Isa Penna (PSOL).<\/p>\n<p>O vereador a chamou de \u201cvagabunda\u201d e \u201cterrorista\u201d, conforme testemunhou inclusive uma funcion\u00e1ria da Casa presente no momento, e amea\u00e7ou Isa dizendo para ela n\u00e3o se surpreender \u201cse tomar uns tapas na rua\u201d.<\/p>\n<p><em>Leia mais sobre o caso:<\/em>\u00a0<span style=\"color: #3366ff;\"><strong><a style=\"color: #3366ff;\" href=\"http:\/\/www.psol50.org.br\/blog\/2017\/03\/17\/absurdo-vereador-do-psb-agride-isa-penna-do-psol-na-camara-de-sao-paulo\/\">Vereador do PSB agride Isa Penna, do PSOL, na C\u00e2mara de S\u00e3o Paulo<\/a><\/strong><\/span><\/p>\n<p>A agress\u00e3o ocorreu quando a vereadora descia no elevador para acompanhar uma reuni\u00e3o de prepara\u00e7\u00e3o de audi\u00eancia p\u00fablica exatamente sobre agress\u00e3o contra as mulheres. Isa Penna, que \u00e9 suplente de vereadora na chapa do PSOL, assumiu neste m\u00eas de mar\u00e7o no lugar do titular Toninho Vespoli para que a bancada do partido na C\u00e2mara fosse composta somente por mulheres \u2013 al\u00e9m de Isa, S\u00e2mia Bomfim tamb\u00e9m ocupa uma cadeira na casa pelo PSOL.<\/p>\n<p>A vers\u00e3o de Isa Penna \u00e9 corroborada por parte do depoimento de uma funcion\u00e1ria da C\u00e2mara &#8211; por\u00e9m, o depoimento foi retirado do processo, como <strong><a href=\"http:\/\/g1.globo.com\/sao-paulo\/bom-dia-sp\/videos\/t\/edicoes\/v\/vereadora-isa-pena-acusa-vereador-camilo-cristofaro-de-agressao-verbal\/5740213\/\" target=\"_blank\" rel=\"noopener\">demonstrou o programa &#8220;Bom Dia SP&#8221;, da Rede Globo<\/a><\/strong>.<\/p>\n<p>A a\u00e7\u00e3o do protocolada pelo mandato da vereadora argumenta que a a\u00e7\u00e3o de Crist\u00f3faro \u00e9 incompat\u00edvel com o decoro parlamentar exigido pelo regimento da Casa, por se tratar de atitude agressiva, de aliciamento e constrangimento.<\/p>\n<p>Segundo o texto, o vereador cometeu os crimes de inj\u00faria, cal\u00fania, amea\u00e7a e de ass\u00e9dio moral no epis\u00f3dio &#8211; o que \u00e9 motivo de sobra para se proceder ao processo de cassa\u00e7\u00e3o.<\/p>\n<p>Al\u00e9m de pedir a cassa\u00e7\u00e3o do mandato, Isa Penna tamb\u00e9m registrou na semana passada um boletim de ocorr\u00eancia na 1\u00aa Delegacia de Defesa da Mulher de S\u00e3o Paulo, munida do v\u00eddeo que registra parte da agress\u00e3o de Crist\u00f3faro.<\/p>\n<p>A vereadora repudiou no plen\u00e1rio o machismo da C\u00e2mara de S\u00e3o Paulo. Assista:<\/p>\n<p><a href=\"https:\/\/www.facebook.com\/IsaPennaPsol\/videos\/vb.257963401064974\/646042658923711\/?type=3&#038;theater\">https:\/\/www.facebook.com\/IsaPennaPsol\/videos\/vb.257963401064974\/646042658923711\/?type=3&amp;theater<\/a><\/p>\n","protected":false},"excerpt":{"rendered":"<p>O PSOL entrou na noite desta ter\u00e7a-feira (28\/03) com uma a\u00e7\u00e3o na C\u00e2mara de S\u00e3o Paulo pedindo a cassa\u00e7\u00e3o do mandato de Camilo Crist\u00f3faro (PSB), que na noite do \u00faltimo dia\u00a016 agrediu, verbal e fisicamente, a vereadora Isa Penna (PSOL). O vereador a chamou de \u201cvagabunda\u201d e \u201cterrorista\u201d, conforme testemunhou inclusive uma funcion\u00e1ria da Casa [&hellip;]<\/p>\n","protected":false},"author":2,"featured_media":15599,"comment_status":"open","ping_status":"open","sticky":false,"template":"","format":"standard","meta":{"_acf_changed":false,"footnotes":""},"categories":[10,654,6],"tags":[308,2979,30,298,2980],"class_list":{"0":"post-15618","1":"post","2":"type-post","3":"status-publish","4":"format-standard","5":"has-post-thumbnail","7":"category-acao-parlamentares","8":"category-estados","9":"category-noticias","10":"tag-8m","11":"tag-asserio","12":"tag-feminismo","13":"tag-isa-penna","14":"tag-violencia-contra-mulher"},"acf":[],"yoast_head":"<!-- This site is optimized with the Yoast SEO plugin v26.5 - https:\/\/yoast.com\/wordpress\/plugins\/seo\/ -->\n<title>PSOL protocola cassa\u00e7\u00e3o do vereador Camilo Crist\u00f3faro (PSB), agressor de Isa Penna - PSOL 50<\/title>\n<meta name=\"robots\" content=\"index, follow, max-snippet:-1, max-image-preview:large, max-video-preview:-1\" \/>\n<link rel=\"canonical\" href=\"https:\/\/psol50.org.br\/psol-protocola-cassacao-do-vereador-camilo-cristofaro-psb-agressor-de-isa-penna\/\" \/>\n<meta property=\"og:locale\" content=\"pt_BR\" \/>\n<meta property=\"og:type\" content=\"article\" \/>\n<meta property=\"og:title\" content=\"PSOL protocola cassa\u00e7\u00e3o do vereador Camilo Crist\u00f3faro (PSB), agressor de Isa Penna - PSOL 50\" \/>\n<meta property=\"og:description\" content=\"O PSOL entrou na noite desta ter\u00e7a-feira (28\/03) com uma a\u00e7\u00e3o na C\u00e2mara de S\u00e3o Paulo pedindo a cassa\u00e7\u00e3o do mandato de Camilo Crist\u00f3faro (PSB), que na noite do \u00faltimo dia\u00a016 agrediu, verbal e fisicamente, a vereadora Isa Penna (PSOL). O vereador a chamou de \u201cvagabunda\u201d e \u201cterrorista\u201d, conforme testemunhou inclusive uma funcion\u00e1ria da Casa [&hellip;]\" \/>\n<meta property=\"og:url\" content=\"https:\/\/psol50.org.br\/psol-protocola-cassacao-do-vereador-camilo-cristofaro-psb-agressor-de-isa-penna\/\" \/>\n<meta property=\"og:site_name\" content=\"PSOL 50\" \/>\n<meta property=\"article:publisher\" content=\"https:\/\/www.facebook.com\/psol50\" \/>\n<meta property=\"article:published_time\" content=\"2017-03-28T23:40:33+00:00\" \/>\n<meta property=\"og:image\" content=\"https:\/\/psol50.org.br\/inc\/uploads\/2018\/07\/capa.png\" \/>\n\t<meta property=\"og:image:width\" content=\"1350\" \/>\n\t<meta property=\"og:image:height\" content=\"900\" \/>\n\t<meta property=\"og:image:type\" content=\"image\/png\" \/>\n<meta name=\"author\" content=\"Comunica\u00e7\u00e3o PSOL\" \/>\n<meta name=\"twitter:card\" content=\"summary_large_image\" \/>\n<meta name=\"twitter:creator\" content=\"@psol50\" \/>\n<meta name=\"twitter:site\" content=\"@psol50\" \/>\n<meta name=\"twitter:label1\" content=\"Escrito por\" \/>\n\t<meta name=\"twitter:data1\" content=\"Comunica\u00e7\u00e3o PSOL\" \/>\n\t<meta name=\"twitter:label2\" content=\"Est. tempo de leitura\" \/>\n\t<meta name=\"twitter:data2\" content=\"2 minutos\" \/>\n<script type=\"application\/ld+json\" class=\"yoast-schema-graph\">{\"@context\":\"https:\/\/schema.org\",\"@graph\":[{\"@type\":\"Article\",\"@id\":\"https:\/\/psol50.org.br\/psol-protocola-cassacao-do-vereador-camilo-cristofaro-psb-agressor-de-isa-penna\/#article\",\"isPartOf\":{\"@id\":\"https:\/\/psol50.org.br\/psol-protocola-cassacao-do-vereador-camilo-cristofaro-psb-agressor-de-isa-penna\/\"},\"author\":{\"name\":\"Comunica\u00e7\u00e3o PSOL\",\"@id\":\"https:\/\/psol50.org.br\/#\/schema\/person\/475dfa57d0b815993c714c2e96491fcd\"},\"headline\":\"PSOL protocola cassa\u00e7\u00e3o do vereador Camilo Crist\u00f3faro (PSB), agressor de Isa Penna\",\"datePublished\":\"2017-03-28T23:40:33+00:00\",\"mainEntityOfPage\":{\"@id\":\"https:\/\/psol50.org.br\/psol-protocola-cassacao-do-vereador-camilo-cristofaro-psb-agressor-de-isa-penna\/\"},\"wordCount\":382,\"commentCount\":0,\"publisher\":{\"@id\":\"https:\/\/psol50.org.br\/#organization\"},\"image\":{\"@id\":\"https:\/\/psol50.org.br\/psol-protocola-cassacao-do-vereador-camilo-cristofaro-psb-agressor-de-isa-penna\/#primaryimage\"},\"thumbnailUrl\":\"\",\"keywords\":[\"8M\",\"Ass\u00e9rio\",\"feminismo\",\"Isa Penna\",\"Viol\u00eancia contra mulher\"],\"articleSection\":[\"A\u00e7\u00e3o Parlamentar\",\"Estados\",\"Not\u00edcias\"],\"inLanguage\":\"pt-BR\",\"potentialAction\":[{\"@type\":\"CommentAction\",\"name\":\"Comment\",\"target\":[\"https:\/\/psol50.org.br\/psol-protocola-cassacao-do-vereador-camilo-cristofaro-psb-agressor-de-isa-penna\/#respond\"]}]},{\"@type\":\"WebPage\",\"@id\":\"https:\/\/psol50.org.br\/psol-protocola-cassacao-do-vereador-camilo-cristofaro-psb-agressor-de-isa-penna\/\",\"url\":\"https:\/\/psol50.org.br\/psol-protocola-cassacao-do-vereador-camilo-cristofaro-psb-agressor-de-isa-penna\/\",\"name\":\"PSOL protocola cassa\u00e7\u00e3o do vereador Camilo Crist\u00f3faro (PSB), agressor de Isa Penna - PSOL 50\",\"isPartOf\":{\"@id\":\"https:\/\/psol50.org.br\/#website\"},\"primaryImageOfPage\":{\"@id\":\"https:\/\/psol50.org.br\/psol-protocola-cassacao-do-vereador-camilo-cristofaro-psb-agressor-de-isa-penna\/#primaryimage\"},\"image\":{\"@id\":\"https:\/\/psol50.org.br\/psol-protocola-cassacao-do-vereador-camilo-cristofaro-psb-agressor-de-isa-penna\/#primaryimage\"},\"thumbnailUrl\":\"\",\"datePublished\":\"2017-03-28T23:40:33+00:00\",\"breadcrumb\":{\"@id\":\"https:\/\/psol50.org.br\/psol-protocola-cassacao-do-vereador-camilo-cristofaro-psb-agressor-de-isa-penna\/#breadcrumb\"},\"inLanguage\":\"pt-BR\",\"potentialAction\":[{\"@type\":\"ReadAction\",\"target\":[\"https:\/\/psol50.org.br\/psol-protocola-cassacao-do-vereador-camilo-cristofaro-psb-agressor-de-isa-penna\/\"]}]},{\"@type\":\"ImageObject\",\"inLanguage\":\"pt-BR\",\"@id\":\"https:\/\/psol50.org.br\/psol-protocola-cassacao-do-vereador-camilo-cristofaro-psb-agressor-de-isa-penna\/#primaryimage\",\"url\":\"\",\"contentUrl\":\"\"},{\"@type\":\"BreadcrumbList\",\"@id\":\"https:\/\/psol50.org.br\/psol-protocola-cassacao-do-vereador-camilo-cristofaro-psb-agressor-de-isa-penna\/#breadcrumb\",\"itemListElement\":[{\"@type\":\"ListItem\",\"position\":1,\"name\":\"In\u00edcio\",\"item\":\"https:\/\/psol50.org.br\/\"},{\"@type\":\"ListItem\",\"position\":2,\"name\":\"PSOL protocola cassa\u00e7\u00e3o do vereador Camilo Crist\u00f3faro (PSB), agressor de Isa Penna\"}]},{\"@type\":\"WebSite\",\"@id\":\"https:\/\/psol50.org.br\/#website\",\"url\":\"https:\/\/psol50.org.br\/\",\"name\":\"PSOL 50\",\"description\":\"Site oficial do Partido Socialismo e Liberdade\",\"publisher\":{\"@id\":\"https:\/\/psol50.org.br\/#organization\"},\"alternateName\":\"PSOL50\",\"potentialAction\":[{\"@type\":\"SearchAction\",\"target\":{\"@type\":\"EntryPoint\",\"urlTemplate\":\"https:\/\/psol50.org.br\/?s={search_term_string}\"},\"query-input\":{\"@type\":\"PropertyValueSpecification\",\"valueRequired\":true,\"valueName\":\"search_term_string\"}}],\"inLanguage\":\"pt-BR\"},{\"@type\":\"Organization\",\"@id\":\"https:\/\/psol50.org.br\/#organization\",\"name\":\"PSOL 50\",\"alternateName\":\"PSOL 50\",\"url\":\"https:\/\/psol50.org.br\/\",\"logo\":{\"@type\":\"ImageObject\",\"inLanguage\":\"pt-BR\",\"@id\":\"https:\/\/psol50.org.br\/#\/schema\/logo\/image\/\",\"url\":\"https:\/\/psol50.org.br\/inc\/uploads\/2018\/07\/capa.png\",\"contentUrl\":\"https:\/\/psol50.org.br\/inc\/uploads\/2018\/07\/capa.png\",\"width\":1350,\"height\":900,\"caption\":\"PSOL 50\"},\"image\":{\"@id\":\"https:\/\/psol50.org.br\/#\/schema\/logo\/image\/\"},\"sameAs\":[\"https:\/\/www.facebook.com\/psol50\",\"https:\/\/x.com\/psol50\",\"https:\/\/www.instagram.com\/psol50\/\",\"https:\/\/www.youtube.com\/channel\/UC7SnJS5o1os7a6CaiNabzcg\"]},{\"@type\":\"Person\",\"@id\":\"https:\/\/psol50.org.br\/#\/schema\/person\/475dfa57d0b815993c714c2e96491fcd\",\"name\":\"Comunica\u00e7\u00e3o PSOL\",\"image\":{\"@type\":\"ImageObject\",\"inLanguage\":\"pt-BR\",\"@id\":\"https:\/\/psol50.org.br\/#\/schema\/person\/image\/\",\"url\":\"https:\/\/secure.gravatar.com\/avatar\/b34fc4f4e468a4e51785917065a3db57b841f5c95dba6ad8c73aaf8f66f8f9bf?s=96&d=mm&r=g\",\"contentUrl\":\"https:\/\/secure.gravatar.com\/avatar\/b34fc4f4e468a4e51785917065a3db57b841f5c95dba6ad8c73aaf8f66f8f9bf?s=96&d=mm&r=g\",\"caption\":\"Comunica\u00e7\u00e3o PSOL\"}}]}<\/script>\n<!-- \/ Yoast SEO plugin. -->","yoast_head_json":{"title":"PSOL protocola cassa\u00e7\u00e3o do vereador Camilo Crist\u00f3faro (PSB), agressor de Isa Penna - PSOL 50","robots":{"index":"index","follow":"follow","max-snippet":"max-snippet:-1","max-image-preview":"max-image-preview:large","max-video-preview":"max-video-preview:-1"},"canonical":"https:\/\/psol50.org.br\/psol-protocola-cassacao-do-vereador-camilo-cristofaro-psb-agressor-de-isa-penna\/","og_locale":"pt_BR","og_type":"article","og_title":"PSOL protocola cassa\u00e7\u00e3o do vereador Camilo Crist\u00f3faro (PSB), agressor de Isa Penna - PSOL 50","og_description":"O PSOL entrou na noite desta ter\u00e7a-feira (28\/03) com uma a\u00e7\u00e3o na C\u00e2mara de S\u00e3o Paulo pedindo a cassa\u00e7\u00e3o do mandato de Camilo Crist\u00f3faro (PSB), que na noite do \u00faltimo dia\u00a016 agrediu, verbal e fisicamente, a vereadora Isa Penna (PSOL). O vereador a chamou de \u201cvagabunda\u201d e \u201cterrorista\u201d, conforme testemunhou inclusive uma funcion\u00e1ria da Casa [&hellip;]","og_url":"https:\/\/psol50.org.br\/psol-protocola-cassacao-do-vereador-camilo-cristofaro-psb-agressor-de-isa-penna\/","og_site_name":"PSOL 50","article_publisher":"https:\/\/www.facebook.com\/psol50","article_published_time":"2017-03-28T23:40:33+00:00","og_image":[{"width":1350,"height":900,"url":"https:\/\/psol50.org.br\/inc\/uploads\/2018\/07\/capa.png","type":"image\/png"}],"author":"Comunica\u00e7\u00e3o PSOL","twitter_card":"summary_large_image","twitter_creator":"@psol50","twitter_site":"@psol50","twitter_misc":{"Escrito por":"Comunica\u00e7\u00e3o PSOL","Est. tempo de leitura":"2 minutos"},"schema":{"@context":"https:\/\/schema.org","@graph":[{"@type":"Article","@id":"https:\/\/psol50.org.br\/psol-protocola-cassacao-do-vereador-camilo-cristofaro-psb-agressor-de-isa-penna\/#article","isPartOf":{"@id":"https:\/\/psol50.org.br\/psol-protocola-cassacao-do-vereador-camilo-cristofaro-psb-agressor-de-isa-penna\/"},"author":{"name":"Comunica\u00e7\u00e3o PSOL","@id":"https:\/\/psol50.org.br\/#\/schema\/person\/475dfa57d0b815993c714c2e96491fcd"},"headline":"PSOL protocola cassa\u00e7\u00e3o do vereador Camilo Crist\u00f3faro (PSB), agressor de Isa Penna","datePublished":"2017-03-28T23:40:33+00:00","mainEntityOfPage":{"@id":"https:\/\/psol50.org.br\/psol-protocola-cassacao-do-vereador-camilo-cristofaro-psb-agressor-de-isa-penna\/"},"wordCount":382,"commentCount":0,"publisher":{"@id":"https:\/\/psol50.org.br\/#organization"},"image":{"@id":"https:\/\/psol50.org.br\/psol-protocola-cassacao-do-vereador-camilo-cristofaro-psb-agressor-de-isa-penna\/#primaryimage"},"thumbnailUrl":"","keywords":["8M","Ass\u00e9rio","feminismo","Isa Penna","Viol\u00eancia contra mulher"],"articleSection":["A\u00e7\u00e3o Parlamentar","Estados","Not\u00edcias"],"inLanguage":"pt-BR","potentialAction":[{"@type":"CommentAction","name":"Comment","target":["https:\/\/psol50.org.br\/psol-protocola-cassacao-do-vereador-camilo-cristofaro-psb-agressor-de-isa-penna\/#respond"]}]},{"@type":"WebPage","@id":"https:\/\/psol50.org.br\/psol-protocola-cassacao-do-vereador-camilo-cristofaro-psb-agressor-de-isa-penna\/","url":"https:\/\/psol50.org.br\/psol-protocola-cassacao-do-vereador-camilo-cristofaro-psb-agressor-de-isa-penna\/","name":"PSOL protocola cassa\u00e7\u00e3o do vereador Camilo Crist\u00f3faro (PSB), agressor de Isa Penna - PSOL 50","isPartOf":{"@id":"https:\/\/psol50.org.br\/#website"},"primaryImageOfPage":{"@id":"https:\/\/psol50.org.br\/psol-protocola-cassacao-do-vereador-camilo-cristofaro-psb-agressor-de-isa-penna\/#primaryimage"},"image":{"@id":"https:\/\/psol50.org.br\/psol-protocola-cassacao-do-vereador-camilo-cristofaro-psb-agressor-de-isa-penna\/#primaryimage"},"thumbnailUrl":"","datePublished":"2017-03-28T23:40:33+00:00","breadcrumb":{"@id":"https:\/\/psol50.org.br\/psol-protocola-cassacao-do-vereador-camilo-cristofaro-psb-agressor-de-isa-penna\/#breadcrumb"},"inLanguage":"pt-BR","potentialAction":[{"@type":"ReadAction","target":["https:\/\/psol50.org.br\/psol-protocola-cassacao-do-vereador-camilo-cristofaro-psb-agressor-de-isa-penna\/"]}]},{"@type":"ImageObject","inLanguage":"pt-BR","@id":"https:\/\/psol50.org.br\/psol-protocola-cassacao-do-vereador-camilo-cristofaro-psb-agressor-de-isa-penna\/#primaryimage","url":"","contentUrl":""},{"@type":"BreadcrumbList","@id":"https:\/\/psol50.org.br\/psol-protocola-cassacao-do-vereador-camilo-cristofaro-psb-agressor-de-isa-penna\/#breadcrumb","itemListElement":[{"@type":"ListItem","position":1,"name":"In\u00edcio","item":"https:\/\/psol50.org.br\/"},{"@type":"ListItem","position":2,"name":"PSOL protocola cassa\u00e7\u00e3o do vereador Camilo Crist\u00f3faro (PSB), agressor de Isa Penna"}]},{"@type":"WebSite","@id":"https:\/\/psol50.org.br\/#website","url":"https:\/\/psol50.org.br\/","name":"PSOL 50","description":"Site oficial do Partido Socialismo e Liberdade","publisher":{"@id":"https:\/\/psol50.org.br\/#organization"},"alternateName":"PSOL50","potentialAction":[{"@type":"SearchAction","target":{"@type":"EntryPoint","urlTemplate":"https:\/\/psol50.org.br\/?s={search_term_string}"},"query-input":{"@type":"PropertyValueSpecification","valueRequired":true,"valueName":"search_term_string"}}],"inLanguage":"pt-BR"},{"@type":"Organization","@id":"https:\/\/psol50.org.br\/#organization","name":"PSOL 50","alternateName":"PSOL 50","url":"https:\/\/psol50.org.br\/","logo":{"@type":"ImageObject","inLanguage":"pt-BR","@id":"https:\/\/psol50.org.br\/#\/schema\/logo\/image\/","url":"https:\/\/psol50.org.br\/inc\/uploads\/2018\/07\/capa.png","contentUrl":"https:\/\/psol50.org.br\/inc\/uploads\/2018\/07\/capa.png","width":1350,"height":900,"caption":"PSOL 50"},"image":{"@id":"https:\/\/psol50.org.br\/#\/schema\/logo\/image\/"},"sameAs":["https:\/\/www.facebook.com\/psol50","https:\/\/x.com\/psol50","https:\/\/www.instagram.com\/psol50\/","https:\/\/www.youtube.com\/channel\/UC7SnJS5o1os7a6CaiNabzcg"]},{"@type":"Person","@id":"https:\/\/psol50.org.br\/#\/schema\/person\/475dfa57d0b815993c714c2e96491fcd","name":"Comunica\u00e7\u00e3o PSOL","image":{"@type":"ImageObject","inLanguage":"pt-BR","@id":"https:\/\/psol50.org.br\/#\/schema\/person\/image\/","url":"https:\/\/secure.gravatar.com\/avatar\/b34fc4f4e468a4e51785917065a3db57b841f5c95dba6ad8c73aaf8f66f8f9bf?s=96&d=mm&r=g","contentUrl":"https:\/\/secure.gravatar.com\/avatar\/b34fc4f4e468a4e51785917065a3db57b841f5c95dba6ad8c73aaf8f66f8f9bf?s=96&d=mm&r=g","caption":"Comunica\u00e7\u00e3o PSOL"}}]}},"_links":{"self":[{"href":"https:\/\/psol50.org.br\/rest\/wp\/v2\/posts\/15618","targetHints":{"allow":["GET"]}}],"collection":[{"href":"https:\/\/psol50.org.br\/rest\/wp\/v2\/posts"}],"about":[{"href":"https:\/\/psol50.org.br\/rest\/wp\/v2\/types\/post"}],"author":[{"embeddable":true,"href":"https:\/\/psol50.org.br\/rest\/wp\/v2\/users\/2"}],"replies":[{"embeddable":true,"href":"https:\/\/psol50.org.br\/rest\/wp\/v2\/comments?post=15618"}],"version-history":[{"count":0,"href":"https:\/\/psol50.org.br\/rest\/wp\/v2\/posts\/15618\/revisions"}],"wp:featuredmedia":[{"embeddable":true,"href":"https:\/\/psol50.org.br\/rest\/"}],"wp:attachment":[{"href":"https:\/\/psol50.org.br\/rest\/wp\/v2\/media?parent=15618"}],"wp:term":[{"taxonomy":"category","embeddable":true,"href":"https:\/\/psol50.org.br\/rest\/wp\/v2\/categories?post=15618"},{"taxonomy":"post_tag","embeddable":true,"href":"https:\/\/psol50.org.br\/rest\/wp\/v2\/tags?post=15618"}],"curies":[{"name":"wp","href":"https:\/\/api.w.org\/{rel}","templated":true}]}}