{"id":15629,"date":"2017-03-20T18:52:55","date_gmt":"2017-03-20T18:52:55","guid":{"rendered":"http:\/\/www.psol50.org.br\/?p=15629"},"modified":"2017-03-20T18:52:55","modified_gmt":"2017-03-20T18:52:55","slug":"maia-quer-aprovar-projeto-de-terceirizacao-ate-quarta-feira","status":"publish","type":"post","link":"https:\/\/psol50.org.br\/maia-quer-aprovar-projeto-de-terceirizacao-ate-quarta-feira\/","title":{"rendered":"Maia quer aprovar projeto de terceiriza\u00e7\u00e3o at\u00e9 quarta-feira"},"content":{"rendered":"<p>O presidente da C\u00e2mara Rodrigo Maia (DEM-RJ) colocou no destaque da pauta do plen\u00e1rio para\u00a0os dias 21 a 23 de mar\u00e7o o projeto de lei <strong>4.302\/98<\/strong>, que\u00a0amplia ao extremo e sem restri\u00e7\u00f5es a possibilidade de terceiriza\u00e7\u00e3o do trabalho. Na manh\u00e3 desta segunda (20\/03), em discurso na capital paulista, o deputado afirmou\u00a0que os parlamentares devem aprovar o projeto at\u00e9 quarta-feira.<\/p>\n<p>A\u00a0proposta foi apresentada em 1998, pelo ent\u00e3o presidente Fernando Henrique Cardoso, e aprovada no Senado em 2002. Al\u00e9m de representar um enorme retrocesso aos direitos trabalhistas, o projeto \u00e9 antigo e, portanto, n\u00e3o leva em conta os contextos atuais da pol\u00edtica e da economia brasileiras, que s\u00e3o bem diferentes dos de 20 anos atr\u00e1s.<\/p>\n<p>Os aliados de Temer retomaram o projeto de FHC\u00a0porque o texto mais recente \u2013 e s\u00f3 um pouco mais \u201cbrando\u201d &#8211; sobre a terceiriza\u00e7\u00e3o, o <span style=\"color: #3366ff\"><strong><a style=\"color: #3366ff\" href=\"http:\/\/www.psol50.org.br\/blog\/2015\/04\/09\/sob-criticas-do-psol-projeto-que-amplia-a-terceirizacao-e-aprovado-na-camara\/\" target=\"_blank\" rel=\"noopener\">PL 4330\/04, aprovado pela C\u00e2mara de 2015<\/a><\/strong><\/span>, est\u00e1 travado no Senado, onde tramita como PLC 30\/2015. Trata-se de\u00a0uma\u00a0manobra para agilizar a tramita\u00e7\u00e3o e votar os interesses da base aliada do governo de Michel Temer \u00e0s pressas, uma vez que o PL agora s\u00f3 depende da aprova\u00e7\u00e3o na C\u00e2mara para ir \u00e0 san\u00e7\u00e3o presidencial.<\/p>\n<p>A generaliza\u00e7\u00e3o dos servi\u00e7os terceirizados representa um s\u00e9rio ataque aos direitos trabalhistas, visto que precariza a situa\u00e7\u00e3o e o sal\u00e1rio dos trabalhadores, sujeitos\u00a0a jornadas de trabalho mais extensas e menos direitos, em benef\u00edcio do empresariado. O\u00a0funcion\u00e1rio, al\u00e9m disso, fica \u00e0 merc\u00ea tamb\u00e9m de demiss\u00f5es, pois a qualquer momento pode ser mandado embora\u00a0para que\u00a0outra empresa preste aquele mesmo servi\u00e7o.<\/p>\n<p>Com esse projeto do governo FHC, o Pal\u00e1cio do Planalto, o Congresso Nacional\u00a0e o empres\u00e1rios querem garantir a terceiriza\u00e7\u00e3o tamb\u00e9m das \u00e1reas fins e ampliar a pr\u00e1tica, de forma indiscriminada, para o servi\u00e7o p\u00fablico.<\/p>\n<p>&#8220;\u00c9 o maior ataque das \u00faltimas d\u00e9cadas. Na pr\u00e1tica, \u00e9 uma forma de rasgar a CLT, permitindo contratos que est\u00e3o \u00e0 margem dela&#8221;, afirmou Guilherme Boulos, l\u00edder do MTST, em v\u00eddeo. Al\u00e9m disso, ele destaca que, atualmente no Brasil, os terceirizados s\u00e3o os que ganham sal\u00e1rio menor e t\u00eam maior instabilidade.<\/p>\n<p>Confira v\u00eddeo completo de Boulos sobre o absurdo projeto de terceiriza\u00e7\u00e3o:<\/p>\n<p><a href=\"http:\/\/www.facebook.com\/povosemmedonacional\/videos\/1901694993434851\/\">http:\/\/www.facebook.com\/povosemmedonacional\/videos\/1901694993434851\/<\/a><\/p>\n<p>&nbsp;<\/p>\n<p>&nbsp;<\/p>\n","protected":false},"excerpt":{"rendered":"<p>O presidente da C\u00e2mara Rodrigo Maia (DEM-RJ) colocou no destaque da pauta do plen\u00e1rio para\u00a0os dias 21 a 23 de mar\u00e7o o projeto de lei 4.302\/98, que\u00a0amplia ao extremo e sem restri\u00e7\u00f5es a possibilidade de terceiriza\u00e7\u00e3o do trabalho. Na manh\u00e3 desta segunda (20\/03), em discurso na capital paulista, o deputado afirmou\u00a0que os parlamentares devem aprovar [&hellip;]<\/p>\n","protected":false},"author":2,"featured_media":15630,"comment_status":"open","ping_status":"open","sticky":false,"template":"","format":"standard","meta":{"_acf_changed":false,"footnotes":""},"categories":[1882,6],"tags":[1709,2948,1748,64,2949],"class_list":{"0":"post-15629","1":"post","2":"type-post","3":"status-publish","4":"format-standard","5":"has-post-thumbnail","7":"category-brasil","8":"category-noticias","9":"tag-clt","10":"tag-direitos-trabalhistas","11":"tag-michel-temer","12":"tag-rodrigo-maia","13":"tag-terceirizacao"},"acf":[],"yoast_head":"<!-- This site is optimized with the Yoast SEO plugin v26.5 - https:\/\/yoast.com\/wordpress\/plugins\/seo\/ -->\n<title>Maia quer aprovar projeto de terceiriza\u00e7\u00e3o at\u00e9 quarta-feira - PSOL 50<\/title>\n<meta name=\"robots\" content=\"index, follow, max-snippet:-1, max-image-preview:large, max-video-preview:-1\" \/>\n<link rel=\"canonical\" href=\"https:\/\/psol50.org.br\/maia-quer-aprovar-projeto-de-terceirizacao-ate-quarta-feira\/\" \/>\n<meta property=\"og:locale\" content=\"pt_BR\" \/>\n<meta property=\"og:type\" content=\"article\" \/>\n<meta property=\"og:title\" content=\"Maia quer aprovar projeto de terceiriza\u00e7\u00e3o at\u00e9 quarta-feira - PSOL 50\" \/>\n<meta property=\"og:description\" content=\"O presidente da C\u00e2mara Rodrigo Maia (DEM-RJ) colocou no destaque da pauta do plen\u00e1rio para\u00a0os dias 21 a 23 de mar\u00e7o o projeto de lei 4.302\/98, que\u00a0amplia ao extremo e sem restri\u00e7\u00f5es a possibilidade de terceiriza\u00e7\u00e3o do trabalho. Na manh\u00e3 desta segunda (20\/03), em discurso na capital paulista, o deputado afirmou\u00a0que os parlamentares devem aprovar [&hellip;]\" \/>\n<meta property=\"og:url\" content=\"https:\/\/psol50.org.br\/maia-quer-aprovar-projeto-de-terceirizacao-ate-quarta-feira\/\" \/>\n<meta property=\"og:site_name\" content=\"PSOL 50\" \/>\n<meta property=\"article:publisher\" content=\"https:\/\/www.facebook.com\/psol50\" \/>\n<meta property=\"article:published_time\" content=\"2017-03-20T18:52:55+00:00\" \/>\n<meta property=\"og:image\" content=\"https:\/\/psol50.org.br\/inc\/uploads\/2018\/07\/capa.png\" \/>\n\t<meta property=\"og:image:width\" content=\"1350\" \/>\n\t<meta property=\"og:image:height\" content=\"900\" \/>\n\t<meta property=\"og:image:type\" content=\"image\/png\" \/>\n<meta name=\"author\" content=\"Comunica\u00e7\u00e3o PSOL\" \/>\n<meta name=\"twitter:card\" content=\"summary_large_image\" \/>\n<meta name=\"twitter:creator\" content=\"@psol50\" \/>\n<meta name=\"twitter:site\" content=\"@psol50\" \/>\n<meta name=\"twitter:label1\" content=\"Escrito por\" \/>\n\t<meta name=\"twitter:data1\" content=\"Comunica\u00e7\u00e3o PSOL\" \/>\n\t<meta name=\"twitter:label2\" content=\"Est. tempo de leitura\" \/>\n\t<meta name=\"twitter:data2\" content=\"2 minutos\" \/>\n<script type=\"application\/ld+json\" class=\"yoast-schema-graph\">{\"@context\":\"https:\/\/schema.org\",\"@graph\":[{\"@type\":\"Article\",\"@id\":\"https:\/\/psol50.org.br\/maia-quer-aprovar-projeto-de-terceirizacao-ate-quarta-feira\/#article\",\"isPartOf\":{\"@id\":\"https:\/\/psol50.org.br\/maia-quer-aprovar-projeto-de-terceirizacao-ate-quarta-feira\/\"},\"author\":{\"name\":\"Comunica\u00e7\u00e3o PSOL\",\"@id\":\"https:\/\/psol50.org.br\/#\/schema\/person\/475dfa57d0b815993c714c2e96491fcd\"},\"headline\":\"Maia quer aprovar projeto de terceiriza\u00e7\u00e3o at\u00e9 quarta-feira\",\"datePublished\":\"2017-03-20T18:52:55+00:00\",\"mainEntityOfPage\":{\"@id\":\"https:\/\/psol50.org.br\/maia-quer-aprovar-projeto-de-terceirizacao-ate-quarta-feira\/\"},\"wordCount\":405,\"commentCount\":0,\"publisher\":{\"@id\":\"https:\/\/psol50.org.br\/#organization\"},\"image\":{\"@id\":\"https:\/\/psol50.org.br\/maia-quer-aprovar-projeto-de-terceirizacao-ate-quarta-feira\/#primaryimage\"},\"thumbnailUrl\":\"\",\"keywords\":[\"CLT\",\"direitos trabalhistas\",\"Michel Temer\",\"Rodrigo Maia\",\"terceiriza\u00e7\u00e3o\"],\"articleSection\":[\"Brasil\",\"Not\u00edcias\"],\"inLanguage\":\"pt-BR\",\"potentialAction\":[{\"@type\":\"CommentAction\",\"name\":\"Comment\",\"target\":[\"https:\/\/psol50.org.br\/maia-quer-aprovar-projeto-de-terceirizacao-ate-quarta-feira\/#respond\"]}]},{\"@type\":\"WebPage\",\"@id\":\"https:\/\/psol50.org.br\/maia-quer-aprovar-projeto-de-terceirizacao-ate-quarta-feira\/\",\"url\":\"https:\/\/psol50.org.br\/maia-quer-aprovar-projeto-de-terceirizacao-ate-quarta-feira\/\",\"name\":\"Maia quer aprovar projeto de terceiriza\u00e7\u00e3o at\u00e9 quarta-feira - PSOL 50\",\"isPartOf\":{\"@id\":\"https:\/\/psol50.org.br\/#website\"},\"primaryImageOfPage\":{\"@id\":\"https:\/\/psol50.org.br\/maia-quer-aprovar-projeto-de-terceirizacao-ate-quarta-feira\/#primaryimage\"},\"image\":{\"@id\":\"https:\/\/psol50.org.br\/maia-quer-aprovar-projeto-de-terceirizacao-ate-quarta-feira\/#primaryimage\"},\"thumbnailUrl\":\"\",\"datePublished\":\"2017-03-20T18:52:55+00:00\",\"breadcrumb\":{\"@id\":\"https:\/\/psol50.org.br\/maia-quer-aprovar-projeto-de-terceirizacao-ate-quarta-feira\/#breadcrumb\"},\"inLanguage\":\"pt-BR\",\"potentialAction\":[{\"@type\":\"ReadAction\",\"target\":[\"https:\/\/psol50.org.br\/maia-quer-aprovar-projeto-de-terceirizacao-ate-quarta-feira\/\"]}]},{\"@type\":\"ImageObject\",\"inLanguage\":\"pt-BR\",\"@id\":\"https:\/\/psol50.org.br\/maia-quer-aprovar-projeto-de-terceirizacao-ate-quarta-feira\/#primaryimage\",\"url\":\"\",\"contentUrl\":\"\"},{\"@type\":\"BreadcrumbList\",\"@id\":\"https:\/\/psol50.org.br\/maia-quer-aprovar-projeto-de-terceirizacao-ate-quarta-feira\/#breadcrumb\",\"itemListElement\":[{\"@type\":\"ListItem\",\"position\":1,\"name\":\"In\u00edcio\",\"item\":\"https:\/\/psol50.org.br\/\"},{\"@type\":\"ListItem\",\"position\":2,\"name\":\"Maia quer aprovar projeto de terceiriza\u00e7\u00e3o at\u00e9 quarta-feira\"}]},{\"@type\":\"WebSite\",\"@id\":\"https:\/\/psol50.org.br\/#website\",\"url\":\"https:\/\/psol50.org.br\/\",\"name\":\"PSOL 50\",\"description\":\"Site oficial do Partido Socialismo e Liberdade\",\"publisher\":{\"@id\":\"https:\/\/psol50.org.br\/#organization\"},\"alternateName\":\"PSOL50\",\"potentialAction\":[{\"@type\":\"SearchAction\",\"target\":{\"@type\":\"EntryPoint\",\"urlTemplate\":\"https:\/\/psol50.org.br\/?s={search_term_string}\"},\"query-input\":{\"@type\":\"PropertyValueSpecification\",\"valueRequired\":true,\"valueName\":\"search_term_string\"}}],\"inLanguage\":\"pt-BR\"},{\"@type\":\"Organization\",\"@id\":\"https:\/\/psol50.org.br\/#organization\",\"name\":\"PSOL 50\",\"alternateName\":\"PSOL 50\",\"url\":\"https:\/\/psol50.org.br\/\",\"logo\":{\"@type\":\"ImageObject\",\"inLanguage\":\"pt-BR\",\"@id\":\"https:\/\/psol50.org.br\/#\/schema\/logo\/image\/\",\"url\":\"https:\/\/psol50.org.br\/inc\/uploads\/2018\/07\/capa.png\",\"contentUrl\":\"https:\/\/psol50.org.br\/inc\/uploads\/2018\/07\/capa.png\",\"width\":1350,\"height\":900,\"caption\":\"PSOL 50\"},\"image\":{\"@id\":\"https:\/\/psol50.org.br\/#\/schema\/logo\/image\/\"},\"sameAs\":[\"https:\/\/www.facebook.com\/psol50\",\"https:\/\/x.com\/psol50\",\"https:\/\/www.instagram.com\/psol50\/\",\"https:\/\/www.youtube.com\/channel\/UC7SnJS5o1os7a6CaiNabzcg\"]},{\"@type\":\"Person\",\"@id\":\"https:\/\/psol50.org.br\/#\/schema\/person\/475dfa57d0b815993c714c2e96491fcd\",\"name\":\"Comunica\u00e7\u00e3o PSOL\",\"image\":{\"@type\":\"ImageObject\",\"inLanguage\":\"pt-BR\",\"@id\":\"https:\/\/psol50.org.br\/#\/schema\/person\/image\/\",\"url\":\"https:\/\/secure.gravatar.com\/avatar\/b34fc4f4e468a4e51785917065a3db57b841f5c95dba6ad8c73aaf8f66f8f9bf?s=96&d=mm&r=g\",\"contentUrl\":\"https:\/\/secure.gravatar.com\/avatar\/b34fc4f4e468a4e51785917065a3db57b841f5c95dba6ad8c73aaf8f66f8f9bf?s=96&d=mm&r=g\",\"caption\":\"Comunica\u00e7\u00e3o PSOL\"}}]}<\/script>\n<!-- \/ Yoast SEO plugin. -->","yoast_head_json":{"title":"Maia quer aprovar projeto de terceiriza\u00e7\u00e3o at\u00e9 quarta-feira - PSOL 50","robots":{"index":"index","follow":"follow","max-snippet":"max-snippet:-1","max-image-preview":"max-image-preview:large","max-video-preview":"max-video-preview:-1"},"canonical":"https:\/\/psol50.org.br\/maia-quer-aprovar-projeto-de-terceirizacao-ate-quarta-feira\/","og_locale":"pt_BR","og_type":"article","og_title":"Maia quer aprovar projeto de terceiriza\u00e7\u00e3o at\u00e9 quarta-feira - PSOL 50","og_description":"O presidente da C\u00e2mara Rodrigo Maia (DEM-RJ) colocou no destaque da pauta do plen\u00e1rio para\u00a0os dias 21 a 23 de mar\u00e7o o projeto de lei 4.302\/98, que\u00a0amplia ao extremo e sem restri\u00e7\u00f5es a possibilidade de terceiriza\u00e7\u00e3o do trabalho. Na manh\u00e3 desta segunda (20\/03), em discurso na capital paulista, o deputado afirmou\u00a0que os parlamentares devem aprovar [&hellip;]","og_url":"https:\/\/psol50.org.br\/maia-quer-aprovar-projeto-de-terceirizacao-ate-quarta-feira\/","og_site_name":"PSOL 50","article_publisher":"https:\/\/www.facebook.com\/psol50","article_published_time":"2017-03-20T18:52:55+00:00","og_image":[{"width":1350,"height":900,"url":"https:\/\/psol50.org.br\/inc\/uploads\/2018\/07\/capa.png","type":"image\/png"}],"author":"Comunica\u00e7\u00e3o PSOL","twitter_card":"summary_large_image","twitter_creator":"@psol50","twitter_site":"@psol50","twitter_misc":{"Escrito por":"Comunica\u00e7\u00e3o PSOL","Est. tempo de leitura":"2 minutos"},"schema":{"@context":"https:\/\/schema.org","@graph":[{"@type":"Article","@id":"https:\/\/psol50.org.br\/maia-quer-aprovar-projeto-de-terceirizacao-ate-quarta-feira\/#article","isPartOf":{"@id":"https:\/\/psol50.org.br\/maia-quer-aprovar-projeto-de-terceirizacao-ate-quarta-feira\/"},"author":{"name":"Comunica\u00e7\u00e3o PSOL","@id":"https:\/\/psol50.org.br\/#\/schema\/person\/475dfa57d0b815993c714c2e96491fcd"},"headline":"Maia quer aprovar projeto de terceiriza\u00e7\u00e3o at\u00e9 quarta-feira","datePublished":"2017-03-20T18:52:55+00:00","mainEntityOfPage":{"@id":"https:\/\/psol50.org.br\/maia-quer-aprovar-projeto-de-terceirizacao-ate-quarta-feira\/"},"wordCount":405,"commentCount":0,"publisher":{"@id":"https:\/\/psol50.org.br\/#organization"},"image":{"@id":"https:\/\/psol50.org.br\/maia-quer-aprovar-projeto-de-terceirizacao-ate-quarta-feira\/#primaryimage"},"thumbnailUrl":"","keywords":["CLT","direitos trabalhistas","Michel Temer","Rodrigo Maia","terceiriza\u00e7\u00e3o"],"articleSection":["Brasil","Not\u00edcias"],"inLanguage":"pt-BR","potentialAction":[{"@type":"CommentAction","name":"Comment","target":["https:\/\/psol50.org.br\/maia-quer-aprovar-projeto-de-terceirizacao-ate-quarta-feira\/#respond"]}]},{"@type":"WebPage","@id":"https:\/\/psol50.org.br\/maia-quer-aprovar-projeto-de-terceirizacao-ate-quarta-feira\/","url":"https:\/\/psol50.org.br\/maia-quer-aprovar-projeto-de-terceirizacao-ate-quarta-feira\/","name":"Maia quer aprovar projeto de terceiriza\u00e7\u00e3o at\u00e9 quarta-feira - PSOL 50","isPartOf":{"@id":"https:\/\/psol50.org.br\/#website"},"primaryImageOfPage":{"@id":"https:\/\/psol50.org.br\/maia-quer-aprovar-projeto-de-terceirizacao-ate-quarta-feira\/#primaryimage"},"image":{"@id":"https:\/\/psol50.org.br\/maia-quer-aprovar-projeto-de-terceirizacao-ate-quarta-feira\/#primaryimage"},"thumbnailUrl":"","datePublished":"2017-03-20T18:52:55+00:00","breadcrumb":{"@id":"https:\/\/psol50.org.br\/maia-quer-aprovar-projeto-de-terceirizacao-ate-quarta-feira\/#breadcrumb"},"inLanguage":"pt-BR","potentialAction":[{"@type":"ReadAction","target":["https:\/\/psol50.org.br\/maia-quer-aprovar-projeto-de-terceirizacao-ate-quarta-feira\/"]}]},{"@type":"ImageObject","inLanguage":"pt-BR","@id":"https:\/\/psol50.org.br\/maia-quer-aprovar-projeto-de-terceirizacao-ate-quarta-feira\/#primaryimage","url":"","contentUrl":""},{"@type":"BreadcrumbList","@id":"https:\/\/psol50.org.br\/maia-quer-aprovar-projeto-de-terceirizacao-ate-quarta-feira\/#breadcrumb","itemListElement":[{"@type":"ListItem","position":1,"name":"In\u00edcio","item":"https:\/\/psol50.org.br\/"},{"@type":"ListItem","position":2,"name":"Maia quer aprovar projeto de terceiriza\u00e7\u00e3o at\u00e9 quarta-feira"}]},{"@type":"WebSite","@id":"https:\/\/psol50.org.br\/#website","url":"https:\/\/psol50.org.br\/","name":"PSOL 50","description":"Site oficial do Partido Socialismo e Liberdade","publisher":{"@id":"https:\/\/psol50.org.br\/#organization"},"alternateName":"PSOL50","potentialAction":[{"@type":"SearchAction","target":{"@type":"EntryPoint","urlTemplate":"https:\/\/psol50.org.br\/?s={search_term_string}"},"query-input":{"@type":"PropertyValueSpecification","valueRequired":true,"valueName":"search_term_string"}}],"inLanguage":"pt-BR"},{"@type":"Organization","@id":"https:\/\/psol50.org.br\/#organization","name":"PSOL 50","alternateName":"PSOL 50","url":"https:\/\/psol50.org.br\/","logo":{"@type":"ImageObject","inLanguage":"pt-BR","@id":"https:\/\/psol50.org.br\/#\/schema\/logo\/image\/","url":"https:\/\/psol50.org.br\/inc\/uploads\/2018\/07\/capa.png","contentUrl":"https:\/\/psol50.org.br\/inc\/uploads\/2018\/07\/capa.png","width":1350,"height":900,"caption":"PSOL 50"},"image":{"@id":"https:\/\/psol50.org.br\/#\/schema\/logo\/image\/"},"sameAs":["https:\/\/www.facebook.com\/psol50","https:\/\/x.com\/psol50","https:\/\/www.instagram.com\/psol50\/","https:\/\/www.youtube.com\/channel\/UC7SnJS5o1os7a6CaiNabzcg"]},{"@type":"Person","@id":"https:\/\/psol50.org.br\/#\/schema\/person\/475dfa57d0b815993c714c2e96491fcd","name":"Comunica\u00e7\u00e3o PSOL","image":{"@type":"ImageObject","inLanguage":"pt-BR","@id":"https:\/\/psol50.org.br\/#\/schema\/person\/image\/","url":"https:\/\/secure.gravatar.com\/avatar\/b34fc4f4e468a4e51785917065a3db57b841f5c95dba6ad8c73aaf8f66f8f9bf?s=96&d=mm&r=g","contentUrl":"https:\/\/secure.gravatar.com\/avatar\/b34fc4f4e468a4e51785917065a3db57b841f5c95dba6ad8c73aaf8f66f8f9bf?s=96&d=mm&r=g","caption":"Comunica\u00e7\u00e3o PSOL"}}]}},"_links":{"self":[{"href":"https:\/\/psol50.org.br\/rest\/wp\/v2\/posts\/15629","targetHints":{"allow":["GET"]}}],"collection":[{"href":"https:\/\/psol50.org.br\/rest\/wp\/v2\/posts"}],"about":[{"href":"https:\/\/psol50.org.br\/rest\/wp\/v2\/types\/post"}],"author":[{"embeddable":true,"href":"https:\/\/psol50.org.br\/rest\/wp\/v2\/users\/2"}],"replies":[{"embeddable":true,"href":"https:\/\/psol50.org.br\/rest\/wp\/v2\/comments?post=15629"}],"version-history":[{"count":0,"href":"https:\/\/psol50.org.br\/rest\/wp\/v2\/posts\/15629\/revisions"}],"wp:featuredmedia":[{"embeddable":true,"href":"https:\/\/psol50.org.br\/rest\/"}],"wp:attachment":[{"href":"https:\/\/psol50.org.br\/rest\/wp\/v2\/media?parent=15629"}],"wp:term":[{"taxonomy":"category","embeddable":true,"href":"https:\/\/psol50.org.br\/rest\/wp\/v2\/categories?post=15629"},{"taxonomy":"post_tag","embeddable":true,"href":"https:\/\/psol50.org.br\/rest\/wp\/v2\/tags?post=15629"}],"curies":[{"name":"wp","href":"https:\/\/api.w.org\/{rel}","templated":true}]}}