{"id":1563,"date":"2011-06-01T00:00:00","date_gmt":"2011-06-01T00:00:00","guid":{"rendered":"http:\/\/psol50.org.br\/arquivo\/2011\/06\/01\/psol-niteroi-prefeitura-e-omissa-afirma-vereador-renatinho\/"},"modified":"2011-06-01T00:00:00","modified_gmt":"2011-06-01T00:00:00","slug":"psol-niteroi-prefeitura-e-omissa-afirma-vereador-renatinho","status":"publish","type":"post","link":"https:\/\/psol50.org.br\/psol-niteroi-prefeitura-e-omissa-afirma-vereador-renatinho\/","title":{"rendered":"PSOL-Niter\u00f3i: &#8220;Prefeitura \u00e9 omissa&#8221;, afirma vereador Renatinho"},"content":{"rendered":"<p><a rel=\"attachment wp-att-8609\" href=\"http:\/\/psol50.org.br\/blog\/2011\/06\/01\/psol-niteroi-prefeitura-e-omissa-afirma-vereador-renatinho\/vereadorrenatinhopsolniteroi\/\"><img loading=\"lazy\" decoding=\"async\" class=\"alignleft size-medium wp-image-8609\" src=\"http:\/\/psol50.org.br\/files\/2011\/06\/VereadorRenatinhoPSOLNiter\u00f3i-300x225.jpg\" alt=\"\" width=\"300\" height=\"225\" \/><\/a>Na  manh\u00e3 deste domingo (29\/05), moradores e frequentadores da Praia de  Icara\u00ed e Ing\u00e1, foram surpreendidos pelas fortes ondas que avan\u00e7aram  sobre a praia e cal\u00e7ad\u00e3o. A obra de alargamento do cal\u00e7ad\u00e3o, que custou  cerca de 2 milh\u00f5es aos cofres p\u00fablicos e foi na \u00e9poca questionada pelo  Minist\u00e9rio P\u00fablico Federal, foi agora completamente destru\u00edda em quase  toda extens\u00e3o do cal\u00e7ad\u00e3o pr\u00f3ximo ao Ing\u00e1, na Praia das Flechas.<\/p>\n<p>O Vereador Renatinho (PSOL)  esteve no local e ajudou a orientar alguns moradores, que assistiam  at\u00f4nitos \u00e0 cena de destrui\u00e7\u00e3o, sem que nenhum Guarda Municipal,  Funcion\u00e1rio da Defesa Civil ou Agente de Tr\u00e2nsito estivessem presentes.  Algumas fitas de isolamento j\u00e1 haviam sido colocadas mais cedo pela  Secretaria de Seguran\u00e7a, mas com a aus\u00eancia dos Agentes P\u00fablicos, foram  retiradas por curiosos que insistiam se aproximar. Diversos cidad\u00e3os se  arriscavam tentando fotografar mais de perto as ondas, e n\u00e3o havendo  ningu\u00e9m da Prefeitura para ajudar a conter o avan\u00e7o, estas arriscavam a  vida circulando pelo cal\u00e7ad\u00e3o destruido. Renatinho tentou entrar em  contato com a Defesa Civil, mas ningu\u00e9m atendeu os telefones.<\/p>\n<p><strong><em>\u201cIndependente  de analisarmos agora se a obra feita em 2008 teve ou n\u00e3o problemas, o  que mais chama a aten\u00e7\u00e3o \u00e9 a aus\u00eancia total da Prefeitura, que novamente  n\u00e3o enviou nenhuma equipe para ajudar e orientar as pessoas. S\u00f3 vi o  Wolney sozinho por aqui. Segundo os moradores, o cal\u00e7ad\u00e3o come\u00e7ou a  ceder \u00e0s 11 horas e \u00e0s 13 j\u00e1 estava completamente destru\u00eddo! Fiquei no  local das 13:30 horas at\u00e9 \u00e0s 16:30, quando s\u00f3 ent\u00e3o chegaram ao local  alguns funcion\u00e1rios da EMUSA e CLIN.\u201d<\/em><\/strong>, disse Renatinho, presidente da Comiss\u00e3o de Direitos Humanos da C\u00e2mara Municipal.<\/p>\n<p>Renatinho  lembrou ainda das diversas agress\u00f5es ao meio ambiente que s\u00e3o  praticadas e que terminam por gerar rea\u00e7\u00f5es da natureza, como esta que  foi vista na Praia de Icara\u00ed.<\/p>\n<p><strong><em>\u201cAcabaram  de aprovar diversas mudan\u00e7as no C\u00f3digo Florestal que v\u00e3o gerar grandes  danos ao meio ambiente em todo o pa\u00eds e v\u00e3o gerar reflexos no mundo  inteiro. A gan\u00e2ncia nesse sistema capitalista faz diversas pessoas n\u00e3o  quererem enxergar o mal que est\u00e3o fazendo para a sociedade. Aqui mesmo  em Niter\u00f3i temos v\u00e1rios exemplos de agress\u00f5es ao meio ambiente.  Precisamos lutar muito para reverter isso!\u201d<\/em><\/strong>, afirmou o vereador Renatinho.<\/p>\n<p>O  funcion\u00e1rio da EMUSA, assessor de Mocarzel, Cl\u00e1udio Cardoso, esteve no  local ajudando um transeunte a recolocar uma tampa de bueiro. Avisado  pelo chefe de gabinete da Comiss\u00e3o de Direitos Humanos da C\u00e2mara de que  aquela tampa n\u00e3o deveria ser recolocada sendo mais correto isolar a  \u00e1rea, pois ela havia sido suspensa pela for\u00e7a da \u00e1gua, o que poderia  ocorrer de novo a ferir algu\u00e9m, o funcion\u00e1rio da EMUSA reagiu com  agressividade. Aos gritos e sem querer ouvir a solicita\u00e7\u00e3o feita,  recolocou a tampa do bueiro e visivelmente descontrolado disse que a  culpa daquilo n\u00e3o era de Jorge Roberto e que todos do PSOL sa\u00edssem de  perto dele e que tomassem cuidado com ele.<\/p>\n<p><a href=\"http:\/\/mandatorenatinhopsol.blogspot.com\/2011\/05\/ressaca-avanca-sobre-calcadao-e-destroi.html\"><em><strong>A Comiss\u00e3o de Direitos  Humanos ir\u00e1 avaliar se ficou caracterizada a amea\u00e7a.<\/strong><\/em><\/a><\/p>\n","protected":false},"excerpt":{"rendered":"<p>Na manh\u00e3 deste domingo (29\/05), moradores e frequentadores da Praia de Icara\u00ed e Ing\u00e1, foram surpreendidos pelas fortes ondas que avan\u00e7aram sobre a praia e cal\u00e7ad\u00e3o. A obra de alargamento do cal\u00e7ad\u00e3o, que custou cerca de 2 milh\u00f5es aos cofres p\u00fablicos e foi na \u00e9poca questionada pelo Minist\u00e9rio P\u00fablico Federal, foi agora completamente destru\u00edda em [&hellip;]<\/p>\n","protected":false},"author":2,"featured_media":0,"comment_status":"open","ping_status":"open","sticky":false,"template":"","format":"standard","meta":{"_acf_changed":false,"footnotes":""},"categories":[4766],"tags":[],"class_list":{"0":"post-1563","1":"post","2":"type-post","3":"status-publish","4":"format-standard","6":"category-arquivo"},"acf":[],"yoast_head":"<!-- This site is optimized with the Yoast SEO plugin v26.5 - https:\/\/yoast.com\/wordpress\/plugins\/seo\/ -->\n<title>PSOL-Niter\u00f3i: &quot;Prefeitura \u00e9 omissa&quot;, afirma vereador Renatinho - PSOL 50<\/title>\n<meta name=\"robots\" content=\"index, follow, max-snippet:-1, max-image-preview:large, max-video-preview:-1\" \/>\n<link rel=\"canonical\" href=\"https:\/\/psol50.org.br\/psol-niteroi-prefeitura-e-omissa-afirma-vereador-renatinho\/\" \/>\n<meta property=\"og:locale\" content=\"pt_BR\" \/>\n<meta property=\"og:type\" content=\"article\" \/>\n<meta property=\"og:title\" content=\"PSOL-Niter\u00f3i: &quot;Prefeitura \u00e9 omissa&quot;, afirma vereador Renatinho - PSOL 50\" \/>\n<meta property=\"og:description\" content=\"Na manh\u00e3 deste domingo (29\/05), moradores e frequentadores da Praia de Icara\u00ed e Ing\u00e1, foram surpreendidos pelas fortes ondas que avan\u00e7aram sobre a praia e cal\u00e7ad\u00e3o. A obra de alargamento do cal\u00e7ad\u00e3o, que custou cerca de 2 milh\u00f5es aos cofres p\u00fablicos e foi na \u00e9poca questionada pelo Minist\u00e9rio P\u00fablico Federal, foi agora completamente destru\u00edda em [&hellip;]\" \/>\n<meta property=\"og:url\" content=\"https:\/\/psol50.org.br\/psol-niteroi-prefeitura-e-omissa-afirma-vereador-renatinho\/\" \/>\n<meta property=\"og:site_name\" content=\"PSOL 50\" \/>\n<meta property=\"article:publisher\" content=\"https:\/\/www.facebook.com\/psol50\" \/>\n<meta property=\"article:published_time\" content=\"2011-06-01T00:00:00+00:00\" \/>\n<meta property=\"og:image\" content=\"http:\/\/psol50.org.br\/files\/2011\/06\/VereadorRenatinhoPSOLNiter\u00f3i-300x225.jpg\" \/>\n<meta name=\"author\" content=\"Comunica\u00e7\u00e3o PSOL\" \/>\n<meta name=\"twitter:card\" content=\"summary_large_image\" \/>\n<meta name=\"twitter:creator\" content=\"@psol50\" \/>\n<meta name=\"twitter:site\" content=\"@psol50\" \/>\n<meta name=\"twitter:label1\" content=\"Escrito por\" \/>\n\t<meta name=\"twitter:data1\" content=\"Comunica\u00e7\u00e3o PSOL\" \/>\n\t<meta name=\"twitter:label2\" content=\"Est. tempo de leitura\" \/>\n\t<meta name=\"twitter:data2\" content=\"3 minutos\" \/>\n<script type=\"application\/ld+json\" class=\"yoast-schema-graph\">{\"@context\":\"https:\/\/schema.org\",\"@graph\":[{\"@type\":\"Article\",\"@id\":\"https:\/\/psol50.org.br\/psol-niteroi-prefeitura-e-omissa-afirma-vereador-renatinho\/#article\",\"isPartOf\":{\"@id\":\"https:\/\/psol50.org.br\/psol-niteroi-prefeitura-e-omissa-afirma-vereador-renatinho\/\"},\"author\":{\"name\":\"Comunica\u00e7\u00e3o PSOL\",\"@id\":\"https:\/\/psol50.org.br\/#\/schema\/person\/475dfa57d0b815993c714c2e96491fcd\"},\"headline\":\"PSOL-Niter\u00f3i: &#8220;Prefeitura \u00e9 omissa&#8221;, afirma vereador Renatinho\",\"datePublished\":\"2011-06-01T00:00:00+00:00\",\"mainEntityOfPage\":{\"@id\":\"https:\/\/psol50.org.br\/psol-niteroi-prefeitura-e-omissa-afirma-vereador-renatinho\/\"},\"wordCount\":559,\"commentCount\":0,\"publisher\":{\"@id\":\"https:\/\/psol50.org.br\/#organization\"},\"articleSection\":[\"Arquivo\"],\"inLanguage\":\"pt-BR\",\"potentialAction\":[{\"@type\":\"CommentAction\",\"name\":\"Comment\",\"target\":[\"https:\/\/psol50.org.br\/psol-niteroi-prefeitura-e-omissa-afirma-vereador-renatinho\/#respond\"]}]},{\"@type\":\"WebPage\",\"@id\":\"https:\/\/psol50.org.br\/psol-niteroi-prefeitura-e-omissa-afirma-vereador-renatinho\/\",\"url\":\"https:\/\/psol50.org.br\/psol-niteroi-prefeitura-e-omissa-afirma-vereador-renatinho\/\",\"name\":\"PSOL-Niter\u00f3i: \\\"Prefeitura \u00e9 omissa\\\", afirma vereador Renatinho - PSOL 50\",\"isPartOf\":{\"@id\":\"https:\/\/psol50.org.br\/#website\"},\"datePublished\":\"2011-06-01T00:00:00+00:00\",\"breadcrumb\":{\"@id\":\"https:\/\/psol50.org.br\/psol-niteroi-prefeitura-e-omissa-afirma-vereador-renatinho\/#breadcrumb\"},\"inLanguage\":\"pt-BR\",\"potentialAction\":[{\"@type\":\"ReadAction\",\"target\":[\"https:\/\/psol50.org.br\/psol-niteroi-prefeitura-e-omissa-afirma-vereador-renatinho\/\"]}]},{\"@type\":\"BreadcrumbList\",\"@id\":\"https:\/\/psol50.org.br\/psol-niteroi-prefeitura-e-omissa-afirma-vereador-renatinho\/#breadcrumb\",\"itemListElement\":[{\"@type\":\"ListItem\",\"position\":1,\"name\":\"In\u00edcio\",\"item\":\"https:\/\/psol50.org.br\/\"},{\"@type\":\"ListItem\",\"position\":2,\"name\":\"PSOL-Niter\u00f3i: &#8220;Prefeitura \u00e9 omissa&#8221;, afirma vereador Renatinho\"}]},{\"@type\":\"WebSite\",\"@id\":\"https:\/\/psol50.org.br\/#website\",\"url\":\"https:\/\/psol50.org.br\/\",\"name\":\"PSOL 50\",\"description\":\"Site oficial do Partido Socialismo e Liberdade\",\"publisher\":{\"@id\":\"https:\/\/psol50.org.br\/#organization\"},\"alternateName\":\"PSOL50\",\"potentialAction\":[{\"@type\":\"SearchAction\",\"target\":{\"@type\":\"EntryPoint\",\"urlTemplate\":\"https:\/\/psol50.org.br\/?s={search_term_string}\"},\"query-input\":{\"@type\":\"PropertyValueSpecification\",\"valueRequired\":true,\"valueName\":\"search_term_string\"}}],\"inLanguage\":\"pt-BR\"},{\"@type\":\"Organization\",\"@id\":\"https:\/\/psol50.org.br\/#organization\",\"name\":\"PSOL 50\",\"alternateName\":\"PSOL 50\",\"url\":\"https:\/\/psol50.org.br\/\",\"logo\":{\"@type\":\"ImageObject\",\"inLanguage\":\"pt-BR\",\"@id\":\"https:\/\/psol50.org.br\/#\/schema\/logo\/image\/\",\"url\":\"https:\/\/psol50.org.br\/inc\/uploads\/2018\/07\/capa.png\",\"contentUrl\":\"https:\/\/psol50.org.br\/inc\/uploads\/2018\/07\/capa.png\",\"width\":1350,\"height\":900,\"caption\":\"PSOL 50\"},\"image\":{\"@id\":\"https:\/\/psol50.org.br\/#\/schema\/logo\/image\/\"},\"sameAs\":[\"https:\/\/www.facebook.com\/psol50\",\"https:\/\/x.com\/psol50\",\"https:\/\/www.instagram.com\/psol50\/\",\"https:\/\/www.youtube.com\/channel\/UC7SnJS5o1os7a6CaiNabzcg\"]},{\"@type\":\"Person\",\"@id\":\"https:\/\/psol50.org.br\/#\/schema\/person\/475dfa57d0b815993c714c2e96491fcd\",\"name\":\"Comunica\u00e7\u00e3o PSOL\",\"image\":{\"@type\":\"ImageObject\",\"inLanguage\":\"pt-BR\",\"@id\":\"https:\/\/psol50.org.br\/#\/schema\/person\/image\/\",\"url\":\"https:\/\/secure.gravatar.com\/avatar\/b34fc4f4e468a4e51785917065a3db57b841f5c95dba6ad8c73aaf8f66f8f9bf?s=96&d=mm&r=g\",\"contentUrl\":\"https:\/\/secure.gravatar.com\/avatar\/b34fc4f4e468a4e51785917065a3db57b841f5c95dba6ad8c73aaf8f66f8f9bf?s=96&d=mm&r=g\",\"caption\":\"Comunica\u00e7\u00e3o PSOL\"}}]}<\/script>\n<!-- \/ Yoast SEO plugin. -->","yoast_head_json":{"title":"PSOL-Niter\u00f3i: \"Prefeitura \u00e9 omissa\", afirma vereador Renatinho - PSOL 50","robots":{"index":"index","follow":"follow","max-snippet":"max-snippet:-1","max-image-preview":"max-image-preview:large","max-video-preview":"max-video-preview:-1"},"canonical":"https:\/\/psol50.org.br\/psol-niteroi-prefeitura-e-omissa-afirma-vereador-renatinho\/","og_locale":"pt_BR","og_type":"article","og_title":"PSOL-Niter\u00f3i: \"Prefeitura \u00e9 omissa\", afirma vereador Renatinho - PSOL 50","og_description":"Na manh\u00e3 deste domingo (29\/05), moradores e frequentadores da Praia de Icara\u00ed e Ing\u00e1, foram surpreendidos pelas fortes ondas que avan\u00e7aram sobre a praia e cal\u00e7ad\u00e3o. A obra de alargamento do cal\u00e7ad\u00e3o, que custou cerca de 2 milh\u00f5es aos cofres p\u00fablicos e foi na \u00e9poca questionada pelo Minist\u00e9rio P\u00fablico Federal, foi agora completamente destru\u00edda em [&hellip;]","og_url":"https:\/\/psol50.org.br\/psol-niteroi-prefeitura-e-omissa-afirma-vereador-renatinho\/","og_site_name":"PSOL 50","article_publisher":"https:\/\/www.facebook.com\/psol50","article_published_time":"2011-06-01T00:00:00+00:00","og_image":[{"url":"http:\/\/psol50.org.br\/files\/2011\/06\/VereadorRenatinhoPSOLNiter\u00f3i-300x225.jpg","type":"","width":"","height":""}],"author":"Comunica\u00e7\u00e3o PSOL","twitter_card":"summary_large_image","twitter_creator":"@psol50","twitter_site":"@psol50","twitter_misc":{"Escrito por":"Comunica\u00e7\u00e3o PSOL","Est. tempo de leitura":"3 minutos"},"schema":{"@context":"https:\/\/schema.org","@graph":[{"@type":"Article","@id":"https:\/\/psol50.org.br\/psol-niteroi-prefeitura-e-omissa-afirma-vereador-renatinho\/#article","isPartOf":{"@id":"https:\/\/psol50.org.br\/psol-niteroi-prefeitura-e-omissa-afirma-vereador-renatinho\/"},"author":{"name":"Comunica\u00e7\u00e3o PSOL","@id":"https:\/\/psol50.org.br\/#\/schema\/person\/475dfa57d0b815993c714c2e96491fcd"},"headline":"PSOL-Niter\u00f3i: &#8220;Prefeitura \u00e9 omissa&#8221;, afirma vereador Renatinho","datePublished":"2011-06-01T00:00:00+00:00","mainEntityOfPage":{"@id":"https:\/\/psol50.org.br\/psol-niteroi-prefeitura-e-omissa-afirma-vereador-renatinho\/"},"wordCount":559,"commentCount":0,"publisher":{"@id":"https:\/\/psol50.org.br\/#organization"},"articleSection":["Arquivo"],"inLanguage":"pt-BR","potentialAction":[{"@type":"CommentAction","name":"Comment","target":["https:\/\/psol50.org.br\/psol-niteroi-prefeitura-e-omissa-afirma-vereador-renatinho\/#respond"]}]},{"@type":"WebPage","@id":"https:\/\/psol50.org.br\/psol-niteroi-prefeitura-e-omissa-afirma-vereador-renatinho\/","url":"https:\/\/psol50.org.br\/psol-niteroi-prefeitura-e-omissa-afirma-vereador-renatinho\/","name":"PSOL-Niter\u00f3i: \"Prefeitura \u00e9 omissa\", afirma vereador Renatinho - PSOL 50","isPartOf":{"@id":"https:\/\/psol50.org.br\/#website"},"datePublished":"2011-06-01T00:00:00+00:00","breadcrumb":{"@id":"https:\/\/psol50.org.br\/psol-niteroi-prefeitura-e-omissa-afirma-vereador-renatinho\/#breadcrumb"},"inLanguage":"pt-BR","potentialAction":[{"@type":"ReadAction","target":["https:\/\/psol50.org.br\/psol-niteroi-prefeitura-e-omissa-afirma-vereador-renatinho\/"]}]},{"@type":"BreadcrumbList","@id":"https:\/\/psol50.org.br\/psol-niteroi-prefeitura-e-omissa-afirma-vereador-renatinho\/#breadcrumb","itemListElement":[{"@type":"ListItem","position":1,"name":"In\u00edcio","item":"https:\/\/psol50.org.br\/"},{"@type":"ListItem","position":2,"name":"PSOL-Niter\u00f3i: &#8220;Prefeitura \u00e9 omissa&#8221;, afirma vereador Renatinho"}]},{"@type":"WebSite","@id":"https:\/\/psol50.org.br\/#website","url":"https:\/\/psol50.org.br\/","name":"PSOL 50","description":"Site oficial do Partido Socialismo e Liberdade","publisher":{"@id":"https:\/\/psol50.org.br\/#organization"},"alternateName":"PSOL50","potentialAction":[{"@type":"SearchAction","target":{"@type":"EntryPoint","urlTemplate":"https:\/\/psol50.org.br\/?s={search_term_string}"},"query-input":{"@type":"PropertyValueSpecification","valueRequired":true,"valueName":"search_term_string"}}],"inLanguage":"pt-BR"},{"@type":"Organization","@id":"https:\/\/psol50.org.br\/#organization","name":"PSOL 50","alternateName":"PSOL 50","url":"https:\/\/psol50.org.br\/","logo":{"@type":"ImageObject","inLanguage":"pt-BR","@id":"https:\/\/psol50.org.br\/#\/schema\/logo\/image\/","url":"https:\/\/psol50.org.br\/inc\/uploads\/2018\/07\/capa.png","contentUrl":"https:\/\/psol50.org.br\/inc\/uploads\/2018\/07\/capa.png","width":1350,"height":900,"caption":"PSOL 50"},"image":{"@id":"https:\/\/psol50.org.br\/#\/schema\/logo\/image\/"},"sameAs":["https:\/\/www.facebook.com\/psol50","https:\/\/x.com\/psol50","https:\/\/www.instagram.com\/psol50\/","https:\/\/www.youtube.com\/channel\/UC7SnJS5o1os7a6CaiNabzcg"]},{"@type":"Person","@id":"https:\/\/psol50.org.br\/#\/schema\/person\/475dfa57d0b815993c714c2e96491fcd","name":"Comunica\u00e7\u00e3o PSOL","image":{"@type":"ImageObject","inLanguage":"pt-BR","@id":"https:\/\/psol50.org.br\/#\/schema\/person\/image\/","url":"https:\/\/secure.gravatar.com\/avatar\/b34fc4f4e468a4e51785917065a3db57b841f5c95dba6ad8c73aaf8f66f8f9bf?s=96&d=mm&r=g","contentUrl":"https:\/\/secure.gravatar.com\/avatar\/b34fc4f4e468a4e51785917065a3db57b841f5c95dba6ad8c73aaf8f66f8f9bf?s=96&d=mm&r=g","caption":"Comunica\u00e7\u00e3o PSOL"}}]}},"_links":{"self":[{"href":"https:\/\/psol50.org.br\/rest\/wp\/v2\/posts\/1563","targetHints":{"allow":["GET"]}}],"collection":[{"href":"https:\/\/psol50.org.br\/rest\/wp\/v2\/posts"}],"about":[{"href":"https:\/\/psol50.org.br\/rest\/wp\/v2\/types\/post"}],"author":[{"embeddable":true,"href":"https:\/\/psol50.org.br\/rest\/wp\/v2\/users\/2"}],"replies":[{"embeddable":true,"href":"https:\/\/psol50.org.br\/rest\/wp\/v2\/comments?post=1563"}],"version-history":[{"count":0,"href":"https:\/\/psol50.org.br\/rest\/wp\/v2\/posts\/1563\/revisions"}],"wp:attachment":[{"href":"https:\/\/psol50.org.br\/rest\/wp\/v2\/media?parent=1563"}],"wp:term":[{"taxonomy":"category","embeddable":true,"href":"https:\/\/psol50.org.br\/rest\/wp\/v2\/categories?post=1563"},{"taxonomy":"post_tag","embeddable":true,"href":"https:\/\/psol50.org.br\/rest\/wp\/v2\/tags?post=1563"}],"curies":[{"name":"wp","href":"https:\/\/api.w.org\/{rel}","templated":true}]}}