{"id":15638,"date":"2017-03-21T12:45:11","date_gmt":"2017-03-21T12:45:11","guid":{"rendered":"http:\/\/www.psol50.org.br\/?p=15638"},"modified":"2017-03-21T12:45:11","modified_gmt":"2017-03-21T12:45:11","slug":"gilberto-maringoni-vinte-reflexoes-sobre-a-carne-fraca","status":"publish","type":"post","link":"https:\/\/psol50.org.br\/gilberto-maringoni-vinte-reflexoes-sobre-a-carne-fraca\/","title":{"rendered":"Gilberto Maringoni | Vinte reflex\u00f5es sobre a carne fraca"},"content":{"rendered":"<p>1- A espetacular a\u00e7\u00e3o do Minist\u00e9rio P\u00fablico e da Pol\u00edcia Federal contra alguns frigor\u00edficos instaurou uma pol\u00eamica nas redes: qual a extens\u00e3o do problema e que tipo de puni\u00e7\u00e3o aplicar \u00e0s empresas e seus controladores.<\/p>\n<p>2- A primeira quest\u00e3o \u00e9 decisiva, mas est\u00e1 quase fora da pauta. N\u00e3o se sabe, estatisticamente, se os problemas demonstram que as carnes das gigantes do agroneg\u00f3cio configuram uma amostragem cient\u00edfica de que toda a produ\u00e7\u00e3o est\u00e1 comprometida, ou n\u00e3o. A detec\u00e7\u00e3o de um problema em cidades do Paran\u00e1 expressaria uma tend\u00eancia da produ\u00e7\u00e3o nacional?<\/p>\n<p>3- Sem responder a essa quest\u00e3o, tudo o mais fica comprometido como an\u00e1lise s\u00e9ria.<\/p>\n<p>4- No entanto, com o espet\u00e1culo midi\u00e1tico, outro tema entrou em tela: caso se comprovem as acusa\u00e7\u00f5es de venda de produtos contaminados, quimicamente manipulados com subst\u00e2ncias nocivas \u00e0 sa\u00fade ou corrup\u00e7\u00e3o de agentes p\u00fablicos e privados, quais devem ser e contra quem devem incidir as san\u00e7\u00f5es legais?<\/p>\n<p>5- Aqui surge uma falsa quest\u00e3o, no \u00e2mbito da esquerda. De um lado, h\u00e1 os que julgam imprescind\u00edvel a penaliza\u00e7\u00e3o das empresas, por degradarem o meio ambiente, explorarem trabalhadores, cometerem crimes contra a popula\u00e7\u00e3o etc. etc.<\/p>\n<p>6- De outro, h\u00e1 os que \u2013 como eu \u2013 entendem que empresas n\u00e3o s\u00e3o entes dotados de vontade pr\u00f3pria e que penaliz\u00e1-las \u2013 com bloqueio de acesso a cr\u00e9ditos oficiais, veto a compras governamentais, n\u00e3o emiss\u00e3o de certificados de qualidade, boicote aos produtos e tudo o mais \u2013 implica a quebra n\u00e3o apenas destas, mas de toda a cadeia do agroneg\u00f3cio, que vai do pequeno produtor, rede de fornecedores de insumos, equipamentos e tecnologia, ind\u00fastria de gr\u00e3os, milhares de empregos e, principalmente, conhecimento acumulado ao longo de d\u00e9cadas.<\/p>\n<p>7- Assim, punidos deveriam ser donos, acionistas, t\u00e9cnicos e respons\u00e1veis por essa sequ\u00eancia produtiva. Punidos com afastamento da dire\u00e7\u00e3o dos neg\u00f3cios, multas, arresto de bens e pris\u00e3o, de acordo com a legisla\u00e7\u00e3o vigente. No limite, interven\u00e7\u00e3o oficial ou estatiza\u00e7\u00e3o dos neg\u00f3cios.<\/p>\n<p>8- A defesa das empresas n\u00e3o significa a defesa das empresas tal como elas s\u00e3o, mas a defesa de conhecimento acumulado e nichos de mercado na e pela economia brasileira. N\u00e3o vi, at\u00e9 agora, entre a esquerda, ningu\u00e9m defendendo a salva\u00e7\u00e3o de uma incerta \u201cburguesia brasileira\u201d ou da \u201cfraude nacional\u201d, como, com evidente m\u00e1-f\u00e9, alguns fizeram por aqui.<\/p>\n<p>9- N\u00e3o se est\u00e1 tampouco defendendo uma \u201cconcilia\u00e7\u00e3o de classes\u201d, a partir de um racioc\u00ednio plano.<\/p>\n<p>10- O que seria penalizar uma empresa? Seria destru\u00ed-la? Vender seus ativos a retalho? Detonar as marcas? Isso tem sido feito na cadeia da ind\u00fastria naval e da constru\u00e7\u00e3o civil, deixando donos e controladores \u2013 esses sim respons\u00e1veis por esc\u00e2ndalos de corrup\u00e7\u00e3o \u2013 livres, leves e soltos. E essas fatias do mercado come\u00e7am a ficar desimpedidas para serem ocupadas por conglomerados transnacionais.<\/p>\n<p>11- Os que dizem professar um marxismo puro logo alegam a desimport\u00e2ncia do processo. Repetem bord\u00f5es como \u201ccapital n\u00e3o tem p\u00e1tria\u201d e \u201csalvar empresas seria uma agress\u00e3o aos trabalhadores\u201d. Cumpre lembrar que capital realmente n\u00e3o tem p\u00e1tria, mas a sede da enorme maioria das corpora\u00e7\u00f5es globais se situa no hemisf\u00e9rio Norte, para onde migram lucros, recolhimento de impostos e mais-valia acumulada no Sul.<\/p>\n<p>12- H\u00e1 evidentes diferen\u00e7as entre empresas aqui sediadas e que reinvestem seu lucro aqui e as que remetem a maior parte dele para fora e s\u00f3 se expandem mediante cr\u00e9ditos, desonera\u00e7\u00f5es e subs\u00eddios oficiais. Assim, n\u00e3o se trata de alardear que quem defende a n\u00e3o destrui\u00e7\u00e3o das empresas desposa a tese de que empresas nacionais exploram menos o trabalhador que sua cong\u00eaneres globais.<\/p>\n<p>13- Denunciar os males do agroneg\u00f3cio, suas rela\u00e7\u00f5es de trabalho e danos ambientais n\u00e3o \u00e9 dif\u00edcil. A maior parte de tais den\u00fancias \u00e9 verdadeira, e ningu\u00e9m \u2013 entre a esquerda \u2013 parece desejar encobri-los. S\u00e3o rela\u00e7\u00f5es encontradi\u00e7as em qualquer empresa capitalista. O que est\u00e1 em tela no caso Carne Fraca \u2013 me parece \u2013 n\u00e3o \u00e9 a supera\u00e7\u00e3o do capitalismo, mas a investiga\u00e7\u00e3o de poss\u00edveis fraudes.<\/p>\n<p>14- Lamentavelmente, at\u00e9 onde sei \u2013 n\u00e3o li ainda os jornais de hoje \u2013 o socialismo n\u00e3o est\u00e1 na agenda imediata. Assim, qualquer solu\u00e7\u00e3o colocada para as empresas estar\u00e1 inscrita no universo de uma economia de mercado, com os instrumentos que o Estado (burgu\u00eas!) disp\u00f5e.<\/p>\n<p>15- Quebrar as empresas equivale a desnacionaliz\u00e1-las. Nada tamb\u00e9m garante que, por serem companhias de capital aberto, o processo de desnacionaliza\u00e7\u00e3o n\u00e3o aconte\u00e7a com as mesmas nas m\u00e3os de seus atuais controladores. Os casos da TAM e da Ambev est\u00e3o a\u00ed, frescos na mem\u00f3ria de todos. Logo, manter as coisas como est\u00e3o tampouco \u00e9 solu\u00e7\u00e3o.<\/p>\n<p>16- Se destruir empresas que incidiram em pr\u00e1ticas corruptas fosse solu\u00e7\u00e3o, Lockheed, Alstom, Siemens, Samsung, IBM, ITT, Volkswagen e tantas outras n\u00e3o mais estariam entre n\u00f3s. Achar que JBS e outras expressam a corrup\u00e7\u00e3o inata do Brasil, existente desde a Carta de Caminha, \u00e9 incidir na velha teoria das classes dominantes de que este seria um pa\u00eds invi\u00e1vel.<\/p>\n<p>17- A solu\u00e7\u00e3o \u2013 repetindo \u2013 \u00e9 punir exemplarmente propriet\u00e1rios, acionistas e respons\u00e1veis pela poss\u00edvel bandalha e preservar marcas, ativos, mercados e conhecimento acumulado. A carne brasileira n\u00e3o teria entrada em mais de uma centena de pa\u00edses \u2013 a maioria com duras regras de fiscaliza\u00e7\u00e3o fitossanit\u00e1ria \u2013 se alguma qualidade n\u00e3o tivesse.<\/p>\n<p>18- O mercado da carne \u00e9 extremamente competitivo em termos globais. Perd\u00ea-lo seria um harakiri econ\u00f4mico de dif\u00edcil revers\u00e3o num pa\u00eds em crise. Trata-se da produ\u00e7\u00e3o de commodities? Sim. Mas n\u00e3o \u00e9 detonando a produ\u00e7\u00e3o dom\u00e9stica que se reverter\u00e1 a primariza\u00e7\u00e3o acelerada da economia brasileira.<\/p>\n<p>19- Por fim, alguns contrap\u00f5em a produ\u00e7\u00e3o das empresas-gigante \u2013 nociva e podre \u2013 \u00e0 de pequenos produtores \u2013 virtuosos e higi\u00eanicos. Al\u00e9m de ing\u00eanuo, o racioc\u00ednio n\u00e3o leva em conta o processo de extrema monopoliza\u00e7\u00e3o do setor, operado na \u00faltima d\u00e9cada. Pequenos e m\u00e9dios produtores fazem parte hoje \u2013 em sua maioria \u2013 da cadeia produtiva das grandes. Quebrariam todas juntas, como carreira de domin\u00f3. No caso dos &#8220;org\u00e2nicos&#8221;, sua produ\u00e7\u00e3o, por falta de escala e fatores log\u00edsticos, n\u00e3o supre nem a m\u00e9dio prazo a demanda e t\u00eam pre\u00e7os inacess\u00edveis para a grande massa da popula\u00e7\u00e3o.<\/p>\n<p>20 &#8211; No mais, defender empresas n\u00e3o tem nada a ver com defender burguesias nacionais, internas ou rurais.<\/p>\n","protected":false},"excerpt":{"rendered":"<p>1- A espetacular a\u00e7\u00e3o do Minist\u00e9rio P\u00fablico e da Pol\u00edcia Federal contra alguns frigor\u00edficos instaurou uma pol\u00eamica nas redes: qual a extens\u00e3o do problema e que tipo de puni\u00e7\u00e3o aplicar \u00e0s empresas e seus controladores. 2- A primeira quest\u00e3o \u00e9 decisiva, mas est\u00e1 quase fora da pauta. N\u00e3o se sabe, estatisticamente, se os problemas demonstram [&hellip;]<\/p>\n","protected":false},"author":2,"featured_media":15641,"comment_status":"open","ping_status":"open","sticky":false,"template":"","format":"standard","meta":{"_acf_changed":false,"footnotes":""},"categories":[3,1882,6],"tags":[1073,481,2969,133,790,2970,2971,2972],"class_list":{"0":"post-15638","1":"post","2":"type-post","3":"status-publish","4":"format-standard","5":"has-post-thumbnail","7":"category-artigos-e-entrevistas","8":"category-brasil","9":"category-noticias","10":"tag-agronegocio","11":"tag-capitalismo","12":"tag-carne","13":"tag-empresas","14":"tag-esquerda","15":"tag-gilberto-maringoni","16":"tag-operacao-carne-fraca","17":"tag-producao-nacional"},"acf":[],"yoast_head":"<!-- This site is optimized with the Yoast SEO plugin v26.5 - https:\/\/yoast.com\/wordpress\/plugins\/seo\/ -->\n<title>Gilberto Maringoni | Vinte reflex\u00f5es sobre a carne fraca - PSOL 50<\/title>\n<meta name=\"robots\" content=\"index, follow, max-snippet:-1, max-image-preview:large, max-video-preview:-1\" \/>\n<link rel=\"canonical\" href=\"https:\/\/psol50.org.br\/gilberto-maringoni-vinte-reflexoes-sobre-a-carne-fraca\/\" \/>\n<meta property=\"og:locale\" content=\"pt_BR\" \/>\n<meta property=\"og:type\" content=\"article\" \/>\n<meta property=\"og:title\" content=\"Gilberto Maringoni | Vinte reflex\u00f5es sobre a carne fraca - PSOL 50\" \/>\n<meta property=\"og:description\" content=\"1- A espetacular a\u00e7\u00e3o do Minist\u00e9rio P\u00fablico e da Pol\u00edcia Federal contra alguns frigor\u00edficos instaurou uma pol\u00eamica nas redes: qual a extens\u00e3o do problema e que tipo de puni\u00e7\u00e3o aplicar \u00e0s empresas e seus controladores. 2- A primeira quest\u00e3o \u00e9 decisiva, mas est\u00e1 quase fora da pauta. N\u00e3o se sabe, estatisticamente, se os problemas demonstram [&hellip;]\" \/>\n<meta property=\"og:url\" content=\"https:\/\/psol50.org.br\/gilberto-maringoni-vinte-reflexoes-sobre-a-carne-fraca\/\" \/>\n<meta property=\"og:site_name\" content=\"PSOL 50\" \/>\n<meta property=\"article:publisher\" content=\"https:\/\/www.facebook.com\/psol50\" \/>\n<meta property=\"article:published_time\" content=\"2017-03-21T12:45:11+00:00\" \/>\n<meta property=\"og:image\" content=\"https:\/\/psol50.org.br\/inc\/uploads\/2018\/07\/capa.png\" \/>\n\t<meta property=\"og:image:width\" content=\"1350\" \/>\n\t<meta property=\"og:image:height\" content=\"900\" \/>\n\t<meta property=\"og:image:type\" content=\"image\/png\" \/>\n<meta name=\"author\" content=\"Comunica\u00e7\u00e3o PSOL\" \/>\n<meta name=\"twitter:card\" content=\"summary_large_image\" \/>\n<meta name=\"twitter:creator\" content=\"@psol50\" \/>\n<meta name=\"twitter:site\" content=\"@psol50\" \/>\n<meta name=\"twitter:label1\" content=\"Escrito por\" \/>\n\t<meta name=\"twitter:data1\" content=\"Comunica\u00e7\u00e3o PSOL\" \/>\n\t<meta name=\"twitter:label2\" content=\"Est. tempo de leitura\" \/>\n\t<meta name=\"twitter:data2\" content=\"6 minutos\" \/>\n<script type=\"application\/ld+json\" class=\"yoast-schema-graph\">{\"@context\":\"https:\/\/schema.org\",\"@graph\":[{\"@type\":\"Article\",\"@id\":\"https:\/\/psol50.org.br\/gilberto-maringoni-vinte-reflexoes-sobre-a-carne-fraca\/#article\",\"isPartOf\":{\"@id\":\"https:\/\/psol50.org.br\/gilberto-maringoni-vinte-reflexoes-sobre-a-carne-fraca\/\"},\"author\":{\"name\":\"Comunica\u00e7\u00e3o PSOL\",\"@id\":\"https:\/\/psol50.org.br\/#\/schema\/person\/475dfa57d0b815993c714c2e96491fcd\"},\"headline\":\"Gilberto Maringoni | Vinte reflex\u00f5es sobre a carne fraca\",\"datePublished\":\"2017-03-21T12:45:11+00:00\",\"mainEntityOfPage\":{\"@id\":\"https:\/\/psol50.org.br\/gilberto-maringoni-vinte-reflexoes-sobre-a-carne-fraca\/\"},\"wordCount\":1152,\"commentCount\":0,\"publisher\":{\"@id\":\"https:\/\/psol50.org.br\/#organization\"},\"image\":{\"@id\":\"https:\/\/psol50.org.br\/gilberto-maringoni-vinte-reflexoes-sobre-a-carne-fraca\/#primaryimage\"},\"thumbnailUrl\":\"\",\"keywords\":[\"agroneg\u00f3cio\",\"capitalismo\",\"carne\",\"empresas\",\"esquerda\",\"Gilberto Maringoni\",\"Opera\u00e7\u00e3o Carne Fraca\",\"produ\u00e7\u00e3o nacional\"],\"articleSection\":[\"Artigos\",\"Brasil\",\"Not\u00edcias\"],\"inLanguage\":\"pt-BR\",\"potentialAction\":[{\"@type\":\"CommentAction\",\"name\":\"Comment\",\"target\":[\"https:\/\/psol50.org.br\/gilberto-maringoni-vinte-reflexoes-sobre-a-carne-fraca\/#respond\"]}]},{\"@type\":\"WebPage\",\"@id\":\"https:\/\/psol50.org.br\/gilberto-maringoni-vinte-reflexoes-sobre-a-carne-fraca\/\",\"url\":\"https:\/\/psol50.org.br\/gilberto-maringoni-vinte-reflexoes-sobre-a-carne-fraca\/\",\"name\":\"Gilberto Maringoni | Vinte reflex\u00f5es sobre a carne fraca - PSOL 50\",\"isPartOf\":{\"@id\":\"https:\/\/psol50.org.br\/#website\"},\"primaryImageOfPage\":{\"@id\":\"https:\/\/psol50.org.br\/gilberto-maringoni-vinte-reflexoes-sobre-a-carne-fraca\/#primaryimage\"},\"image\":{\"@id\":\"https:\/\/psol50.org.br\/gilberto-maringoni-vinte-reflexoes-sobre-a-carne-fraca\/#primaryimage\"},\"thumbnailUrl\":\"\",\"datePublished\":\"2017-03-21T12:45:11+00:00\",\"breadcrumb\":{\"@id\":\"https:\/\/psol50.org.br\/gilberto-maringoni-vinte-reflexoes-sobre-a-carne-fraca\/#breadcrumb\"},\"inLanguage\":\"pt-BR\",\"potentialAction\":[{\"@type\":\"ReadAction\",\"target\":[\"https:\/\/psol50.org.br\/gilberto-maringoni-vinte-reflexoes-sobre-a-carne-fraca\/\"]}]},{\"@type\":\"ImageObject\",\"inLanguage\":\"pt-BR\",\"@id\":\"https:\/\/psol50.org.br\/gilberto-maringoni-vinte-reflexoes-sobre-a-carne-fraca\/#primaryimage\",\"url\":\"\",\"contentUrl\":\"\"},{\"@type\":\"BreadcrumbList\",\"@id\":\"https:\/\/psol50.org.br\/gilberto-maringoni-vinte-reflexoes-sobre-a-carne-fraca\/#breadcrumb\",\"itemListElement\":[{\"@type\":\"ListItem\",\"position\":1,\"name\":\"In\u00edcio\",\"item\":\"https:\/\/psol50.org.br\/\"},{\"@type\":\"ListItem\",\"position\":2,\"name\":\"Gilberto Maringoni | Vinte reflex\u00f5es sobre a carne fraca\"}]},{\"@type\":\"WebSite\",\"@id\":\"https:\/\/psol50.org.br\/#website\",\"url\":\"https:\/\/psol50.org.br\/\",\"name\":\"PSOL 50\",\"description\":\"Site oficial do Partido Socialismo e Liberdade\",\"publisher\":{\"@id\":\"https:\/\/psol50.org.br\/#organization\"},\"alternateName\":\"PSOL50\",\"potentialAction\":[{\"@type\":\"SearchAction\",\"target\":{\"@type\":\"EntryPoint\",\"urlTemplate\":\"https:\/\/psol50.org.br\/?s={search_term_string}\"},\"query-input\":{\"@type\":\"PropertyValueSpecification\",\"valueRequired\":true,\"valueName\":\"search_term_string\"}}],\"inLanguage\":\"pt-BR\"},{\"@type\":\"Organization\",\"@id\":\"https:\/\/psol50.org.br\/#organization\",\"name\":\"PSOL 50\",\"alternateName\":\"PSOL 50\",\"url\":\"https:\/\/psol50.org.br\/\",\"logo\":{\"@type\":\"ImageObject\",\"inLanguage\":\"pt-BR\",\"@id\":\"https:\/\/psol50.org.br\/#\/schema\/logo\/image\/\",\"url\":\"https:\/\/psol50.org.br\/inc\/uploads\/2018\/07\/capa.png\",\"contentUrl\":\"https:\/\/psol50.org.br\/inc\/uploads\/2018\/07\/capa.png\",\"width\":1350,\"height\":900,\"caption\":\"PSOL 50\"},\"image\":{\"@id\":\"https:\/\/psol50.org.br\/#\/schema\/logo\/image\/\"},\"sameAs\":[\"https:\/\/www.facebook.com\/psol50\",\"https:\/\/x.com\/psol50\",\"https:\/\/www.instagram.com\/psol50\/\",\"https:\/\/www.youtube.com\/channel\/UC7SnJS5o1os7a6CaiNabzcg\"]},{\"@type\":\"Person\",\"@id\":\"https:\/\/psol50.org.br\/#\/schema\/person\/475dfa57d0b815993c714c2e96491fcd\",\"name\":\"Comunica\u00e7\u00e3o PSOL\",\"image\":{\"@type\":\"ImageObject\",\"inLanguage\":\"pt-BR\",\"@id\":\"https:\/\/psol50.org.br\/#\/schema\/person\/image\/\",\"url\":\"https:\/\/secure.gravatar.com\/avatar\/b34fc4f4e468a4e51785917065a3db57b841f5c95dba6ad8c73aaf8f66f8f9bf?s=96&d=mm&r=g\",\"contentUrl\":\"https:\/\/secure.gravatar.com\/avatar\/b34fc4f4e468a4e51785917065a3db57b841f5c95dba6ad8c73aaf8f66f8f9bf?s=96&d=mm&r=g\",\"caption\":\"Comunica\u00e7\u00e3o PSOL\"}}]}<\/script>\n<!-- \/ Yoast SEO plugin. -->","yoast_head_json":{"title":"Gilberto Maringoni | Vinte reflex\u00f5es sobre a carne fraca - PSOL 50","robots":{"index":"index","follow":"follow","max-snippet":"max-snippet:-1","max-image-preview":"max-image-preview:large","max-video-preview":"max-video-preview:-1"},"canonical":"https:\/\/psol50.org.br\/gilberto-maringoni-vinte-reflexoes-sobre-a-carne-fraca\/","og_locale":"pt_BR","og_type":"article","og_title":"Gilberto Maringoni | Vinte reflex\u00f5es sobre a carne fraca - PSOL 50","og_description":"1- A espetacular a\u00e7\u00e3o do Minist\u00e9rio P\u00fablico e da Pol\u00edcia Federal contra alguns frigor\u00edficos instaurou uma pol\u00eamica nas redes: qual a extens\u00e3o do problema e que tipo de puni\u00e7\u00e3o aplicar \u00e0s empresas e seus controladores. 2- A primeira quest\u00e3o \u00e9 decisiva, mas est\u00e1 quase fora da pauta. N\u00e3o se sabe, estatisticamente, se os problemas demonstram [&hellip;]","og_url":"https:\/\/psol50.org.br\/gilberto-maringoni-vinte-reflexoes-sobre-a-carne-fraca\/","og_site_name":"PSOL 50","article_publisher":"https:\/\/www.facebook.com\/psol50","article_published_time":"2017-03-21T12:45:11+00:00","og_image":[{"width":1350,"height":900,"url":"https:\/\/psol50.org.br\/inc\/uploads\/2018\/07\/capa.png","type":"image\/png"}],"author":"Comunica\u00e7\u00e3o PSOL","twitter_card":"summary_large_image","twitter_creator":"@psol50","twitter_site":"@psol50","twitter_misc":{"Escrito por":"Comunica\u00e7\u00e3o PSOL","Est. tempo de leitura":"6 minutos"},"schema":{"@context":"https:\/\/schema.org","@graph":[{"@type":"Article","@id":"https:\/\/psol50.org.br\/gilberto-maringoni-vinte-reflexoes-sobre-a-carne-fraca\/#article","isPartOf":{"@id":"https:\/\/psol50.org.br\/gilberto-maringoni-vinte-reflexoes-sobre-a-carne-fraca\/"},"author":{"name":"Comunica\u00e7\u00e3o PSOL","@id":"https:\/\/psol50.org.br\/#\/schema\/person\/475dfa57d0b815993c714c2e96491fcd"},"headline":"Gilberto Maringoni | Vinte reflex\u00f5es sobre a carne fraca","datePublished":"2017-03-21T12:45:11+00:00","mainEntityOfPage":{"@id":"https:\/\/psol50.org.br\/gilberto-maringoni-vinte-reflexoes-sobre-a-carne-fraca\/"},"wordCount":1152,"commentCount":0,"publisher":{"@id":"https:\/\/psol50.org.br\/#organization"},"image":{"@id":"https:\/\/psol50.org.br\/gilberto-maringoni-vinte-reflexoes-sobre-a-carne-fraca\/#primaryimage"},"thumbnailUrl":"","keywords":["agroneg\u00f3cio","capitalismo","carne","empresas","esquerda","Gilberto Maringoni","Opera\u00e7\u00e3o Carne Fraca","produ\u00e7\u00e3o nacional"],"articleSection":["Artigos","Brasil","Not\u00edcias"],"inLanguage":"pt-BR","potentialAction":[{"@type":"CommentAction","name":"Comment","target":["https:\/\/psol50.org.br\/gilberto-maringoni-vinte-reflexoes-sobre-a-carne-fraca\/#respond"]}]},{"@type":"WebPage","@id":"https:\/\/psol50.org.br\/gilberto-maringoni-vinte-reflexoes-sobre-a-carne-fraca\/","url":"https:\/\/psol50.org.br\/gilberto-maringoni-vinte-reflexoes-sobre-a-carne-fraca\/","name":"Gilberto Maringoni | Vinte reflex\u00f5es sobre a carne fraca - PSOL 50","isPartOf":{"@id":"https:\/\/psol50.org.br\/#website"},"primaryImageOfPage":{"@id":"https:\/\/psol50.org.br\/gilberto-maringoni-vinte-reflexoes-sobre-a-carne-fraca\/#primaryimage"},"image":{"@id":"https:\/\/psol50.org.br\/gilberto-maringoni-vinte-reflexoes-sobre-a-carne-fraca\/#primaryimage"},"thumbnailUrl":"","datePublished":"2017-03-21T12:45:11+00:00","breadcrumb":{"@id":"https:\/\/psol50.org.br\/gilberto-maringoni-vinte-reflexoes-sobre-a-carne-fraca\/#breadcrumb"},"inLanguage":"pt-BR","potentialAction":[{"@type":"ReadAction","target":["https:\/\/psol50.org.br\/gilberto-maringoni-vinte-reflexoes-sobre-a-carne-fraca\/"]}]},{"@type":"ImageObject","inLanguage":"pt-BR","@id":"https:\/\/psol50.org.br\/gilberto-maringoni-vinte-reflexoes-sobre-a-carne-fraca\/#primaryimage","url":"","contentUrl":""},{"@type":"BreadcrumbList","@id":"https:\/\/psol50.org.br\/gilberto-maringoni-vinte-reflexoes-sobre-a-carne-fraca\/#breadcrumb","itemListElement":[{"@type":"ListItem","position":1,"name":"In\u00edcio","item":"https:\/\/psol50.org.br\/"},{"@type":"ListItem","position":2,"name":"Gilberto Maringoni | Vinte reflex\u00f5es sobre a carne fraca"}]},{"@type":"WebSite","@id":"https:\/\/psol50.org.br\/#website","url":"https:\/\/psol50.org.br\/","name":"PSOL 50","description":"Site oficial do Partido Socialismo e Liberdade","publisher":{"@id":"https:\/\/psol50.org.br\/#organization"},"alternateName":"PSOL50","potentialAction":[{"@type":"SearchAction","target":{"@type":"EntryPoint","urlTemplate":"https:\/\/psol50.org.br\/?s={search_term_string}"},"query-input":{"@type":"PropertyValueSpecification","valueRequired":true,"valueName":"search_term_string"}}],"inLanguage":"pt-BR"},{"@type":"Organization","@id":"https:\/\/psol50.org.br\/#organization","name":"PSOL 50","alternateName":"PSOL 50","url":"https:\/\/psol50.org.br\/","logo":{"@type":"ImageObject","inLanguage":"pt-BR","@id":"https:\/\/psol50.org.br\/#\/schema\/logo\/image\/","url":"https:\/\/psol50.org.br\/inc\/uploads\/2018\/07\/capa.png","contentUrl":"https:\/\/psol50.org.br\/inc\/uploads\/2018\/07\/capa.png","width":1350,"height":900,"caption":"PSOL 50"},"image":{"@id":"https:\/\/psol50.org.br\/#\/schema\/logo\/image\/"},"sameAs":["https:\/\/www.facebook.com\/psol50","https:\/\/x.com\/psol50","https:\/\/www.instagram.com\/psol50\/","https:\/\/www.youtube.com\/channel\/UC7SnJS5o1os7a6CaiNabzcg"]},{"@type":"Person","@id":"https:\/\/psol50.org.br\/#\/schema\/person\/475dfa57d0b815993c714c2e96491fcd","name":"Comunica\u00e7\u00e3o PSOL","image":{"@type":"ImageObject","inLanguage":"pt-BR","@id":"https:\/\/psol50.org.br\/#\/schema\/person\/image\/","url":"https:\/\/secure.gravatar.com\/avatar\/b34fc4f4e468a4e51785917065a3db57b841f5c95dba6ad8c73aaf8f66f8f9bf?s=96&d=mm&r=g","contentUrl":"https:\/\/secure.gravatar.com\/avatar\/b34fc4f4e468a4e51785917065a3db57b841f5c95dba6ad8c73aaf8f66f8f9bf?s=96&d=mm&r=g","caption":"Comunica\u00e7\u00e3o PSOL"}}]}},"_links":{"self":[{"href":"https:\/\/psol50.org.br\/rest\/wp\/v2\/posts\/15638","targetHints":{"allow":["GET"]}}],"collection":[{"href":"https:\/\/psol50.org.br\/rest\/wp\/v2\/posts"}],"about":[{"href":"https:\/\/psol50.org.br\/rest\/wp\/v2\/types\/post"}],"author":[{"embeddable":true,"href":"https:\/\/psol50.org.br\/rest\/wp\/v2\/users\/2"}],"replies":[{"embeddable":true,"href":"https:\/\/psol50.org.br\/rest\/wp\/v2\/comments?post=15638"}],"version-history":[{"count":0,"href":"https:\/\/psol50.org.br\/rest\/wp\/v2\/posts\/15638\/revisions"}],"wp:featuredmedia":[{"embeddable":true,"href":"https:\/\/psol50.org.br\/rest\/"}],"wp:attachment":[{"href":"https:\/\/psol50.org.br\/rest\/wp\/v2\/media?parent=15638"}],"wp:term":[{"taxonomy":"category","embeddable":true,"href":"https:\/\/psol50.org.br\/rest\/wp\/v2\/categories?post=15638"},{"taxonomy":"post_tag","embeddable":true,"href":"https:\/\/psol50.org.br\/rest\/wp\/v2\/tags?post=15638"}],"curies":[{"name":"wp","href":"https:\/\/api.w.org\/{rel}","templated":true}]}}