{"id":1564,"date":"2011-06-01T00:00:00","date_gmt":"2011-06-01T00:00:00","guid":{"rendered":"http:\/\/psol50.org.br\/arquivo\/2011\/06\/01\/psol-se-apoia-a-luta-dos-estudantes-de-comunicacao-da-ufs\/"},"modified":"2011-06-01T00:00:00","modified_gmt":"2011-06-01T00:00:00","slug":"psol-se-apoia-a-luta-dos-estudantes-de-comunicacao-da-ufs","status":"publish","type":"post","link":"https:\/\/psol50.org.br\/psol-se-apoia-a-luta-dos-estudantes-de-comunicacao-da-ufs\/","title":{"rendered":"PSOL-SE ap\u00f3ia a luta dos estudantes de Comunica\u00e7\u00e3o da UFS!"},"content":{"rendered":"<p><a href=\"http:\/\/psolse.files.wordpress.com\/2011\/06\/ocupa.jpg\"><img loading=\"lazy\" decoding=\"async\" src=\"http:\/\/psolse.files.wordpress.com\/2011\/06\/ocupa.jpg?w=300&amp;h=187\" alt=\"\" width=\"300\" height=\"187\" \/><\/a><\/p>\n<p>O  PSOL \u2013 Partido Socialismo e Liberdade, vem por meio desta nota, apoiar a  iniciativa ousada dos estudantes de Comunica\u00e7\u00e3o Social da Universidade  Federal de Sergipe que neste momento ocupam a reitoria da universidade  lutando por melhores condi\u00e7\u00f5es nos seus cursos e uma forma\u00e7\u00e3o digna para  os estudantes.<\/p>\n<p>Estamos dispostos a ajudar no que for preciso. A nossa milit\u00e2ncia  est\u00e1 inserida no movimento estudantil e sindical da universidade e tem  se colocado \u00e0 disposi\u00e7\u00e3o da ocupa\u00e7\u00e3o. Entendemos que o lugar dos  partidos de esquerda \u00e9 na luta da classe trabalhadora e da juventude por  direitos, apoiando todas as iniciativas democr\u00e1ticas e justas.<\/p>\n<p>A luta por uma educa\u00e7\u00e3o p\u00fablica, gratuita e de qualidade \u00e9 uma das  bandeiras centrais da classe trabalhadora ao longo da hist\u00f3ria. Num  momento de cortes no or\u00e7amento da educa\u00e7\u00e3o e de diversas greves no  estado de Sergipe, a resist\u00eancia e a unidade mostram o caminho da  vit\u00f3ria. Chega de Migalhas! Vamos \u00e0 Luta!<\/p>\n<p><a href=\"http:\/\/www.psolsergipe.tk\/\"><strong><em>Partido Socialismo e Liberdade \u2013 Aracaju<\/em><\/strong><\/a><\/p>\n<p><a href=\"http:\/\/www.psolsergipe.tk\/\"><strong><em>31 de Maio de 2011<\/em><\/strong><\/a><\/p>\n","protected":false},"excerpt":{"rendered":"<p>O PSOL \u2013 Partido Socialismo e Liberdade, vem por meio desta nota, apoiar a iniciativa ousada dos estudantes de Comunica\u00e7\u00e3o Social da Universidade Federal de Sergipe que neste momento ocupam a reitoria da universidade lutando por melhores condi\u00e7\u00f5es nos seus cursos e uma forma\u00e7\u00e3o digna para os estudantes. Estamos dispostos a ajudar no que for [&hellip;]<\/p>\n","protected":false},"author":2,"featured_media":0,"comment_status":"open","ping_status":"open","sticky":false,"template":"","format":"standard","meta":{"_acf_changed":false,"footnotes":""},"categories":[4766],"tags":[],"class_list":{"0":"post-1564","1":"post","2":"type-post","3":"status-publish","4":"format-standard","6":"category-arquivo"},"acf":[],"yoast_head":"<!-- This site is optimized with the Yoast SEO plugin v26.5 - https:\/\/yoast.com\/wordpress\/plugins\/seo\/ -->\n<title>PSOL-SE ap\u00f3ia a luta dos estudantes de Comunica\u00e7\u00e3o da UFS! - PSOL 50<\/title>\n<meta name=\"robots\" content=\"index, follow, max-snippet:-1, max-image-preview:large, max-video-preview:-1\" \/>\n<link rel=\"canonical\" href=\"https:\/\/psol50.org.br\/psol-se-apoia-a-luta-dos-estudantes-de-comunicacao-da-ufs\/\" \/>\n<meta property=\"og:locale\" content=\"pt_BR\" \/>\n<meta property=\"og:type\" content=\"article\" \/>\n<meta property=\"og:title\" content=\"PSOL-SE ap\u00f3ia a luta dos estudantes de Comunica\u00e7\u00e3o da UFS! - PSOL 50\" \/>\n<meta property=\"og:description\" content=\"O PSOL \u2013 Partido Socialismo e Liberdade, vem por meio desta nota, apoiar a iniciativa ousada dos estudantes de Comunica\u00e7\u00e3o Social da Universidade Federal de Sergipe que neste momento ocupam a reitoria da universidade lutando por melhores condi\u00e7\u00f5es nos seus cursos e uma forma\u00e7\u00e3o digna para os estudantes. Estamos dispostos a ajudar no que for [&hellip;]\" \/>\n<meta property=\"og:url\" content=\"https:\/\/psol50.org.br\/psol-se-apoia-a-luta-dos-estudantes-de-comunicacao-da-ufs\/\" \/>\n<meta property=\"og:site_name\" content=\"PSOL 50\" \/>\n<meta property=\"article:publisher\" content=\"https:\/\/www.facebook.com\/psol50\" \/>\n<meta property=\"article:published_time\" content=\"2011-06-01T00:00:00+00:00\" \/>\n<meta property=\"og:image\" content=\"http:\/\/psolse.files.wordpress.com\/2011\/06\/ocupa.jpg?w=300&amp;h=187\" \/>\n<meta name=\"author\" content=\"Comunica\u00e7\u00e3o PSOL\" \/>\n<meta name=\"twitter:card\" content=\"summary_large_image\" \/>\n<meta name=\"twitter:creator\" content=\"@psol50\" \/>\n<meta name=\"twitter:site\" content=\"@psol50\" \/>\n<meta name=\"twitter:label1\" content=\"Escrito por\" \/>\n\t<meta name=\"twitter:data1\" content=\"Comunica\u00e7\u00e3o PSOL\" \/>\n\t<meta name=\"twitter:label2\" content=\"Est. tempo de leitura\" \/>\n\t<meta name=\"twitter:data2\" content=\"1 minuto\" \/>\n<script type=\"application\/ld+json\" class=\"yoast-schema-graph\">{\"@context\":\"https:\/\/schema.org\",\"@graph\":[{\"@type\":\"Article\",\"@id\":\"https:\/\/psol50.org.br\/psol-se-apoia-a-luta-dos-estudantes-de-comunicacao-da-ufs\/#article\",\"isPartOf\":{\"@id\":\"https:\/\/psol50.org.br\/psol-se-apoia-a-luta-dos-estudantes-de-comunicacao-da-ufs\/\"},\"author\":{\"name\":\"Comunica\u00e7\u00e3o PSOL\",\"@id\":\"https:\/\/psol50.org.br\/#\/schema\/person\/475dfa57d0b815993c714c2e96491fcd\"},\"headline\":\"PSOL-SE ap\u00f3ia a luta dos estudantes de Comunica\u00e7\u00e3o da UFS!\",\"datePublished\":\"2011-06-01T00:00:00+00:00\",\"mainEntityOfPage\":{\"@id\":\"https:\/\/psol50.org.br\/psol-se-apoia-a-luta-dos-estudantes-de-comunicacao-da-ufs\/\"},\"wordCount\":185,\"commentCount\":0,\"publisher\":{\"@id\":\"https:\/\/psol50.org.br\/#organization\"},\"image\":{\"@id\":\"https:\/\/psol50.org.br\/psol-se-apoia-a-luta-dos-estudantes-de-comunicacao-da-ufs\/#primaryimage\"},\"thumbnailUrl\":\"http:\/\/psolse.files.wordpress.com\/2011\/06\/ocupa.jpg?w=300&amp;h=187\",\"articleSection\":[\"Arquivo\"],\"inLanguage\":\"pt-BR\",\"potentialAction\":[{\"@type\":\"CommentAction\",\"name\":\"Comment\",\"target\":[\"https:\/\/psol50.org.br\/psol-se-apoia-a-luta-dos-estudantes-de-comunicacao-da-ufs\/#respond\"]}]},{\"@type\":\"WebPage\",\"@id\":\"https:\/\/psol50.org.br\/psol-se-apoia-a-luta-dos-estudantes-de-comunicacao-da-ufs\/\",\"url\":\"https:\/\/psol50.org.br\/psol-se-apoia-a-luta-dos-estudantes-de-comunicacao-da-ufs\/\",\"name\":\"PSOL-SE ap\u00f3ia a luta dos estudantes de Comunica\u00e7\u00e3o da UFS! - PSOL 50\",\"isPartOf\":{\"@id\":\"https:\/\/psol50.org.br\/#website\"},\"primaryImageOfPage\":{\"@id\":\"https:\/\/psol50.org.br\/psol-se-apoia-a-luta-dos-estudantes-de-comunicacao-da-ufs\/#primaryimage\"},\"image\":{\"@id\":\"https:\/\/psol50.org.br\/psol-se-apoia-a-luta-dos-estudantes-de-comunicacao-da-ufs\/#primaryimage\"},\"thumbnailUrl\":\"http:\/\/psolse.files.wordpress.com\/2011\/06\/ocupa.jpg?w=300&amp;h=187\",\"datePublished\":\"2011-06-01T00:00:00+00:00\",\"breadcrumb\":{\"@id\":\"https:\/\/psol50.org.br\/psol-se-apoia-a-luta-dos-estudantes-de-comunicacao-da-ufs\/#breadcrumb\"},\"inLanguage\":\"pt-BR\",\"potentialAction\":[{\"@type\":\"ReadAction\",\"target\":[\"https:\/\/psol50.org.br\/psol-se-apoia-a-luta-dos-estudantes-de-comunicacao-da-ufs\/\"]}]},{\"@type\":\"ImageObject\",\"inLanguage\":\"pt-BR\",\"@id\":\"https:\/\/psol50.org.br\/psol-se-apoia-a-luta-dos-estudantes-de-comunicacao-da-ufs\/#primaryimage\",\"url\":\"http:\/\/psolse.files.wordpress.com\/2011\/06\/ocupa.jpg?w=300&amp;h=187\",\"contentUrl\":\"http:\/\/psolse.files.wordpress.com\/2011\/06\/ocupa.jpg?w=300&amp;h=187\"},{\"@type\":\"BreadcrumbList\",\"@id\":\"https:\/\/psol50.org.br\/psol-se-apoia-a-luta-dos-estudantes-de-comunicacao-da-ufs\/#breadcrumb\",\"itemListElement\":[{\"@type\":\"ListItem\",\"position\":1,\"name\":\"In\u00edcio\",\"item\":\"https:\/\/psol50.org.br\/\"},{\"@type\":\"ListItem\",\"position\":2,\"name\":\"PSOL-SE ap\u00f3ia a luta dos estudantes de Comunica\u00e7\u00e3o da UFS!\"}]},{\"@type\":\"WebSite\",\"@id\":\"https:\/\/psol50.org.br\/#website\",\"url\":\"https:\/\/psol50.org.br\/\",\"name\":\"PSOL 50\",\"description\":\"Site oficial do Partido Socialismo e Liberdade\",\"publisher\":{\"@id\":\"https:\/\/psol50.org.br\/#organization\"},\"alternateName\":\"PSOL50\",\"potentialAction\":[{\"@type\":\"SearchAction\",\"target\":{\"@type\":\"EntryPoint\",\"urlTemplate\":\"https:\/\/psol50.org.br\/?s={search_term_string}\"},\"query-input\":{\"@type\":\"PropertyValueSpecification\",\"valueRequired\":true,\"valueName\":\"search_term_string\"}}],\"inLanguage\":\"pt-BR\"},{\"@type\":\"Organization\",\"@id\":\"https:\/\/psol50.org.br\/#organization\",\"name\":\"PSOL 50\",\"alternateName\":\"PSOL 50\",\"url\":\"https:\/\/psol50.org.br\/\",\"logo\":{\"@type\":\"ImageObject\",\"inLanguage\":\"pt-BR\",\"@id\":\"https:\/\/psol50.org.br\/#\/schema\/logo\/image\/\",\"url\":\"https:\/\/psol50.org.br\/inc\/uploads\/2018\/07\/capa.png\",\"contentUrl\":\"https:\/\/psol50.org.br\/inc\/uploads\/2018\/07\/capa.png\",\"width\":1350,\"height\":900,\"caption\":\"PSOL 50\"},\"image\":{\"@id\":\"https:\/\/psol50.org.br\/#\/schema\/logo\/image\/\"},\"sameAs\":[\"https:\/\/www.facebook.com\/psol50\",\"https:\/\/x.com\/psol50\",\"https:\/\/www.instagram.com\/psol50\/\",\"https:\/\/www.youtube.com\/channel\/UC7SnJS5o1os7a6CaiNabzcg\"]},{\"@type\":\"Person\",\"@id\":\"https:\/\/psol50.org.br\/#\/schema\/person\/475dfa57d0b815993c714c2e96491fcd\",\"name\":\"Comunica\u00e7\u00e3o PSOL\",\"image\":{\"@type\":\"ImageObject\",\"inLanguage\":\"pt-BR\",\"@id\":\"https:\/\/psol50.org.br\/#\/schema\/person\/image\/\",\"url\":\"https:\/\/secure.gravatar.com\/avatar\/b34fc4f4e468a4e51785917065a3db57b841f5c95dba6ad8c73aaf8f66f8f9bf?s=96&d=mm&r=g\",\"contentUrl\":\"https:\/\/secure.gravatar.com\/avatar\/b34fc4f4e468a4e51785917065a3db57b841f5c95dba6ad8c73aaf8f66f8f9bf?s=96&d=mm&r=g\",\"caption\":\"Comunica\u00e7\u00e3o PSOL\"}}]}<\/script>\n<!-- \/ Yoast SEO plugin. -->","yoast_head_json":{"title":"PSOL-SE ap\u00f3ia a luta dos estudantes de Comunica\u00e7\u00e3o da UFS! - PSOL 50","robots":{"index":"index","follow":"follow","max-snippet":"max-snippet:-1","max-image-preview":"max-image-preview:large","max-video-preview":"max-video-preview:-1"},"canonical":"https:\/\/psol50.org.br\/psol-se-apoia-a-luta-dos-estudantes-de-comunicacao-da-ufs\/","og_locale":"pt_BR","og_type":"article","og_title":"PSOL-SE ap\u00f3ia a luta dos estudantes de Comunica\u00e7\u00e3o da UFS! - PSOL 50","og_description":"O PSOL \u2013 Partido Socialismo e Liberdade, vem por meio desta nota, apoiar a iniciativa ousada dos estudantes de Comunica\u00e7\u00e3o Social da Universidade Federal de Sergipe que neste momento ocupam a reitoria da universidade lutando por melhores condi\u00e7\u00f5es nos seus cursos e uma forma\u00e7\u00e3o digna para os estudantes. Estamos dispostos a ajudar no que for [&hellip;]","og_url":"https:\/\/psol50.org.br\/psol-se-apoia-a-luta-dos-estudantes-de-comunicacao-da-ufs\/","og_site_name":"PSOL 50","article_publisher":"https:\/\/www.facebook.com\/psol50","article_published_time":"2011-06-01T00:00:00+00:00","og_image":[{"url":"http:\/\/psolse.files.wordpress.com\/2011\/06\/ocupa.jpg?w=300&amp;h=187","type":"","width":"","height":""}],"author":"Comunica\u00e7\u00e3o PSOL","twitter_card":"summary_large_image","twitter_creator":"@psol50","twitter_site":"@psol50","twitter_misc":{"Escrito por":"Comunica\u00e7\u00e3o PSOL","Est. tempo de leitura":"1 minuto"},"schema":{"@context":"https:\/\/schema.org","@graph":[{"@type":"Article","@id":"https:\/\/psol50.org.br\/psol-se-apoia-a-luta-dos-estudantes-de-comunicacao-da-ufs\/#article","isPartOf":{"@id":"https:\/\/psol50.org.br\/psol-se-apoia-a-luta-dos-estudantes-de-comunicacao-da-ufs\/"},"author":{"name":"Comunica\u00e7\u00e3o PSOL","@id":"https:\/\/psol50.org.br\/#\/schema\/person\/475dfa57d0b815993c714c2e96491fcd"},"headline":"PSOL-SE ap\u00f3ia a luta dos estudantes de Comunica\u00e7\u00e3o da UFS!","datePublished":"2011-06-01T00:00:00+00:00","mainEntityOfPage":{"@id":"https:\/\/psol50.org.br\/psol-se-apoia-a-luta-dos-estudantes-de-comunicacao-da-ufs\/"},"wordCount":185,"commentCount":0,"publisher":{"@id":"https:\/\/psol50.org.br\/#organization"},"image":{"@id":"https:\/\/psol50.org.br\/psol-se-apoia-a-luta-dos-estudantes-de-comunicacao-da-ufs\/#primaryimage"},"thumbnailUrl":"http:\/\/psolse.files.wordpress.com\/2011\/06\/ocupa.jpg?w=300&amp;h=187","articleSection":["Arquivo"],"inLanguage":"pt-BR","potentialAction":[{"@type":"CommentAction","name":"Comment","target":["https:\/\/psol50.org.br\/psol-se-apoia-a-luta-dos-estudantes-de-comunicacao-da-ufs\/#respond"]}]},{"@type":"WebPage","@id":"https:\/\/psol50.org.br\/psol-se-apoia-a-luta-dos-estudantes-de-comunicacao-da-ufs\/","url":"https:\/\/psol50.org.br\/psol-se-apoia-a-luta-dos-estudantes-de-comunicacao-da-ufs\/","name":"PSOL-SE ap\u00f3ia a luta dos estudantes de Comunica\u00e7\u00e3o da UFS! - PSOL 50","isPartOf":{"@id":"https:\/\/psol50.org.br\/#website"},"primaryImageOfPage":{"@id":"https:\/\/psol50.org.br\/psol-se-apoia-a-luta-dos-estudantes-de-comunicacao-da-ufs\/#primaryimage"},"image":{"@id":"https:\/\/psol50.org.br\/psol-se-apoia-a-luta-dos-estudantes-de-comunicacao-da-ufs\/#primaryimage"},"thumbnailUrl":"http:\/\/psolse.files.wordpress.com\/2011\/06\/ocupa.jpg?w=300&amp;h=187","datePublished":"2011-06-01T00:00:00+00:00","breadcrumb":{"@id":"https:\/\/psol50.org.br\/psol-se-apoia-a-luta-dos-estudantes-de-comunicacao-da-ufs\/#breadcrumb"},"inLanguage":"pt-BR","potentialAction":[{"@type":"ReadAction","target":["https:\/\/psol50.org.br\/psol-se-apoia-a-luta-dos-estudantes-de-comunicacao-da-ufs\/"]}]},{"@type":"ImageObject","inLanguage":"pt-BR","@id":"https:\/\/psol50.org.br\/psol-se-apoia-a-luta-dos-estudantes-de-comunicacao-da-ufs\/#primaryimage","url":"http:\/\/psolse.files.wordpress.com\/2011\/06\/ocupa.jpg?w=300&amp;h=187","contentUrl":"http:\/\/psolse.files.wordpress.com\/2011\/06\/ocupa.jpg?w=300&amp;h=187"},{"@type":"BreadcrumbList","@id":"https:\/\/psol50.org.br\/psol-se-apoia-a-luta-dos-estudantes-de-comunicacao-da-ufs\/#breadcrumb","itemListElement":[{"@type":"ListItem","position":1,"name":"In\u00edcio","item":"https:\/\/psol50.org.br\/"},{"@type":"ListItem","position":2,"name":"PSOL-SE ap\u00f3ia a luta dos estudantes de Comunica\u00e7\u00e3o da UFS!"}]},{"@type":"WebSite","@id":"https:\/\/psol50.org.br\/#website","url":"https:\/\/psol50.org.br\/","name":"PSOL 50","description":"Site oficial do Partido Socialismo e Liberdade","publisher":{"@id":"https:\/\/psol50.org.br\/#organization"},"alternateName":"PSOL50","potentialAction":[{"@type":"SearchAction","target":{"@type":"EntryPoint","urlTemplate":"https:\/\/psol50.org.br\/?s={search_term_string}"},"query-input":{"@type":"PropertyValueSpecification","valueRequired":true,"valueName":"search_term_string"}}],"inLanguage":"pt-BR"},{"@type":"Organization","@id":"https:\/\/psol50.org.br\/#organization","name":"PSOL 50","alternateName":"PSOL 50","url":"https:\/\/psol50.org.br\/","logo":{"@type":"ImageObject","inLanguage":"pt-BR","@id":"https:\/\/psol50.org.br\/#\/schema\/logo\/image\/","url":"https:\/\/psol50.org.br\/inc\/uploads\/2018\/07\/capa.png","contentUrl":"https:\/\/psol50.org.br\/inc\/uploads\/2018\/07\/capa.png","width":1350,"height":900,"caption":"PSOL 50"},"image":{"@id":"https:\/\/psol50.org.br\/#\/schema\/logo\/image\/"},"sameAs":["https:\/\/www.facebook.com\/psol50","https:\/\/x.com\/psol50","https:\/\/www.instagram.com\/psol50\/","https:\/\/www.youtube.com\/channel\/UC7SnJS5o1os7a6CaiNabzcg"]},{"@type":"Person","@id":"https:\/\/psol50.org.br\/#\/schema\/person\/475dfa57d0b815993c714c2e96491fcd","name":"Comunica\u00e7\u00e3o PSOL","image":{"@type":"ImageObject","inLanguage":"pt-BR","@id":"https:\/\/psol50.org.br\/#\/schema\/person\/image\/","url":"https:\/\/secure.gravatar.com\/avatar\/b34fc4f4e468a4e51785917065a3db57b841f5c95dba6ad8c73aaf8f66f8f9bf?s=96&d=mm&r=g","contentUrl":"https:\/\/secure.gravatar.com\/avatar\/b34fc4f4e468a4e51785917065a3db57b841f5c95dba6ad8c73aaf8f66f8f9bf?s=96&d=mm&r=g","caption":"Comunica\u00e7\u00e3o PSOL"}}]}},"_links":{"self":[{"href":"https:\/\/psol50.org.br\/rest\/wp\/v2\/posts\/1564","targetHints":{"allow":["GET"]}}],"collection":[{"href":"https:\/\/psol50.org.br\/rest\/wp\/v2\/posts"}],"about":[{"href":"https:\/\/psol50.org.br\/rest\/wp\/v2\/types\/post"}],"author":[{"embeddable":true,"href":"https:\/\/psol50.org.br\/rest\/wp\/v2\/users\/2"}],"replies":[{"embeddable":true,"href":"https:\/\/psol50.org.br\/rest\/wp\/v2\/comments?post=1564"}],"version-history":[{"count":0,"href":"https:\/\/psol50.org.br\/rest\/wp\/v2\/posts\/1564\/revisions"}],"wp:attachment":[{"href":"https:\/\/psol50.org.br\/rest\/wp\/v2\/media?parent=1564"}],"wp:term":[{"taxonomy":"category","embeddable":true,"href":"https:\/\/psol50.org.br\/rest\/wp\/v2\/categories?post=1564"},{"taxonomy":"post_tag","embeddable":true,"href":"https:\/\/psol50.org.br\/rest\/wp\/v2\/tags?post=1564"}],"curies":[{"name":"wp","href":"https:\/\/api.w.org\/{rel}","templated":true}]}}