{"id":1565,"date":"2011-06-04T00:00:00","date_gmt":"2011-06-04T00:00:00","guid":{"rendered":"http:\/\/psol50.org.br\/arquivo\/2011\/06\/04\/rj-deputada-janira-rocha-que-estava-dentro-do-quartel-dos-bombeiros-diz-que-bope-disparou-balas-de-fuzil\/"},"modified":"2011-06-04T00:00:00","modified_gmt":"2011-06-04T00:00:00","slug":"rj-deputada-janira-rocha-que-estava-dentro-do-quartel-dos-bombeiros-diz-que-bope-disparou-balas-de-fuzil","status":"publish","type":"post","link":"https:\/\/psol50.org.br\/rj-deputada-janira-rocha-que-estava-dentro-do-quartel-dos-bombeiros-diz-que-bope-disparou-balas-de-fuzil\/","title":{"rendered":"RJ &#8211; Deputada Janira Rocha que estava dentro do quartel dos bombeiros diz que Bope disparou balas de fuzil"},"content":{"rendered":"<p><a rel=\"attachment wp-att-8652\" href=\"http:\/\/psol50.org.br\/blog\/2011\/06\/04\/rj-deputada-janira-rocha-que-estava-dentro-do-quartel-dos-bombeiros-diz-que-bope-disparou-balas-de-fuzil\/bombeirosnegocia\/\"><img loading=\"lazy\" decoding=\"async\" class=\"alignleft size-medium wp-image-8652\" src=\"http:\/\/psol50.org.br\/files\/2011\/06\/bombeirosnegocia-300x225.jpg\" alt=\"\" width=\"300\" height=\"225\" \/><\/a>Integrante da Comiss\u00e3o de Direitos Humanos da Assembleia Legislativa, a deputada estadual Janira Rocha (PSOL-RJ) passou a madrugada acompanhando o protesto dos bombeiros dentro do Quartel Central do Corpo de Bombeiros, no centro da cidade, e disse que s\u00f3 n\u00e3o houve uma trag\u00e9dia porque o movimento \u00e9 pac\u00edfico e porque os manifestantes tinham treinamento militar.<\/p>\n<p><em><strong>&#8220;Foi terr\u00edvel o que aconteceu l\u00e1 dentro. O Bope [Batalh\u00e3o de Opera\u00e7\u00f5es Especiais] invadiu por tr\u00e1s, jogando bombas de g\u00e1s e disparando balas de verdade. Tem carros dos bombeiros l\u00e1 dentro arrebentados a bala. Se os bombeiros n\u00e3o estivessem em movimento pac\u00edfico e ordeiro poderia ter ocorrido uma trag\u00e9dia&#8221;, afirmou a deputada, exibindo c\u00e1psulas deflagradas de fuzil e peda\u00e7os de bomba de efeito moral.<\/strong><\/em><\/p>\n<p><em><strong>&#8220;Essas pessoas que est\u00e3o sendo penalizadas s\u00e3o as mesmas que salvam vidas em inc\u00eandios e nas praias do Rio. Ganham o pior sal\u00e1rio da categoria no Brasil. Quero saber se o governador (S\u00e9rgio) Cabral, respons\u00e1vel por essa opera\u00e7\u00e3o, consegue se alimentar em Paris com os R$ 950 que s\u00e3o pagos a esses homens e mulheres.&#8221;<\/strong><\/em><\/p>\n<p>Durante a entrevista coletiva concedida na tarde deste s\u00e1bado (4),\u00a0 o comandante-geral da Pol\u00edcia Militar, coronel M\u00e1rio S\u00e9rgio Duarte, admitiu que policiais do Bope entraram no Quartel Central do Corpo de Bombeiros portando armas de fogo, e n\u00e3o apenas de efeito moral.<\/p>\n<p>&#8220;N\u00e3o nos interessava o uso da for\u00e7a, por isso houve extrema negocia\u00e7\u00e3o. Alguns policiais entraram com armas letais, porque sab\u00edamos que havia pessoas armadas entre os manifestantes&#8221;, disse. Duarte informou que foi apreendida uma pistola com um bombeiro que tentava deixar o quartel central.<br \/>\n<strong><br \/>\nCrian\u00e7as feridas<\/strong><\/p>\n<p>O coronel \u00cdbis Silva Pereira, porta-voz da Pol\u00edcia Militar, confirmou na manh\u00e3 deste s\u00e1bado (4) que uma crian\u00e7a deu entrada no Hospital Municipal Souza Aguiar ap\u00f3s a invas\u00e3o do Bope. Segundo ele, a crian\u00e7a teve um problema por inala\u00e7\u00e3o da fuma\u00e7a, que provalvemente foi provocada pela granada usada pelo Bope para arrombar o port\u00e3o do quartel, que havia sido trancado pelos manifestantes com uma barreira de carros de bombeiros.<\/p>\n<p>Manifestantes tamb\u00e9m afirmam que outras pessoas foram feridas, inclusive outras crian\u00e7as, e a mulher de um cabo passou mal e teria perdido o beb\u00ea durante a confus\u00e3o. A deputada contou que a gr\u00e1vida sofreu um aborto espont\u00e2neo.<\/p>\n<p>Segundo funcion\u00e1rios do Hospital Municipal Souza Aguiar, pelo menos cinco crian\u00e7as deram entrada atordoadas e com ferimentos leves. Elas foram acalmadas, medicadas e liberadas em seguida.<br \/>\n&#8220;Pior sal\u00e1rio da categoria&#8221;<\/p>\n<p>N\u00e3o houve resist\u00eancia dos manifestantes, mas durante a a\u00e7\u00e3o policial houve confus\u00e3o e correria. A pol\u00edcia convocou homens da tropa de elite da corpora\u00e7\u00e3o, da cavalaria e helic\u00f3pteros.<\/p>\n<p>Hoje cedo, o Bope invadiu o local pelos fundos, usando uma escada. Eles tamb\u00e9m jogaram bombas de efeito moral contra os cerca de 2.000 manifestantes, de v\u00e1rios batalh\u00f5es da cidade, que ocuparam o local na noite de sexta-feira (3), alguns acompanhados por familiares e at\u00e9 por crian\u00e7as. Eles reivindicam um aumento de R$ 950 para R$ 2.000, al\u00e9m de melhorias em suas condi\u00e7\u00f5es de trabalho.<\/p>\n<p>&#8220;N\u00f3s temos o pior sal\u00e1rio da categoria no pa\u00eds. Estamos h\u00e1 dois meses tentando negociar com o governo, mas at\u00e9 agora n\u00e3o obtivemos resposta,&#8221; disse o porta voz do movimento, o cabo dos bombeiros Benevenuto Daciolo. &#8220;Nosso movimento \u00e9 de paz e estamos em busca da dignidade e precisamos de uma solu\u00e7\u00e3o&#8221;.<\/p>\n<p>A PM informou que cerca os manifestantes foram levados ao Batalh\u00e3o de Choque e parte deles come\u00e7ou a ser transferida para a Corregedoria da corpora\u00e7\u00e3o, que fica em S\u00e3o Gon\u00e7alo.<\/p>\n<p>Cabral se reuniu durante a manh\u00e3, no Pal\u00e1cio da Guanabara, com parte da c\u00fapula do governo do Estado para avaliar o movimento de protesto dos bombeiros. O governador conversa com o secret\u00e1rio de Seguran\u00e7a P\u00fablica, Jos\u00e9 Mariano Beltrame; com o vice-governador Luiz Fernando Pez\u00e3o; com o secret\u00e1rio da Casa Civil, Regis Velasco Fichtner Pereira, e com o coronel da PM, M\u00e1rio S\u00e9rgio Duarte.<br \/>\n<strong><br \/>\nFonte: Uol Not\u00edcias<\/strong><\/p>\n","protected":false},"excerpt":{"rendered":"<p>Integrante da Comiss\u00e3o de Direitos Humanos da Assembleia Legislativa, a deputada estadual Janira Rocha (PSOL-RJ) passou a madrugada acompanhando o protesto dos bombeiros dentro do Quartel Central do Corpo de Bombeiros, no centro da cidade, e disse que s\u00f3 n\u00e3o houve uma trag\u00e9dia porque o movimento \u00e9 pac\u00edfico e porque os manifestantes tinham treinamento militar. [&hellip;]<\/p>\n","protected":false},"author":2,"featured_media":0,"comment_status":"open","ping_status":"open","sticky":false,"template":"","format":"standard","meta":{"_acf_changed":false,"footnotes":""},"categories":[4766],"tags":[],"class_list":{"0":"post-1565","1":"post","2":"type-post","3":"status-publish","4":"format-standard","6":"category-arquivo"},"acf":[],"yoast_head":"<!-- This site is optimized with the Yoast SEO plugin v26.5 - https:\/\/yoast.com\/wordpress\/plugins\/seo\/ -->\n<title>RJ - Deputada Janira Rocha que estava dentro do quartel dos bombeiros diz que Bope disparou balas de fuzil - PSOL 50<\/title>\n<meta name=\"robots\" content=\"index, follow, max-snippet:-1, max-image-preview:large, max-video-preview:-1\" \/>\n<link rel=\"canonical\" href=\"https:\/\/psol50.org.br\/rj-deputada-janira-rocha-que-estava-dentro-do-quartel-dos-bombeiros-diz-que-bope-disparou-balas-de-fuzil\/\" \/>\n<meta property=\"og:locale\" content=\"pt_BR\" \/>\n<meta property=\"og:type\" content=\"article\" \/>\n<meta property=\"og:title\" content=\"RJ - Deputada Janira Rocha que estava dentro do quartel dos bombeiros diz que Bope disparou balas de fuzil - PSOL 50\" \/>\n<meta property=\"og:description\" content=\"Integrante da Comiss\u00e3o de Direitos Humanos da Assembleia Legislativa, a deputada estadual Janira Rocha (PSOL-RJ) passou a madrugada acompanhando o protesto dos bombeiros dentro do Quartel Central do Corpo de Bombeiros, no centro da cidade, e disse que s\u00f3 n\u00e3o houve uma trag\u00e9dia porque o movimento \u00e9 pac\u00edfico e porque os manifestantes tinham treinamento militar. [&hellip;]\" \/>\n<meta property=\"og:url\" content=\"https:\/\/psol50.org.br\/rj-deputada-janira-rocha-que-estava-dentro-do-quartel-dos-bombeiros-diz-que-bope-disparou-balas-de-fuzil\/\" \/>\n<meta property=\"og:site_name\" content=\"PSOL 50\" \/>\n<meta property=\"article:publisher\" content=\"https:\/\/www.facebook.com\/psol50\" \/>\n<meta property=\"article:published_time\" content=\"2011-06-04T00:00:00+00:00\" \/>\n<meta property=\"og:image\" content=\"http:\/\/psol50.org.br\/files\/2011\/06\/bombeirosnegocia-300x225.jpg\" \/>\n<meta name=\"author\" content=\"Comunica\u00e7\u00e3o PSOL\" \/>\n<meta name=\"twitter:card\" content=\"summary_large_image\" \/>\n<meta name=\"twitter:creator\" content=\"@psol50\" \/>\n<meta name=\"twitter:site\" content=\"@psol50\" \/>\n<meta name=\"twitter:label1\" content=\"Escrito por\" \/>\n\t<meta name=\"twitter:data1\" content=\"Comunica\u00e7\u00e3o PSOL\" \/>\n\t<meta name=\"twitter:label2\" content=\"Est. tempo de leitura\" \/>\n\t<meta name=\"twitter:data2\" content=\"4 minutos\" \/>\n<script type=\"application\/ld+json\" class=\"yoast-schema-graph\">{\"@context\":\"https:\/\/schema.org\",\"@graph\":[{\"@type\":\"Article\",\"@id\":\"https:\/\/psol50.org.br\/rj-deputada-janira-rocha-que-estava-dentro-do-quartel-dos-bombeiros-diz-que-bope-disparou-balas-de-fuzil\/#article\",\"isPartOf\":{\"@id\":\"https:\/\/psol50.org.br\/rj-deputada-janira-rocha-que-estava-dentro-do-quartel-dos-bombeiros-diz-que-bope-disparou-balas-de-fuzil\/\"},\"author\":{\"name\":\"Comunica\u00e7\u00e3o PSOL\",\"@id\":\"https:\/\/psol50.org.br\/#\/schema\/person\/475dfa57d0b815993c714c2e96491fcd\"},\"headline\":\"RJ &#8211; Deputada Janira Rocha que estava dentro do quartel dos bombeiros diz que Bope disparou balas de fuzil\",\"datePublished\":\"2011-06-04T00:00:00+00:00\",\"mainEntityOfPage\":{\"@id\":\"https:\/\/psol50.org.br\/rj-deputada-janira-rocha-que-estava-dentro-do-quartel-dos-bombeiros-diz-que-bope-disparou-balas-de-fuzil\/\"},\"wordCount\":731,\"commentCount\":0,\"publisher\":{\"@id\":\"https:\/\/psol50.org.br\/#organization\"},\"image\":{\"@id\":\"https:\/\/psol50.org.br\/rj-deputada-janira-rocha-que-estava-dentro-do-quartel-dos-bombeiros-diz-que-bope-disparou-balas-de-fuzil\/#primaryimage\"},\"thumbnailUrl\":\"http:\/\/psol50.org.br\/files\/2011\/06\/bombeirosnegocia-300x225.jpg\",\"articleSection\":[\"Arquivo\"],\"inLanguage\":\"pt-BR\",\"potentialAction\":[{\"@type\":\"CommentAction\",\"name\":\"Comment\",\"target\":[\"https:\/\/psol50.org.br\/rj-deputada-janira-rocha-que-estava-dentro-do-quartel-dos-bombeiros-diz-que-bope-disparou-balas-de-fuzil\/#respond\"]}]},{\"@type\":\"WebPage\",\"@id\":\"https:\/\/psol50.org.br\/rj-deputada-janira-rocha-que-estava-dentro-do-quartel-dos-bombeiros-diz-que-bope-disparou-balas-de-fuzil\/\",\"url\":\"https:\/\/psol50.org.br\/rj-deputada-janira-rocha-que-estava-dentro-do-quartel-dos-bombeiros-diz-que-bope-disparou-balas-de-fuzil\/\",\"name\":\"RJ - Deputada Janira Rocha que estava dentro do quartel dos bombeiros diz que Bope disparou balas de fuzil - PSOL 50\",\"isPartOf\":{\"@id\":\"https:\/\/psol50.org.br\/#website\"},\"primaryImageOfPage\":{\"@id\":\"https:\/\/psol50.org.br\/rj-deputada-janira-rocha-que-estava-dentro-do-quartel-dos-bombeiros-diz-que-bope-disparou-balas-de-fuzil\/#primaryimage\"},\"image\":{\"@id\":\"https:\/\/psol50.org.br\/rj-deputada-janira-rocha-que-estava-dentro-do-quartel-dos-bombeiros-diz-que-bope-disparou-balas-de-fuzil\/#primaryimage\"},\"thumbnailUrl\":\"http:\/\/psol50.org.br\/files\/2011\/06\/bombeirosnegocia-300x225.jpg\",\"datePublished\":\"2011-06-04T00:00:00+00:00\",\"breadcrumb\":{\"@id\":\"https:\/\/psol50.org.br\/rj-deputada-janira-rocha-que-estava-dentro-do-quartel-dos-bombeiros-diz-que-bope-disparou-balas-de-fuzil\/#breadcrumb\"},\"inLanguage\":\"pt-BR\",\"potentialAction\":[{\"@type\":\"ReadAction\",\"target\":[\"https:\/\/psol50.org.br\/rj-deputada-janira-rocha-que-estava-dentro-do-quartel-dos-bombeiros-diz-que-bope-disparou-balas-de-fuzil\/\"]}]},{\"@type\":\"ImageObject\",\"inLanguage\":\"pt-BR\",\"@id\":\"https:\/\/psol50.org.br\/rj-deputada-janira-rocha-que-estava-dentro-do-quartel-dos-bombeiros-diz-que-bope-disparou-balas-de-fuzil\/#primaryimage\",\"url\":\"http:\/\/psol50.org.br\/files\/2011\/06\/bombeirosnegocia-300x225.jpg\",\"contentUrl\":\"http:\/\/psol50.org.br\/files\/2011\/06\/bombeirosnegocia-300x225.jpg\"},{\"@type\":\"BreadcrumbList\",\"@id\":\"https:\/\/psol50.org.br\/rj-deputada-janira-rocha-que-estava-dentro-do-quartel-dos-bombeiros-diz-que-bope-disparou-balas-de-fuzil\/#breadcrumb\",\"itemListElement\":[{\"@type\":\"ListItem\",\"position\":1,\"name\":\"In\u00edcio\",\"item\":\"https:\/\/psol50.org.br\/\"},{\"@type\":\"ListItem\",\"position\":2,\"name\":\"RJ &#8211; Deputada Janira Rocha que estava dentro do quartel dos bombeiros diz que Bope disparou balas de fuzil\"}]},{\"@type\":\"WebSite\",\"@id\":\"https:\/\/psol50.org.br\/#website\",\"url\":\"https:\/\/psol50.org.br\/\",\"name\":\"PSOL 50\",\"description\":\"Site oficial do Partido Socialismo e Liberdade\",\"publisher\":{\"@id\":\"https:\/\/psol50.org.br\/#organization\"},\"alternateName\":\"PSOL50\",\"potentialAction\":[{\"@type\":\"SearchAction\",\"target\":{\"@type\":\"EntryPoint\",\"urlTemplate\":\"https:\/\/psol50.org.br\/?s={search_term_string}\"},\"query-input\":{\"@type\":\"PropertyValueSpecification\",\"valueRequired\":true,\"valueName\":\"search_term_string\"}}],\"inLanguage\":\"pt-BR\"},{\"@type\":\"Organization\",\"@id\":\"https:\/\/psol50.org.br\/#organization\",\"name\":\"PSOL 50\",\"alternateName\":\"PSOL 50\",\"url\":\"https:\/\/psol50.org.br\/\",\"logo\":{\"@type\":\"ImageObject\",\"inLanguage\":\"pt-BR\",\"@id\":\"https:\/\/psol50.org.br\/#\/schema\/logo\/image\/\",\"url\":\"https:\/\/psol50.org.br\/inc\/uploads\/2018\/07\/capa.png\",\"contentUrl\":\"https:\/\/psol50.org.br\/inc\/uploads\/2018\/07\/capa.png\",\"width\":1350,\"height\":900,\"caption\":\"PSOL 50\"},\"image\":{\"@id\":\"https:\/\/psol50.org.br\/#\/schema\/logo\/image\/\"},\"sameAs\":[\"https:\/\/www.facebook.com\/psol50\",\"https:\/\/x.com\/psol50\",\"https:\/\/www.instagram.com\/psol50\/\",\"https:\/\/www.youtube.com\/channel\/UC7SnJS5o1os7a6CaiNabzcg\"]},{\"@type\":\"Person\",\"@id\":\"https:\/\/psol50.org.br\/#\/schema\/person\/475dfa57d0b815993c714c2e96491fcd\",\"name\":\"Comunica\u00e7\u00e3o PSOL\",\"image\":{\"@type\":\"ImageObject\",\"inLanguage\":\"pt-BR\",\"@id\":\"https:\/\/psol50.org.br\/#\/schema\/person\/image\/\",\"url\":\"https:\/\/secure.gravatar.com\/avatar\/b34fc4f4e468a4e51785917065a3db57b841f5c95dba6ad8c73aaf8f66f8f9bf?s=96&d=mm&r=g\",\"contentUrl\":\"https:\/\/secure.gravatar.com\/avatar\/b34fc4f4e468a4e51785917065a3db57b841f5c95dba6ad8c73aaf8f66f8f9bf?s=96&d=mm&r=g\",\"caption\":\"Comunica\u00e7\u00e3o PSOL\"}}]}<\/script>\n<!-- \/ Yoast SEO plugin. -->","yoast_head_json":{"title":"RJ - Deputada Janira Rocha que estava dentro do quartel dos bombeiros diz que Bope disparou balas de fuzil - PSOL 50","robots":{"index":"index","follow":"follow","max-snippet":"max-snippet:-1","max-image-preview":"max-image-preview:large","max-video-preview":"max-video-preview:-1"},"canonical":"https:\/\/psol50.org.br\/rj-deputada-janira-rocha-que-estava-dentro-do-quartel-dos-bombeiros-diz-que-bope-disparou-balas-de-fuzil\/","og_locale":"pt_BR","og_type":"article","og_title":"RJ - Deputada Janira Rocha que estava dentro do quartel dos bombeiros diz que Bope disparou balas de fuzil - PSOL 50","og_description":"Integrante da Comiss\u00e3o de Direitos Humanos da Assembleia Legislativa, a deputada estadual Janira Rocha (PSOL-RJ) passou a madrugada acompanhando o protesto dos bombeiros dentro do Quartel Central do Corpo de Bombeiros, no centro da cidade, e disse que s\u00f3 n\u00e3o houve uma trag\u00e9dia porque o movimento \u00e9 pac\u00edfico e porque os manifestantes tinham treinamento militar. [&hellip;]","og_url":"https:\/\/psol50.org.br\/rj-deputada-janira-rocha-que-estava-dentro-do-quartel-dos-bombeiros-diz-que-bope-disparou-balas-de-fuzil\/","og_site_name":"PSOL 50","article_publisher":"https:\/\/www.facebook.com\/psol50","article_published_time":"2011-06-04T00:00:00+00:00","og_image":[{"url":"http:\/\/psol50.org.br\/files\/2011\/06\/bombeirosnegocia-300x225.jpg","type":"","width":"","height":""}],"author":"Comunica\u00e7\u00e3o PSOL","twitter_card":"summary_large_image","twitter_creator":"@psol50","twitter_site":"@psol50","twitter_misc":{"Escrito por":"Comunica\u00e7\u00e3o PSOL","Est. tempo de leitura":"4 minutos"},"schema":{"@context":"https:\/\/schema.org","@graph":[{"@type":"Article","@id":"https:\/\/psol50.org.br\/rj-deputada-janira-rocha-que-estava-dentro-do-quartel-dos-bombeiros-diz-que-bope-disparou-balas-de-fuzil\/#article","isPartOf":{"@id":"https:\/\/psol50.org.br\/rj-deputada-janira-rocha-que-estava-dentro-do-quartel-dos-bombeiros-diz-que-bope-disparou-balas-de-fuzil\/"},"author":{"name":"Comunica\u00e7\u00e3o PSOL","@id":"https:\/\/psol50.org.br\/#\/schema\/person\/475dfa57d0b815993c714c2e96491fcd"},"headline":"RJ &#8211; Deputada Janira Rocha que estava dentro do quartel dos bombeiros diz que Bope disparou balas de fuzil","datePublished":"2011-06-04T00:00:00+00:00","mainEntityOfPage":{"@id":"https:\/\/psol50.org.br\/rj-deputada-janira-rocha-que-estava-dentro-do-quartel-dos-bombeiros-diz-que-bope-disparou-balas-de-fuzil\/"},"wordCount":731,"commentCount":0,"publisher":{"@id":"https:\/\/psol50.org.br\/#organization"},"image":{"@id":"https:\/\/psol50.org.br\/rj-deputada-janira-rocha-que-estava-dentro-do-quartel-dos-bombeiros-diz-que-bope-disparou-balas-de-fuzil\/#primaryimage"},"thumbnailUrl":"http:\/\/psol50.org.br\/files\/2011\/06\/bombeirosnegocia-300x225.jpg","articleSection":["Arquivo"],"inLanguage":"pt-BR","potentialAction":[{"@type":"CommentAction","name":"Comment","target":["https:\/\/psol50.org.br\/rj-deputada-janira-rocha-que-estava-dentro-do-quartel-dos-bombeiros-diz-que-bope-disparou-balas-de-fuzil\/#respond"]}]},{"@type":"WebPage","@id":"https:\/\/psol50.org.br\/rj-deputada-janira-rocha-que-estava-dentro-do-quartel-dos-bombeiros-diz-que-bope-disparou-balas-de-fuzil\/","url":"https:\/\/psol50.org.br\/rj-deputada-janira-rocha-que-estava-dentro-do-quartel-dos-bombeiros-diz-que-bope-disparou-balas-de-fuzil\/","name":"RJ - Deputada Janira Rocha que estava dentro do quartel dos bombeiros diz que Bope disparou balas de fuzil - PSOL 50","isPartOf":{"@id":"https:\/\/psol50.org.br\/#website"},"primaryImageOfPage":{"@id":"https:\/\/psol50.org.br\/rj-deputada-janira-rocha-que-estava-dentro-do-quartel-dos-bombeiros-diz-que-bope-disparou-balas-de-fuzil\/#primaryimage"},"image":{"@id":"https:\/\/psol50.org.br\/rj-deputada-janira-rocha-que-estava-dentro-do-quartel-dos-bombeiros-diz-que-bope-disparou-balas-de-fuzil\/#primaryimage"},"thumbnailUrl":"http:\/\/psol50.org.br\/files\/2011\/06\/bombeirosnegocia-300x225.jpg","datePublished":"2011-06-04T00:00:00+00:00","breadcrumb":{"@id":"https:\/\/psol50.org.br\/rj-deputada-janira-rocha-que-estava-dentro-do-quartel-dos-bombeiros-diz-que-bope-disparou-balas-de-fuzil\/#breadcrumb"},"inLanguage":"pt-BR","potentialAction":[{"@type":"ReadAction","target":["https:\/\/psol50.org.br\/rj-deputada-janira-rocha-que-estava-dentro-do-quartel-dos-bombeiros-diz-que-bope-disparou-balas-de-fuzil\/"]}]},{"@type":"ImageObject","inLanguage":"pt-BR","@id":"https:\/\/psol50.org.br\/rj-deputada-janira-rocha-que-estava-dentro-do-quartel-dos-bombeiros-diz-que-bope-disparou-balas-de-fuzil\/#primaryimage","url":"http:\/\/psol50.org.br\/files\/2011\/06\/bombeirosnegocia-300x225.jpg","contentUrl":"http:\/\/psol50.org.br\/files\/2011\/06\/bombeirosnegocia-300x225.jpg"},{"@type":"BreadcrumbList","@id":"https:\/\/psol50.org.br\/rj-deputada-janira-rocha-que-estava-dentro-do-quartel-dos-bombeiros-diz-que-bope-disparou-balas-de-fuzil\/#breadcrumb","itemListElement":[{"@type":"ListItem","position":1,"name":"In\u00edcio","item":"https:\/\/psol50.org.br\/"},{"@type":"ListItem","position":2,"name":"RJ &#8211; Deputada Janira Rocha que estava dentro do quartel dos bombeiros diz que Bope disparou balas de fuzil"}]},{"@type":"WebSite","@id":"https:\/\/psol50.org.br\/#website","url":"https:\/\/psol50.org.br\/","name":"PSOL 50","description":"Site oficial do Partido Socialismo e Liberdade","publisher":{"@id":"https:\/\/psol50.org.br\/#organization"},"alternateName":"PSOL50","potentialAction":[{"@type":"SearchAction","target":{"@type":"EntryPoint","urlTemplate":"https:\/\/psol50.org.br\/?s={search_term_string}"},"query-input":{"@type":"PropertyValueSpecification","valueRequired":true,"valueName":"search_term_string"}}],"inLanguage":"pt-BR"},{"@type":"Organization","@id":"https:\/\/psol50.org.br\/#organization","name":"PSOL 50","alternateName":"PSOL 50","url":"https:\/\/psol50.org.br\/","logo":{"@type":"ImageObject","inLanguage":"pt-BR","@id":"https:\/\/psol50.org.br\/#\/schema\/logo\/image\/","url":"https:\/\/psol50.org.br\/inc\/uploads\/2018\/07\/capa.png","contentUrl":"https:\/\/psol50.org.br\/inc\/uploads\/2018\/07\/capa.png","width":1350,"height":900,"caption":"PSOL 50"},"image":{"@id":"https:\/\/psol50.org.br\/#\/schema\/logo\/image\/"},"sameAs":["https:\/\/www.facebook.com\/psol50","https:\/\/x.com\/psol50","https:\/\/www.instagram.com\/psol50\/","https:\/\/www.youtube.com\/channel\/UC7SnJS5o1os7a6CaiNabzcg"]},{"@type":"Person","@id":"https:\/\/psol50.org.br\/#\/schema\/person\/475dfa57d0b815993c714c2e96491fcd","name":"Comunica\u00e7\u00e3o PSOL","image":{"@type":"ImageObject","inLanguage":"pt-BR","@id":"https:\/\/psol50.org.br\/#\/schema\/person\/image\/","url":"https:\/\/secure.gravatar.com\/avatar\/b34fc4f4e468a4e51785917065a3db57b841f5c95dba6ad8c73aaf8f66f8f9bf?s=96&d=mm&r=g","contentUrl":"https:\/\/secure.gravatar.com\/avatar\/b34fc4f4e468a4e51785917065a3db57b841f5c95dba6ad8c73aaf8f66f8f9bf?s=96&d=mm&r=g","caption":"Comunica\u00e7\u00e3o PSOL"}}]}},"_links":{"self":[{"href":"https:\/\/psol50.org.br\/rest\/wp\/v2\/posts\/1565","targetHints":{"allow":["GET"]}}],"collection":[{"href":"https:\/\/psol50.org.br\/rest\/wp\/v2\/posts"}],"about":[{"href":"https:\/\/psol50.org.br\/rest\/wp\/v2\/types\/post"}],"author":[{"embeddable":true,"href":"https:\/\/psol50.org.br\/rest\/wp\/v2\/users\/2"}],"replies":[{"embeddable":true,"href":"https:\/\/psol50.org.br\/rest\/wp\/v2\/comments?post=1565"}],"version-history":[{"count":0,"href":"https:\/\/psol50.org.br\/rest\/wp\/v2\/posts\/1565\/revisions"}],"wp:attachment":[{"href":"https:\/\/psol50.org.br\/rest\/wp\/v2\/media?parent=1565"}],"wp:term":[{"taxonomy":"category","embeddable":true,"href":"https:\/\/psol50.org.br\/rest\/wp\/v2\/categories?post=1565"},{"taxonomy":"post_tag","embeddable":true,"href":"https:\/\/psol50.org.br\/rest\/wp\/v2\/tags?post=1565"}],"curies":[{"name":"wp","href":"https:\/\/api.w.org\/{rel}","templated":true}]}}