{"id":15650,"date":"2017-03-21T14:35:41","date_gmt":"2017-03-21T14:35:41","guid":{"rendered":"http:\/\/www.psol50.org.br\/?p=15650"},"modified":"2017-03-21T14:35:41","modified_gmt":"2017-03-21T14:35:41","slug":"psol-protocola-no-stf-adi-contra-emenda-do-teto-de-gastos-aprovada-em-dezembro-passado","status":"publish","type":"post","link":"https:\/\/psol50.org.br\/psol-protocola-no-stf-adi-contra-emenda-do-teto-de-gastos-aprovada-em-dezembro-passado\/","title":{"rendered":"PSOL protocola, no STF, ADI contra emenda do teto de gastos, aprovada em dezembro passado"},"content":{"rendered":"<p>O PSOL protocolou nesta segunda-feira (20\/03), no Supremo Tribunal Federal (STF), uma <a href=\"http:\/\/www.psol50.org.br\/2017teste\/inc\/uploads\/2017\/03\/ADI-contra-EC-95-Teto-de-gastos.pdf\" target=\"_blank\" rel=\"noopener\"><strong><span style=\"color: #0000ff\">A\u00e7\u00e3o Direta de Inconstitucionalidade (ADI)<\/span><\/strong><\/a>, com pedido de concess\u00e3o de medida cautelar, visando \u00e0 suspens\u00e3o imediata dos efeitos da <a href=\"http:\/\/www.planalto.gov.br\/ccivil_03\/constituicao\/emendas\/emc\/emc95.htm\" target=\"_blank\" rel=\"noopener\"><span style=\"color: #0000ff\"><strong>Emenda Constitucional n\u00ba 95\/2016<\/strong><\/span><\/a>, que trata da limita\u00e7\u00e3o dos investimentos p\u00fablicos nos pr\u00f3ximos 20 anos. A emenda \u00e9 a principal medida do ajuste fiscal do governo de Michel Temer, resultado da PEC 241\/2016, na C\u00e2mara, e PEC 55\/2016, no Senado, aprovada no final do ano passado.<\/p>\n<p>Na a\u00e7\u00e3o, o PSOL pede que seja concedida medida cautelar para suspender os efeitos da EC 95, mas, caso n\u00e3o seja concedida a tutela antecipada, o partido reivindica que a ADI v\u00e1\u00a0para aprecia\u00e7\u00e3o do plen\u00e1rio do STF, o mais breve poss\u00edvel. Para isso, o Supremo deve buscar informa\u00e7\u00f5es junto ao Congresso Nacional e \u00e0 Presid\u00eancia da Rep\u00fablica no prazo de dez dias e ouvir a Advocacia Geral da Uni\u00e3o (AGU). A Procuradoria Geral da Rep\u00fablica (PGR) tamb\u00e9m deve se manifestar quanto ao m\u00e9rito da a\u00e7\u00e3o.<\/p>\n<p>Para embasar seu pedido, o PSOL argumenta que a emenda que implementa o Novo Regime Fiscal, mais conhecida como \u201cteto de gastos\u201d, possui v\u00edcios formais e materiais, suficientes para impugnar os seus efeitos. A a\u00e7\u00e3o questiona, ainda, os limites impostas para as despesas prim\u00e1rias totais durante um prazo de 20 anos e a previs\u00e3o de san\u00e7\u00f5es caso esse teto n\u00e3o seja efetivamente cumprido. \u201cNo caso de descumprimento do limite individualizado, o Poder ou \u00f3rg\u00e3o respons\u00e1vel dever\u00e1 proceder \u00e0 readequa\u00e7\u00e3o das despesas de acordo com o disposto no art. 107, \u00a7 1\u00ba, do ADCT, restando submetido a san\u00e7\u00f5es, enquanto n\u00e3o realize a readequa\u00e7\u00e3o. Essas san\u00e7\u00f5es, por\u00e9m, n\u00e3o se dirigem apenas aos &#8216;gestores&#8217; e agentes pol\u00edticos, sen\u00e3o que atingem diretamente a popula\u00e7\u00e3o que depende de alguns servi\u00e7os p\u00fablicos e de benefici\u00e1rios de pol\u00edticas, sobretudo os mais vulner\u00e1veis socialmente\u201d.<\/p>\n<p>A milit\u00e2ncia e a bancada do PSOL na C\u00e2mara atuaram intensamente para barrar a aprova\u00e7\u00e3o dessa mat\u00e9ria, considerando que seus efeitos provocariam um grave desmonte aos servi\u00e7os p\u00fablicos, especialmente aqueles utilizados pela popula\u00e7\u00e3o de baixa renda. Sa\u00fade p\u00fablica, educa\u00e7\u00e3o, programas sociais e pol\u00edticas p\u00fablicas s\u00e3o os principais alvos da Emenda 95. Na A\u00e7\u00e3o Direta de Inconstitucionalidade, o PSOL refor\u00e7a suas cr\u00edticas nesse sentido e compara com os investimentos realizados em outros pa\u00edses.<\/p>\n<p>\u201cEm uma compara\u00e7\u00e3o com m\u00e9dias de gastos totais (ou seja, de todo o setor p\u00fablico) como propor\u00e7\u00e3o do PIB de regi\u00f5es diferentes do mundo, alcan\u00e7aremos ao final desse per\u00edodo n\u00edveis de gastos p\u00fablicos compar\u00e1veis apenas \u00e0queles da \u00c1frica Subsaariana, regi\u00e3o conhecida pela abund\u00e2ncia de chamados \u2018Estados falidos\u2019 (<em>failed states<\/em>). Para se ter uma ideia, ter\u00edamos n\u00edveis de gastos p\u00fablicos pr\u00f3ximos aos de pa\u00edses como Eti\u00f3pia (18%), Uganda (18%), Mal\u00ed (20,94%), Paquist\u00e3o (19,74%). E estar\u00edamos abaixo do n\u00edvel de gastos de pa\u00edses como Angola (29%), Marrocos (30%), Col\u00f4mbia (29%). Bem longe de pa\u00edses como Estados Unidos (35%), Argentina (40,6%), Espanha (43%), Alemanha (44%), Fran\u00e7a (57%), Reino Unido (42%) ou \u00c1frica do Sul (33%)\u201d, afirma o PSOL na ADI.<\/p>\n<p>Nesse sentido, o Novo Regime Fiscal imposto pelo governo ileg\u00edtimo de Temer consolida o Brasil como um pa\u00eds mais desigual e com pior qualidade de vida, se comparada a anos anteriores. \u201cO NRF parte da premissa de que todas as necessidades por servi\u00e7os p\u00fablicos essenciais podem ser supridas com um mero rearranjo ou \u2018ganho de efici\u00eancia nos gastos p\u00fablicos\u2019. E que, para a melhoria dos servi\u00e7os, n\u00e3o \u00e9 necess\u00e1rio nenhum incremento nos investimentos. Em realidade, ele cr\u00ea ser mesmo necess\u00e1rio um corte de gastos per capita: ou seja, parte-se da premissa (evidentemente falsa) de que \u00e9 poss\u00edvel melhorar os servi\u00e7os p\u00fablicos, hoje j\u00e1 prec\u00e1rios em qualquer compara\u00e7\u00e3o internacional, com menos recursos por habitante do que j\u00e1 \u00e9 aplicado atualmente\u201d.<\/p>\n","protected":false},"excerpt":{"rendered":"<p>O PSOL protocolou nesta segunda-feira (20\/03), no Supremo Tribunal Federal (STF), uma A\u00e7\u00e3o Direta de Inconstitucionalidade (ADI), com pedido de concess\u00e3o de medida cautelar, visando \u00e0 suspens\u00e3o imediata dos efeitos da Emenda Constitucional n\u00ba 95\/2016, que trata da limita\u00e7\u00e3o dos investimentos p\u00fablicos nos pr\u00f3ximos 20 anos. A emenda \u00e9 a principal medida do ajuste fiscal [&hellip;]<\/p>\n","protected":false},"author":2,"featured_media":14369,"comment_status":"open","ping_status":"open","sticky":false,"template":"","format":"standard","meta":{"_acf_changed":false,"footnotes":""},"categories":[1882,2208,6,14],"tags":[2251,41,1432,2974,1748,2975,2976,22,2977,350],"class_list":{"0":"post-15650","1":"post","2":"type-post","3":"status-publish","4":"format-standard","5":"has-post-thumbnail","7":"category-brasil","8":"category-educacao","9":"category-noticias","10":"category-partido","11":"tag-acao-direta-de-inconstitucionalidade","12":"tag-adi","13":"tag-ajuste-fiscal","14":"tag-emenda-constitucional-no-95","15":"tag-michel-temer","16":"tag-novo-regime-fiscal","17":"tag-pec-2412016","18":"tag-psol","19":"tag-servicos-publicos","20":"tag-teto-de-gastos"},"acf":[],"yoast_head":"<!-- This site is optimized with the Yoast SEO plugin v26.5 - https:\/\/yoast.com\/wordpress\/plugins\/seo\/ -->\n<title>PSOL protocola, no STF, ADI contra emenda do teto de gastos, aprovada em dezembro passado - PSOL 50<\/title>\n<meta name=\"robots\" content=\"index, follow, max-snippet:-1, max-image-preview:large, max-video-preview:-1\" \/>\n<link rel=\"canonical\" href=\"https:\/\/psol50.org.br\/psol-protocola-no-stf-adi-contra-emenda-do-teto-de-gastos-aprovada-em-dezembro-passado\/\" \/>\n<meta property=\"og:locale\" content=\"pt_BR\" \/>\n<meta property=\"og:type\" content=\"article\" \/>\n<meta property=\"og:title\" content=\"PSOL protocola, no STF, ADI contra emenda do teto de gastos, aprovada em dezembro passado - PSOL 50\" \/>\n<meta property=\"og:description\" content=\"O PSOL protocolou nesta segunda-feira (20\/03), no Supremo Tribunal Federal (STF), uma A\u00e7\u00e3o Direta de Inconstitucionalidade (ADI), com pedido de concess\u00e3o de medida cautelar, visando \u00e0 suspens\u00e3o imediata dos efeitos da Emenda Constitucional n\u00ba 95\/2016, que trata da limita\u00e7\u00e3o dos investimentos p\u00fablicos nos pr\u00f3ximos 20 anos. A emenda \u00e9 a principal medida do ajuste fiscal [&hellip;]\" \/>\n<meta property=\"og:url\" content=\"https:\/\/psol50.org.br\/psol-protocola-no-stf-adi-contra-emenda-do-teto-de-gastos-aprovada-em-dezembro-passado\/\" \/>\n<meta property=\"og:site_name\" content=\"PSOL 50\" \/>\n<meta property=\"article:publisher\" content=\"https:\/\/www.facebook.com\/psol50\" \/>\n<meta property=\"article:published_time\" content=\"2017-03-21T14:35:41+00:00\" \/>\n<meta property=\"og:image\" content=\"https:\/\/psol50.org.br\/inc\/uploads\/2018\/07\/capa.png\" \/>\n\t<meta property=\"og:image:width\" content=\"1350\" \/>\n\t<meta property=\"og:image:height\" content=\"900\" \/>\n\t<meta property=\"og:image:type\" content=\"image\/png\" \/>\n<meta name=\"author\" content=\"Comunica\u00e7\u00e3o PSOL\" \/>\n<meta name=\"twitter:card\" content=\"summary_large_image\" \/>\n<meta name=\"twitter:creator\" content=\"@psol50\" \/>\n<meta name=\"twitter:site\" content=\"@psol50\" \/>\n<meta name=\"twitter:label1\" content=\"Escrito por\" \/>\n\t<meta name=\"twitter:data1\" content=\"Comunica\u00e7\u00e3o PSOL\" \/>\n\t<meta name=\"twitter:label2\" content=\"Est. tempo de leitura\" \/>\n\t<meta name=\"twitter:data2\" content=\"3 minutos\" \/>\n<script type=\"application\/ld+json\" class=\"yoast-schema-graph\">{\"@context\":\"https:\/\/schema.org\",\"@graph\":[{\"@type\":\"Article\",\"@id\":\"https:\/\/psol50.org.br\/psol-protocola-no-stf-adi-contra-emenda-do-teto-de-gastos-aprovada-em-dezembro-passado\/#article\",\"isPartOf\":{\"@id\":\"https:\/\/psol50.org.br\/psol-protocola-no-stf-adi-contra-emenda-do-teto-de-gastos-aprovada-em-dezembro-passado\/\"},\"author\":{\"name\":\"Comunica\u00e7\u00e3o PSOL\",\"@id\":\"https:\/\/psol50.org.br\/#\/schema\/person\/475dfa57d0b815993c714c2e96491fcd\"},\"headline\":\"PSOL protocola, no STF, ADI contra emenda do teto de gastos, aprovada em dezembro passado\",\"datePublished\":\"2017-03-21T14:35:41+00:00\",\"mainEntityOfPage\":{\"@id\":\"https:\/\/psol50.org.br\/psol-protocola-no-stf-adi-contra-emenda-do-teto-de-gastos-aprovada-em-dezembro-passado\/\"},\"wordCount\":690,\"commentCount\":0,\"publisher\":{\"@id\":\"https:\/\/psol50.org.br\/#organization\"},\"image\":{\"@id\":\"https:\/\/psol50.org.br\/psol-protocola-no-stf-adi-contra-emenda-do-teto-de-gastos-aprovada-em-dezembro-passado\/#primaryimage\"},\"thumbnailUrl\":\"\",\"keywords\":[\"A\u00e7\u00e3o Direta de Inconstitucionalidade\",\"ADI\",\"Ajuste Fiscal\",\"Emenda Constitucional n\u00ba 95\",\"Michel Temer\",\"Novo Regime Fiscal\",\"PEC 241\/2016\",\"PSOL\",\"servi\u00e7os p\u00fablicos\",\"Teto de gastos\"],\"articleSection\":[\"Brasil\",\"Educa\u00e7\u00e3o\",\"Not\u00edcias\",\"Partido\"],\"inLanguage\":\"pt-BR\",\"potentialAction\":[{\"@type\":\"CommentAction\",\"name\":\"Comment\",\"target\":[\"https:\/\/psol50.org.br\/psol-protocola-no-stf-adi-contra-emenda-do-teto-de-gastos-aprovada-em-dezembro-passado\/#respond\"]}]},{\"@type\":\"WebPage\",\"@id\":\"https:\/\/psol50.org.br\/psol-protocola-no-stf-adi-contra-emenda-do-teto-de-gastos-aprovada-em-dezembro-passado\/\",\"url\":\"https:\/\/psol50.org.br\/psol-protocola-no-stf-adi-contra-emenda-do-teto-de-gastos-aprovada-em-dezembro-passado\/\",\"name\":\"PSOL protocola, no STF, ADI contra emenda do teto de gastos, aprovada em dezembro passado - PSOL 50\",\"isPartOf\":{\"@id\":\"https:\/\/psol50.org.br\/#website\"},\"primaryImageOfPage\":{\"@id\":\"https:\/\/psol50.org.br\/psol-protocola-no-stf-adi-contra-emenda-do-teto-de-gastos-aprovada-em-dezembro-passado\/#primaryimage\"},\"image\":{\"@id\":\"https:\/\/psol50.org.br\/psol-protocola-no-stf-adi-contra-emenda-do-teto-de-gastos-aprovada-em-dezembro-passado\/#primaryimage\"},\"thumbnailUrl\":\"\",\"datePublished\":\"2017-03-21T14:35:41+00:00\",\"breadcrumb\":{\"@id\":\"https:\/\/psol50.org.br\/psol-protocola-no-stf-adi-contra-emenda-do-teto-de-gastos-aprovada-em-dezembro-passado\/#breadcrumb\"},\"inLanguage\":\"pt-BR\",\"potentialAction\":[{\"@type\":\"ReadAction\",\"target\":[\"https:\/\/psol50.org.br\/psol-protocola-no-stf-adi-contra-emenda-do-teto-de-gastos-aprovada-em-dezembro-passado\/\"]}]},{\"@type\":\"ImageObject\",\"inLanguage\":\"pt-BR\",\"@id\":\"https:\/\/psol50.org.br\/psol-protocola-no-stf-adi-contra-emenda-do-teto-de-gastos-aprovada-em-dezembro-passado\/#primaryimage\",\"url\":\"\",\"contentUrl\":\"\"},{\"@type\":\"BreadcrumbList\",\"@id\":\"https:\/\/psol50.org.br\/psol-protocola-no-stf-adi-contra-emenda-do-teto-de-gastos-aprovada-em-dezembro-passado\/#breadcrumb\",\"itemListElement\":[{\"@type\":\"ListItem\",\"position\":1,\"name\":\"In\u00edcio\",\"item\":\"https:\/\/psol50.org.br\/\"},{\"@type\":\"ListItem\",\"position\":2,\"name\":\"PSOL protocola, no STF, ADI contra emenda do teto de gastos, aprovada em dezembro passado\"}]},{\"@type\":\"WebSite\",\"@id\":\"https:\/\/psol50.org.br\/#website\",\"url\":\"https:\/\/psol50.org.br\/\",\"name\":\"PSOL 50\",\"description\":\"Site oficial do Partido Socialismo e Liberdade\",\"publisher\":{\"@id\":\"https:\/\/psol50.org.br\/#organization\"},\"alternateName\":\"PSOL50\",\"potentialAction\":[{\"@type\":\"SearchAction\",\"target\":{\"@type\":\"EntryPoint\",\"urlTemplate\":\"https:\/\/psol50.org.br\/?s={search_term_string}\"},\"query-input\":{\"@type\":\"PropertyValueSpecification\",\"valueRequired\":true,\"valueName\":\"search_term_string\"}}],\"inLanguage\":\"pt-BR\"},{\"@type\":\"Organization\",\"@id\":\"https:\/\/psol50.org.br\/#organization\",\"name\":\"PSOL 50\",\"alternateName\":\"PSOL 50\",\"url\":\"https:\/\/psol50.org.br\/\",\"logo\":{\"@type\":\"ImageObject\",\"inLanguage\":\"pt-BR\",\"@id\":\"https:\/\/psol50.org.br\/#\/schema\/logo\/image\/\",\"url\":\"https:\/\/psol50.org.br\/inc\/uploads\/2018\/07\/capa.png\",\"contentUrl\":\"https:\/\/psol50.org.br\/inc\/uploads\/2018\/07\/capa.png\",\"width\":1350,\"height\":900,\"caption\":\"PSOL 50\"},\"image\":{\"@id\":\"https:\/\/psol50.org.br\/#\/schema\/logo\/image\/\"},\"sameAs\":[\"https:\/\/www.facebook.com\/psol50\",\"https:\/\/x.com\/psol50\",\"https:\/\/www.instagram.com\/psol50\/\",\"https:\/\/www.youtube.com\/channel\/UC7SnJS5o1os7a6CaiNabzcg\"]},{\"@type\":\"Person\",\"@id\":\"https:\/\/psol50.org.br\/#\/schema\/person\/475dfa57d0b815993c714c2e96491fcd\",\"name\":\"Comunica\u00e7\u00e3o PSOL\",\"image\":{\"@type\":\"ImageObject\",\"inLanguage\":\"pt-BR\",\"@id\":\"https:\/\/psol50.org.br\/#\/schema\/person\/image\/\",\"url\":\"https:\/\/secure.gravatar.com\/avatar\/b34fc4f4e468a4e51785917065a3db57b841f5c95dba6ad8c73aaf8f66f8f9bf?s=96&d=mm&r=g\",\"contentUrl\":\"https:\/\/secure.gravatar.com\/avatar\/b34fc4f4e468a4e51785917065a3db57b841f5c95dba6ad8c73aaf8f66f8f9bf?s=96&d=mm&r=g\",\"caption\":\"Comunica\u00e7\u00e3o PSOL\"}}]}<\/script>\n<!-- \/ Yoast SEO plugin. -->","yoast_head_json":{"title":"PSOL protocola, no STF, ADI contra emenda do teto de gastos, aprovada em dezembro passado - PSOL 50","robots":{"index":"index","follow":"follow","max-snippet":"max-snippet:-1","max-image-preview":"max-image-preview:large","max-video-preview":"max-video-preview:-1"},"canonical":"https:\/\/psol50.org.br\/psol-protocola-no-stf-adi-contra-emenda-do-teto-de-gastos-aprovada-em-dezembro-passado\/","og_locale":"pt_BR","og_type":"article","og_title":"PSOL protocola, no STF, ADI contra emenda do teto de gastos, aprovada em dezembro passado - PSOL 50","og_description":"O PSOL protocolou nesta segunda-feira (20\/03), no Supremo Tribunal Federal (STF), uma A\u00e7\u00e3o Direta de Inconstitucionalidade (ADI), com pedido de concess\u00e3o de medida cautelar, visando \u00e0 suspens\u00e3o imediata dos efeitos da Emenda Constitucional n\u00ba 95\/2016, que trata da limita\u00e7\u00e3o dos investimentos p\u00fablicos nos pr\u00f3ximos 20 anos. A emenda \u00e9 a principal medida do ajuste fiscal [&hellip;]","og_url":"https:\/\/psol50.org.br\/psol-protocola-no-stf-adi-contra-emenda-do-teto-de-gastos-aprovada-em-dezembro-passado\/","og_site_name":"PSOL 50","article_publisher":"https:\/\/www.facebook.com\/psol50","article_published_time":"2017-03-21T14:35:41+00:00","og_image":[{"width":1350,"height":900,"url":"https:\/\/psol50.org.br\/inc\/uploads\/2018\/07\/capa.png","type":"image\/png"}],"author":"Comunica\u00e7\u00e3o PSOL","twitter_card":"summary_large_image","twitter_creator":"@psol50","twitter_site":"@psol50","twitter_misc":{"Escrito por":"Comunica\u00e7\u00e3o PSOL","Est. tempo de leitura":"3 minutos"},"schema":{"@context":"https:\/\/schema.org","@graph":[{"@type":"Article","@id":"https:\/\/psol50.org.br\/psol-protocola-no-stf-adi-contra-emenda-do-teto-de-gastos-aprovada-em-dezembro-passado\/#article","isPartOf":{"@id":"https:\/\/psol50.org.br\/psol-protocola-no-stf-adi-contra-emenda-do-teto-de-gastos-aprovada-em-dezembro-passado\/"},"author":{"name":"Comunica\u00e7\u00e3o PSOL","@id":"https:\/\/psol50.org.br\/#\/schema\/person\/475dfa57d0b815993c714c2e96491fcd"},"headline":"PSOL protocola, no STF, ADI contra emenda do teto de gastos, aprovada em dezembro passado","datePublished":"2017-03-21T14:35:41+00:00","mainEntityOfPage":{"@id":"https:\/\/psol50.org.br\/psol-protocola-no-stf-adi-contra-emenda-do-teto-de-gastos-aprovada-em-dezembro-passado\/"},"wordCount":690,"commentCount":0,"publisher":{"@id":"https:\/\/psol50.org.br\/#organization"},"image":{"@id":"https:\/\/psol50.org.br\/psol-protocola-no-stf-adi-contra-emenda-do-teto-de-gastos-aprovada-em-dezembro-passado\/#primaryimage"},"thumbnailUrl":"","keywords":["A\u00e7\u00e3o Direta de Inconstitucionalidade","ADI","Ajuste Fiscal","Emenda Constitucional n\u00ba 95","Michel Temer","Novo Regime Fiscal","PEC 241\/2016","PSOL","servi\u00e7os p\u00fablicos","Teto de gastos"],"articleSection":["Brasil","Educa\u00e7\u00e3o","Not\u00edcias","Partido"],"inLanguage":"pt-BR","potentialAction":[{"@type":"CommentAction","name":"Comment","target":["https:\/\/psol50.org.br\/psol-protocola-no-stf-adi-contra-emenda-do-teto-de-gastos-aprovada-em-dezembro-passado\/#respond"]}]},{"@type":"WebPage","@id":"https:\/\/psol50.org.br\/psol-protocola-no-stf-adi-contra-emenda-do-teto-de-gastos-aprovada-em-dezembro-passado\/","url":"https:\/\/psol50.org.br\/psol-protocola-no-stf-adi-contra-emenda-do-teto-de-gastos-aprovada-em-dezembro-passado\/","name":"PSOL protocola, no STF, ADI contra emenda do teto de gastos, aprovada em dezembro passado - PSOL 50","isPartOf":{"@id":"https:\/\/psol50.org.br\/#website"},"primaryImageOfPage":{"@id":"https:\/\/psol50.org.br\/psol-protocola-no-stf-adi-contra-emenda-do-teto-de-gastos-aprovada-em-dezembro-passado\/#primaryimage"},"image":{"@id":"https:\/\/psol50.org.br\/psol-protocola-no-stf-adi-contra-emenda-do-teto-de-gastos-aprovada-em-dezembro-passado\/#primaryimage"},"thumbnailUrl":"","datePublished":"2017-03-21T14:35:41+00:00","breadcrumb":{"@id":"https:\/\/psol50.org.br\/psol-protocola-no-stf-adi-contra-emenda-do-teto-de-gastos-aprovada-em-dezembro-passado\/#breadcrumb"},"inLanguage":"pt-BR","potentialAction":[{"@type":"ReadAction","target":["https:\/\/psol50.org.br\/psol-protocola-no-stf-adi-contra-emenda-do-teto-de-gastos-aprovada-em-dezembro-passado\/"]}]},{"@type":"ImageObject","inLanguage":"pt-BR","@id":"https:\/\/psol50.org.br\/psol-protocola-no-stf-adi-contra-emenda-do-teto-de-gastos-aprovada-em-dezembro-passado\/#primaryimage","url":"","contentUrl":""},{"@type":"BreadcrumbList","@id":"https:\/\/psol50.org.br\/psol-protocola-no-stf-adi-contra-emenda-do-teto-de-gastos-aprovada-em-dezembro-passado\/#breadcrumb","itemListElement":[{"@type":"ListItem","position":1,"name":"In\u00edcio","item":"https:\/\/psol50.org.br\/"},{"@type":"ListItem","position":2,"name":"PSOL protocola, no STF, ADI contra emenda do teto de gastos, aprovada em dezembro passado"}]},{"@type":"WebSite","@id":"https:\/\/psol50.org.br\/#website","url":"https:\/\/psol50.org.br\/","name":"PSOL 50","description":"Site oficial do Partido Socialismo e Liberdade","publisher":{"@id":"https:\/\/psol50.org.br\/#organization"},"alternateName":"PSOL50","potentialAction":[{"@type":"SearchAction","target":{"@type":"EntryPoint","urlTemplate":"https:\/\/psol50.org.br\/?s={search_term_string}"},"query-input":{"@type":"PropertyValueSpecification","valueRequired":true,"valueName":"search_term_string"}}],"inLanguage":"pt-BR"},{"@type":"Organization","@id":"https:\/\/psol50.org.br\/#organization","name":"PSOL 50","alternateName":"PSOL 50","url":"https:\/\/psol50.org.br\/","logo":{"@type":"ImageObject","inLanguage":"pt-BR","@id":"https:\/\/psol50.org.br\/#\/schema\/logo\/image\/","url":"https:\/\/psol50.org.br\/inc\/uploads\/2018\/07\/capa.png","contentUrl":"https:\/\/psol50.org.br\/inc\/uploads\/2018\/07\/capa.png","width":1350,"height":900,"caption":"PSOL 50"},"image":{"@id":"https:\/\/psol50.org.br\/#\/schema\/logo\/image\/"},"sameAs":["https:\/\/www.facebook.com\/psol50","https:\/\/x.com\/psol50","https:\/\/www.instagram.com\/psol50\/","https:\/\/www.youtube.com\/channel\/UC7SnJS5o1os7a6CaiNabzcg"]},{"@type":"Person","@id":"https:\/\/psol50.org.br\/#\/schema\/person\/475dfa57d0b815993c714c2e96491fcd","name":"Comunica\u00e7\u00e3o PSOL","image":{"@type":"ImageObject","inLanguage":"pt-BR","@id":"https:\/\/psol50.org.br\/#\/schema\/person\/image\/","url":"https:\/\/secure.gravatar.com\/avatar\/b34fc4f4e468a4e51785917065a3db57b841f5c95dba6ad8c73aaf8f66f8f9bf?s=96&d=mm&r=g","contentUrl":"https:\/\/secure.gravatar.com\/avatar\/b34fc4f4e468a4e51785917065a3db57b841f5c95dba6ad8c73aaf8f66f8f9bf?s=96&d=mm&r=g","caption":"Comunica\u00e7\u00e3o PSOL"}}]}},"_links":{"self":[{"href":"https:\/\/psol50.org.br\/rest\/wp\/v2\/posts\/15650","targetHints":{"allow":["GET"]}}],"collection":[{"href":"https:\/\/psol50.org.br\/rest\/wp\/v2\/posts"}],"about":[{"href":"https:\/\/psol50.org.br\/rest\/wp\/v2\/types\/post"}],"author":[{"embeddable":true,"href":"https:\/\/psol50.org.br\/rest\/wp\/v2\/users\/2"}],"replies":[{"embeddable":true,"href":"https:\/\/psol50.org.br\/rest\/wp\/v2\/comments?post=15650"}],"version-history":[{"count":0,"href":"https:\/\/psol50.org.br\/rest\/wp\/v2\/posts\/15650\/revisions"}],"wp:featuredmedia":[{"embeddable":true,"href":"https:\/\/psol50.org.br\/rest\/"}],"wp:attachment":[{"href":"https:\/\/psol50.org.br\/rest\/wp\/v2\/media?parent=15650"}],"wp:term":[{"taxonomy":"category","embeddable":true,"href":"https:\/\/psol50.org.br\/rest\/wp\/v2\/categories?post=15650"},{"taxonomy":"post_tag","embeddable":true,"href":"https:\/\/psol50.org.br\/rest\/wp\/v2\/tags?post=15650"}],"curies":[{"name":"wp","href":"https:\/\/api.w.org\/{rel}","templated":true}]}}