{"id":15662,"date":"2017-03-22T20:52:00","date_gmt":"2017-03-22T20:52:00","guid":{"rendered":"http:\/\/www.psol50.org.br\/?p=15662"},"modified":"2017-03-22T20:52:00","modified_gmt":"2017-03-22T20:52:00","slug":"recuo-de-temer-mostra-que-o-povo-pode-barrar-a-reforma-da-previdencia","status":"publish","type":"post","link":"https:\/\/psol50.org.br\/recuo-de-temer-mostra-que-o-povo-pode-barrar-a-reforma-da-previdencia\/","title":{"rendered":"Recuo de Temer mostra que o povo pode barrar a reforma da Previd\u00eancia"},"content":{"rendered":"<p>Ap\u00f3s pronunciamento surpresa na noite dessa ter\u00e7a-feira (21), Temer anunciou que servidores p\u00fablicos estaduais e municipais poder\u00e3o ficar fora da reforma da Previd\u00eancia. Isso faz com que a PEC 287\/16, que versa sobre a reforma,\u00a0atinja &#8220;apenas&#8221; servidores federais e trabalhadores do setor privado.<\/p>\n<p>A decis\u00e3o pode ser considerada uma conquista do ponto de vista\u00a0que, ao lan\u00e7ar a PEC, Temer havia declarado que n\u00e3o\u00a0aceitaria altera\u00e7\u00f5es no projeto enviado aos parlamentares, conforme orienta\u00e7\u00e3o de sua equipe econ\u00f4mica. Essa foi a primeira concess\u00e3o do governo em rela\u00e7\u00e3o \u00e0 reforma &#8211; justamente ap\u00f3s <span style=\"color: #0000ff\"><strong><a style=\"color: #0000ff\" href=\"http:\/\/www.psol50.org.br\/blog\/2017\/03\/16\/15m-brasil-se-levanta-contra-temer-e-seu-desmonte-da-previdencia\/\">mais de um milh\u00e3o de pessoas irem \u00e0s ruas protestar contra esse absurdo<\/a><\/strong><\/span>.<\/p>\n<p>Luiz Ara\u00fajo, presidente nacional do PSOL, acredita que a greve geral e as mobiliza\u00e7\u00f5es do 15 de mar\u00e7o tiveram grande impacto na decis\u00e3o de Temer. &#8220;Isso demonstra que podemos vencer, que a reforma pode ser derrotada se continuarmos a mobiliza\u00e7\u00e3o e aumentarmos a press\u00e3o unit\u00e1ria&#8221;, disse.<\/p>\n<p>A press\u00e3o popular teve um grande peso, mas n\u00e3o foi a \u00fanica respons\u00e1vel pela mudan\u00e7a de atitude do governo. <span style=\"color: #0000ff\"><strong><a style=\"color: #0000ff\" href=\"http:\/\/painel.blogfolha.uol.com.br\/2017\/03\/12\/camara-quer-empurrar-reforma-da-previdencia-nos-estados-para-assembleias\/\">Segundo a Folha de S\u00e3o Paulo<\/a><\/strong><\/span>, os deputados j\u00e1 estavam articulando &#8220;empurrar&#8221; a reforma previdenci\u00e1ria para as assembleias legislativas h\u00e1 pelo menos duas semanas, isto \u00e9, antes da grande greve geral do dia 15. Os parlamentares, que est\u00e3o sendo altamente pressionados, &#8220;n\u00e3o queriam arcar sozinhos com o custo pol\u00edtico da reforma&#8221;.<\/p>\n<p>Al\u00e9m disso, houve uma press\u00e3o da base aliada no parlamento: o projeto corria o risco de n\u00e3o passar caso n\u00e3o fossem feitas algumas mudan\u00e7as. Nesse pacote sugerido pelos governistas, h\u00e1 ainda outros tr\u00eas pontos que Temer avalia ceder: regras de transi\u00e7\u00e3o para a idade m\u00ednima e mudan\u00e7as na aposentadoria rural e no BPC (Benef\u00edcio de Presta\u00e7\u00e3o Continuada), que \u00e9 pago a pessoas de baixa renda que s\u00e3o idosas ou possuem defici\u00eancia.<\/p>\n<p>O\u00a0Planalto, entretanto, n\u00e3o parece disposto a promover quaisquer mudan\u00e7as na PEC. Mesmo com mais de cem emendas apresentadas at\u00e9 agora pelos deputados, o presidente ileg\u00edtimo afirmou hoje que &#8220;vai\u00a0aprovar a reforma com uma ou outra adequa\u00e7\u00e3o, quem sabe, mas vai aprov\u00e1-la\u201d.<\/p>\n<p>Com a mudan\u00e7a anunciada ontem,\u00a0deixam a reforma categorias vinculadas aos governos dos estados, como professores da rede p\u00fablica estadual e policiais civis estaduais. Esses ter\u00e3o uma reforma espec\u00edfica, que ser\u00e1 definida por seus respectivos governadores e deputados estaduais &#8211; os quais agora\u00a0enfrentam o desafio de tomar medidas impopulares na v\u00e9spera das elei\u00e7\u00f5es de 2018.<\/p>\n<p>Para Rodrigo Maia, excluir professores estaduais e policiais civis &#8220;vai facilitar muito a aprova\u00e7\u00e3o [da reforma] porque vai retirar 70% da press\u00e3o que estava sendo recebida&#8221;. Esta declara\u00e7\u00e3o torna ainda mais claro\u00a0o objetivo do Planalto com o recuo:\u00a0excluindo servidores p\u00fablicos, o governo evita greves nacionais e mobiliza\u00e7\u00f5es populares contra o projeto.<\/p>\n<p>A\u00a0altera\u00e7\u00e3o da PEC \u00e9 um recuo positivo, mas n\u00e3o deixa de ser uma manobra para\u00a0conseguir aprovar o projeto a todo custo, aliviando a press\u00e3o sobre os congressistas e assegurando que a base aliada de Temer aprove a reforma. Para o PSOL, \u00e9 de extrema import\u00e2ncia que a esquerda n\u00e3o se acomode com essa decis\u00e3o e continue contestando o governo com greves e protestos para garantir mais conquistas como essa.<\/p>\n<p>&#8220;Precisamos de mais mobiliza\u00e7\u00e3o popular e social nas ruas, nas bases dos parlamentares e em toda a sociedade civil pra desmitificar a propaganda falaciosa e enganosa do governo e dos grandes meios de comunica\u00e7\u00e3o&#8221;, declarou o deputado federal Ivan Valente (confira v\u00eddeo abaixo).<\/p>\n<p><a href=\"http:\/\/www.facebook.com\/IvanValentePSOL\/videos\/1508728912505319\/\">http:\/\/www.facebook.com\/IvanValentePSOL\/videos\/1508728912505319\/<\/a><\/p>\n","protected":false},"excerpt":{"rendered":"<p>Ap\u00f3s pronunciamento surpresa na noite dessa ter\u00e7a-feira (21), Temer anunciou que servidores p\u00fablicos estaduais e municipais poder\u00e3o ficar fora da reforma da Previd\u00eancia. Isso faz com que a PEC 287\/16, que versa sobre a reforma,\u00a0atinja &#8220;apenas&#8221; servidores federais e trabalhadores do setor privado. A decis\u00e3o pode ser considerada uma conquista do ponto de vista\u00a0que, ao [&hellip;]<\/p>\n","protected":false},"author":2,"featured_media":15671,"comment_status":"open","ping_status":"open","sticky":false,"template":"","format":"standard","meta":{"_acf_changed":false,"footnotes":""},"categories":[1882,6],"tags":[1793,314,1748,2978,39],"class_list":{"0":"post-15662","1":"post","2":"type-post","3":"status-publish","4":"format-standard","5":"has-post-thumbnail","7":"category-brasil","8":"category-noticias","9":"tag-greve-geral","10":"tag-manifestacoes","11":"tag-michel-temer","12":"tag-pec-287","13":"tag-reforma-da-previdencia"},"acf":[],"yoast_head":"<!-- This site is optimized with the Yoast SEO plugin v26.5 - https:\/\/yoast.com\/wordpress\/plugins\/seo\/ -->\n<title>Recuo de Temer mostra que o povo pode barrar a reforma da Previd\u00eancia - PSOL 50<\/title>\n<meta name=\"robots\" content=\"index, follow, max-snippet:-1, max-image-preview:large, max-video-preview:-1\" \/>\n<link rel=\"canonical\" href=\"https:\/\/psol50.org.br\/recuo-de-temer-mostra-que-o-povo-pode-barrar-a-reforma-da-previdencia\/\" \/>\n<meta property=\"og:locale\" content=\"pt_BR\" \/>\n<meta property=\"og:type\" content=\"article\" \/>\n<meta property=\"og:title\" content=\"Recuo de Temer mostra que o povo pode barrar a reforma da Previd\u00eancia - PSOL 50\" \/>\n<meta property=\"og:description\" content=\"Ap\u00f3s pronunciamento surpresa na noite dessa ter\u00e7a-feira (21), Temer anunciou que servidores p\u00fablicos estaduais e municipais poder\u00e3o ficar fora da reforma da Previd\u00eancia. Isso faz com que a PEC 287\/16, que versa sobre a reforma,\u00a0atinja &#8220;apenas&#8221; servidores federais e trabalhadores do setor privado. A decis\u00e3o pode ser considerada uma conquista do ponto de vista\u00a0que, ao [&hellip;]\" \/>\n<meta property=\"og:url\" content=\"https:\/\/psol50.org.br\/recuo-de-temer-mostra-que-o-povo-pode-barrar-a-reforma-da-previdencia\/\" \/>\n<meta property=\"og:site_name\" content=\"PSOL 50\" \/>\n<meta property=\"article:publisher\" content=\"https:\/\/www.facebook.com\/psol50\" \/>\n<meta property=\"article:published_time\" content=\"2017-03-22T20:52:00+00:00\" \/>\n<meta property=\"og:image\" content=\"https:\/\/psol50.org.br\/inc\/uploads\/2018\/07\/capa.png\" \/>\n\t<meta property=\"og:image:width\" content=\"1350\" \/>\n\t<meta property=\"og:image:height\" content=\"900\" \/>\n\t<meta property=\"og:image:type\" content=\"image\/png\" \/>\n<meta name=\"author\" content=\"Comunica\u00e7\u00e3o PSOL\" \/>\n<meta name=\"twitter:card\" content=\"summary_large_image\" \/>\n<meta name=\"twitter:creator\" content=\"@psol50\" \/>\n<meta name=\"twitter:site\" content=\"@psol50\" \/>\n<meta name=\"twitter:label1\" content=\"Escrito por\" \/>\n\t<meta name=\"twitter:data1\" content=\"Comunica\u00e7\u00e3o PSOL\" \/>\n\t<meta name=\"twitter:label2\" content=\"Est. tempo de leitura\" \/>\n\t<meta name=\"twitter:data2\" content=\"3 minutos\" \/>\n<script type=\"application\/ld+json\" class=\"yoast-schema-graph\">{\"@context\":\"https:\/\/schema.org\",\"@graph\":[{\"@type\":\"Article\",\"@id\":\"https:\/\/psol50.org.br\/recuo-de-temer-mostra-que-o-povo-pode-barrar-a-reforma-da-previdencia\/#article\",\"isPartOf\":{\"@id\":\"https:\/\/psol50.org.br\/recuo-de-temer-mostra-que-o-povo-pode-barrar-a-reforma-da-previdencia\/\"},\"author\":{\"name\":\"Comunica\u00e7\u00e3o PSOL\",\"@id\":\"https:\/\/psol50.org.br\/#\/schema\/person\/475dfa57d0b815993c714c2e96491fcd\"},\"headline\":\"Recuo de Temer mostra que o povo pode barrar a reforma da Previd\u00eancia\",\"datePublished\":\"2017-03-22T20:52:00+00:00\",\"mainEntityOfPage\":{\"@id\":\"https:\/\/psol50.org.br\/recuo-de-temer-mostra-que-o-povo-pode-barrar-a-reforma-da-previdencia\/\"},\"wordCount\":638,\"commentCount\":0,\"publisher\":{\"@id\":\"https:\/\/psol50.org.br\/#organization\"},\"image\":{\"@id\":\"https:\/\/psol50.org.br\/recuo-de-temer-mostra-que-o-povo-pode-barrar-a-reforma-da-previdencia\/#primaryimage\"},\"thumbnailUrl\":\"\",\"keywords\":[\"greve geral\",\"manifesta\u00e7\u00f5es\",\"Michel Temer\",\"PEC 287\",\"reforma da previd\u00eancia\"],\"articleSection\":[\"Brasil\",\"Not\u00edcias\"],\"inLanguage\":\"pt-BR\",\"potentialAction\":[{\"@type\":\"CommentAction\",\"name\":\"Comment\",\"target\":[\"https:\/\/psol50.org.br\/recuo-de-temer-mostra-que-o-povo-pode-barrar-a-reforma-da-previdencia\/#respond\"]}]},{\"@type\":\"WebPage\",\"@id\":\"https:\/\/psol50.org.br\/recuo-de-temer-mostra-que-o-povo-pode-barrar-a-reforma-da-previdencia\/\",\"url\":\"https:\/\/psol50.org.br\/recuo-de-temer-mostra-que-o-povo-pode-barrar-a-reforma-da-previdencia\/\",\"name\":\"Recuo de Temer mostra que o povo pode barrar a reforma da Previd\u00eancia - PSOL 50\",\"isPartOf\":{\"@id\":\"https:\/\/psol50.org.br\/#website\"},\"primaryImageOfPage\":{\"@id\":\"https:\/\/psol50.org.br\/recuo-de-temer-mostra-que-o-povo-pode-barrar-a-reforma-da-previdencia\/#primaryimage\"},\"image\":{\"@id\":\"https:\/\/psol50.org.br\/recuo-de-temer-mostra-que-o-povo-pode-barrar-a-reforma-da-previdencia\/#primaryimage\"},\"thumbnailUrl\":\"\",\"datePublished\":\"2017-03-22T20:52:00+00:00\",\"breadcrumb\":{\"@id\":\"https:\/\/psol50.org.br\/recuo-de-temer-mostra-que-o-povo-pode-barrar-a-reforma-da-previdencia\/#breadcrumb\"},\"inLanguage\":\"pt-BR\",\"potentialAction\":[{\"@type\":\"ReadAction\",\"target\":[\"https:\/\/psol50.org.br\/recuo-de-temer-mostra-que-o-povo-pode-barrar-a-reforma-da-previdencia\/\"]}]},{\"@type\":\"ImageObject\",\"inLanguage\":\"pt-BR\",\"@id\":\"https:\/\/psol50.org.br\/recuo-de-temer-mostra-que-o-povo-pode-barrar-a-reforma-da-previdencia\/#primaryimage\",\"url\":\"\",\"contentUrl\":\"\"},{\"@type\":\"BreadcrumbList\",\"@id\":\"https:\/\/psol50.org.br\/recuo-de-temer-mostra-que-o-povo-pode-barrar-a-reforma-da-previdencia\/#breadcrumb\",\"itemListElement\":[{\"@type\":\"ListItem\",\"position\":1,\"name\":\"In\u00edcio\",\"item\":\"https:\/\/psol50.org.br\/\"},{\"@type\":\"ListItem\",\"position\":2,\"name\":\"Recuo de Temer mostra que o povo pode barrar a reforma da Previd\u00eancia\"}]},{\"@type\":\"WebSite\",\"@id\":\"https:\/\/psol50.org.br\/#website\",\"url\":\"https:\/\/psol50.org.br\/\",\"name\":\"PSOL 50\",\"description\":\"Site oficial do Partido Socialismo e Liberdade\",\"publisher\":{\"@id\":\"https:\/\/psol50.org.br\/#organization\"},\"alternateName\":\"PSOL50\",\"potentialAction\":[{\"@type\":\"SearchAction\",\"target\":{\"@type\":\"EntryPoint\",\"urlTemplate\":\"https:\/\/psol50.org.br\/?s={search_term_string}\"},\"query-input\":{\"@type\":\"PropertyValueSpecification\",\"valueRequired\":true,\"valueName\":\"search_term_string\"}}],\"inLanguage\":\"pt-BR\"},{\"@type\":\"Organization\",\"@id\":\"https:\/\/psol50.org.br\/#organization\",\"name\":\"PSOL 50\",\"alternateName\":\"PSOL 50\",\"url\":\"https:\/\/psol50.org.br\/\",\"logo\":{\"@type\":\"ImageObject\",\"inLanguage\":\"pt-BR\",\"@id\":\"https:\/\/psol50.org.br\/#\/schema\/logo\/image\/\",\"url\":\"https:\/\/psol50.org.br\/inc\/uploads\/2018\/07\/capa.png\",\"contentUrl\":\"https:\/\/psol50.org.br\/inc\/uploads\/2018\/07\/capa.png\",\"width\":1350,\"height\":900,\"caption\":\"PSOL 50\"},\"image\":{\"@id\":\"https:\/\/psol50.org.br\/#\/schema\/logo\/image\/\"},\"sameAs\":[\"https:\/\/www.facebook.com\/psol50\",\"https:\/\/x.com\/psol50\",\"https:\/\/www.instagram.com\/psol50\/\",\"https:\/\/www.youtube.com\/channel\/UC7SnJS5o1os7a6CaiNabzcg\"]},{\"@type\":\"Person\",\"@id\":\"https:\/\/psol50.org.br\/#\/schema\/person\/475dfa57d0b815993c714c2e96491fcd\",\"name\":\"Comunica\u00e7\u00e3o PSOL\",\"image\":{\"@type\":\"ImageObject\",\"inLanguage\":\"pt-BR\",\"@id\":\"https:\/\/psol50.org.br\/#\/schema\/person\/image\/\",\"url\":\"https:\/\/secure.gravatar.com\/avatar\/b34fc4f4e468a4e51785917065a3db57b841f5c95dba6ad8c73aaf8f66f8f9bf?s=96&d=mm&r=g\",\"contentUrl\":\"https:\/\/secure.gravatar.com\/avatar\/b34fc4f4e468a4e51785917065a3db57b841f5c95dba6ad8c73aaf8f66f8f9bf?s=96&d=mm&r=g\",\"caption\":\"Comunica\u00e7\u00e3o PSOL\"}}]}<\/script>\n<!-- \/ Yoast SEO plugin. -->","yoast_head_json":{"title":"Recuo de Temer mostra que o povo pode barrar a reforma da Previd\u00eancia - PSOL 50","robots":{"index":"index","follow":"follow","max-snippet":"max-snippet:-1","max-image-preview":"max-image-preview:large","max-video-preview":"max-video-preview:-1"},"canonical":"https:\/\/psol50.org.br\/recuo-de-temer-mostra-que-o-povo-pode-barrar-a-reforma-da-previdencia\/","og_locale":"pt_BR","og_type":"article","og_title":"Recuo de Temer mostra que o povo pode barrar a reforma da Previd\u00eancia - PSOL 50","og_description":"Ap\u00f3s pronunciamento surpresa na noite dessa ter\u00e7a-feira (21), Temer anunciou que servidores p\u00fablicos estaduais e municipais poder\u00e3o ficar fora da reforma da Previd\u00eancia. Isso faz com que a PEC 287\/16, que versa sobre a reforma,\u00a0atinja &#8220;apenas&#8221; servidores federais e trabalhadores do setor privado. A decis\u00e3o pode ser considerada uma conquista do ponto de vista\u00a0que, ao [&hellip;]","og_url":"https:\/\/psol50.org.br\/recuo-de-temer-mostra-que-o-povo-pode-barrar-a-reforma-da-previdencia\/","og_site_name":"PSOL 50","article_publisher":"https:\/\/www.facebook.com\/psol50","article_published_time":"2017-03-22T20:52:00+00:00","og_image":[{"width":1350,"height":900,"url":"https:\/\/psol50.org.br\/inc\/uploads\/2018\/07\/capa.png","type":"image\/png"}],"author":"Comunica\u00e7\u00e3o PSOL","twitter_card":"summary_large_image","twitter_creator":"@psol50","twitter_site":"@psol50","twitter_misc":{"Escrito por":"Comunica\u00e7\u00e3o PSOL","Est. tempo de leitura":"3 minutos"},"schema":{"@context":"https:\/\/schema.org","@graph":[{"@type":"Article","@id":"https:\/\/psol50.org.br\/recuo-de-temer-mostra-que-o-povo-pode-barrar-a-reforma-da-previdencia\/#article","isPartOf":{"@id":"https:\/\/psol50.org.br\/recuo-de-temer-mostra-que-o-povo-pode-barrar-a-reforma-da-previdencia\/"},"author":{"name":"Comunica\u00e7\u00e3o PSOL","@id":"https:\/\/psol50.org.br\/#\/schema\/person\/475dfa57d0b815993c714c2e96491fcd"},"headline":"Recuo de Temer mostra que o povo pode barrar a reforma da Previd\u00eancia","datePublished":"2017-03-22T20:52:00+00:00","mainEntityOfPage":{"@id":"https:\/\/psol50.org.br\/recuo-de-temer-mostra-que-o-povo-pode-barrar-a-reforma-da-previdencia\/"},"wordCount":638,"commentCount":0,"publisher":{"@id":"https:\/\/psol50.org.br\/#organization"},"image":{"@id":"https:\/\/psol50.org.br\/recuo-de-temer-mostra-que-o-povo-pode-barrar-a-reforma-da-previdencia\/#primaryimage"},"thumbnailUrl":"","keywords":["greve geral","manifesta\u00e7\u00f5es","Michel Temer","PEC 287","reforma da previd\u00eancia"],"articleSection":["Brasil","Not\u00edcias"],"inLanguage":"pt-BR","potentialAction":[{"@type":"CommentAction","name":"Comment","target":["https:\/\/psol50.org.br\/recuo-de-temer-mostra-que-o-povo-pode-barrar-a-reforma-da-previdencia\/#respond"]}]},{"@type":"WebPage","@id":"https:\/\/psol50.org.br\/recuo-de-temer-mostra-que-o-povo-pode-barrar-a-reforma-da-previdencia\/","url":"https:\/\/psol50.org.br\/recuo-de-temer-mostra-que-o-povo-pode-barrar-a-reforma-da-previdencia\/","name":"Recuo de Temer mostra que o povo pode barrar a reforma da Previd\u00eancia - PSOL 50","isPartOf":{"@id":"https:\/\/psol50.org.br\/#website"},"primaryImageOfPage":{"@id":"https:\/\/psol50.org.br\/recuo-de-temer-mostra-que-o-povo-pode-barrar-a-reforma-da-previdencia\/#primaryimage"},"image":{"@id":"https:\/\/psol50.org.br\/recuo-de-temer-mostra-que-o-povo-pode-barrar-a-reforma-da-previdencia\/#primaryimage"},"thumbnailUrl":"","datePublished":"2017-03-22T20:52:00+00:00","breadcrumb":{"@id":"https:\/\/psol50.org.br\/recuo-de-temer-mostra-que-o-povo-pode-barrar-a-reforma-da-previdencia\/#breadcrumb"},"inLanguage":"pt-BR","potentialAction":[{"@type":"ReadAction","target":["https:\/\/psol50.org.br\/recuo-de-temer-mostra-que-o-povo-pode-barrar-a-reforma-da-previdencia\/"]}]},{"@type":"ImageObject","inLanguage":"pt-BR","@id":"https:\/\/psol50.org.br\/recuo-de-temer-mostra-que-o-povo-pode-barrar-a-reforma-da-previdencia\/#primaryimage","url":"","contentUrl":""},{"@type":"BreadcrumbList","@id":"https:\/\/psol50.org.br\/recuo-de-temer-mostra-que-o-povo-pode-barrar-a-reforma-da-previdencia\/#breadcrumb","itemListElement":[{"@type":"ListItem","position":1,"name":"In\u00edcio","item":"https:\/\/psol50.org.br\/"},{"@type":"ListItem","position":2,"name":"Recuo de Temer mostra que o povo pode barrar a reforma da Previd\u00eancia"}]},{"@type":"WebSite","@id":"https:\/\/psol50.org.br\/#website","url":"https:\/\/psol50.org.br\/","name":"PSOL 50","description":"Site oficial do Partido Socialismo e Liberdade","publisher":{"@id":"https:\/\/psol50.org.br\/#organization"},"alternateName":"PSOL50","potentialAction":[{"@type":"SearchAction","target":{"@type":"EntryPoint","urlTemplate":"https:\/\/psol50.org.br\/?s={search_term_string}"},"query-input":{"@type":"PropertyValueSpecification","valueRequired":true,"valueName":"search_term_string"}}],"inLanguage":"pt-BR"},{"@type":"Organization","@id":"https:\/\/psol50.org.br\/#organization","name":"PSOL 50","alternateName":"PSOL 50","url":"https:\/\/psol50.org.br\/","logo":{"@type":"ImageObject","inLanguage":"pt-BR","@id":"https:\/\/psol50.org.br\/#\/schema\/logo\/image\/","url":"https:\/\/psol50.org.br\/inc\/uploads\/2018\/07\/capa.png","contentUrl":"https:\/\/psol50.org.br\/inc\/uploads\/2018\/07\/capa.png","width":1350,"height":900,"caption":"PSOL 50"},"image":{"@id":"https:\/\/psol50.org.br\/#\/schema\/logo\/image\/"},"sameAs":["https:\/\/www.facebook.com\/psol50","https:\/\/x.com\/psol50","https:\/\/www.instagram.com\/psol50\/","https:\/\/www.youtube.com\/channel\/UC7SnJS5o1os7a6CaiNabzcg"]},{"@type":"Person","@id":"https:\/\/psol50.org.br\/#\/schema\/person\/475dfa57d0b815993c714c2e96491fcd","name":"Comunica\u00e7\u00e3o PSOL","image":{"@type":"ImageObject","inLanguage":"pt-BR","@id":"https:\/\/psol50.org.br\/#\/schema\/person\/image\/","url":"https:\/\/secure.gravatar.com\/avatar\/b34fc4f4e468a4e51785917065a3db57b841f5c95dba6ad8c73aaf8f66f8f9bf?s=96&d=mm&r=g","contentUrl":"https:\/\/secure.gravatar.com\/avatar\/b34fc4f4e468a4e51785917065a3db57b841f5c95dba6ad8c73aaf8f66f8f9bf?s=96&d=mm&r=g","caption":"Comunica\u00e7\u00e3o PSOL"}}]}},"_links":{"self":[{"href":"https:\/\/psol50.org.br\/rest\/wp\/v2\/posts\/15662","targetHints":{"allow":["GET"]}}],"collection":[{"href":"https:\/\/psol50.org.br\/rest\/wp\/v2\/posts"}],"about":[{"href":"https:\/\/psol50.org.br\/rest\/wp\/v2\/types\/post"}],"author":[{"embeddable":true,"href":"https:\/\/psol50.org.br\/rest\/wp\/v2\/users\/2"}],"replies":[{"embeddable":true,"href":"https:\/\/psol50.org.br\/rest\/wp\/v2\/comments?post=15662"}],"version-history":[{"count":0,"href":"https:\/\/psol50.org.br\/rest\/wp\/v2\/posts\/15662\/revisions"}],"wp:featuredmedia":[{"embeddable":true,"href":"https:\/\/psol50.org.br\/rest\/"}],"wp:attachment":[{"href":"https:\/\/psol50.org.br\/rest\/wp\/v2\/media?parent=15662"}],"wp:term":[{"taxonomy":"category","embeddable":true,"href":"https:\/\/psol50.org.br\/rest\/wp\/v2\/categories?post=15662"},{"taxonomy":"post_tag","embeddable":true,"href":"https:\/\/psol50.org.br\/rest\/wp\/v2\/tags?post=15662"}],"curies":[{"name":"wp","href":"https:\/\/api.w.org\/{rel}","templated":true}]}}