{"id":15672,"date":"2017-03-23T13:50:06","date_gmt":"2017-03-23T13:50:06","guid":{"rendered":"http:\/\/www.psol50.org.br\/?p=15672"},"modified":"2017-03-23T13:50:06","modified_gmt":"2017-03-23T13:50:06","slug":"pl-de-jean-wyllys-tenta-garantir-que-salario-minimo-atenda-melhor-trabalhadores-de-baixa-renda","status":"publish","type":"post","link":"https:\/\/psol50.org.br\/pl-de-jean-wyllys-tenta-garantir-que-salario-minimo-atenda-melhor-trabalhadores-de-baixa-renda\/","title":{"rendered":"PL de Jean Wyllys tenta garantir que sal\u00e1rio m\u00ednimo atenda melhor trabalhadores de baixa renda"},"content":{"rendered":"<p>O deputado federal do PSOL Jean Wyllys (RJ) apresentou nesta quarta-feira (22\/03), \u00e0 C\u00e2mara dos Deputados, o <a href=\"http:\/\/www.camara.gov.br\/proposicoesWeb\/prop_mostrarintegra;jsessionid=1D635FABBB9F729E32F604030D2F4C6A.proposicoesWebExterno1?codteor=1536728&amp;filename=PL+7199\/2017\" target=\"_blank\" rel=\"noopener\"><strong><span style=\"color: #0000ff\">Projeto de Lei n\u00ba 7199\/2017<\/span><\/strong><\/a>, que altera a Lei n\u00ba 13.152\/2015, referente \u00e0 pol\u00edtica de valoriza\u00e7\u00e3o do sal\u00e1rio-m\u00ednimo e dos benef\u00edcios pagos pelo Regime Geral de Previd\u00eancia Social (RGPS) para o per\u00edodo de 2016 a 2019. Na proposta, o parlamentar sugere que seja inclu\u00eddo como par\u00e2metro para o reajuste o \u00cdndice de Pre\u00e7os ao Consumidor \u2013 Classe 1 (IPC-C1).<\/p>\n<p>Wyllys explica que hoje o sal\u00e1rio m\u00ednimo \u00e9 reajustado com base no \u00cdndice Nacional de Pre\u00e7os ao Consumidor (INPC) do ano anterior, somado com a varia\u00e7\u00e3o do PIB de dois anos antes. No entanto, a popula\u00e7\u00e3o de baixa renda muitas vezes sofre uma press\u00e3o inflacion\u00e1ria maior do que o restante da popula\u00e7\u00e3o, o que esse \u00edndice n\u00e3o leva em considera\u00e7\u00e3o. Por isso, no PL 7199\/2017 o deputado do PSOL prop\u00f5e incluir no c\u00e1lculo de reajuste do sal\u00e1rio m\u00ednimo um \u00edndice que calcula justamente a infla\u00e7\u00e3o que pesa sobre os mais pobres, no caso o \u00cdndice de Pre\u00e7os ao Consumidor &#8211; Classe 1.<\/p>\n<p>Caso o PL 7199\/2017 seja aprovado, os dois \u00edndices continuar\u00e3o valendo, mas na hora do c\u00e1lculo do reajuste ser\u00e1 aplicado aquele que tiver uma varia\u00e7\u00e3o maior. Isso cria um mecanismo eficaz para evitar a deteriora\u00e7\u00e3o do sal\u00e1rio m\u00ednimo ao longo dos anos.<\/p>\n<p>Como exemplo, o deputado lembra que o aumento de 2017 foi de R$57,00. Se o projeto de lei estivesse em vigor, o aumento teria sido de R$85,24, ou seja, 49,5% maior. No ano, considerando 13\u00ba sal\u00e1rio e f\u00e9rias, a diferen\u00e7a seria de quase R$370,00.<\/p>\n<p>\u201cEsse projeto nem de longe soluciona a indec\u00eancia da subvaloriza\u00e7\u00e3o do sal\u00e1rio m\u00ednimo, que segundo o Dieese (Departamento Intersindical de Economia e Estat\u00edstica) deveria ser de R$ 3.658,72, mas pretende proteger aquilo que, com muito suor, sangue e luta, o povo brasileiro conquistou\u201d, afirma o deputado.<\/p>\n<p>Considerando as informa\u00e7\u00f5es da Pesquisa Nacional por Amostra de Domic\u00edlio de 2013 (PNAD-2013), o PL 7199\/17 beneficiaria cerca de 24,4 milh\u00f5es de trabalhadores que recebem at\u00e9 um sal\u00e1rio m\u00ednimo. A estes se somam aproximadamente 22,4 milh\u00f5es de pessoas que recebem benef\u00edcios previdenci\u00e1rios ou assistenciais pagos pela Previd\u00eancia Social. Ou seja, o PL 7199\/2017, quando aprovado, beneficiar\u00e1 pelo menos 46,8 milh\u00f5es de trabalhadores brasileiros.<\/p>\n<p>&nbsp;<\/p>\n","protected":false},"excerpt":{"rendered":"<p>O deputado federal do PSOL Jean Wyllys (RJ) apresentou nesta quarta-feira (22\/03), \u00e0 C\u00e2mara dos Deputados, o Projeto de Lei n\u00ba 7199\/2017, que altera a Lei n\u00ba 13.152\/2015, referente \u00e0 pol\u00edtica de valoriza\u00e7\u00e3o do sal\u00e1rio-m\u00ednimo e dos benef\u00edcios pagos pelo Regime Geral de Previd\u00eancia Social (RGPS) para o per\u00edodo de 2016 a 2019. Na proposta, [&hellip;]<\/p>\n","protected":false},"author":2,"featured_media":15673,"comment_status":"open","ping_status":"open","sticky":false,"template":"","format":"standard","meta":{"_acf_changed":false,"footnotes":""},"categories":[10,1882,6,14],"tags":[2981,2982,663,2983,2984,22,621,2985,222],"class_list":{"0":"post-15672","1":"post","2":"type-post","3":"status-publish","4":"format-standard","5":"has-post-thumbnail","7":"category-acao-parlamentares","8":"category-brasil","9":"category-noticias","10":"category-partido","11":"tag-inpc","12":"tag-ipc-c1","13":"tag-jean-wyllys","14":"tag-pl-71992017","15":"tag-populacao-de-baixa-renda","16":"tag-psol","17":"tag-reajuste","18":"tag-salario-minimo","19":"tag-trabalhadores"},"acf":[],"yoast_head":"<!-- This site is optimized with the Yoast SEO plugin v26.5 - https:\/\/yoast.com\/wordpress\/plugins\/seo\/ -->\n<title>PL de Jean Wyllys tenta garantir que sal\u00e1rio m\u00ednimo atenda melhor trabalhadores de baixa renda - PSOL 50<\/title>\n<meta name=\"robots\" content=\"index, follow, max-snippet:-1, max-image-preview:large, max-video-preview:-1\" \/>\n<link rel=\"canonical\" href=\"https:\/\/psol50.org.br\/pl-de-jean-wyllys-tenta-garantir-que-salario-minimo-atenda-melhor-trabalhadores-de-baixa-renda\/\" \/>\n<meta property=\"og:locale\" content=\"pt_BR\" \/>\n<meta property=\"og:type\" content=\"article\" \/>\n<meta property=\"og:title\" content=\"PL de Jean Wyllys tenta garantir que sal\u00e1rio m\u00ednimo atenda melhor trabalhadores de baixa renda - PSOL 50\" \/>\n<meta property=\"og:description\" content=\"O deputado federal do PSOL Jean Wyllys (RJ) apresentou nesta quarta-feira (22\/03), \u00e0 C\u00e2mara dos Deputados, o Projeto de Lei n\u00ba 7199\/2017, que altera a Lei n\u00ba 13.152\/2015, referente \u00e0 pol\u00edtica de valoriza\u00e7\u00e3o do sal\u00e1rio-m\u00ednimo e dos benef\u00edcios pagos pelo Regime Geral de Previd\u00eancia Social (RGPS) para o per\u00edodo de 2016 a 2019. Na proposta, [&hellip;]\" \/>\n<meta property=\"og:url\" content=\"https:\/\/psol50.org.br\/pl-de-jean-wyllys-tenta-garantir-que-salario-minimo-atenda-melhor-trabalhadores-de-baixa-renda\/\" \/>\n<meta property=\"og:site_name\" content=\"PSOL 50\" \/>\n<meta property=\"article:publisher\" content=\"https:\/\/www.facebook.com\/psol50\" \/>\n<meta property=\"article:published_time\" content=\"2017-03-23T13:50:06+00:00\" \/>\n<meta property=\"og:image\" content=\"https:\/\/psol50.org.br\/inc\/uploads\/2018\/07\/capa.png\" \/>\n\t<meta property=\"og:image:width\" content=\"1350\" \/>\n\t<meta property=\"og:image:height\" content=\"900\" \/>\n\t<meta property=\"og:image:type\" content=\"image\/png\" \/>\n<meta name=\"author\" content=\"Comunica\u00e7\u00e3o PSOL\" \/>\n<meta name=\"twitter:card\" content=\"summary_large_image\" \/>\n<meta name=\"twitter:creator\" content=\"@psol50\" \/>\n<meta name=\"twitter:site\" content=\"@psol50\" \/>\n<meta name=\"twitter:label1\" content=\"Escrito por\" \/>\n\t<meta name=\"twitter:data1\" content=\"Comunica\u00e7\u00e3o PSOL\" \/>\n\t<meta name=\"twitter:label2\" content=\"Est. tempo de leitura\" \/>\n\t<meta name=\"twitter:data2\" content=\"2 minutos\" \/>\n<script type=\"application\/ld+json\" class=\"yoast-schema-graph\">{\"@context\":\"https:\/\/schema.org\",\"@graph\":[{\"@type\":\"Article\",\"@id\":\"https:\/\/psol50.org.br\/pl-de-jean-wyllys-tenta-garantir-que-salario-minimo-atenda-melhor-trabalhadores-de-baixa-renda\/#article\",\"isPartOf\":{\"@id\":\"https:\/\/psol50.org.br\/pl-de-jean-wyllys-tenta-garantir-que-salario-minimo-atenda-melhor-trabalhadores-de-baixa-renda\/\"},\"author\":{\"name\":\"Comunica\u00e7\u00e3o PSOL\",\"@id\":\"https:\/\/psol50.org.br\/#\/schema\/person\/475dfa57d0b815993c714c2e96491fcd\"},\"headline\":\"PL de Jean Wyllys tenta garantir que sal\u00e1rio m\u00ednimo atenda melhor trabalhadores de baixa renda\",\"datePublished\":\"2017-03-23T13:50:06+00:00\",\"mainEntityOfPage\":{\"@id\":\"https:\/\/psol50.org.br\/pl-de-jean-wyllys-tenta-garantir-que-salario-minimo-atenda-melhor-trabalhadores-de-baixa-renda\/\"},\"wordCount\":419,\"commentCount\":0,\"publisher\":{\"@id\":\"https:\/\/psol50.org.br\/#organization\"},\"image\":{\"@id\":\"https:\/\/psol50.org.br\/pl-de-jean-wyllys-tenta-garantir-que-salario-minimo-atenda-melhor-trabalhadores-de-baixa-renda\/#primaryimage\"},\"thumbnailUrl\":\"\",\"keywords\":[\"INPC\",\"IPC-C1\",\"Jean Wyllys\",\"PL 7199\/2017\",\"popula\u00e7\u00e3o de baixa renda\",\"PSOL\",\"reajuste\",\"sal\u00e1rio m\u00ednimo\",\"trabalhadores\"],\"articleSection\":[\"A\u00e7\u00e3o Parlamentar\",\"Brasil\",\"Not\u00edcias\",\"Partido\"],\"inLanguage\":\"pt-BR\",\"potentialAction\":[{\"@type\":\"CommentAction\",\"name\":\"Comment\",\"target\":[\"https:\/\/psol50.org.br\/pl-de-jean-wyllys-tenta-garantir-que-salario-minimo-atenda-melhor-trabalhadores-de-baixa-renda\/#respond\"]}]},{\"@type\":\"WebPage\",\"@id\":\"https:\/\/psol50.org.br\/pl-de-jean-wyllys-tenta-garantir-que-salario-minimo-atenda-melhor-trabalhadores-de-baixa-renda\/\",\"url\":\"https:\/\/psol50.org.br\/pl-de-jean-wyllys-tenta-garantir-que-salario-minimo-atenda-melhor-trabalhadores-de-baixa-renda\/\",\"name\":\"PL de Jean Wyllys tenta garantir que sal\u00e1rio m\u00ednimo atenda melhor trabalhadores de baixa renda - PSOL 50\",\"isPartOf\":{\"@id\":\"https:\/\/psol50.org.br\/#website\"},\"primaryImageOfPage\":{\"@id\":\"https:\/\/psol50.org.br\/pl-de-jean-wyllys-tenta-garantir-que-salario-minimo-atenda-melhor-trabalhadores-de-baixa-renda\/#primaryimage\"},\"image\":{\"@id\":\"https:\/\/psol50.org.br\/pl-de-jean-wyllys-tenta-garantir-que-salario-minimo-atenda-melhor-trabalhadores-de-baixa-renda\/#primaryimage\"},\"thumbnailUrl\":\"\",\"datePublished\":\"2017-03-23T13:50:06+00:00\",\"breadcrumb\":{\"@id\":\"https:\/\/psol50.org.br\/pl-de-jean-wyllys-tenta-garantir-que-salario-minimo-atenda-melhor-trabalhadores-de-baixa-renda\/#breadcrumb\"},\"inLanguage\":\"pt-BR\",\"potentialAction\":[{\"@type\":\"ReadAction\",\"target\":[\"https:\/\/psol50.org.br\/pl-de-jean-wyllys-tenta-garantir-que-salario-minimo-atenda-melhor-trabalhadores-de-baixa-renda\/\"]}]},{\"@type\":\"ImageObject\",\"inLanguage\":\"pt-BR\",\"@id\":\"https:\/\/psol50.org.br\/pl-de-jean-wyllys-tenta-garantir-que-salario-minimo-atenda-melhor-trabalhadores-de-baixa-renda\/#primaryimage\",\"url\":\"\",\"contentUrl\":\"\"},{\"@type\":\"BreadcrumbList\",\"@id\":\"https:\/\/psol50.org.br\/pl-de-jean-wyllys-tenta-garantir-que-salario-minimo-atenda-melhor-trabalhadores-de-baixa-renda\/#breadcrumb\",\"itemListElement\":[{\"@type\":\"ListItem\",\"position\":1,\"name\":\"In\u00edcio\",\"item\":\"https:\/\/psol50.org.br\/\"},{\"@type\":\"ListItem\",\"position\":2,\"name\":\"PL de Jean Wyllys tenta garantir que sal\u00e1rio m\u00ednimo atenda melhor trabalhadores de baixa renda\"}]},{\"@type\":\"WebSite\",\"@id\":\"https:\/\/psol50.org.br\/#website\",\"url\":\"https:\/\/psol50.org.br\/\",\"name\":\"PSOL 50\",\"description\":\"Site oficial do Partido Socialismo e Liberdade\",\"publisher\":{\"@id\":\"https:\/\/psol50.org.br\/#organization\"},\"alternateName\":\"PSOL50\",\"potentialAction\":[{\"@type\":\"SearchAction\",\"target\":{\"@type\":\"EntryPoint\",\"urlTemplate\":\"https:\/\/psol50.org.br\/?s={search_term_string}\"},\"query-input\":{\"@type\":\"PropertyValueSpecification\",\"valueRequired\":true,\"valueName\":\"search_term_string\"}}],\"inLanguage\":\"pt-BR\"},{\"@type\":\"Organization\",\"@id\":\"https:\/\/psol50.org.br\/#organization\",\"name\":\"PSOL 50\",\"alternateName\":\"PSOL 50\",\"url\":\"https:\/\/psol50.org.br\/\",\"logo\":{\"@type\":\"ImageObject\",\"inLanguage\":\"pt-BR\",\"@id\":\"https:\/\/psol50.org.br\/#\/schema\/logo\/image\/\",\"url\":\"https:\/\/psol50.org.br\/inc\/uploads\/2018\/07\/capa.png\",\"contentUrl\":\"https:\/\/psol50.org.br\/inc\/uploads\/2018\/07\/capa.png\",\"width\":1350,\"height\":900,\"caption\":\"PSOL 50\"},\"image\":{\"@id\":\"https:\/\/psol50.org.br\/#\/schema\/logo\/image\/\"},\"sameAs\":[\"https:\/\/www.facebook.com\/psol50\",\"https:\/\/x.com\/psol50\",\"https:\/\/www.instagram.com\/psol50\/\",\"https:\/\/www.youtube.com\/channel\/UC7SnJS5o1os7a6CaiNabzcg\"]},{\"@type\":\"Person\",\"@id\":\"https:\/\/psol50.org.br\/#\/schema\/person\/475dfa57d0b815993c714c2e96491fcd\",\"name\":\"Comunica\u00e7\u00e3o PSOL\",\"image\":{\"@type\":\"ImageObject\",\"inLanguage\":\"pt-BR\",\"@id\":\"https:\/\/psol50.org.br\/#\/schema\/person\/image\/\",\"url\":\"https:\/\/secure.gravatar.com\/avatar\/b34fc4f4e468a4e51785917065a3db57b841f5c95dba6ad8c73aaf8f66f8f9bf?s=96&d=mm&r=g\",\"contentUrl\":\"https:\/\/secure.gravatar.com\/avatar\/b34fc4f4e468a4e51785917065a3db57b841f5c95dba6ad8c73aaf8f66f8f9bf?s=96&d=mm&r=g\",\"caption\":\"Comunica\u00e7\u00e3o PSOL\"}}]}<\/script>\n<!-- \/ Yoast SEO plugin. -->","yoast_head_json":{"title":"PL de Jean Wyllys tenta garantir que sal\u00e1rio m\u00ednimo atenda melhor trabalhadores de baixa renda - PSOL 50","robots":{"index":"index","follow":"follow","max-snippet":"max-snippet:-1","max-image-preview":"max-image-preview:large","max-video-preview":"max-video-preview:-1"},"canonical":"https:\/\/psol50.org.br\/pl-de-jean-wyllys-tenta-garantir-que-salario-minimo-atenda-melhor-trabalhadores-de-baixa-renda\/","og_locale":"pt_BR","og_type":"article","og_title":"PL de Jean Wyllys tenta garantir que sal\u00e1rio m\u00ednimo atenda melhor trabalhadores de baixa renda - PSOL 50","og_description":"O deputado federal do PSOL Jean Wyllys (RJ) apresentou nesta quarta-feira (22\/03), \u00e0 C\u00e2mara dos Deputados, o Projeto de Lei n\u00ba 7199\/2017, que altera a Lei n\u00ba 13.152\/2015, referente \u00e0 pol\u00edtica de valoriza\u00e7\u00e3o do sal\u00e1rio-m\u00ednimo e dos benef\u00edcios pagos pelo Regime Geral de Previd\u00eancia Social (RGPS) para o per\u00edodo de 2016 a 2019. Na proposta, [&hellip;]","og_url":"https:\/\/psol50.org.br\/pl-de-jean-wyllys-tenta-garantir-que-salario-minimo-atenda-melhor-trabalhadores-de-baixa-renda\/","og_site_name":"PSOL 50","article_publisher":"https:\/\/www.facebook.com\/psol50","article_published_time":"2017-03-23T13:50:06+00:00","og_image":[{"width":1350,"height":900,"url":"https:\/\/psol50.org.br\/inc\/uploads\/2018\/07\/capa.png","type":"image\/png"}],"author":"Comunica\u00e7\u00e3o PSOL","twitter_card":"summary_large_image","twitter_creator":"@psol50","twitter_site":"@psol50","twitter_misc":{"Escrito por":"Comunica\u00e7\u00e3o PSOL","Est. tempo de leitura":"2 minutos"},"schema":{"@context":"https:\/\/schema.org","@graph":[{"@type":"Article","@id":"https:\/\/psol50.org.br\/pl-de-jean-wyllys-tenta-garantir-que-salario-minimo-atenda-melhor-trabalhadores-de-baixa-renda\/#article","isPartOf":{"@id":"https:\/\/psol50.org.br\/pl-de-jean-wyllys-tenta-garantir-que-salario-minimo-atenda-melhor-trabalhadores-de-baixa-renda\/"},"author":{"name":"Comunica\u00e7\u00e3o PSOL","@id":"https:\/\/psol50.org.br\/#\/schema\/person\/475dfa57d0b815993c714c2e96491fcd"},"headline":"PL de Jean Wyllys tenta garantir que sal\u00e1rio m\u00ednimo atenda melhor trabalhadores de baixa renda","datePublished":"2017-03-23T13:50:06+00:00","mainEntityOfPage":{"@id":"https:\/\/psol50.org.br\/pl-de-jean-wyllys-tenta-garantir-que-salario-minimo-atenda-melhor-trabalhadores-de-baixa-renda\/"},"wordCount":419,"commentCount":0,"publisher":{"@id":"https:\/\/psol50.org.br\/#organization"},"image":{"@id":"https:\/\/psol50.org.br\/pl-de-jean-wyllys-tenta-garantir-que-salario-minimo-atenda-melhor-trabalhadores-de-baixa-renda\/#primaryimage"},"thumbnailUrl":"","keywords":["INPC","IPC-C1","Jean Wyllys","PL 7199\/2017","popula\u00e7\u00e3o de baixa renda","PSOL","reajuste","sal\u00e1rio m\u00ednimo","trabalhadores"],"articleSection":["A\u00e7\u00e3o Parlamentar","Brasil","Not\u00edcias","Partido"],"inLanguage":"pt-BR","potentialAction":[{"@type":"CommentAction","name":"Comment","target":["https:\/\/psol50.org.br\/pl-de-jean-wyllys-tenta-garantir-que-salario-minimo-atenda-melhor-trabalhadores-de-baixa-renda\/#respond"]}]},{"@type":"WebPage","@id":"https:\/\/psol50.org.br\/pl-de-jean-wyllys-tenta-garantir-que-salario-minimo-atenda-melhor-trabalhadores-de-baixa-renda\/","url":"https:\/\/psol50.org.br\/pl-de-jean-wyllys-tenta-garantir-que-salario-minimo-atenda-melhor-trabalhadores-de-baixa-renda\/","name":"PL de Jean Wyllys tenta garantir que sal\u00e1rio m\u00ednimo atenda melhor trabalhadores de baixa renda - PSOL 50","isPartOf":{"@id":"https:\/\/psol50.org.br\/#website"},"primaryImageOfPage":{"@id":"https:\/\/psol50.org.br\/pl-de-jean-wyllys-tenta-garantir-que-salario-minimo-atenda-melhor-trabalhadores-de-baixa-renda\/#primaryimage"},"image":{"@id":"https:\/\/psol50.org.br\/pl-de-jean-wyllys-tenta-garantir-que-salario-minimo-atenda-melhor-trabalhadores-de-baixa-renda\/#primaryimage"},"thumbnailUrl":"","datePublished":"2017-03-23T13:50:06+00:00","breadcrumb":{"@id":"https:\/\/psol50.org.br\/pl-de-jean-wyllys-tenta-garantir-que-salario-minimo-atenda-melhor-trabalhadores-de-baixa-renda\/#breadcrumb"},"inLanguage":"pt-BR","potentialAction":[{"@type":"ReadAction","target":["https:\/\/psol50.org.br\/pl-de-jean-wyllys-tenta-garantir-que-salario-minimo-atenda-melhor-trabalhadores-de-baixa-renda\/"]}]},{"@type":"ImageObject","inLanguage":"pt-BR","@id":"https:\/\/psol50.org.br\/pl-de-jean-wyllys-tenta-garantir-que-salario-minimo-atenda-melhor-trabalhadores-de-baixa-renda\/#primaryimage","url":"","contentUrl":""},{"@type":"BreadcrumbList","@id":"https:\/\/psol50.org.br\/pl-de-jean-wyllys-tenta-garantir-que-salario-minimo-atenda-melhor-trabalhadores-de-baixa-renda\/#breadcrumb","itemListElement":[{"@type":"ListItem","position":1,"name":"In\u00edcio","item":"https:\/\/psol50.org.br\/"},{"@type":"ListItem","position":2,"name":"PL de Jean Wyllys tenta garantir que sal\u00e1rio m\u00ednimo atenda melhor trabalhadores de baixa renda"}]},{"@type":"WebSite","@id":"https:\/\/psol50.org.br\/#website","url":"https:\/\/psol50.org.br\/","name":"PSOL 50","description":"Site oficial do Partido Socialismo e Liberdade","publisher":{"@id":"https:\/\/psol50.org.br\/#organization"},"alternateName":"PSOL50","potentialAction":[{"@type":"SearchAction","target":{"@type":"EntryPoint","urlTemplate":"https:\/\/psol50.org.br\/?s={search_term_string}"},"query-input":{"@type":"PropertyValueSpecification","valueRequired":true,"valueName":"search_term_string"}}],"inLanguage":"pt-BR"},{"@type":"Organization","@id":"https:\/\/psol50.org.br\/#organization","name":"PSOL 50","alternateName":"PSOL 50","url":"https:\/\/psol50.org.br\/","logo":{"@type":"ImageObject","inLanguage":"pt-BR","@id":"https:\/\/psol50.org.br\/#\/schema\/logo\/image\/","url":"https:\/\/psol50.org.br\/inc\/uploads\/2018\/07\/capa.png","contentUrl":"https:\/\/psol50.org.br\/inc\/uploads\/2018\/07\/capa.png","width":1350,"height":900,"caption":"PSOL 50"},"image":{"@id":"https:\/\/psol50.org.br\/#\/schema\/logo\/image\/"},"sameAs":["https:\/\/www.facebook.com\/psol50","https:\/\/x.com\/psol50","https:\/\/www.instagram.com\/psol50\/","https:\/\/www.youtube.com\/channel\/UC7SnJS5o1os7a6CaiNabzcg"]},{"@type":"Person","@id":"https:\/\/psol50.org.br\/#\/schema\/person\/475dfa57d0b815993c714c2e96491fcd","name":"Comunica\u00e7\u00e3o PSOL","image":{"@type":"ImageObject","inLanguage":"pt-BR","@id":"https:\/\/psol50.org.br\/#\/schema\/person\/image\/","url":"https:\/\/secure.gravatar.com\/avatar\/b34fc4f4e468a4e51785917065a3db57b841f5c95dba6ad8c73aaf8f66f8f9bf?s=96&d=mm&r=g","contentUrl":"https:\/\/secure.gravatar.com\/avatar\/b34fc4f4e468a4e51785917065a3db57b841f5c95dba6ad8c73aaf8f66f8f9bf?s=96&d=mm&r=g","caption":"Comunica\u00e7\u00e3o PSOL"}}]}},"_links":{"self":[{"href":"https:\/\/psol50.org.br\/rest\/wp\/v2\/posts\/15672","targetHints":{"allow":["GET"]}}],"collection":[{"href":"https:\/\/psol50.org.br\/rest\/wp\/v2\/posts"}],"about":[{"href":"https:\/\/psol50.org.br\/rest\/wp\/v2\/types\/post"}],"author":[{"embeddable":true,"href":"https:\/\/psol50.org.br\/rest\/wp\/v2\/users\/2"}],"replies":[{"embeddable":true,"href":"https:\/\/psol50.org.br\/rest\/wp\/v2\/comments?post=15672"}],"version-history":[{"count":0,"href":"https:\/\/psol50.org.br\/rest\/wp\/v2\/posts\/15672\/revisions"}],"wp:featuredmedia":[{"embeddable":true,"href":"https:\/\/psol50.org.br\/rest\/"}],"wp:attachment":[{"href":"https:\/\/psol50.org.br\/rest\/wp\/v2\/media?parent=15672"}],"wp:term":[{"taxonomy":"category","embeddable":true,"href":"https:\/\/psol50.org.br\/rest\/wp\/v2\/categories?post=15672"},{"taxonomy":"post_tag","embeddable":true,"href":"https:\/\/psol50.org.br\/rest\/wp\/v2\/tags?post=15672"}],"curies":[{"name":"wp","href":"https:\/\/api.w.org\/{rel}","templated":true}]}}