{"id":15675,"date":"2017-03-23T15:23:16","date_gmt":"2017-03-23T15:23:16","guid":{"rendered":"http:\/\/www.psol50.org.br\/?p=15675"},"modified":"2017-03-23T15:23:16","modified_gmt":"2017-03-23T15:23:16","slug":"stj-nega-habeas-corpus-entendendo-que-eduardo-cunha-deve-continuar-preso","status":"publish","type":"post","link":"https:\/\/psol50.org.br\/stj-nega-habeas-corpus-entendendo-que-eduardo-cunha-deve-continuar-preso\/","title":{"rendered":"STJ nega habeas corpus, entendendo que Eduardo Cunha deve continuar preso"},"content":{"rendered":"<p>Na \u00faltima ter\u00e7a-feira (21\/03), o Superior Tribunal de Justi\u00e7a (STJ) negou mais um pedido de\u00a0<em>habeas corpus<\/em>\u00a0do ex-deputado Eduardo Cunha (PMDB-RJ), acusado na Opera\u00e7\u00e3o Lava Jato de corrup\u00e7\u00e3o passiva, lavagem de dinheiro e evas\u00e3o de divisas. A decis\u00e3o da Quinta Turma foi tomada ap\u00f3s solicita\u00e7\u00e3o da defesa de Cunha, que argumentava n\u00e3o haver motivos para que o decreto determinasse a pris\u00e3o de Cunha.<\/p>\n<p>O argumento dos advogados de defesa \u00e9 que a liberdade do ex-presidente da C\u00e2mara dos Deputados n\u00e3o traria novos riscos \u00e0s investiga\u00e7\u00f5es. Mas isso n\u00e3o \u00e9 o que pensam os ju\u00edzes do STJ. Para eles, a manuten\u00e7\u00e3o da pris\u00e3o preventiva se justifica pois o r\u00e9u &#8220;faz parte de um sist\u00eamico e profissional esquema de corrup\u00e7\u00e3o&#8221; que trouxe &#8220;preju\u00edzos financeiros milion\u00e1rios&#8221; aos cofres p\u00fablicos.<\/p>\n<p>Eduardo Cunha est\u00e1 preso desde outubro de 2016, um m\u00eas ap\u00f3s ter tido seu mandato de deputado cassado na C\u00e2mara, <a href=\"http:\/\/www.psol50.org.br\/blog\/2016\/09\/13\/em-sessao-historica-eduardo-cunha-finalmente-e-cassado-pela-camara-dos-deputados\/\" target=\"_blank\" rel=\"noopener\"><span style=\"color: #0000ff\"><strong>em uma sess\u00e3o hist\u00f3rica no dia 12 de setembro do ano passado<\/strong><\/span><\/a>. Na ocasi\u00e3o, 450\u00a0parlamentares votaram pela cassa\u00e7\u00e3o, contra dez votos contr\u00e1rios e nove absten\u00e7\u00f5es. Uma vota\u00e7\u00e3o que representou o anseio de milh\u00f5es de brasileiros, que durante quase um ano pediram, em todos os cantos do pa\u00eds, o #ForaCunha.<\/p>\n<p>O processo de cassa\u00e7\u00e3o de Cunha foi o mais longo da hist\u00f3ria da C\u00e2mara dos Deputados. A representa\u00e7\u00e3o\u00a0foi apresentada ao Conselho de \u00c9tica pelo PSOL e pela Rede em outubro de 2015 e se arrastou at\u00e9 a vota\u00e7\u00e3o no plen\u00e1rio em setembro de 2016. Cunha lan\u00e7ou m\u00e3o de v\u00e1rias manobras\u00a0para salvar seu mandato, incluindo seis recursos ao STF e \u00e0 C\u00e2mara dos Deputados e a ren\u00fancia ao cargo de presidente da C\u00e2mara, alegando persegui\u00e7\u00e3o pol\u00edtica.<\/p>\n<p>A decis\u00e3o do STJ n\u00e3o \u00e9 a primeira a negar uma solicita\u00e7\u00e3o de liberdade feita pelo ex-deputado. Em fevereiro deste ano, a maioria dos ministros do Supremo Tribunal Federal decidiu manter a\u00a0<strong><span style=\"color: #0000ff\"><a style=\"color: #0000ff\" href=\"http:\/\/agenciabrasil.ebc.com.br\/politica\/noticia\/2017-02\/maioria-do-supremo-vota-por-manter-prisao-de-eduardo-cunha-na-lava-jato\">pris\u00e3o de Cunha<\/a><\/span><\/strong>. A defesa do r\u00e9u apresentou outro pedido de\u00a0<em>habeas corpus<\/em> ao STF, que ainda n\u00e3o tem data para ser julgado.<\/p>\n<p>Relembre como o ent\u00e3o l\u00edder do PSOL, deputado Ivan Valente (SP), encaminhou o voto do partido na sess\u00e3o hist\u00f3rica que cassou o mandato de Eduardo Cunha.<\/p>\n<div class=\"youtube-embed\" data-video_id=\"k63JCNngoJ4\"><iframe loading=\"lazy\" title=\"Dep. Ivan Valente (PSOL-SP) defende a cassa\u00e7\u00e3o do mandato de Eduardo Cunha\" width=\"696\" height=\"522\" src=\"https:\/\/www.youtube.com\/embed\/k63JCNngoJ4?feature=oembed&#038;enablejsapi=1\" frameborder=\"0\" allow=\"accelerometer; autoplay; clipboard-write; encrypted-media; gyroscope; picture-in-picture\" allowfullscreen><\/iframe><\/div>\n","protected":false},"excerpt":{"rendered":"<p>Na \u00faltima ter\u00e7a-feira (21\/03), o Superior Tribunal de Justi\u00e7a (STJ) negou mais um pedido de\u00a0habeas corpus\u00a0do ex-deputado Eduardo Cunha (PMDB-RJ), acusado na Opera\u00e7\u00e3o Lava Jato de corrup\u00e7\u00e3o passiva, lavagem de dinheiro e evas\u00e3o de divisas. A decis\u00e3o da Quinta Turma foi tomada ap\u00f3s solicita\u00e7\u00e3o da defesa de Cunha, que argumentava n\u00e3o haver motivos para que [&hellip;]<\/p>\n","protected":false},"author":2,"featured_media":15676,"comment_status":"open","ping_status":"open","sticky":false,"template":"","format":"standard","meta":{"_acf_changed":false,"footnotes":""},"categories":[1882,6],"tags":[2986,2987,2890,2918,779,1298,1749,537,1030,22,1685],"class_list":{"0":"post-15675","1":"post","2":"type-post","3":"status-publish","4":"format-standard","5":"has-post-thumbnail","7":"category-brasil","8":"category-noticias","9":"tag-cassado","10":"tag-corrupcao-passiva","11":"tag-eduardo-cunha","12":"tag-evasao-de-divisas","13":"tag-habeas-corpus","14":"tag-lavagem-de-dinheiro","15":"tag-operacao-lava-jato","16":"tag-prisao","17":"tag-processo","18":"tag-psol","19":"tag-stj"},"acf":[],"yoast_head":"<!-- This site is optimized with the Yoast SEO plugin v26.5 - https:\/\/yoast.com\/wordpress\/plugins\/seo\/ -->\n<title>STJ nega habeas corpus, entendendo que Eduardo Cunha deve continuar preso - PSOL 50<\/title>\n<meta name=\"robots\" content=\"index, follow, max-snippet:-1, max-image-preview:large, max-video-preview:-1\" \/>\n<link rel=\"canonical\" href=\"https:\/\/psol50.org.br\/stj-nega-habeas-corpus-entendendo-que-eduardo-cunha-deve-continuar-preso\/\" \/>\n<meta property=\"og:locale\" content=\"pt_BR\" \/>\n<meta property=\"og:type\" content=\"article\" \/>\n<meta property=\"og:title\" content=\"STJ nega habeas corpus, entendendo que Eduardo Cunha deve continuar preso - PSOL 50\" \/>\n<meta property=\"og:description\" content=\"Na \u00faltima ter\u00e7a-feira (21\/03), o Superior Tribunal de Justi\u00e7a (STJ) negou mais um pedido de\u00a0habeas corpus\u00a0do ex-deputado Eduardo Cunha (PMDB-RJ), acusado na Opera\u00e7\u00e3o Lava Jato de corrup\u00e7\u00e3o passiva, lavagem de dinheiro e evas\u00e3o de divisas. A decis\u00e3o da Quinta Turma foi tomada ap\u00f3s solicita\u00e7\u00e3o da defesa de Cunha, que argumentava n\u00e3o haver motivos para que [&hellip;]\" \/>\n<meta property=\"og:url\" content=\"https:\/\/psol50.org.br\/stj-nega-habeas-corpus-entendendo-que-eduardo-cunha-deve-continuar-preso\/\" \/>\n<meta property=\"og:site_name\" content=\"PSOL 50\" \/>\n<meta property=\"article:publisher\" content=\"https:\/\/www.facebook.com\/psol50\" \/>\n<meta property=\"article:published_time\" content=\"2017-03-23T15:23:16+00:00\" \/>\n<meta property=\"og:image\" content=\"https:\/\/psol50.org.br\/inc\/uploads\/2018\/07\/capa.png\" \/>\n\t<meta property=\"og:image:width\" content=\"1350\" \/>\n\t<meta property=\"og:image:height\" content=\"900\" \/>\n\t<meta property=\"og:image:type\" content=\"image\/png\" \/>\n<meta name=\"author\" content=\"Comunica\u00e7\u00e3o PSOL\" \/>\n<meta name=\"twitter:card\" content=\"summary_large_image\" \/>\n<meta name=\"twitter:creator\" content=\"@psol50\" \/>\n<meta name=\"twitter:site\" content=\"@psol50\" \/>\n<meta name=\"twitter:label1\" content=\"Escrito por\" \/>\n\t<meta name=\"twitter:data1\" content=\"Comunica\u00e7\u00e3o PSOL\" \/>\n\t<meta name=\"twitter:label2\" content=\"Est. tempo de leitura\" \/>\n\t<meta name=\"twitter:data2\" content=\"2 minutos\" \/>\n<script type=\"application\/ld+json\" class=\"yoast-schema-graph\">{\"@context\":\"https:\/\/schema.org\",\"@graph\":[{\"@type\":\"Article\",\"@id\":\"https:\/\/psol50.org.br\/stj-nega-habeas-corpus-entendendo-que-eduardo-cunha-deve-continuar-preso\/#article\",\"isPartOf\":{\"@id\":\"https:\/\/psol50.org.br\/stj-nega-habeas-corpus-entendendo-que-eduardo-cunha-deve-continuar-preso\/\"},\"author\":{\"name\":\"Comunica\u00e7\u00e3o PSOL\",\"@id\":\"https:\/\/psol50.org.br\/#\/schema\/person\/475dfa57d0b815993c714c2e96491fcd\"},\"headline\":\"STJ nega habeas corpus, entendendo que Eduardo Cunha deve continuar preso\",\"datePublished\":\"2017-03-23T15:23:16+00:00\",\"mainEntityOfPage\":{\"@id\":\"https:\/\/psol50.org.br\/stj-nega-habeas-corpus-entendendo-que-eduardo-cunha-deve-continuar-preso\/\"},\"wordCount\":425,\"commentCount\":0,\"publisher\":{\"@id\":\"https:\/\/psol50.org.br\/#organization\"},\"image\":{\"@id\":\"https:\/\/psol50.org.br\/stj-nega-habeas-corpus-entendendo-que-eduardo-cunha-deve-continuar-preso\/#primaryimage\"},\"thumbnailUrl\":\"\",\"keywords\":[\"cassado\",\"corrup\u00e7\u00e3o passiva\",\"Eduardo Cunha\",\"evas\u00e3o de divisas\",\"habeas corpus\",\"lavagem de dinheiro\",\"Opera\u00e7\u00e3o Lava-Jato\",\"pris\u00e3o\",\"processo\",\"PSOL\",\"STJ\"],\"articleSection\":[\"Brasil\",\"Not\u00edcias\"],\"inLanguage\":\"pt-BR\",\"potentialAction\":[{\"@type\":\"CommentAction\",\"name\":\"Comment\",\"target\":[\"https:\/\/psol50.org.br\/stj-nega-habeas-corpus-entendendo-que-eduardo-cunha-deve-continuar-preso\/#respond\"]}]},{\"@type\":\"WebPage\",\"@id\":\"https:\/\/psol50.org.br\/stj-nega-habeas-corpus-entendendo-que-eduardo-cunha-deve-continuar-preso\/\",\"url\":\"https:\/\/psol50.org.br\/stj-nega-habeas-corpus-entendendo-que-eduardo-cunha-deve-continuar-preso\/\",\"name\":\"STJ nega habeas corpus, entendendo que Eduardo Cunha deve continuar preso - PSOL 50\",\"isPartOf\":{\"@id\":\"https:\/\/psol50.org.br\/#website\"},\"primaryImageOfPage\":{\"@id\":\"https:\/\/psol50.org.br\/stj-nega-habeas-corpus-entendendo-que-eduardo-cunha-deve-continuar-preso\/#primaryimage\"},\"image\":{\"@id\":\"https:\/\/psol50.org.br\/stj-nega-habeas-corpus-entendendo-que-eduardo-cunha-deve-continuar-preso\/#primaryimage\"},\"thumbnailUrl\":\"\",\"datePublished\":\"2017-03-23T15:23:16+00:00\",\"breadcrumb\":{\"@id\":\"https:\/\/psol50.org.br\/stj-nega-habeas-corpus-entendendo-que-eduardo-cunha-deve-continuar-preso\/#breadcrumb\"},\"inLanguage\":\"pt-BR\",\"potentialAction\":[{\"@type\":\"ReadAction\",\"target\":[\"https:\/\/psol50.org.br\/stj-nega-habeas-corpus-entendendo-que-eduardo-cunha-deve-continuar-preso\/\"]}]},{\"@type\":\"ImageObject\",\"inLanguage\":\"pt-BR\",\"@id\":\"https:\/\/psol50.org.br\/stj-nega-habeas-corpus-entendendo-que-eduardo-cunha-deve-continuar-preso\/#primaryimage\",\"url\":\"\",\"contentUrl\":\"\"},{\"@type\":\"BreadcrumbList\",\"@id\":\"https:\/\/psol50.org.br\/stj-nega-habeas-corpus-entendendo-que-eduardo-cunha-deve-continuar-preso\/#breadcrumb\",\"itemListElement\":[{\"@type\":\"ListItem\",\"position\":1,\"name\":\"In\u00edcio\",\"item\":\"https:\/\/psol50.org.br\/\"},{\"@type\":\"ListItem\",\"position\":2,\"name\":\"STJ nega habeas corpus, entendendo que Eduardo Cunha deve continuar preso\"}]},{\"@type\":\"WebSite\",\"@id\":\"https:\/\/psol50.org.br\/#website\",\"url\":\"https:\/\/psol50.org.br\/\",\"name\":\"PSOL 50\",\"description\":\"Site oficial do Partido Socialismo e Liberdade\",\"publisher\":{\"@id\":\"https:\/\/psol50.org.br\/#organization\"},\"alternateName\":\"PSOL50\",\"potentialAction\":[{\"@type\":\"SearchAction\",\"target\":{\"@type\":\"EntryPoint\",\"urlTemplate\":\"https:\/\/psol50.org.br\/?s={search_term_string}\"},\"query-input\":{\"@type\":\"PropertyValueSpecification\",\"valueRequired\":true,\"valueName\":\"search_term_string\"}}],\"inLanguage\":\"pt-BR\"},{\"@type\":\"Organization\",\"@id\":\"https:\/\/psol50.org.br\/#organization\",\"name\":\"PSOL 50\",\"alternateName\":\"PSOL 50\",\"url\":\"https:\/\/psol50.org.br\/\",\"logo\":{\"@type\":\"ImageObject\",\"inLanguage\":\"pt-BR\",\"@id\":\"https:\/\/psol50.org.br\/#\/schema\/logo\/image\/\",\"url\":\"https:\/\/psol50.org.br\/inc\/uploads\/2018\/07\/capa.png\",\"contentUrl\":\"https:\/\/psol50.org.br\/inc\/uploads\/2018\/07\/capa.png\",\"width\":1350,\"height\":900,\"caption\":\"PSOL 50\"},\"image\":{\"@id\":\"https:\/\/psol50.org.br\/#\/schema\/logo\/image\/\"},\"sameAs\":[\"https:\/\/www.facebook.com\/psol50\",\"https:\/\/x.com\/psol50\",\"https:\/\/www.instagram.com\/psol50\/\",\"https:\/\/www.youtube.com\/channel\/UC7SnJS5o1os7a6CaiNabzcg\"]},{\"@type\":\"Person\",\"@id\":\"https:\/\/psol50.org.br\/#\/schema\/person\/475dfa57d0b815993c714c2e96491fcd\",\"name\":\"Comunica\u00e7\u00e3o PSOL\",\"image\":{\"@type\":\"ImageObject\",\"inLanguage\":\"pt-BR\",\"@id\":\"https:\/\/psol50.org.br\/#\/schema\/person\/image\/\",\"url\":\"https:\/\/secure.gravatar.com\/avatar\/b34fc4f4e468a4e51785917065a3db57b841f5c95dba6ad8c73aaf8f66f8f9bf?s=96&d=mm&r=g\",\"contentUrl\":\"https:\/\/secure.gravatar.com\/avatar\/b34fc4f4e468a4e51785917065a3db57b841f5c95dba6ad8c73aaf8f66f8f9bf?s=96&d=mm&r=g\",\"caption\":\"Comunica\u00e7\u00e3o PSOL\"}}]}<\/script>\n<!-- \/ Yoast SEO plugin. -->","yoast_head_json":{"title":"STJ nega habeas corpus, entendendo que Eduardo Cunha deve continuar preso - PSOL 50","robots":{"index":"index","follow":"follow","max-snippet":"max-snippet:-1","max-image-preview":"max-image-preview:large","max-video-preview":"max-video-preview:-1"},"canonical":"https:\/\/psol50.org.br\/stj-nega-habeas-corpus-entendendo-que-eduardo-cunha-deve-continuar-preso\/","og_locale":"pt_BR","og_type":"article","og_title":"STJ nega habeas corpus, entendendo que Eduardo Cunha deve continuar preso - PSOL 50","og_description":"Na \u00faltima ter\u00e7a-feira (21\/03), o Superior Tribunal de Justi\u00e7a (STJ) negou mais um pedido de\u00a0habeas corpus\u00a0do ex-deputado Eduardo Cunha (PMDB-RJ), acusado na Opera\u00e7\u00e3o Lava Jato de corrup\u00e7\u00e3o passiva, lavagem de dinheiro e evas\u00e3o de divisas. A decis\u00e3o da Quinta Turma foi tomada ap\u00f3s solicita\u00e7\u00e3o da defesa de Cunha, que argumentava n\u00e3o haver motivos para que [&hellip;]","og_url":"https:\/\/psol50.org.br\/stj-nega-habeas-corpus-entendendo-que-eduardo-cunha-deve-continuar-preso\/","og_site_name":"PSOL 50","article_publisher":"https:\/\/www.facebook.com\/psol50","article_published_time":"2017-03-23T15:23:16+00:00","og_image":[{"width":1350,"height":900,"url":"https:\/\/psol50.org.br\/inc\/uploads\/2018\/07\/capa.png","type":"image\/png"}],"author":"Comunica\u00e7\u00e3o PSOL","twitter_card":"summary_large_image","twitter_creator":"@psol50","twitter_site":"@psol50","twitter_misc":{"Escrito por":"Comunica\u00e7\u00e3o PSOL","Est. tempo de leitura":"2 minutos"},"schema":{"@context":"https:\/\/schema.org","@graph":[{"@type":"Article","@id":"https:\/\/psol50.org.br\/stj-nega-habeas-corpus-entendendo-que-eduardo-cunha-deve-continuar-preso\/#article","isPartOf":{"@id":"https:\/\/psol50.org.br\/stj-nega-habeas-corpus-entendendo-que-eduardo-cunha-deve-continuar-preso\/"},"author":{"name":"Comunica\u00e7\u00e3o PSOL","@id":"https:\/\/psol50.org.br\/#\/schema\/person\/475dfa57d0b815993c714c2e96491fcd"},"headline":"STJ nega habeas corpus, entendendo que Eduardo Cunha deve continuar preso","datePublished":"2017-03-23T15:23:16+00:00","mainEntityOfPage":{"@id":"https:\/\/psol50.org.br\/stj-nega-habeas-corpus-entendendo-que-eduardo-cunha-deve-continuar-preso\/"},"wordCount":425,"commentCount":0,"publisher":{"@id":"https:\/\/psol50.org.br\/#organization"},"image":{"@id":"https:\/\/psol50.org.br\/stj-nega-habeas-corpus-entendendo-que-eduardo-cunha-deve-continuar-preso\/#primaryimage"},"thumbnailUrl":"","keywords":["cassado","corrup\u00e7\u00e3o passiva","Eduardo Cunha","evas\u00e3o de divisas","habeas corpus","lavagem de dinheiro","Opera\u00e7\u00e3o Lava-Jato","pris\u00e3o","processo","PSOL","STJ"],"articleSection":["Brasil","Not\u00edcias"],"inLanguage":"pt-BR","potentialAction":[{"@type":"CommentAction","name":"Comment","target":["https:\/\/psol50.org.br\/stj-nega-habeas-corpus-entendendo-que-eduardo-cunha-deve-continuar-preso\/#respond"]}]},{"@type":"WebPage","@id":"https:\/\/psol50.org.br\/stj-nega-habeas-corpus-entendendo-que-eduardo-cunha-deve-continuar-preso\/","url":"https:\/\/psol50.org.br\/stj-nega-habeas-corpus-entendendo-que-eduardo-cunha-deve-continuar-preso\/","name":"STJ nega habeas corpus, entendendo que Eduardo Cunha deve continuar preso - PSOL 50","isPartOf":{"@id":"https:\/\/psol50.org.br\/#website"},"primaryImageOfPage":{"@id":"https:\/\/psol50.org.br\/stj-nega-habeas-corpus-entendendo-que-eduardo-cunha-deve-continuar-preso\/#primaryimage"},"image":{"@id":"https:\/\/psol50.org.br\/stj-nega-habeas-corpus-entendendo-que-eduardo-cunha-deve-continuar-preso\/#primaryimage"},"thumbnailUrl":"","datePublished":"2017-03-23T15:23:16+00:00","breadcrumb":{"@id":"https:\/\/psol50.org.br\/stj-nega-habeas-corpus-entendendo-que-eduardo-cunha-deve-continuar-preso\/#breadcrumb"},"inLanguage":"pt-BR","potentialAction":[{"@type":"ReadAction","target":["https:\/\/psol50.org.br\/stj-nega-habeas-corpus-entendendo-que-eduardo-cunha-deve-continuar-preso\/"]}]},{"@type":"ImageObject","inLanguage":"pt-BR","@id":"https:\/\/psol50.org.br\/stj-nega-habeas-corpus-entendendo-que-eduardo-cunha-deve-continuar-preso\/#primaryimage","url":"","contentUrl":""},{"@type":"BreadcrumbList","@id":"https:\/\/psol50.org.br\/stj-nega-habeas-corpus-entendendo-que-eduardo-cunha-deve-continuar-preso\/#breadcrumb","itemListElement":[{"@type":"ListItem","position":1,"name":"In\u00edcio","item":"https:\/\/psol50.org.br\/"},{"@type":"ListItem","position":2,"name":"STJ nega habeas corpus, entendendo que Eduardo Cunha deve continuar preso"}]},{"@type":"WebSite","@id":"https:\/\/psol50.org.br\/#website","url":"https:\/\/psol50.org.br\/","name":"PSOL 50","description":"Site oficial do Partido Socialismo e Liberdade","publisher":{"@id":"https:\/\/psol50.org.br\/#organization"},"alternateName":"PSOL50","potentialAction":[{"@type":"SearchAction","target":{"@type":"EntryPoint","urlTemplate":"https:\/\/psol50.org.br\/?s={search_term_string}"},"query-input":{"@type":"PropertyValueSpecification","valueRequired":true,"valueName":"search_term_string"}}],"inLanguage":"pt-BR"},{"@type":"Organization","@id":"https:\/\/psol50.org.br\/#organization","name":"PSOL 50","alternateName":"PSOL 50","url":"https:\/\/psol50.org.br\/","logo":{"@type":"ImageObject","inLanguage":"pt-BR","@id":"https:\/\/psol50.org.br\/#\/schema\/logo\/image\/","url":"https:\/\/psol50.org.br\/inc\/uploads\/2018\/07\/capa.png","contentUrl":"https:\/\/psol50.org.br\/inc\/uploads\/2018\/07\/capa.png","width":1350,"height":900,"caption":"PSOL 50"},"image":{"@id":"https:\/\/psol50.org.br\/#\/schema\/logo\/image\/"},"sameAs":["https:\/\/www.facebook.com\/psol50","https:\/\/x.com\/psol50","https:\/\/www.instagram.com\/psol50\/","https:\/\/www.youtube.com\/channel\/UC7SnJS5o1os7a6CaiNabzcg"]},{"@type":"Person","@id":"https:\/\/psol50.org.br\/#\/schema\/person\/475dfa57d0b815993c714c2e96491fcd","name":"Comunica\u00e7\u00e3o PSOL","image":{"@type":"ImageObject","inLanguage":"pt-BR","@id":"https:\/\/psol50.org.br\/#\/schema\/person\/image\/","url":"https:\/\/secure.gravatar.com\/avatar\/b34fc4f4e468a4e51785917065a3db57b841f5c95dba6ad8c73aaf8f66f8f9bf?s=96&d=mm&r=g","contentUrl":"https:\/\/secure.gravatar.com\/avatar\/b34fc4f4e468a4e51785917065a3db57b841f5c95dba6ad8c73aaf8f66f8f9bf?s=96&d=mm&r=g","caption":"Comunica\u00e7\u00e3o PSOL"}}]}},"_links":{"self":[{"href":"https:\/\/psol50.org.br\/rest\/wp\/v2\/posts\/15675","targetHints":{"allow":["GET"]}}],"collection":[{"href":"https:\/\/psol50.org.br\/rest\/wp\/v2\/posts"}],"about":[{"href":"https:\/\/psol50.org.br\/rest\/wp\/v2\/types\/post"}],"author":[{"embeddable":true,"href":"https:\/\/psol50.org.br\/rest\/wp\/v2\/users\/2"}],"replies":[{"embeddable":true,"href":"https:\/\/psol50.org.br\/rest\/wp\/v2\/comments?post=15675"}],"version-history":[{"count":0,"href":"https:\/\/psol50.org.br\/rest\/wp\/v2\/posts\/15675\/revisions"}],"wp:featuredmedia":[{"embeddable":true,"href":"https:\/\/psol50.org.br\/rest\/"}],"wp:attachment":[{"href":"https:\/\/psol50.org.br\/rest\/wp\/v2\/media?parent=15675"}],"wp:term":[{"taxonomy":"category","embeddable":true,"href":"https:\/\/psol50.org.br\/rest\/wp\/v2\/categories?post=15675"},{"taxonomy":"post_tag","embeddable":true,"href":"https:\/\/psol50.org.br\/rest\/wp\/v2\/tags?post=15675"}],"curies":[{"name":"wp","href":"https:\/\/api.w.org\/{rel}","templated":true}]}}