{"id":1568,"date":"2011-06-05T00:00:00","date_gmt":"2011-06-05T00:00:00","guid":{"rendered":"http:\/\/psol50.org.br\/arquivo\/2011\/06\/05\/psol-se-denuncia-vergonhosa-alianca-entre-pt-e-psdb\/"},"modified":"2011-06-05T00:00:00","modified_gmt":"2011-06-05T00:00:00","slug":"psol-se-denuncia-vergonhosa-alianca-entre-pt-e-psdb","status":"publish","type":"post","link":"https:\/\/psol50.org.br\/psol-se-denuncia-vergonhosa-alianca-entre-pt-e-psdb\/","title":{"rendered":"PSOL-SE denuncia vergonhosa alian\u00e7a entre PT e PSDB"},"content":{"rendered":"<div><em><strong><a rel=\"attachment wp-att-8698\" href=\"http:\/\/psol50.org.br\/blog\/2011\/06\/05\/psol-se-denuncia-vergonhosa-alianca-entre-pt-e-psdb\/prefeituraestanciase\/\"><img loading=\"lazy\" decoding=\"async\" class=\"alignleft size-medium wp-image-8698\" src=\"http:\/\/psol50.org.br\/files\/2011\/06\/PrefeituraEst\u00e2nciaSE-300x225.jpg\" alt=\"\" width=\"300\" height=\"225\" \/><\/a><\/strong><\/em><\/div>\n<div><\/div>\n<div><em><strong>Vergonha: O PT de Est\u00e2ncia aliado ao oligarca e prefeito Ivan Leite do PSDB!<\/strong><\/em><\/div>\n<p>Partido dos Trabalhadores, fundado em 1980, oficialmente  reconhecido pelo TSE dois anos depois, tem como seu maior representante  Luiz In\u00e1cio Lula da Silva, criado com o intuito de destruir a  explora\u00e7\u00e3o trabalhista e tornar a sociedade mais justa e  consequentemente digna.<\/p>\n<p>De sonhos e conquistas \u00e0 decep\u00e7\u00f5es e abandonos. O que se pode esperar  mais deste partido que cresceu dizendo ser dos trabalhadores?<\/p>\n<p>Trabalhadores brasileiros sofrem e lutam diariamente por melhores  condi\u00e7\u00f5es de trabalho. E o que pensar quando o \u201cadvers\u00e1rio\u201d dos  trabalhadores explorados \u00e9 justamente um representante eleito do PT?  Podemos exemplificar isso com o que vem acontecendo no Estado de  Sergipe, mais precisamente na cidade de Est\u00e2ncia. Os Servidores P\u00fablicos  Municipais desta cidade vem travando uma luta sofrida para reconquistar  direitos, como tamb\u00e9m reinvidicar melhores sal\u00e1rios, diminui\u00e7\u00e3o de  carga hor\u00e1ria, etc. Os professores municipais tamb\u00e9m tem sofrido muito  com os descasos e desprezos na educa\u00e7\u00e3o, com uma administra\u00e7\u00e3o  ultra-conservadora do prefeito Ivan Leite do PSDB, partido que foi o  principal representante da direita no pa\u00eds, continuidade dos movimentos  conservadores de direita como o ARENA entre outros. Mas qual a rela\u00e7\u00e3o  do PT nisso? Vamos ver.<\/p>\n<p>O governador do Estado, Marcelo D\u00e9da do PT, esteve no \u00ednicio deste  m\u00eas fazendo uma visita \u00e0 constu\u00e7\u00e3o da ponte Jorge Amado na cidade de  Est\u00e2ncia, estava presente entre outros o prefeito da cidade Ivan Leite.  Acontece que em entrevista para um programa de r\u00e1dio, foi perguntado ao  governador sobre uma poss\u00edvel alian\u00e7a com o prefeito de Est\u00e2ncia,  simplesmente as palavras do governador fora \u201cJ\u00e1 estou abra\u00e7ado com ele  aqui neste momento\u201d. Ser\u00e1 que o governador se esqueceu da luta, que ja \u00e9  hist\u00f3rica, de pol\u00edticos de esquerda naquela cidade, muitos inclusive do  PT, contra uma pol\u00edtica conservadora de opress\u00e3o que tem no atual  prefeito um representante leg\u00edtimo? Esqueceu nada!<\/p>\n<p>J\u00e1 n\u00e3o seria a hora de o PT retirar essa m\u00e1scara hip\u00f3crita e assumir  de fato sua posi\u00e7\u00e3o? Poderia come\u00e7ar modificando a sigla do partido,  substituindo o \u201cT\u201d por \u201cB\u201d e ficaria \u201cPartido da Burguesia\u201d, mais  adequado para um partido que sempre manteve la\u00e7os estreitos com os  interesses burgueses, tanto que o vice de Lula foi um grande empres\u00e1rio,  representando os trabalhadores? Estranho.<\/p>\n<p>Voltemos a D\u00e9da e sua alian\u00e7a com conhecidas figuras de direita. Est\u00e1  surgindo um novo partido, o PSD, claramente posicionado em posturas  neo-liberais, ou seja, mais um partido de direita, e est\u00e1 na moda! Em  Sergipe o novo partido d\u00e1 sinal que ser\u00e1 grande, D\u00e9da n\u00e3o quer ficar de  fora da jogada e segundo vem informado na m\u00eddia estadual, o governador  ser\u00e1 o grande comandante pol\u00edtico deste partido em Sergipe que  intregrar\u00e1 seu bloco partid\u00e1rio e inclusive, h\u00e1 fortes ind\u00edcios de que o  prefeito de Est\u00e2ncia migrar\u00e1 para o PSD.<\/p>\n<p>In\u00fameros militantes com hist\u00f3rias de luta tem deixado o PT,  desiludidos de que o partido transforme o Brasil em um pa\u00eds mais justo e  digno, inclusive para os trabalhadores, no entanto, muitos ainda  esperam algo, n\u00e3o sei o qu\u00ea, que venha salvar a ideologia, s\u00f3 uma  pergunta, onde est\u00e1 a reforma agr\u00e1ria? Longe, longe\u2026<\/p>\n<p>O PT hoje \u00e9 uma canoa furada, grande por sinal, que a medida que se  afasta do cais afunda lentamente e quando afundar de vez quem est\u00e1 a  bordo afundar\u00e1 tamb\u00e9m, inevitavelmente o PT \u00e9 essa canoa furada!<\/p>\n<p><a href=\"http:\/\/www.psolsergipe.tk\/\"><em><strong>Clique aqui e veja mais not\u00edcias do PSOL Sergipe. http:\/\/www.psolsergipe.tk\/<\/strong><\/em><\/a><\/p>\n","protected":false},"excerpt":{"rendered":"<p>Vergonha: O PT de Est\u00e2ncia aliado ao oligarca e prefeito Ivan Leite do PSDB! Partido dos Trabalhadores, fundado em 1980, oficialmente reconhecido pelo TSE dois anos depois, tem como seu maior representante Luiz In\u00e1cio Lula da Silva, criado com o intuito de destruir a explora\u00e7\u00e3o trabalhista e tornar a sociedade mais justa e consequentemente digna. [&hellip;]<\/p>\n","protected":false},"author":2,"featured_media":0,"comment_status":"open","ping_status":"open","sticky":false,"template":"","format":"standard","meta":{"_acf_changed":false,"footnotes":""},"categories":[4766],"tags":[],"class_list":{"0":"post-1568","1":"post","2":"type-post","3":"status-publish","4":"format-standard","6":"category-arquivo"},"acf":[],"yoast_head":"<!-- This site is optimized with the Yoast SEO plugin v26.5 - https:\/\/yoast.com\/wordpress\/plugins\/seo\/ -->\n<title>PSOL-SE denuncia vergonhosa alian\u00e7a entre PT e PSDB - PSOL 50<\/title>\n<meta name=\"robots\" content=\"index, follow, max-snippet:-1, max-image-preview:large, max-video-preview:-1\" \/>\n<link rel=\"canonical\" href=\"https:\/\/psol50.org.br\/psol-se-denuncia-vergonhosa-alianca-entre-pt-e-psdb\/\" \/>\n<meta property=\"og:locale\" content=\"pt_BR\" \/>\n<meta property=\"og:type\" content=\"article\" \/>\n<meta property=\"og:title\" content=\"PSOL-SE denuncia vergonhosa alian\u00e7a entre PT e PSDB - PSOL 50\" \/>\n<meta property=\"og:description\" content=\"Vergonha: O PT de Est\u00e2ncia aliado ao oligarca e prefeito Ivan Leite do PSDB! Partido dos Trabalhadores, fundado em 1980, oficialmente reconhecido pelo TSE dois anos depois, tem como seu maior representante Luiz In\u00e1cio Lula da Silva, criado com o intuito de destruir a explora\u00e7\u00e3o trabalhista e tornar a sociedade mais justa e consequentemente digna. [&hellip;]\" \/>\n<meta property=\"og:url\" content=\"https:\/\/psol50.org.br\/psol-se-denuncia-vergonhosa-alianca-entre-pt-e-psdb\/\" \/>\n<meta property=\"og:site_name\" content=\"PSOL 50\" \/>\n<meta property=\"article:publisher\" content=\"https:\/\/www.facebook.com\/psol50\" \/>\n<meta property=\"article:published_time\" content=\"2011-06-05T00:00:00+00:00\" \/>\n<meta property=\"og:image\" content=\"http:\/\/psol50.org.br\/files\/2011\/06\/PrefeituraEst\u00e2nciaSE-300x225.jpg\" \/>\n<meta name=\"author\" content=\"Comunica\u00e7\u00e3o PSOL\" \/>\n<meta name=\"twitter:card\" content=\"summary_large_image\" \/>\n<meta name=\"twitter:creator\" content=\"@psol50\" \/>\n<meta name=\"twitter:site\" content=\"@psol50\" \/>\n<meta name=\"twitter:label1\" content=\"Escrito por\" \/>\n\t<meta name=\"twitter:data1\" content=\"Comunica\u00e7\u00e3o PSOL\" \/>\n\t<meta name=\"twitter:label2\" content=\"Est. tempo de leitura\" \/>\n\t<meta name=\"twitter:data2\" content=\"3 minutos\" \/>\n<script type=\"application\/ld+json\" class=\"yoast-schema-graph\">{\"@context\":\"https:\/\/schema.org\",\"@graph\":[{\"@type\":\"Article\",\"@id\":\"https:\/\/psol50.org.br\/psol-se-denuncia-vergonhosa-alianca-entre-pt-e-psdb\/#article\",\"isPartOf\":{\"@id\":\"https:\/\/psol50.org.br\/psol-se-denuncia-vergonhosa-alianca-entre-pt-e-psdb\/\"},\"author\":{\"name\":\"Comunica\u00e7\u00e3o PSOL\",\"@id\":\"https:\/\/psol50.org.br\/#\/schema\/person\/475dfa57d0b815993c714c2e96491fcd\"},\"headline\":\"PSOL-SE denuncia vergonhosa alian\u00e7a entre PT e PSDB\",\"datePublished\":\"2011-06-05T00:00:00+00:00\",\"mainEntityOfPage\":{\"@id\":\"https:\/\/psol50.org.br\/psol-se-denuncia-vergonhosa-alianca-entre-pt-e-psdb\/\"},\"wordCount\":625,\"commentCount\":0,\"publisher\":{\"@id\":\"https:\/\/psol50.org.br\/#organization\"},\"articleSection\":[\"Arquivo\"],\"inLanguage\":\"pt-BR\",\"potentialAction\":[{\"@type\":\"CommentAction\",\"name\":\"Comment\",\"target\":[\"https:\/\/psol50.org.br\/psol-se-denuncia-vergonhosa-alianca-entre-pt-e-psdb\/#respond\"]}]},{\"@type\":\"WebPage\",\"@id\":\"https:\/\/psol50.org.br\/psol-se-denuncia-vergonhosa-alianca-entre-pt-e-psdb\/\",\"url\":\"https:\/\/psol50.org.br\/psol-se-denuncia-vergonhosa-alianca-entre-pt-e-psdb\/\",\"name\":\"PSOL-SE denuncia vergonhosa alian\u00e7a entre PT e PSDB - PSOL 50\",\"isPartOf\":{\"@id\":\"https:\/\/psol50.org.br\/#website\"},\"datePublished\":\"2011-06-05T00:00:00+00:00\",\"breadcrumb\":{\"@id\":\"https:\/\/psol50.org.br\/psol-se-denuncia-vergonhosa-alianca-entre-pt-e-psdb\/#breadcrumb\"},\"inLanguage\":\"pt-BR\",\"potentialAction\":[{\"@type\":\"ReadAction\",\"target\":[\"https:\/\/psol50.org.br\/psol-se-denuncia-vergonhosa-alianca-entre-pt-e-psdb\/\"]}]},{\"@type\":\"BreadcrumbList\",\"@id\":\"https:\/\/psol50.org.br\/psol-se-denuncia-vergonhosa-alianca-entre-pt-e-psdb\/#breadcrumb\",\"itemListElement\":[{\"@type\":\"ListItem\",\"position\":1,\"name\":\"In\u00edcio\",\"item\":\"https:\/\/psol50.org.br\/\"},{\"@type\":\"ListItem\",\"position\":2,\"name\":\"PSOL-SE denuncia vergonhosa alian\u00e7a entre PT e PSDB\"}]},{\"@type\":\"WebSite\",\"@id\":\"https:\/\/psol50.org.br\/#website\",\"url\":\"https:\/\/psol50.org.br\/\",\"name\":\"PSOL 50\",\"description\":\"Site oficial do Partido Socialismo e Liberdade\",\"publisher\":{\"@id\":\"https:\/\/psol50.org.br\/#organization\"},\"alternateName\":\"PSOL50\",\"potentialAction\":[{\"@type\":\"SearchAction\",\"target\":{\"@type\":\"EntryPoint\",\"urlTemplate\":\"https:\/\/psol50.org.br\/?s={search_term_string}\"},\"query-input\":{\"@type\":\"PropertyValueSpecification\",\"valueRequired\":true,\"valueName\":\"search_term_string\"}}],\"inLanguage\":\"pt-BR\"},{\"@type\":\"Organization\",\"@id\":\"https:\/\/psol50.org.br\/#organization\",\"name\":\"PSOL 50\",\"alternateName\":\"PSOL 50\",\"url\":\"https:\/\/psol50.org.br\/\",\"logo\":{\"@type\":\"ImageObject\",\"inLanguage\":\"pt-BR\",\"@id\":\"https:\/\/psol50.org.br\/#\/schema\/logo\/image\/\",\"url\":\"https:\/\/psol50.org.br\/inc\/uploads\/2018\/07\/capa.png\",\"contentUrl\":\"https:\/\/psol50.org.br\/inc\/uploads\/2018\/07\/capa.png\",\"width\":1350,\"height\":900,\"caption\":\"PSOL 50\"},\"image\":{\"@id\":\"https:\/\/psol50.org.br\/#\/schema\/logo\/image\/\"},\"sameAs\":[\"https:\/\/www.facebook.com\/psol50\",\"https:\/\/x.com\/psol50\",\"https:\/\/www.instagram.com\/psol50\/\",\"https:\/\/www.youtube.com\/channel\/UC7SnJS5o1os7a6CaiNabzcg\"]},{\"@type\":\"Person\",\"@id\":\"https:\/\/psol50.org.br\/#\/schema\/person\/475dfa57d0b815993c714c2e96491fcd\",\"name\":\"Comunica\u00e7\u00e3o PSOL\",\"image\":{\"@type\":\"ImageObject\",\"inLanguage\":\"pt-BR\",\"@id\":\"https:\/\/psol50.org.br\/#\/schema\/person\/image\/\",\"url\":\"https:\/\/secure.gravatar.com\/avatar\/b34fc4f4e468a4e51785917065a3db57b841f5c95dba6ad8c73aaf8f66f8f9bf?s=96&d=mm&r=g\",\"contentUrl\":\"https:\/\/secure.gravatar.com\/avatar\/b34fc4f4e468a4e51785917065a3db57b841f5c95dba6ad8c73aaf8f66f8f9bf?s=96&d=mm&r=g\",\"caption\":\"Comunica\u00e7\u00e3o PSOL\"}}]}<\/script>\n<!-- \/ Yoast SEO plugin. -->","yoast_head_json":{"title":"PSOL-SE denuncia vergonhosa alian\u00e7a entre PT e PSDB - PSOL 50","robots":{"index":"index","follow":"follow","max-snippet":"max-snippet:-1","max-image-preview":"max-image-preview:large","max-video-preview":"max-video-preview:-1"},"canonical":"https:\/\/psol50.org.br\/psol-se-denuncia-vergonhosa-alianca-entre-pt-e-psdb\/","og_locale":"pt_BR","og_type":"article","og_title":"PSOL-SE denuncia vergonhosa alian\u00e7a entre PT e PSDB - PSOL 50","og_description":"Vergonha: O PT de Est\u00e2ncia aliado ao oligarca e prefeito Ivan Leite do PSDB! Partido dos Trabalhadores, fundado em 1980, oficialmente reconhecido pelo TSE dois anos depois, tem como seu maior representante Luiz In\u00e1cio Lula da Silva, criado com o intuito de destruir a explora\u00e7\u00e3o trabalhista e tornar a sociedade mais justa e consequentemente digna. [&hellip;]","og_url":"https:\/\/psol50.org.br\/psol-se-denuncia-vergonhosa-alianca-entre-pt-e-psdb\/","og_site_name":"PSOL 50","article_publisher":"https:\/\/www.facebook.com\/psol50","article_published_time":"2011-06-05T00:00:00+00:00","og_image":[{"url":"http:\/\/psol50.org.br\/files\/2011\/06\/PrefeituraEst\u00e2nciaSE-300x225.jpg","type":"","width":"","height":""}],"author":"Comunica\u00e7\u00e3o PSOL","twitter_card":"summary_large_image","twitter_creator":"@psol50","twitter_site":"@psol50","twitter_misc":{"Escrito por":"Comunica\u00e7\u00e3o PSOL","Est. tempo de leitura":"3 minutos"},"schema":{"@context":"https:\/\/schema.org","@graph":[{"@type":"Article","@id":"https:\/\/psol50.org.br\/psol-se-denuncia-vergonhosa-alianca-entre-pt-e-psdb\/#article","isPartOf":{"@id":"https:\/\/psol50.org.br\/psol-se-denuncia-vergonhosa-alianca-entre-pt-e-psdb\/"},"author":{"name":"Comunica\u00e7\u00e3o PSOL","@id":"https:\/\/psol50.org.br\/#\/schema\/person\/475dfa57d0b815993c714c2e96491fcd"},"headline":"PSOL-SE denuncia vergonhosa alian\u00e7a entre PT e PSDB","datePublished":"2011-06-05T00:00:00+00:00","mainEntityOfPage":{"@id":"https:\/\/psol50.org.br\/psol-se-denuncia-vergonhosa-alianca-entre-pt-e-psdb\/"},"wordCount":625,"commentCount":0,"publisher":{"@id":"https:\/\/psol50.org.br\/#organization"},"articleSection":["Arquivo"],"inLanguage":"pt-BR","potentialAction":[{"@type":"CommentAction","name":"Comment","target":["https:\/\/psol50.org.br\/psol-se-denuncia-vergonhosa-alianca-entre-pt-e-psdb\/#respond"]}]},{"@type":"WebPage","@id":"https:\/\/psol50.org.br\/psol-se-denuncia-vergonhosa-alianca-entre-pt-e-psdb\/","url":"https:\/\/psol50.org.br\/psol-se-denuncia-vergonhosa-alianca-entre-pt-e-psdb\/","name":"PSOL-SE denuncia vergonhosa alian\u00e7a entre PT e PSDB - PSOL 50","isPartOf":{"@id":"https:\/\/psol50.org.br\/#website"},"datePublished":"2011-06-05T00:00:00+00:00","breadcrumb":{"@id":"https:\/\/psol50.org.br\/psol-se-denuncia-vergonhosa-alianca-entre-pt-e-psdb\/#breadcrumb"},"inLanguage":"pt-BR","potentialAction":[{"@type":"ReadAction","target":["https:\/\/psol50.org.br\/psol-se-denuncia-vergonhosa-alianca-entre-pt-e-psdb\/"]}]},{"@type":"BreadcrumbList","@id":"https:\/\/psol50.org.br\/psol-se-denuncia-vergonhosa-alianca-entre-pt-e-psdb\/#breadcrumb","itemListElement":[{"@type":"ListItem","position":1,"name":"In\u00edcio","item":"https:\/\/psol50.org.br\/"},{"@type":"ListItem","position":2,"name":"PSOL-SE denuncia vergonhosa alian\u00e7a entre PT e PSDB"}]},{"@type":"WebSite","@id":"https:\/\/psol50.org.br\/#website","url":"https:\/\/psol50.org.br\/","name":"PSOL 50","description":"Site oficial do Partido Socialismo e Liberdade","publisher":{"@id":"https:\/\/psol50.org.br\/#organization"},"alternateName":"PSOL50","potentialAction":[{"@type":"SearchAction","target":{"@type":"EntryPoint","urlTemplate":"https:\/\/psol50.org.br\/?s={search_term_string}"},"query-input":{"@type":"PropertyValueSpecification","valueRequired":true,"valueName":"search_term_string"}}],"inLanguage":"pt-BR"},{"@type":"Organization","@id":"https:\/\/psol50.org.br\/#organization","name":"PSOL 50","alternateName":"PSOL 50","url":"https:\/\/psol50.org.br\/","logo":{"@type":"ImageObject","inLanguage":"pt-BR","@id":"https:\/\/psol50.org.br\/#\/schema\/logo\/image\/","url":"https:\/\/psol50.org.br\/inc\/uploads\/2018\/07\/capa.png","contentUrl":"https:\/\/psol50.org.br\/inc\/uploads\/2018\/07\/capa.png","width":1350,"height":900,"caption":"PSOL 50"},"image":{"@id":"https:\/\/psol50.org.br\/#\/schema\/logo\/image\/"},"sameAs":["https:\/\/www.facebook.com\/psol50","https:\/\/x.com\/psol50","https:\/\/www.instagram.com\/psol50\/","https:\/\/www.youtube.com\/channel\/UC7SnJS5o1os7a6CaiNabzcg"]},{"@type":"Person","@id":"https:\/\/psol50.org.br\/#\/schema\/person\/475dfa57d0b815993c714c2e96491fcd","name":"Comunica\u00e7\u00e3o PSOL","image":{"@type":"ImageObject","inLanguage":"pt-BR","@id":"https:\/\/psol50.org.br\/#\/schema\/person\/image\/","url":"https:\/\/secure.gravatar.com\/avatar\/b34fc4f4e468a4e51785917065a3db57b841f5c95dba6ad8c73aaf8f66f8f9bf?s=96&d=mm&r=g","contentUrl":"https:\/\/secure.gravatar.com\/avatar\/b34fc4f4e468a4e51785917065a3db57b841f5c95dba6ad8c73aaf8f66f8f9bf?s=96&d=mm&r=g","caption":"Comunica\u00e7\u00e3o PSOL"}}]}},"_links":{"self":[{"href":"https:\/\/psol50.org.br\/rest\/wp\/v2\/posts\/1568","targetHints":{"allow":["GET"]}}],"collection":[{"href":"https:\/\/psol50.org.br\/rest\/wp\/v2\/posts"}],"about":[{"href":"https:\/\/psol50.org.br\/rest\/wp\/v2\/types\/post"}],"author":[{"embeddable":true,"href":"https:\/\/psol50.org.br\/rest\/wp\/v2\/users\/2"}],"replies":[{"embeddable":true,"href":"https:\/\/psol50.org.br\/rest\/wp\/v2\/comments?post=1568"}],"version-history":[{"count":0,"href":"https:\/\/psol50.org.br\/rest\/wp\/v2\/posts\/1568\/revisions"}],"wp:attachment":[{"href":"https:\/\/psol50.org.br\/rest\/wp\/v2\/media?parent=1568"}],"wp:term":[{"taxonomy":"category","embeddable":true,"href":"https:\/\/psol50.org.br\/rest\/wp\/v2\/categories?post=1568"},{"taxonomy":"post_tag","embeddable":true,"href":"https:\/\/psol50.org.br\/rest\/wp\/v2\/tags?post=1568"}],"curies":[{"name":"wp","href":"https:\/\/api.w.org\/{rel}","templated":true}]}}