{"id":1569,"date":"2011-06-05T00:00:00","date_gmt":"2011-06-05T00:00:00","guid":{"rendered":"http:\/\/psol50.org.br\/arquivo\/2011\/06\/05\/psol-rj-afirma-que-mascara-das-upas-caiu\/"},"modified":"2011-06-05T00:00:00","modified_gmt":"2011-06-05T00:00:00","slug":"psol-rj-afirma-que-mascara-das-upas-caiu","status":"publish","type":"post","link":"https:\/\/psol50.org.br\/psol-rj-afirma-que-mascara-das-upas-caiu\/","title":{"rendered":"PSOL-RJ afirma que m\u00e1scara das UPAs caiu"},"content":{"rendered":"<p style=\"text-align: center\"><a rel=\"attachment wp-att-8704\" href=\"http:\/\/psol50.org.br\/blog\/2011\/06\/05\/psol-rj-afirma-que-mascara-das-upas-caiu\/upa_epa\/\"><img loading=\"lazy\" decoding=\"async\" class=\"aligncenter size-full wp-image-8704\" src=\"http:\/\/psol50.org.br\/files\/2011\/06\/UPA_\u00capa.jpg\" alt=\"\" width=\"400\" height=\"196\" \/><\/a><strong>A  m\u00e1scara das UPAs come\u00e7ou a cair<\/strong><\/p>\n<p>Anunciadas pelo governo estadual como a  salva\u00e7\u00e3o para a sa\u00fade p\u00fablica no Rio, as Unidades de Pronto Atendimento (UPAs)  come\u00e7am a mostrar suas defici\u00eancias. E a imprensa, depois de ter  enaltecido o projeto desde o in\u00edcio, come\u00e7a a perceber a realidade: o  servi\u00e7o n\u00e3o resolveu a situa\u00e7\u00e3o de falta de atendimento prim\u00e1rio para a  popula\u00e7\u00e3o; cada vez menos pacientes s\u00e3o atendidos pelas UPAs; a espera  por atendimento, em algumas unidades pode chegar a cinco horas; faltam  m\u00e9dicos e profissionais de sa\u00fade.<\/p>\n<p>O  quadro de caos n\u00e3o \u00e9 s\u00f3 no Grande Rio. No interior o problema tamb\u00e9m  vem ocorrendo, conforme not\u00edcias publicadas pela imprensa recentemente. A  deputada Janira Rocha j\u00e1 vinha denunciando esta situa\u00e7\u00e3o. \u201cAs UPAs s\u00e3o  um dos maiores fact\u00f3ides pol\u00edticos dos \u00faltimos tempos. Uma m\u00e1quina de  ganhar votos\u201d, denunciou Janira no Jornal do Brasil, lembrando o uso  eleitoreiro do projeto eplo governador S\u00e9rgio Cabral durante sua  campanha para reelei\u00e7\u00e3o.<\/p>\n<p><strong><em>Clique nos links abaixo e veja mat\u00e9rias na imprensa sobre o caos nas UPAs. <\/em><\/strong><\/p>\n<p><strong><a href=\"http:\/\/riosulnet.globo.com\/web\/conteudo\/16_277573.asp\">http:\/\/riosulnet.globo.com\/web\/conteudo\/16_277573.asp<\/a>?<\/strong><\/p>\n<p><strong><a href=\"http:\/\/www.janirarocha.com.br\/arquivos\/UPA.pdf\">http:\/\/www.janirarocha.com.br\/arquivos\/UPA.pdf<\/a><\/strong><\/p>\n<p><em><strong>*Texto da Dep Estadual Janira Rocha (PSOL-RJ)<\/strong><\/em><\/p>\n","protected":false},"excerpt":{"rendered":"<p>A m\u00e1scara das UPAs come\u00e7ou a cair Anunciadas pelo governo estadual como a salva\u00e7\u00e3o para a sa\u00fade p\u00fablica no Rio, as Unidades de Pronto Atendimento (UPAs) come\u00e7am a mostrar suas defici\u00eancias. E a imprensa, depois de ter enaltecido o projeto desde o in\u00edcio, come\u00e7a a perceber a realidade: o servi\u00e7o n\u00e3o resolveu a situa\u00e7\u00e3o de [&hellip;]<\/p>\n","protected":false},"author":2,"featured_media":0,"comment_status":"open","ping_status":"open","sticky":false,"template":"","format":"standard","meta":{"_acf_changed":false,"footnotes":""},"categories":[4766],"tags":[],"class_list":{"0":"post-1569","1":"post","2":"type-post","3":"status-publish","4":"format-standard","6":"category-arquivo"},"acf":[],"yoast_head":"<!-- This site is optimized with the Yoast SEO plugin v26.5 - https:\/\/yoast.com\/wordpress\/plugins\/seo\/ -->\n<title>PSOL-RJ afirma que m\u00e1scara das UPAs caiu - PSOL 50<\/title>\n<meta name=\"robots\" content=\"index, follow, max-snippet:-1, max-image-preview:large, max-video-preview:-1\" \/>\n<link rel=\"canonical\" href=\"https:\/\/psol50.org.br\/psol-rj-afirma-que-mascara-das-upas-caiu\/\" \/>\n<meta property=\"og:locale\" content=\"pt_BR\" \/>\n<meta property=\"og:type\" content=\"article\" \/>\n<meta property=\"og:title\" content=\"PSOL-RJ afirma que m\u00e1scara das UPAs caiu - PSOL 50\" \/>\n<meta property=\"og:description\" content=\"A m\u00e1scara das UPAs come\u00e7ou a cair Anunciadas pelo governo estadual como a salva\u00e7\u00e3o para a sa\u00fade p\u00fablica no Rio, as Unidades de Pronto Atendimento (UPAs) come\u00e7am a mostrar suas defici\u00eancias. E a imprensa, depois de ter enaltecido o projeto desde o in\u00edcio, come\u00e7a a perceber a realidade: o servi\u00e7o n\u00e3o resolveu a situa\u00e7\u00e3o de [&hellip;]\" \/>\n<meta property=\"og:url\" content=\"https:\/\/psol50.org.br\/psol-rj-afirma-que-mascara-das-upas-caiu\/\" \/>\n<meta property=\"og:site_name\" content=\"PSOL 50\" \/>\n<meta property=\"article:publisher\" content=\"https:\/\/www.facebook.com\/psol50\" \/>\n<meta property=\"article:published_time\" content=\"2011-06-05T00:00:00+00:00\" \/>\n<meta property=\"og:image\" content=\"http:\/\/psol50.org.br\/files\/2011\/06\/UPA_\u00capa.jpg\" \/>\n<meta name=\"author\" content=\"Comunica\u00e7\u00e3o PSOL\" \/>\n<meta name=\"twitter:card\" content=\"summary_large_image\" \/>\n<meta name=\"twitter:creator\" content=\"@psol50\" \/>\n<meta name=\"twitter:site\" content=\"@psol50\" \/>\n<meta name=\"twitter:label1\" content=\"Escrito por\" \/>\n\t<meta name=\"twitter:data1\" content=\"Comunica\u00e7\u00e3o PSOL\" \/>\n\t<meta name=\"twitter:label2\" content=\"Est. tempo de leitura\" \/>\n\t<meta name=\"twitter:data2\" content=\"1 minuto\" \/>\n<script type=\"application\/ld+json\" class=\"yoast-schema-graph\">{\"@context\":\"https:\/\/schema.org\",\"@graph\":[{\"@type\":\"Article\",\"@id\":\"https:\/\/psol50.org.br\/psol-rj-afirma-que-mascara-das-upas-caiu\/#article\",\"isPartOf\":{\"@id\":\"https:\/\/psol50.org.br\/psol-rj-afirma-que-mascara-das-upas-caiu\/\"},\"author\":{\"name\":\"Comunica\u00e7\u00e3o PSOL\",\"@id\":\"https:\/\/psol50.org.br\/#\/schema\/person\/475dfa57d0b815993c714c2e96491fcd\"},\"headline\":\"PSOL-RJ afirma que m\u00e1scara das UPAs caiu\",\"datePublished\":\"2011-06-05T00:00:00+00:00\",\"mainEntityOfPage\":{\"@id\":\"https:\/\/psol50.org.br\/psol-rj-afirma-que-mascara-das-upas-caiu\/\"},\"wordCount\":228,\"commentCount\":0,\"publisher\":{\"@id\":\"https:\/\/psol50.org.br\/#organization\"},\"articleSection\":[\"Arquivo\"],\"inLanguage\":\"pt-BR\",\"potentialAction\":[{\"@type\":\"CommentAction\",\"name\":\"Comment\",\"target\":[\"https:\/\/psol50.org.br\/psol-rj-afirma-que-mascara-das-upas-caiu\/#respond\"]}]},{\"@type\":\"WebPage\",\"@id\":\"https:\/\/psol50.org.br\/psol-rj-afirma-que-mascara-das-upas-caiu\/\",\"url\":\"https:\/\/psol50.org.br\/psol-rj-afirma-que-mascara-das-upas-caiu\/\",\"name\":\"PSOL-RJ afirma que m\u00e1scara das UPAs caiu - PSOL 50\",\"isPartOf\":{\"@id\":\"https:\/\/psol50.org.br\/#website\"},\"datePublished\":\"2011-06-05T00:00:00+00:00\",\"breadcrumb\":{\"@id\":\"https:\/\/psol50.org.br\/psol-rj-afirma-que-mascara-das-upas-caiu\/#breadcrumb\"},\"inLanguage\":\"pt-BR\",\"potentialAction\":[{\"@type\":\"ReadAction\",\"target\":[\"https:\/\/psol50.org.br\/psol-rj-afirma-que-mascara-das-upas-caiu\/\"]}]},{\"@type\":\"BreadcrumbList\",\"@id\":\"https:\/\/psol50.org.br\/psol-rj-afirma-que-mascara-das-upas-caiu\/#breadcrumb\",\"itemListElement\":[{\"@type\":\"ListItem\",\"position\":1,\"name\":\"In\u00edcio\",\"item\":\"https:\/\/psol50.org.br\/\"},{\"@type\":\"ListItem\",\"position\":2,\"name\":\"PSOL-RJ afirma que m\u00e1scara das UPAs caiu\"}]},{\"@type\":\"WebSite\",\"@id\":\"https:\/\/psol50.org.br\/#website\",\"url\":\"https:\/\/psol50.org.br\/\",\"name\":\"PSOL 50\",\"description\":\"Site oficial do Partido Socialismo e Liberdade\",\"publisher\":{\"@id\":\"https:\/\/psol50.org.br\/#organization\"},\"alternateName\":\"PSOL50\",\"potentialAction\":[{\"@type\":\"SearchAction\",\"target\":{\"@type\":\"EntryPoint\",\"urlTemplate\":\"https:\/\/psol50.org.br\/?s={search_term_string}\"},\"query-input\":{\"@type\":\"PropertyValueSpecification\",\"valueRequired\":true,\"valueName\":\"search_term_string\"}}],\"inLanguage\":\"pt-BR\"},{\"@type\":\"Organization\",\"@id\":\"https:\/\/psol50.org.br\/#organization\",\"name\":\"PSOL 50\",\"alternateName\":\"PSOL 50\",\"url\":\"https:\/\/psol50.org.br\/\",\"logo\":{\"@type\":\"ImageObject\",\"inLanguage\":\"pt-BR\",\"@id\":\"https:\/\/psol50.org.br\/#\/schema\/logo\/image\/\",\"url\":\"https:\/\/psol50.org.br\/inc\/uploads\/2018\/07\/capa.png\",\"contentUrl\":\"https:\/\/psol50.org.br\/inc\/uploads\/2018\/07\/capa.png\",\"width\":1350,\"height\":900,\"caption\":\"PSOL 50\"},\"image\":{\"@id\":\"https:\/\/psol50.org.br\/#\/schema\/logo\/image\/\"},\"sameAs\":[\"https:\/\/www.facebook.com\/psol50\",\"https:\/\/x.com\/psol50\",\"https:\/\/www.instagram.com\/psol50\/\",\"https:\/\/www.youtube.com\/channel\/UC7SnJS5o1os7a6CaiNabzcg\"]},{\"@type\":\"Person\",\"@id\":\"https:\/\/psol50.org.br\/#\/schema\/person\/475dfa57d0b815993c714c2e96491fcd\",\"name\":\"Comunica\u00e7\u00e3o PSOL\",\"image\":{\"@type\":\"ImageObject\",\"inLanguage\":\"pt-BR\",\"@id\":\"https:\/\/psol50.org.br\/#\/schema\/person\/image\/\",\"url\":\"https:\/\/secure.gravatar.com\/avatar\/b34fc4f4e468a4e51785917065a3db57b841f5c95dba6ad8c73aaf8f66f8f9bf?s=96&d=mm&r=g\",\"contentUrl\":\"https:\/\/secure.gravatar.com\/avatar\/b34fc4f4e468a4e51785917065a3db57b841f5c95dba6ad8c73aaf8f66f8f9bf?s=96&d=mm&r=g\",\"caption\":\"Comunica\u00e7\u00e3o PSOL\"}}]}<\/script>\n<!-- \/ Yoast SEO plugin. -->","yoast_head_json":{"title":"PSOL-RJ afirma que m\u00e1scara das UPAs caiu - PSOL 50","robots":{"index":"index","follow":"follow","max-snippet":"max-snippet:-1","max-image-preview":"max-image-preview:large","max-video-preview":"max-video-preview:-1"},"canonical":"https:\/\/psol50.org.br\/psol-rj-afirma-que-mascara-das-upas-caiu\/","og_locale":"pt_BR","og_type":"article","og_title":"PSOL-RJ afirma que m\u00e1scara das UPAs caiu - PSOL 50","og_description":"A m\u00e1scara das UPAs come\u00e7ou a cair Anunciadas pelo governo estadual como a salva\u00e7\u00e3o para a sa\u00fade p\u00fablica no Rio, as Unidades de Pronto Atendimento (UPAs) come\u00e7am a mostrar suas defici\u00eancias. E a imprensa, depois de ter enaltecido o projeto desde o in\u00edcio, come\u00e7a a perceber a realidade: o servi\u00e7o n\u00e3o resolveu a situa\u00e7\u00e3o de [&hellip;]","og_url":"https:\/\/psol50.org.br\/psol-rj-afirma-que-mascara-das-upas-caiu\/","og_site_name":"PSOL 50","article_publisher":"https:\/\/www.facebook.com\/psol50","article_published_time":"2011-06-05T00:00:00+00:00","og_image":[{"url":"http:\/\/psol50.org.br\/files\/2011\/06\/UPA_\u00capa.jpg","type":"","width":"","height":""}],"author":"Comunica\u00e7\u00e3o PSOL","twitter_card":"summary_large_image","twitter_creator":"@psol50","twitter_site":"@psol50","twitter_misc":{"Escrito por":"Comunica\u00e7\u00e3o PSOL","Est. tempo de leitura":"1 minuto"},"schema":{"@context":"https:\/\/schema.org","@graph":[{"@type":"Article","@id":"https:\/\/psol50.org.br\/psol-rj-afirma-que-mascara-das-upas-caiu\/#article","isPartOf":{"@id":"https:\/\/psol50.org.br\/psol-rj-afirma-que-mascara-das-upas-caiu\/"},"author":{"name":"Comunica\u00e7\u00e3o PSOL","@id":"https:\/\/psol50.org.br\/#\/schema\/person\/475dfa57d0b815993c714c2e96491fcd"},"headline":"PSOL-RJ afirma que m\u00e1scara das UPAs caiu","datePublished":"2011-06-05T00:00:00+00:00","mainEntityOfPage":{"@id":"https:\/\/psol50.org.br\/psol-rj-afirma-que-mascara-das-upas-caiu\/"},"wordCount":228,"commentCount":0,"publisher":{"@id":"https:\/\/psol50.org.br\/#organization"},"articleSection":["Arquivo"],"inLanguage":"pt-BR","potentialAction":[{"@type":"CommentAction","name":"Comment","target":["https:\/\/psol50.org.br\/psol-rj-afirma-que-mascara-das-upas-caiu\/#respond"]}]},{"@type":"WebPage","@id":"https:\/\/psol50.org.br\/psol-rj-afirma-que-mascara-das-upas-caiu\/","url":"https:\/\/psol50.org.br\/psol-rj-afirma-que-mascara-das-upas-caiu\/","name":"PSOL-RJ afirma que m\u00e1scara das UPAs caiu - PSOL 50","isPartOf":{"@id":"https:\/\/psol50.org.br\/#website"},"datePublished":"2011-06-05T00:00:00+00:00","breadcrumb":{"@id":"https:\/\/psol50.org.br\/psol-rj-afirma-que-mascara-das-upas-caiu\/#breadcrumb"},"inLanguage":"pt-BR","potentialAction":[{"@type":"ReadAction","target":["https:\/\/psol50.org.br\/psol-rj-afirma-que-mascara-das-upas-caiu\/"]}]},{"@type":"BreadcrumbList","@id":"https:\/\/psol50.org.br\/psol-rj-afirma-que-mascara-das-upas-caiu\/#breadcrumb","itemListElement":[{"@type":"ListItem","position":1,"name":"In\u00edcio","item":"https:\/\/psol50.org.br\/"},{"@type":"ListItem","position":2,"name":"PSOL-RJ afirma que m\u00e1scara das UPAs caiu"}]},{"@type":"WebSite","@id":"https:\/\/psol50.org.br\/#website","url":"https:\/\/psol50.org.br\/","name":"PSOL 50","description":"Site oficial do Partido Socialismo e Liberdade","publisher":{"@id":"https:\/\/psol50.org.br\/#organization"},"alternateName":"PSOL50","potentialAction":[{"@type":"SearchAction","target":{"@type":"EntryPoint","urlTemplate":"https:\/\/psol50.org.br\/?s={search_term_string}"},"query-input":{"@type":"PropertyValueSpecification","valueRequired":true,"valueName":"search_term_string"}}],"inLanguage":"pt-BR"},{"@type":"Organization","@id":"https:\/\/psol50.org.br\/#organization","name":"PSOL 50","alternateName":"PSOL 50","url":"https:\/\/psol50.org.br\/","logo":{"@type":"ImageObject","inLanguage":"pt-BR","@id":"https:\/\/psol50.org.br\/#\/schema\/logo\/image\/","url":"https:\/\/psol50.org.br\/inc\/uploads\/2018\/07\/capa.png","contentUrl":"https:\/\/psol50.org.br\/inc\/uploads\/2018\/07\/capa.png","width":1350,"height":900,"caption":"PSOL 50"},"image":{"@id":"https:\/\/psol50.org.br\/#\/schema\/logo\/image\/"},"sameAs":["https:\/\/www.facebook.com\/psol50","https:\/\/x.com\/psol50","https:\/\/www.instagram.com\/psol50\/","https:\/\/www.youtube.com\/channel\/UC7SnJS5o1os7a6CaiNabzcg"]},{"@type":"Person","@id":"https:\/\/psol50.org.br\/#\/schema\/person\/475dfa57d0b815993c714c2e96491fcd","name":"Comunica\u00e7\u00e3o PSOL","image":{"@type":"ImageObject","inLanguage":"pt-BR","@id":"https:\/\/psol50.org.br\/#\/schema\/person\/image\/","url":"https:\/\/secure.gravatar.com\/avatar\/b34fc4f4e468a4e51785917065a3db57b841f5c95dba6ad8c73aaf8f66f8f9bf?s=96&d=mm&r=g","contentUrl":"https:\/\/secure.gravatar.com\/avatar\/b34fc4f4e468a4e51785917065a3db57b841f5c95dba6ad8c73aaf8f66f8f9bf?s=96&d=mm&r=g","caption":"Comunica\u00e7\u00e3o PSOL"}}]}},"_links":{"self":[{"href":"https:\/\/psol50.org.br\/rest\/wp\/v2\/posts\/1569","targetHints":{"allow":["GET"]}}],"collection":[{"href":"https:\/\/psol50.org.br\/rest\/wp\/v2\/posts"}],"about":[{"href":"https:\/\/psol50.org.br\/rest\/wp\/v2\/types\/post"}],"author":[{"embeddable":true,"href":"https:\/\/psol50.org.br\/rest\/wp\/v2\/users\/2"}],"replies":[{"embeddable":true,"href":"https:\/\/psol50.org.br\/rest\/wp\/v2\/comments?post=1569"}],"version-history":[{"count":0,"href":"https:\/\/psol50.org.br\/rest\/wp\/v2\/posts\/1569\/revisions"}],"wp:attachment":[{"href":"https:\/\/psol50.org.br\/rest\/wp\/v2\/media?parent=1569"}],"wp:term":[{"taxonomy":"category","embeddable":true,"href":"https:\/\/psol50.org.br\/rest\/wp\/v2\/categories?post=1569"},{"taxonomy":"post_tag","embeddable":true,"href":"https:\/\/psol50.org.br\/rest\/wp\/v2\/tags?post=1569"}],"curies":[{"name":"wp","href":"https:\/\/api.w.org\/{rel}","templated":true}]}}