{"id":15696,"date":"2017-03-24T13:47:05","date_gmt":"2017-03-24T13:47:05","guid":{"rendered":"http:\/\/www.psol50.org.br\/?p=15696"},"modified":"2017-03-24T13:47:05","modified_gmt":"2017-03-24T13:47:05","slug":"governo-temer-vota-contra-resolucao-da-onu-que-monitora-impactos-do-ajuste-fiscal-nos-direitos-humanos","status":"publish","type":"post","link":"https:\/\/psol50.org.br\/governo-temer-vota-contra-resolucao-da-onu-que-monitora-impactos-do-ajuste-fiscal-nos-direitos-humanos\/","title":{"rendered":"Governo Temer vota contra resolu\u00e7\u00e3o da ONU que monitora impactos do ajuste fiscal nos direitos humanos"},"content":{"rendered":"<p>Engana quem pensa que os ataques do governo de Michel Temer acontecem somente por meio das vota\u00e7\u00f5es no Congresso Nacional, com o apoio de sua base aliada, ou atrav\u00e9s de seus atos no Executivo. Recentemente, a pauta de retrocessos atravessou o oceano e chegou at\u00e9 Genebra, na Su\u00ed\u00e7a. Isso porque, na quinta-feira (23\/03), o Brasil votou contra a resolu\u00e7\u00e3o do Conselho de Direitos Humanos da ONU (Organiza\u00e7\u00e3o das Na\u00e7\u00f5es Unidas) que renovava o mandato do organismo internacional para monitorar os impactos nos direitos humanos das pol\u00edticas fiscais adotadas pelo pa\u00eds. O argumento do governo n\u00e3o poderia ter sido mais expl\u00edcito quanto \u00e0s suas op\u00e7\u00f5es em rela\u00e7\u00e3o \u00e0 popula\u00e7\u00e3o brasileira, especialmente aos setores em situa\u00e7\u00e3o de maior vulnerabilidade. Segundo ele, a medida \u00e9 contr\u00e1ria \u00e0s reformas econ\u00f4micas em curso.<\/p>\n<p>O Brasil j\u00e1 havia apoiado essa mesma resolu\u00e7\u00e3o quando foi apresentada em 2008, 2011 e 2014. Al\u00e9m disso, o pa\u00eds n\u00e3o costuma votar contra resolu\u00e7\u00f5es no Conselho, se abstendo quando n\u00e3o havia acordo.<\/p>\n<p>A resolu\u00e7\u00e3o critica especificamente programas de austeridade fiscal como aqueles que est\u00e3o sendo implementados no Brasil. &#8220;Programas de reforma estrutural e condicionalidades limitam gastos do governo, estabelecem tetos de gastos e n\u00e3o d\u00e3o aten\u00e7\u00e3o adequada \u00e0 oferta de servi\u00e7os sociais, e apenas alguns poucos pa\u00edses conseguem atingir uma taxa de crescimento mais alta e sustent\u00e1vel com esses programas\u201d, afirma o documento.<\/p>\n<p>Em novembro o relator Philip Alston afirmou que a PEC que limita os gastos p\u00fablicos nos pr\u00f3ximos 20 anos \u2013 antiga PEC 241 e atual Emenda Constitucional n\u00ba 95\/2016 &#8211;\u00a0&#8220;\u00e9 inteiramente incompat\u00edvel com as obriga\u00e7\u00f5es do pa\u00eds em direitos humanos&#8221;. &#8220;O efeito principal e inevit\u00e1vel da emenda, que visa a congelar o or\u00e7amento para mostrar austeridade fiscal, ser\u00e1 prejudicar os pobres pelas pr\u00f3ximas d\u00e9cadas&#8221;, disse Alston, afirmando que a legisla\u00e7\u00e3o ir\u00e1 resultar em gastos reduzidos em sa\u00fade, educa\u00e7\u00e3o e previd\u00eancia. Isso irritou profundamente o Pal\u00e1cio do Planalto, que n\u00e3o aceita ouvir verdades, ainda mais de uma organiza\u00e7\u00e3o do porte e da import\u00e2ncia da ONU.<\/p>\n<p>A defesa do voto contr\u00e1rio \u00e0 resolu\u00e7\u00e3o coube \u00e0 representante do Brasil na ONU, Maria Nazareth Farani Azevedo, que exaltou as pol\u00edticas de austeridade propostas pelo governo Temer. \u201cA resolu\u00e7\u00e3o \u00e9 contr\u00e1ria aos principais elementos da pol\u00edtica econ\u00f4mica atual no Brasil, particularmente nossos esfor\u00e7os para retomar equil\u00edbrio fiscal e, dessa maneira, preservar as pol\u00edticas sociais do pa\u00eds&#8221;, disse ela. Segundo Azevedo, o texto aborda quest\u00f5es cruciais de forma &#8220;desequilibrada e parcial&#8221;. Ela s\u00f3 n\u00e3o admitiu,\u00a0no entanto, que esse voto significa dizer que na o governo brasileiro\u00a0n\u00e3o tem em sua agenda a\u00a0defesa dos direitos humanos.<\/p>\n<p>Apesar da oposi\u00e7\u00e3o brasileira, a resolu\u00e7\u00e3o foi aprovada com 31 votos a favor e 16 contra. O voto brasileiro significou tamb\u00e9m uma ruptura com as na\u00e7\u00f5es do &#8220;sul geopol\u00edtico&#8221;, que votaram em bloco a favor da resolu\u00e7\u00e3o. Na vota\u00e7\u00e3o, o Brasil se alinhou a pa\u00edses como Estados Unidos e Reino Unido, cujo representante afirmou que o Conselho de Direitos Humanos n\u00e3o \u00e9 o lugar correto para se discutir d\u00edvida externa.<\/p>\n<p>Na avalia\u00e7\u00e3o da coordenadora de Pol\u00edtica externa da Conectas, Camila Asano, a atua\u00e7\u00e3o do Brasil foi \u201cuma tentativa fracassada do Brasil de minar a capacidade da ONU de monitorar os efeitos de reformas econ\u00f4micas e fiscais sobre os direitos humanos&#8221;.<\/p>\n<p>Pela resolu\u00e7\u00e3o, um relator da ONU ter\u00e1 que avaliar os impactos das reformas econ\u00f4micas sobre os direitos humanos e organizar consultas de especialistas.<\/p>\n<p><em>*Com informa\u00e7\u00f5es de Folha de S. Paulo<\/em><\/p>\n","protected":false},"excerpt":{"rendered":"<p>Engana quem pensa que os ataques do governo de Michel Temer acontecem somente por meio das vota\u00e7\u00f5es no Congresso Nacional, com o apoio de sua base aliada, ou atrav\u00e9s de seus atos no Executivo. Recentemente, a pauta de retrocessos atravessou o oceano e chegou at\u00e9 Genebra, na Su\u00ed\u00e7a. Isso porque, na quinta-feira (23\/03), o Brasil [&hellip;]<\/p>\n","protected":false},"author":2,"featured_media":15697,"comment_status":"open","ping_status":"open","sticky":false,"template":"","format":"standard","meta":{"_acf_changed":false,"footnotes":""},"categories":[1882,836,6],"tags":[1432,86,2988,534,1748,2989,1315],"class_list":{"0":"post-15696","1":"post","2":"type-post","3":"status-publish","4":"format-standard","5":"has-post-thumbnail","7":"category-brasil","8":"category-internacional","9":"category-noticias","10":"tag-ajuste-fiscal","11":"tag-brasil","12":"tag-conselho-de-direitos-humanos-da-onu","13":"tag-direitos-humanos","14":"tag-michel-temer","15":"tag-politicas-fiscais","16":"tag-resolucao"},"acf":[],"yoast_head":"<!-- This site is optimized with the Yoast SEO plugin v26.5 - https:\/\/yoast.com\/wordpress\/plugins\/seo\/ -->\n<title>Governo Temer vota contra resolu\u00e7\u00e3o da ONU que monitora impactos do ajuste fiscal nos direitos humanos - PSOL 50<\/title>\n<meta name=\"robots\" content=\"index, follow, max-snippet:-1, max-image-preview:large, max-video-preview:-1\" \/>\n<link rel=\"canonical\" href=\"https:\/\/psol50.org.br\/governo-temer-vota-contra-resolucao-da-onu-que-monitora-impactos-do-ajuste-fiscal-nos-direitos-humanos\/\" \/>\n<meta property=\"og:locale\" content=\"pt_BR\" \/>\n<meta property=\"og:type\" content=\"article\" \/>\n<meta property=\"og:title\" content=\"Governo Temer vota contra resolu\u00e7\u00e3o da ONU que monitora impactos do ajuste fiscal nos direitos humanos - PSOL 50\" \/>\n<meta property=\"og:description\" content=\"Engana quem pensa que os ataques do governo de Michel Temer acontecem somente por meio das vota\u00e7\u00f5es no Congresso Nacional, com o apoio de sua base aliada, ou atrav\u00e9s de seus atos no Executivo. Recentemente, a pauta de retrocessos atravessou o oceano e chegou at\u00e9 Genebra, na Su\u00ed\u00e7a. Isso porque, na quinta-feira (23\/03), o Brasil [&hellip;]\" \/>\n<meta property=\"og:url\" content=\"https:\/\/psol50.org.br\/governo-temer-vota-contra-resolucao-da-onu-que-monitora-impactos-do-ajuste-fiscal-nos-direitos-humanos\/\" \/>\n<meta property=\"og:site_name\" content=\"PSOL 50\" \/>\n<meta property=\"article:publisher\" content=\"https:\/\/www.facebook.com\/psol50\" \/>\n<meta property=\"article:published_time\" content=\"2017-03-24T13:47:05+00:00\" \/>\n<meta property=\"og:image\" content=\"https:\/\/psol50.org.br\/inc\/uploads\/2018\/07\/capa.png\" \/>\n\t<meta property=\"og:image:width\" content=\"1350\" \/>\n\t<meta property=\"og:image:height\" content=\"900\" \/>\n\t<meta property=\"og:image:type\" content=\"image\/png\" \/>\n<meta name=\"author\" content=\"Comunica\u00e7\u00e3o PSOL\" \/>\n<meta name=\"twitter:card\" content=\"summary_large_image\" \/>\n<meta name=\"twitter:creator\" content=\"@psol50\" \/>\n<meta name=\"twitter:site\" content=\"@psol50\" \/>\n<meta name=\"twitter:label1\" content=\"Escrito por\" \/>\n\t<meta name=\"twitter:data1\" content=\"Comunica\u00e7\u00e3o PSOL\" \/>\n\t<meta name=\"twitter:label2\" content=\"Est. tempo de leitura\" \/>\n\t<meta name=\"twitter:data2\" content=\"3 minutos\" \/>\n<script type=\"application\/ld+json\" class=\"yoast-schema-graph\">{\"@context\":\"https:\/\/schema.org\",\"@graph\":[{\"@type\":\"Article\",\"@id\":\"https:\/\/psol50.org.br\/governo-temer-vota-contra-resolucao-da-onu-que-monitora-impactos-do-ajuste-fiscal-nos-direitos-humanos\/#article\",\"isPartOf\":{\"@id\":\"https:\/\/psol50.org.br\/governo-temer-vota-contra-resolucao-da-onu-que-monitora-impactos-do-ajuste-fiscal-nos-direitos-humanos\/\"},\"author\":{\"name\":\"Comunica\u00e7\u00e3o PSOL\",\"@id\":\"https:\/\/psol50.org.br\/#\/schema\/person\/475dfa57d0b815993c714c2e96491fcd\"},\"headline\":\"Governo Temer vota contra resolu\u00e7\u00e3o da ONU que monitora impactos do ajuste fiscal nos direitos humanos\",\"datePublished\":\"2017-03-24T13:47:05+00:00\",\"mainEntityOfPage\":{\"@id\":\"https:\/\/psol50.org.br\/governo-temer-vota-contra-resolucao-da-onu-que-monitora-impactos-do-ajuste-fiscal-nos-direitos-humanos\/\"},\"wordCount\":641,\"commentCount\":0,\"publisher\":{\"@id\":\"https:\/\/psol50.org.br\/#organization\"},\"image\":{\"@id\":\"https:\/\/psol50.org.br\/governo-temer-vota-contra-resolucao-da-onu-que-monitora-impactos-do-ajuste-fiscal-nos-direitos-humanos\/#primaryimage\"},\"thumbnailUrl\":\"\",\"keywords\":[\"Ajuste Fiscal\",\"Brasil\",\"Conselho de Direitos Humanos da ONU\",\"direitos humanos\",\"Michel Temer\",\"pol\u00edticas fiscais\",\"resolu\u00e7\u00e3o\"],\"articleSection\":[\"Brasil\",\"Internacional\",\"Not\u00edcias\"],\"inLanguage\":\"pt-BR\",\"potentialAction\":[{\"@type\":\"CommentAction\",\"name\":\"Comment\",\"target\":[\"https:\/\/psol50.org.br\/governo-temer-vota-contra-resolucao-da-onu-que-monitora-impactos-do-ajuste-fiscal-nos-direitos-humanos\/#respond\"]}]},{\"@type\":\"WebPage\",\"@id\":\"https:\/\/psol50.org.br\/governo-temer-vota-contra-resolucao-da-onu-que-monitora-impactos-do-ajuste-fiscal-nos-direitos-humanos\/\",\"url\":\"https:\/\/psol50.org.br\/governo-temer-vota-contra-resolucao-da-onu-que-monitora-impactos-do-ajuste-fiscal-nos-direitos-humanos\/\",\"name\":\"Governo Temer vota contra resolu\u00e7\u00e3o da ONU que monitora impactos do ajuste fiscal nos direitos humanos - PSOL 50\",\"isPartOf\":{\"@id\":\"https:\/\/psol50.org.br\/#website\"},\"primaryImageOfPage\":{\"@id\":\"https:\/\/psol50.org.br\/governo-temer-vota-contra-resolucao-da-onu-que-monitora-impactos-do-ajuste-fiscal-nos-direitos-humanos\/#primaryimage\"},\"image\":{\"@id\":\"https:\/\/psol50.org.br\/governo-temer-vota-contra-resolucao-da-onu-que-monitora-impactos-do-ajuste-fiscal-nos-direitos-humanos\/#primaryimage\"},\"thumbnailUrl\":\"\",\"datePublished\":\"2017-03-24T13:47:05+00:00\",\"breadcrumb\":{\"@id\":\"https:\/\/psol50.org.br\/governo-temer-vota-contra-resolucao-da-onu-que-monitora-impactos-do-ajuste-fiscal-nos-direitos-humanos\/#breadcrumb\"},\"inLanguage\":\"pt-BR\",\"potentialAction\":[{\"@type\":\"ReadAction\",\"target\":[\"https:\/\/psol50.org.br\/governo-temer-vota-contra-resolucao-da-onu-que-monitora-impactos-do-ajuste-fiscal-nos-direitos-humanos\/\"]}]},{\"@type\":\"ImageObject\",\"inLanguage\":\"pt-BR\",\"@id\":\"https:\/\/psol50.org.br\/governo-temer-vota-contra-resolucao-da-onu-que-monitora-impactos-do-ajuste-fiscal-nos-direitos-humanos\/#primaryimage\",\"url\":\"\",\"contentUrl\":\"\"},{\"@type\":\"BreadcrumbList\",\"@id\":\"https:\/\/psol50.org.br\/governo-temer-vota-contra-resolucao-da-onu-que-monitora-impactos-do-ajuste-fiscal-nos-direitos-humanos\/#breadcrumb\",\"itemListElement\":[{\"@type\":\"ListItem\",\"position\":1,\"name\":\"In\u00edcio\",\"item\":\"https:\/\/psol50.org.br\/\"},{\"@type\":\"ListItem\",\"position\":2,\"name\":\"Governo Temer vota contra resolu\u00e7\u00e3o da ONU que monitora impactos do ajuste fiscal nos direitos humanos\"}]},{\"@type\":\"WebSite\",\"@id\":\"https:\/\/psol50.org.br\/#website\",\"url\":\"https:\/\/psol50.org.br\/\",\"name\":\"PSOL 50\",\"description\":\"Site oficial do Partido Socialismo e Liberdade\",\"publisher\":{\"@id\":\"https:\/\/psol50.org.br\/#organization\"},\"alternateName\":\"PSOL50\",\"potentialAction\":[{\"@type\":\"SearchAction\",\"target\":{\"@type\":\"EntryPoint\",\"urlTemplate\":\"https:\/\/psol50.org.br\/?s={search_term_string}\"},\"query-input\":{\"@type\":\"PropertyValueSpecification\",\"valueRequired\":true,\"valueName\":\"search_term_string\"}}],\"inLanguage\":\"pt-BR\"},{\"@type\":\"Organization\",\"@id\":\"https:\/\/psol50.org.br\/#organization\",\"name\":\"PSOL 50\",\"alternateName\":\"PSOL 50\",\"url\":\"https:\/\/psol50.org.br\/\",\"logo\":{\"@type\":\"ImageObject\",\"inLanguage\":\"pt-BR\",\"@id\":\"https:\/\/psol50.org.br\/#\/schema\/logo\/image\/\",\"url\":\"https:\/\/psol50.org.br\/inc\/uploads\/2018\/07\/capa.png\",\"contentUrl\":\"https:\/\/psol50.org.br\/inc\/uploads\/2018\/07\/capa.png\",\"width\":1350,\"height\":900,\"caption\":\"PSOL 50\"},\"image\":{\"@id\":\"https:\/\/psol50.org.br\/#\/schema\/logo\/image\/\"},\"sameAs\":[\"https:\/\/www.facebook.com\/psol50\",\"https:\/\/x.com\/psol50\",\"https:\/\/www.instagram.com\/psol50\/\",\"https:\/\/www.youtube.com\/channel\/UC7SnJS5o1os7a6CaiNabzcg\"]},{\"@type\":\"Person\",\"@id\":\"https:\/\/psol50.org.br\/#\/schema\/person\/475dfa57d0b815993c714c2e96491fcd\",\"name\":\"Comunica\u00e7\u00e3o PSOL\",\"image\":{\"@type\":\"ImageObject\",\"inLanguage\":\"pt-BR\",\"@id\":\"https:\/\/psol50.org.br\/#\/schema\/person\/image\/\",\"url\":\"https:\/\/secure.gravatar.com\/avatar\/b34fc4f4e468a4e51785917065a3db57b841f5c95dba6ad8c73aaf8f66f8f9bf?s=96&d=mm&r=g\",\"contentUrl\":\"https:\/\/secure.gravatar.com\/avatar\/b34fc4f4e468a4e51785917065a3db57b841f5c95dba6ad8c73aaf8f66f8f9bf?s=96&d=mm&r=g\",\"caption\":\"Comunica\u00e7\u00e3o PSOL\"}}]}<\/script>\n<!-- \/ Yoast SEO plugin. -->","yoast_head_json":{"title":"Governo Temer vota contra resolu\u00e7\u00e3o da ONU que monitora impactos do ajuste fiscal nos direitos humanos - PSOL 50","robots":{"index":"index","follow":"follow","max-snippet":"max-snippet:-1","max-image-preview":"max-image-preview:large","max-video-preview":"max-video-preview:-1"},"canonical":"https:\/\/psol50.org.br\/governo-temer-vota-contra-resolucao-da-onu-que-monitora-impactos-do-ajuste-fiscal-nos-direitos-humanos\/","og_locale":"pt_BR","og_type":"article","og_title":"Governo Temer vota contra resolu\u00e7\u00e3o da ONU que monitora impactos do ajuste fiscal nos direitos humanos - PSOL 50","og_description":"Engana quem pensa que os ataques do governo de Michel Temer acontecem somente por meio das vota\u00e7\u00f5es no Congresso Nacional, com o apoio de sua base aliada, ou atrav\u00e9s de seus atos no Executivo. Recentemente, a pauta de retrocessos atravessou o oceano e chegou at\u00e9 Genebra, na Su\u00ed\u00e7a. Isso porque, na quinta-feira (23\/03), o Brasil [&hellip;]","og_url":"https:\/\/psol50.org.br\/governo-temer-vota-contra-resolucao-da-onu-que-monitora-impactos-do-ajuste-fiscal-nos-direitos-humanos\/","og_site_name":"PSOL 50","article_publisher":"https:\/\/www.facebook.com\/psol50","article_published_time":"2017-03-24T13:47:05+00:00","og_image":[{"width":1350,"height":900,"url":"https:\/\/psol50.org.br\/inc\/uploads\/2018\/07\/capa.png","type":"image\/png"}],"author":"Comunica\u00e7\u00e3o PSOL","twitter_card":"summary_large_image","twitter_creator":"@psol50","twitter_site":"@psol50","twitter_misc":{"Escrito por":"Comunica\u00e7\u00e3o PSOL","Est. tempo de leitura":"3 minutos"},"schema":{"@context":"https:\/\/schema.org","@graph":[{"@type":"Article","@id":"https:\/\/psol50.org.br\/governo-temer-vota-contra-resolucao-da-onu-que-monitora-impactos-do-ajuste-fiscal-nos-direitos-humanos\/#article","isPartOf":{"@id":"https:\/\/psol50.org.br\/governo-temer-vota-contra-resolucao-da-onu-que-monitora-impactos-do-ajuste-fiscal-nos-direitos-humanos\/"},"author":{"name":"Comunica\u00e7\u00e3o PSOL","@id":"https:\/\/psol50.org.br\/#\/schema\/person\/475dfa57d0b815993c714c2e96491fcd"},"headline":"Governo Temer vota contra resolu\u00e7\u00e3o da ONU que monitora impactos do ajuste fiscal nos direitos humanos","datePublished":"2017-03-24T13:47:05+00:00","mainEntityOfPage":{"@id":"https:\/\/psol50.org.br\/governo-temer-vota-contra-resolucao-da-onu-que-monitora-impactos-do-ajuste-fiscal-nos-direitos-humanos\/"},"wordCount":641,"commentCount":0,"publisher":{"@id":"https:\/\/psol50.org.br\/#organization"},"image":{"@id":"https:\/\/psol50.org.br\/governo-temer-vota-contra-resolucao-da-onu-que-monitora-impactos-do-ajuste-fiscal-nos-direitos-humanos\/#primaryimage"},"thumbnailUrl":"","keywords":["Ajuste Fiscal","Brasil","Conselho de Direitos Humanos da ONU","direitos humanos","Michel Temer","pol\u00edticas fiscais","resolu\u00e7\u00e3o"],"articleSection":["Brasil","Internacional","Not\u00edcias"],"inLanguage":"pt-BR","potentialAction":[{"@type":"CommentAction","name":"Comment","target":["https:\/\/psol50.org.br\/governo-temer-vota-contra-resolucao-da-onu-que-monitora-impactos-do-ajuste-fiscal-nos-direitos-humanos\/#respond"]}]},{"@type":"WebPage","@id":"https:\/\/psol50.org.br\/governo-temer-vota-contra-resolucao-da-onu-que-monitora-impactos-do-ajuste-fiscal-nos-direitos-humanos\/","url":"https:\/\/psol50.org.br\/governo-temer-vota-contra-resolucao-da-onu-que-monitora-impactos-do-ajuste-fiscal-nos-direitos-humanos\/","name":"Governo Temer vota contra resolu\u00e7\u00e3o da ONU que monitora impactos do ajuste fiscal nos direitos humanos - PSOL 50","isPartOf":{"@id":"https:\/\/psol50.org.br\/#website"},"primaryImageOfPage":{"@id":"https:\/\/psol50.org.br\/governo-temer-vota-contra-resolucao-da-onu-que-monitora-impactos-do-ajuste-fiscal-nos-direitos-humanos\/#primaryimage"},"image":{"@id":"https:\/\/psol50.org.br\/governo-temer-vota-contra-resolucao-da-onu-que-monitora-impactos-do-ajuste-fiscal-nos-direitos-humanos\/#primaryimage"},"thumbnailUrl":"","datePublished":"2017-03-24T13:47:05+00:00","breadcrumb":{"@id":"https:\/\/psol50.org.br\/governo-temer-vota-contra-resolucao-da-onu-que-monitora-impactos-do-ajuste-fiscal-nos-direitos-humanos\/#breadcrumb"},"inLanguage":"pt-BR","potentialAction":[{"@type":"ReadAction","target":["https:\/\/psol50.org.br\/governo-temer-vota-contra-resolucao-da-onu-que-monitora-impactos-do-ajuste-fiscal-nos-direitos-humanos\/"]}]},{"@type":"ImageObject","inLanguage":"pt-BR","@id":"https:\/\/psol50.org.br\/governo-temer-vota-contra-resolucao-da-onu-que-monitora-impactos-do-ajuste-fiscal-nos-direitos-humanos\/#primaryimage","url":"","contentUrl":""},{"@type":"BreadcrumbList","@id":"https:\/\/psol50.org.br\/governo-temer-vota-contra-resolucao-da-onu-que-monitora-impactos-do-ajuste-fiscal-nos-direitos-humanos\/#breadcrumb","itemListElement":[{"@type":"ListItem","position":1,"name":"In\u00edcio","item":"https:\/\/psol50.org.br\/"},{"@type":"ListItem","position":2,"name":"Governo Temer vota contra resolu\u00e7\u00e3o da ONU que monitora impactos do ajuste fiscal nos direitos humanos"}]},{"@type":"WebSite","@id":"https:\/\/psol50.org.br\/#website","url":"https:\/\/psol50.org.br\/","name":"PSOL 50","description":"Site oficial do Partido Socialismo e Liberdade","publisher":{"@id":"https:\/\/psol50.org.br\/#organization"},"alternateName":"PSOL50","potentialAction":[{"@type":"SearchAction","target":{"@type":"EntryPoint","urlTemplate":"https:\/\/psol50.org.br\/?s={search_term_string}"},"query-input":{"@type":"PropertyValueSpecification","valueRequired":true,"valueName":"search_term_string"}}],"inLanguage":"pt-BR"},{"@type":"Organization","@id":"https:\/\/psol50.org.br\/#organization","name":"PSOL 50","alternateName":"PSOL 50","url":"https:\/\/psol50.org.br\/","logo":{"@type":"ImageObject","inLanguage":"pt-BR","@id":"https:\/\/psol50.org.br\/#\/schema\/logo\/image\/","url":"https:\/\/psol50.org.br\/inc\/uploads\/2018\/07\/capa.png","contentUrl":"https:\/\/psol50.org.br\/inc\/uploads\/2018\/07\/capa.png","width":1350,"height":900,"caption":"PSOL 50"},"image":{"@id":"https:\/\/psol50.org.br\/#\/schema\/logo\/image\/"},"sameAs":["https:\/\/www.facebook.com\/psol50","https:\/\/x.com\/psol50","https:\/\/www.instagram.com\/psol50\/","https:\/\/www.youtube.com\/channel\/UC7SnJS5o1os7a6CaiNabzcg"]},{"@type":"Person","@id":"https:\/\/psol50.org.br\/#\/schema\/person\/475dfa57d0b815993c714c2e96491fcd","name":"Comunica\u00e7\u00e3o PSOL","image":{"@type":"ImageObject","inLanguage":"pt-BR","@id":"https:\/\/psol50.org.br\/#\/schema\/person\/image\/","url":"https:\/\/secure.gravatar.com\/avatar\/b34fc4f4e468a4e51785917065a3db57b841f5c95dba6ad8c73aaf8f66f8f9bf?s=96&d=mm&r=g","contentUrl":"https:\/\/secure.gravatar.com\/avatar\/b34fc4f4e468a4e51785917065a3db57b841f5c95dba6ad8c73aaf8f66f8f9bf?s=96&d=mm&r=g","caption":"Comunica\u00e7\u00e3o PSOL"}}]}},"_links":{"self":[{"href":"https:\/\/psol50.org.br\/rest\/wp\/v2\/posts\/15696","targetHints":{"allow":["GET"]}}],"collection":[{"href":"https:\/\/psol50.org.br\/rest\/wp\/v2\/posts"}],"about":[{"href":"https:\/\/psol50.org.br\/rest\/wp\/v2\/types\/post"}],"author":[{"embeddable":true,"href":"https:\/\/psol50.org.br\/rest\/wp\/v2\/users\/2"}],"replies":[{"embeddable":true,"href":"https:\/\/psol50.org.br\/rest\/wp\/v2\/comments?post=15696"}],"version-history":[{"count":0,"href":"https:\/\/psol50.org.br\/rest\/wp\/v2\/posts\/15696\/revisions"}],"wp:featuredmedia":[{"embeddable":true,"href":"https:\/\/psol50.org.br\/rest\/"}],"wp:attachment":[{"href":"https:\/\/psol50.org.br\/rest\/wp\/v2\/media?parent=15696"}],"wp:term":[{"taxonomy":"category","embeddable":true,"href":"https:\/\/psol50.org.br\/rest\/wp\/v2\/categories?post=15696"},{"taxonomy":"post_tag","embeddable":true,"href":"https:\/\/psol50.org.br\/rest\/wp\/v2\/tags?post=15696"}],"curies":[{"name":"wp","href":"https:\/\/api.w.org\/{rel}","templated":true}]}}