{"id":1570,"date":"2011-06-06T00:00:00","date_gmt":"2011-06-06T00:00:00","guid":{"rendered":"http:\/\/psol50.org.br\/arquivo\/2011\/06\/06\/nota-publica-do-psol-rj-em-solidariedade-aos-bombeiros-do-rio-de-janeiro\/"},"modified":"2011-06-06T00:00:00","modified_gmt":"2011-06-06T00:00:00","slug":"nota-publica-do-psol-rj-em-solidariedade-aos-bombeiros-do-rio-de-janeiro","status":"publish","type":"post","link":"https:\/\/psol50.org.br\/nota-publica-do-psol-rj-em-solidariedade-aos-bombeiros-do-rio-de-janeiro\/","title":{"rendered":"Nota p\u00fablica do PSOL-RJ em solidariedade aos bombeiros do Rio de Janeiro"},"content":{"rendered":"<p><strong><em><a rel=\"attachment wp-att-8718\" href=\"http:\/\/psol50.org.br\/blog\/2011\/06\/06\/nota-publica-do-psol-rj-em-solidariedade-aos-bombeiros-do-rio-de-janeiro\/psol_rj_solidariedadebombeiros1a\/\"><img loading=\"lazy\" decoding=\"async\" class=\"alignleft size-medium wp-image-8718\" src=\"http:\/\/psol50.org.br\/files\/2011\/06\/PSOL_RJ_SolidariedadeBombeiros1a-300x212.jpg\" alt=\"\" width=\"300\" height=\"212\" \/><\/a>Em reuni\u00e3o realizada hoje, segunda-feira, 6, a Executiva Estadual do PSOL votou o incondicional apoio a luta pela Liberta\u00e7\u00e3o dos Bombeiros presos. Amanh\u00e3, 7, ter\u00e7a-feira, \u00e0s 11 horas na Caricoca, o PSOL estar\u00e1 promovendo a coleta de assinaturas no abaixo-assinado para liberta\u00e7\u00e3o dos preso<\/em>s.<\/strong><\/p>\n<p><strong> <\/strong><\/p>\n<p><strong>Nota do PSOL-RJ na \u00edntegra:<\/strong><\/p>\n<p>O PSOL vem acompanhando a justa luta dos bombeiros do Rio de Janeiro, desde os seus primeiros momentos.<\/p>\n<p>Podemos afirmar, com o testemunho dos nossos deputados, Marcelo Freixo e, especialmente, Janira Rocha, que o Governo do Estado sempre se manteve em um comportamento absolutamente intolerante.<\/p>\n<p>Nesses termos, convocamos a popula\u00e7\u00e3o generosa do Rio de Janeiro a apoiar o esfor\u00e7o que vem sendo encaminhado pelas atuais lideran\u00e7as do movimento, no sentido de que as negocia\u00e7\u00f5es sejam realmente assumidas pelo Governo do Estado, em dois eixos b\u00e1sicos:<\/p>\n<p>1- Liberdade para os encarcerados;<\/p>\n<p>2 &#8211; Corre\u00e7\u00e3o da injusta tabela salarial que coloca, a despeito das afirma\u00e7\u00f5es do governador, os bombeiros do Rio de Janeiro com a pior remunera\u00e7\u00e3o nacional, apenas R$ 950,00.<\/p>\n<p>Para tanto, chamamos a aten\u00e7\u00e3o da popula\u00e7\u00e3o contra o que vem sendo tentado divulgar pelo Governador.<\/p>\n<p>1 \u2013 N\u00e3o houve nenhum dano \u00e0s instala\u00e7\u00f5es do Quartel Central, at\u00e9 o momento da entrada violenta do BOPE, convocado depois que o Batalh\u00e3o de Choque da PM, em solidariedade aos bombeiros, se recusou a invadir o Q.G.<\/p>\n<p>2 \u2013 Quanto \u00e0s reivindica\u00e7\u00f5es salariais, n\u00e3o haveria obst\u00e1culo ao atendimento a partir, por exemplo, do cancelamento da isen\u00e7\u00e3o de 695 milh\u00f5es de ICMS concedida ilegalmente pelo Governador Cabral \u00e0 CSA (Companhia Sider\u00fargica do Atl\u00e2ntico) \u2013 como tamb\u00e9m \u00e0s servidoras p\u00fablicas privatizadas, que s\u00e3o objeto constante de den\u00fancias por maus servi\u00e7os: Metr\u00f4, Supervia e Barcas.<\/p>\n<p>A crise instaurada tem um respons\u00e1vel: Sergio Cabral, que se colocou desde o in\u00edcio do movimento de forma intransigente, tentando criminalizar a justa causa destes profissionais que mostraram sua import\u00e2ncia nos \u00faltimos acontecimentos tr\u00e1gicos em nosso estado &#8211; Morro do Bumba e Regi\u00e3o Serrana. O Governo do Estado trata como criminosos homens e mulheres que s\u00e3o motivo de orgulho para a popula\u00e7\u00e3o do Rio de Janeiro.<\/p>\n<p>Por tudo isso, \u00e9 fundamental mobilizar toda a sociedade pela liberta\u00e7\u00e3o dos bombeiros presos e for\u00e7ar o governo a atender suas reivindica\u00e7\u00f5es. Compare\u00e7a ao ato em solidariedade aos Bombeiros, no domingo, dia 12, \u00e0s 10 horas, na praia de Copacabana.<\/p>\n<p><em><strong>Executiva Estadual do PSOL-RJ<\/strong><\/em><\/p>\n<p style=\"text-align: center\"><span style=\"color: #ff0000\"><span style=\"text-decoration: underline\"><em><strong>Cresce apoio aos bombeiros<\/strong><\/em><\/span><\/span><\/p>\n<p>O apoio popular ao movimento dos bombeiros vem crescendo,\u00a0 nas ruas e na internet. Fitas vermelhas est\u00e3o sendo penduradas em casas e ve\u00edculos, inclusive oficiais, em solidariedade \u00e0 mobiliza\u00e7\u00e3o da corpora\u00e7\u00e3o. Na internet, um abaixo assinado online que defende \u201cdignidade para os bombeiros\u201d, j\u00e1 conseguiu reunir mais de 14 mil assinaturas. At\u00e9 nos Estados Unidos os bombeiros do Rio conseguiram apoio. Americanos est\u00e3o postando na internet fotos com cartazes de apoio \u00e0 mobiliza\u00e7\u00e3o dos militares no Rio. Escritos em ingl\u00eas, os cartazes &#8220;os bombeiros do Rio de Janeiro pedem socorro\u201d.<\/p>\n<p><strong>Clique e acesse os links abaixo:<\/strong><\/p>\n<p><a href=\"http:\/\/www.peticaopublica.com.br\/PeticaoListaSignatarios.aspx?pi=P2011N9806\"><strong>http:\/\/www.peticaopublica.com.br\/PeticaoListaSignatarios.aspx?pi=P2011N9806<\/strong><\/a><\/p>\n<p><a href=\"http:\/\/g1.globo.com\/rio-de-janeiro\/noticia\/2011\/06\/bombeiros-do-rio-recebem-apoio-de-corporacao-dos-estados-unidos.html\"><strong>http:\/\/g1.globo.com\/rio-de-janeiro\/noticia\/2011\/06\/bombeiros-do-rio-recebem-apoio-de-corporacao-dos-estados-unidos.html<\/strong><\/a><\/p>\n","protected":false},"excerpt":{"rendered":"<p>Em reuni\u00e3o realizada hoje, segunda-feira, 6, a Executiva Estadual do PSOL votou o incondicional apoio a luta pela Liberta\u00e7\u00e3o dos Bombeiros presos. Amanh\u00e3, 7, ter\u00e7a-feira, \u00e0s 11 horas na Caricoca, o PSOL estar\u00e1 promovendo a coleta de assinaturas no abaixo-assinado para liberta\u00e7\u00e3o dos presos. Nota do PSOL-RJ na \u00edntegra: O PSOL vem acompanhando a justa [&hellip;]<\/p>\n","protected":false},"author":2,"featured_media":0,"comment_status":"open","ping_status":"open","sticky":false,"template":"","format":"standard","meta":{"_acf_changed":false,"footnotes":""},"categories":[4766],"tags":[],"class_list":{"0":"post-1570","1":"post","2":"type-post","3":"status-publish","4":"format-standard","6":"category-arquivo"},"acf":[],"yoast_head":"<!-- This site is optimized with the Yoast SEO plugin v26.5 - https:\/\/yoast.com\/wordpress\/plugins\/seo\/ -->\n<title>Nota p\u00fablica do PSOL-RJ em solidariedade aos bombeiros do Rio de Janeiro - PSOL 50<\/title>\n<meta name=\"robots\" content=\"index, follow, max-snippet:-1, max-image-preview:large, max-video-preview:-1\" \/>\n<link rel=\"canonical\" href=\"https:\/\/psol50.org.br\/nota-publica-do-psol-rj-em-solidariedade-aos-bombeiros-do-rio-de-janeiro\/\" \/>\n<meta property=\"og:locale\" content=\"pt_BR\" \/>\n<meta property=\"og:type\" content=\"article\" \/>\n<meta property=\"og:title\" content=\"Nota p\u00fablica do PSOL-RJ em solidariedade aos bombeiros do Rio de Janeiro - PSOL 50\" \/>\n<meta property=\"og:description\" content=\"Em reuni\u00e3o realizada hoje, segunda-feira, 6, a Executiva Estadual do PSOL votou o incondicional apoio a luta pela Liberta\u00e7\u00e3o dos Bombeiros presos. Amanh\u00e3, 7, ter\u00e7a-feira, \u00e0s 11 horas na Caricoca, o PSOL estar\u00e1 promovendo a coleta de assinaturas no abaixo-assinado para liberta\u00e7\u00e3o dos presos. Nota do PSOL-RJ na \u00edntegra: O PSOL vem acompanhando a justa [&hellip;]\" \/>\n<meta property=\"og:url\" content=\"https:\/\/psol50.org.br\/nota-publica-do-psol-rj-em-solidariedade-aos-bombeiros-do-rio-de-janeiro\/\" \/>\n<meta property=\"og:site_name\" content=\"PSOL 50\" \/>\n<meta property=\"article:publisher\" content=\"https:\/\/www.facebook.com\/psol50\" \/>\n<meta property=\"article:published_time\" content=\"2011-06-06T00:00:00+00:00\" \/>\n<meta property=\"og:image\" content=\"http:\/\/psol50.org.br\/files\/2011\/06\/PSOL_RJ_SolidariedadeBombeiros1a-300x212.jpg\" \/>\n<meta name=\"author\" content=\"Comunica\u00e7\u00e3o PSOL\" \/>\n<meta name=\"twitter:card\" content=\"summary_large_image\" \/>\n<meta name=\"twitter:creator\" content=\"@psol50\" \/>\n<meta name=\"twitter:site\" content=\"@psol50\" \/>\n<meta name=\"twitter:label1\" content=\"Escrito por\" \/>\n\t<meta name=\"twitter:data1\" content=\"Comunica\u00e7\u00e3o PSOL\" \/>\n\t<meta name=\"twitter:label2\" content=\"Est. tempo de leitura\" \/>\n\t<meta name=\"twitter:data2\" content=\"3 minutos\" \/>\n<script type=\"application\/ld+json\" class=\"yoast-schema-graph\">{\"@context\":\"https:\/\/schema.org\",\"@graph\":[{\"@type\":\"Article\",\"@id\":\"https:\/\/psol50.org.br\/nota-publica-do-psol-rj-em-solidariedade-aos-bombeiros-do-rio-de-janeiro\/#article\",\"isPartOf\":{\"@id\":\"https:\/\/psol50.org.br\/nota-publica-do-psol-rj-em-solidariedade-aos-bombeiros-do-rio-de-janeiro\/\"},\"author\":{\"name\":\"Comunica\u00e7\u00e3o PSOL\",\"@id\":\"https:\/\/psol50.org.br\/#\/schema\/person\/475dfa57d0b815993c714c2e96491fcd\"},\"headline\":\"Nota p\u00fablica do PSOL-RJ em solidariedade aos bombeiros do Rio de Janeiro\",\"datePublished\":\"2011-06-06T00:00:00+00:00\",\"mainEntityOfPage\":{\"@id\":\"https:\/\/psol50.org.br\/nota-publica-do-psol-rj-em-solidariedade-aos-bombeiros-do-rio-de-janeiro\/\"},\"wordCount\":548,\"commentCount\":0,\"publisher\":{\"@id\":\"https:\/\/psol50.org.br\/#organization\"},\"image\":{\"@id\":\"https:\/\/psol50.org.br\/nota-publica-do-psol-rj-em-solidariedade-aos-bombeiros-do-rio-de-janeiro\/#primaryimage\"},\"thumbnailUrl\":\"http:\/\/psol50.org.br\/files\/2011\/06\/PSOL_RJ_SolidariedadeBombeiros1a-300x212.jpg\",\"articleSection\":[\"Arquivo\"],\"inLanguage\":\"pt-BR\",\"potentialAction\":[{\"@type\":\"CommentAction\",\"name\":\"Comment\",\"target\":[\"https:\/\/psol50.org.br\/nota-publica-do-psol-rj-em-solidariedade-aos-bombeiros-do-rio-de-janeiro\/#respond\"]}]},{\"@type\":\"WebPage\",\"@id\":\"https:\/\/psol50.org.br\/nota-publica-do-psol-rj-em-solidariedade-aos-bombeiros-do-rio-de-janeiro\/\",\"url\":\"https:\/\/psol50.org.br\/nota-publica-do-psol-rj-em-solidariedade-aos-bombeiros-do-rio-de-janeiro\/\",\"name\":\"Nota p\u00fablica do PSOL-RJ em solidariedade aos bombeiros do Rio de Janeiro - PSOL 50\",\"isPartOf\":{\"@id\":\"https:\/\/psol50.org.br\/#website\"},\"primaryImageOfPage\":{\"@id\":\"https:\/\/psol50.org.br\/nota-publica-do-psol-rj-em-solidariedade-aos-bombeiros-do-rio-de-janeiro\/#primaryimage\"},\"image\":{\"@id\":\"https:\/\/psol50.org.br\/nota-publica-do-psol-rj-em-solidariedade-aos-bombeiros-do-rio-de-janeiro\/#primaryimage\"},\"thumbnailUrl\":\"http:\/\/psol50.org.br\/files\/2011\/06\/PSOL_RJ_SolidariedadeBombeiros1a-300x212.jpg\",\"datePublished\":\"2011-06-06T00:00:00+00:00\",\"breadcrumb\":{\"@id\":\"https:\/\/psol50.org.br\/nota-publica-do-psol-rj-em-solidariedade-aos-bombeiros-do-rio-de-janeiro\/#breadcrumb\"},\"inLanguage\":\"pt-BR\",\"potentialAction\":[{\"@type\":\"ReadAction\",\"target\":[\"https:\/\/psol50.org.br\/nota-publica-do-psol-rj-em-solidariedade-aos-bombeiros-do-rio-de-janeiro\/\"]}]},{\"@type\":\"ImageObject\",\"inLanguage\":\"pt-BR\",\"@id\":\"https:\/\/psol50.org.br\/nota-publica-do-psol-rj-em-solidariedade-aos-bombeiros-do-rio-de-janeiro\/#primaryimage\",\"url\":\"http:\/\/psol50.org.br\/files\/2011\/06\/PSOL_RJ_SolidariedadeBombeiros1a-300x212.jpg\",\"contentUrl\":\"http:\/\/psol50.org.br\/files\/2011\/06\/PSOL_RJ_SolidariedadeBombeiros1a-300x212.jpg\"},{\"@type\":\"BreadcrumbList\",\"@id\":\"https:\/\/psol50.org.br\/nota-publica-do-psol-rj-em-solidariedade-aos-bombeiros-do-rio-de-janeiro\/#breadcrumb\",\"itemListElement\":[{\"@type\":\"ListItem\",\"position\":1,\"name\":\"In\u00edcio\",\"item\":\"https:\/\/psol50.org.br\/\"},{\"@type\":\"ListItem\",\"position\":2,\"name\":\"Nota p\u00fablica do PSOL-RJ em solidariedade aos bombeiros do Rio de Janeiro\"}]},{\"@type\":\"WebSite\",\"@id\":\"https:\/\/psol50.org.br\/#website\",\"url\":\"https:\/\/psol50.org.br\/\",\"name\":\"PSOL 50\",\"description\":\"Site oficial do Partido Socialismo e Liberdade\",\"publisher\":{\"@id\":\"https:\/\/psol50.org.br\/#organization\"},\"alternateName\":\"PSOL50\",\"potentialAction\":[{\"@type\":\"SearchAction\",\"target\":{\"@type\":\"EntryPoint\",\"urlTemplate\":\"https:\/\/psol50.org.br\/?s={search_term_string}\"},\"query-input\":{\"@type\":\"PropertyValueSpecification\",\"valueRequired\":true,\"valueName\":\"search_term_string\"}}],\"inLanguage\":\"pt-BR\"},{\"@type\":\"Organization\",\"@id\":\"https:\/\/psol50.org.br\/#organization\",\"name\":\"PSOL 50\",\"alternateName\":\"PSOL 50\",\"url\":\"https:\/\/psol50.org.br\/\",\"logo\":{\"@type\":\"ImageObject\",\"inLanguage\":\"pt-BR\",\"@id\":\"https:\/\/psol50.org.br\/#\/schema\/logo\/image\/\",\"url\":\"https:\/\/psol50.org.br\/inc\/uploads\/2018\/07\/capa.png\",\"contentUrl\":\"https:\/\/psol50.org.br\/inc\/uploads\/2018\/07\/capa.png\",\"width\":1350,\"height\":900,\"caption\":\"PSOL 50\"},\"image\":{\"@id\":\"https:\/\/psol50.org.br\/#\/schema\/logo\/image\/\"},\"sameAs\":[\"https:\/\/www.facebook.com\/psol50\",\"https:\/\/x.com\/psol50\",\"https:\/\/www.instagram.com\/psol50\/\",\"https:\/\/www.youtube.com\/channel\/UC7SnJS5o1os7a6CaiNabzcg\"]},{\"@type\":\"Person\",\"@id\":\"https:\/\/psol50.org.br\/#\/schema\/person\/475dfa57d0b815993c714c2e96491fcd\",\"name\":\"Comunica\u00e7\u00e3o PSOL\",\"image\":{\"@type\":\"ImageObject\",\"inLanguage\":\"pt-BR\",\"@id\":\"https:\/\/psol50.org.br\/#\/schema\/person\/image\/\",\"url\":\"https:\/\/secure.gravatar.com\/avatar\/b34fc4f4e468a4e51785917065a3db57b841f5c95dba6ad8c73aaf8f66f8f9bf?s=96&d=mm&r=g\",\"contentUrl\":\"https:\/\/secure.gravatar.com\/avatar\/b34fc4f4e468a4e51785917065a3db57b841f5c95dba6ad8c73aaf8f66f8f9bf?s=96&d=mm&r=g\",\"caption\":\"Comunica\u00e7\u00e3o PSOL\"}}]}<\/script>\n<!-- \/ Yoast SEO plugin. -->","yoast_head_json":{"title":"Nota p\u00fablica do PSOL-RJ em solidariedade aos bombeiros do Rio de Janeiro - PSOL 50","robots":{"index":"index","follow":"follow","max-snippet":"max-snippet:-1","max-image-preview":"max-image-preview:large","max-video-preview":"max-video-preview:-1"},"canonical":"https:\/\/psol50.org.br\/nota-publica-do-psol-rj-em-solidariedade-aos-bombeiros-do-rio-de-janeiro\/","og_locale":"pt_BR","og_type":"article","og_title":"Nota p\u00fablica do PSOL-RJ em solidariedade aos bombeiros do Rio de Janeiro - PSOL 50","og_description":"Em reuni\u00e3o realizada hoje, segunda-feira, 6, a Executiva Estadual do PSOL votou o incondicional apoio a luta pela Liberta\u00e7\u00e3o dos Bombeiros presos. Amanh\u00e3, 7, ter\u00e7a-feira, \u00e0s 11 horas na Caricoca, o PSOL estar\u00e1 promovendo a coleta de assinaturas no abaixo-assinado para liberta\u00e7\u00e3o dos presos. Nota do PSOL-RJ na \u00edntegra: O PSOL vem acompanhando a justa [&hellip;]","og_url":"https:\/\/psol50.org.br\/nota-publica-do-psol-rj-em-solidariedade-aos-bombeiros-do-rio-de-janeiro\/","og_site_name":"PSOL 50","article_publisher":"https:\/\/www.facebook.com\/psol50","article_published_time":"2011-06-06T00:00:00+00:00","og_image":[{"url":"http:\/\/psol50.org.br\/files\/2011\/06\/PSOL_RJ_SolidariedadeBombeiros1a-300x212.jpg","type":"","width":"","height":""}],"author":"Comunica\u00e7\u00e3o PSOL","twitter_card":"summary_large_image","twitter_creator":"@psol50","twitter_site":"@psol50","twitter_misc":{"Escrito por":"Comunica\u00e7\u00e3o PSOL","Est. tempo de leitura":"3 minutos"},"schema":{"@context":"https:\/\/schema.org","@graph":[{"@type":"Article","@id":"https:\/\/psol50.org.br\/nota-publica-do-psol-rj-em-solidariedade-aos-bombeiros-do-rio-de-janeiro\/#article","isPartOf":{"@id":"https:\/\/psol50.org.br\/nota-publica-do-psol-rj-em-solidariedade-aos-bombeiros-do-rio-de-janeiro\/"},"author":{"name":"Comunica\u00e7\u00e3o PSOL","@id":"https:\/\/psol50.org.br\/#\/schema\/person\/475dfa57d0b815993c714c2e96491fcd"},"headline":"Nota p\u00fablica do PSOL-RJ em solidariedade aos bombeiros do Rio de Janeiro","datePublished":"2011-06-06T00:00:00+00:00","mainEntityOfPage":{"@id":"https:\/\/psol50.org.br\/nota-publica-do-psol-rj-em-solidariedade-aos-bombeiros-do-rio-de-janeiro\/"},"wordCount":548,"commentCount":0,"publisher":{"@id":"https:\/\/psol50.org.br\/#organization"},"image":{"@id":"https:\/\/psol50.org.br\/nota-publica-do-psol-rj-em-solidariedade-aos-bombeiros-do-rio-de-janeiro\/#primaryimage"},"thumbnailUrl":"http:\/\/psol50.org.br\/files\/2011\/06\/PSOL_RJ_SolidariedadeBombeiros1a-300x212.jpg","articleSection":["Arquivo"],"inLanguage":"pt-BR","potentialAction":[{"@type":"CommentAction","name":"Comment","target":["https:\/\/psol50.org.br\/nota-publica-do-psol-rj-em-solidariedade-aos-bombeiros-do-rio-de-janeiro\/#respond"]}]},{"@type":"WebPage","@id":"https:\/\/psol50.org.br\/nota-publica-do-psol-rj-em-solidariedade-aos-bombeiros-do-rio-de-janeiro\/","url":"https:\/\/psol50.org.br\/nota-publica-do-psol-rj-em-solidariedade-aos-bombeiros-do-rio-de-janeiro\/","name":"Nota p\u00fablica do PSOL-RJ em solidariedade aos bombeiros do Rio de Janeiro - PSOL 50","isPartOf":{"@id":"https:\/\/psol50.org.br\/#website"},"primaryImageOfPage":{"@id":"https:\/\/psol50.org.br\/nota-publica-do-psol-rj-em-solidariedade-aos-bombeiros-do-rio-de-janeiro\/#primaryimage"},"image":{"@id":"https:\/\/psol50.org.br\/nota-publica-do-psol-rj-em-solidariedade-aos-bombeiros-do-rio-de-janeiro\/#primaryimage"},"thumbnailUrl":"http:\/\/psol50.org.br\/files\/2011\/06\/PSOL_RJ_SolidariedadeBombeiros1a-300x212.jpg","datePublished":"2011-06-06T00:00:00+00:00","breadcrumb":{"@id":"https:\/\/psol50.org.br\/nota-publica-do-psol-rj-em-solidariedade-aos-bombeiros-do-rio-de-janeiro\/#breadcrumb"},"inLanguage":"pt-BR","potentialAction":[{"@type":"ReadAction","target":["https:\/\/psol50.org.br\/nota-publica-do-psol-rj-em-solidariedade-aos-bombeiros-do-rio-de-janeiro\/"]}]},{"@type":"ImageObject","inLanguage":"pt-BR","@id":"https:\/\/psol50.org.br\/nota-publica-do-psol-rj-em-solidariedade-aos-bombeiros-do-rio-de-janeiro\/#primaryimage","url":"http:\/\/psol50.org.br\/files\/2011\/06\/PSOL_RJ_SolidariedadeBombeiros1a-300x212.jpg","contentUrl":"http:\/\/psol50.org.br\/files\/2011\/06\/PSOL_RJ_SolidariedadeBombeiros1a-300x212.jpg"},{"@type":"BreadcrumbList","@id":"https:\/\/psol50.org.br\/nota-publica-do-psol-rj-em-solidariedade-aos-bombeiros-do-rio-de-janeiro\/#breadcrumb","itemListElement":[{"@type":"ListItem","position":1,"name":"In\u00edcio","item":"https:\/\/psol50.org.br\/"},{"@type":"ListItem","position":2,"name":"Nota p\u00fablica do PSOL-RJ em solidariedade aos bombeiros do Rio de Janeiro"}]},{"@type":"WebSite","@id":"https:\/\/psol50.org.br\/#website","url":"https:\/\/psol50.org.br\/","name":"PSOL 50","description":"Site oficial do Partido Socialismo e Liberdade","publisher":{"@id":"https:\/\/psol50.org.br\/#organization"},"alternateName":"PSOL50","potentialAction":[{"@type":"SearchAction","target":{"@type":"EntryPoint","urlTemplate":"https:\/\/psol50.org.br\/?s={search_term_string}"},"query-input":{"@type":"PropertyValueSpecification","valueRequired":true,"valueName":"search_term_string"}}],"inLanguage":"pt-BR"},{"@type":"Organization","@id":"https:\/\/psol50.org.br\/#organization","name":"PSOL 50","alternateName":"PSOL 50","url":"https:\/\/psol50.org.br\/","logo":{"@type":"ImageObject","inLanguage":"pt-BR","@id":"https:\/\/psol50.org.br\/#\/schema\/logo\/image\/","url":"https:\/\/psol50.org.br\/inc\/uploads\/2018\/07\/capa.png","contentUrl":"https:\/\/psol50.org.br\/inc\/uploads\/2018\/07\/capa.png","width":1350,"height":900,"caption":"PSOL 50"},"image":{"@id":"https:\/\/psol50.org.br\/#\/schema\/logo\/image\/"},"sameAs":["https:\/\/www.facebook.com\/psol50","https:\/\/x.com\/psol50","https:\/\/www.instagram.com\/psol50\/","https:\/\/www.youtube.com\/channel\/UC7SnJS5o1os7a6CaiNabzcg"]},{"@type":"Person","@id":"https:\/\/psol50.org.br\/#\/schema\/person\/475dfa57d0b815993c714c2e96491fcd","name":"Comunica\u00e7\u00e3o PSOL","image":{"@type":"ImageObject","inLanguage":"pt-BR","@id":"https:\/\/psol50.org.br\/#\/schema\/person\/image\/","url":"https:\/\/secure.gravatar.com\/avatar\/b34fc4f4e468a4e51785917065a3db57b841f5c95dba6ad8c73aaf8f66f8f9bf?s=96&d=mm&r=g","contentUrl":"https:\/\/secure.gravatar.com\/avatar\/b34fc4f4e468a4e51785917065a3db57b841f5c95dba6ad8c73aaf8f66f8f9bf?s=96&d=mm&r=g","caption":"Comunica\u00e7\u00e3o PSOL"}}]}},"_links":{"self":[{"href":"https:\/\/psol50.org.br\/rest\/wp\/v2\/posts\/1570","targetHints":{"allow":["GET"]}}],"collection":[{"href":"https:\/\/psol50.org.br\/rest\/wp\/v2\/posts"}],"about":[{"href":"https:\/\/psol50.org.br\/rest\/wp\/v2\/types\/post"}],"author":[{"embeddable":true,"href":"https:\/\/psol50.org.br\/rest\/wp\/v2\/users\/2"}],"replies":[{"embeddable":true,"href":"https:\/\/psol50.org.br\/rest\/wp\/v2\/comments?post=1570"}],"version-history":[{"count":0,"href":"https:\/\/psol50.org.br\/rest\/wp\/v2\/posts\/1570\/revisions"}],"wp:attachment":[{"href":"https:\/\/psol50.org.br\/rest\/wp\/v2\/media?parent=1570"}],"wp:term":[{"taxonomy":"category","embeddable":true,"href":"https:\/\/psol50.org.br\/rest\/wp\/v2\/categories?post=1570"},{"taxonomy":"post_tag","embeddable":true,"href":"https:\/\/psol50.org.br\/rest\/wp\/v2\/tags?post=1570"}],"curies":[{"name":"wp","href":"https:\/\/api.w.org\/{rel}","templated":true}]}}