{"id":15703,"date":"2017-03-24T15:08:27","date_gmt":"2017-03-24T15:08:27","guid":{"rendered":"http:\/\/www.psol50.org.br\/?p=15703"},"modified":"2017-03-24T15:08:27","modified_gmt":"2017-03-24T15:08:27","slug":"juliano-medeiros-o-programa-onde-esta-o-programa","status":"publish","type":"post","link":"https:\/\/psol50.org.br\/juliano-medeiros-o-programa-onde-esta-o-programa\/","title":{"rendered":"Juliano Medeiros | O Programa! Onde est\u00e1 o Programa?!"},"content":{"rendered":"<p><em>Artigo publicado originalmente na revista <a href=\"http:\/\/www.revistaforum.com.br\/2017\/03\/24\/o-programa-onde-esta-o-programa\/\" target=\"_blank\" rel=\"noopener\"><span style=\"color: #0000ff\">F\u00f3rum<strong><\/p>\n<p><\/strong><\/span><\/a><\/em>Na \u00faltima semana, ao menos dois acontecimentos de grande repercuss\u00e3o reacenderam o debate sobre as elei\u00e7\u00f5es presidenciais de 2018 no \u00e2mbito das esquerdas. O primeiro foi o ato realizado pelo Partido dos Trabalhadores e movimentos sociais a ele ligados na cidade de Monteiro (PB). A repercuss\u00e3o da presen\u00e7a do ex-presidente Lula no ato e a disputa simb\u00f3lica em torno da \u201cpaternidade\u201d das obras de transposi\u00e7\u00e3o do Rio S\u00e3o Francisco deram a t\u00f4nica das discuss\u00f5es na m\u00eddia independente e nas redes sociais. O segundo acontecimento foi o impacto da opera\u00e7\u00e3o Carne Fraca na opini\u00e3o p\u00fablica e a divis\u00e3o que se verificou entre cr\u00edticos e defensores da a\u00e7\u00e3o da Pol\u00edcia Federal que revelou um esc\u00e2ndalo de corrup\u00e7\u00e3o envolvendo agentes do Minist\u00e9rio da Agricultura e partidos pol\u00edticos, promovendo discuss\u00f5es acaloradas que levantaram quest\u00f5es fundamentais para as rela\u00e7\u00f5es entre o Estado e os setores produtivos.<\/p>\n<p>O impacto destes acontecimentos nas esquerdas, por\u00e9m, foi contradit\u00f3rio. No primeiro caso, poucos foram os que questionaram os problemas envolvendo as obras da transposi\u00e7\u00e3o e o que se viu, em geral, foi um \u201coba-oba\u201d em torno da candidatura de Lula. Escassas cr\u00edticas \u00e0 controversa transposi\u00e7\u00e3o, quase nenhuma voz lembrando a greve de fome de Dom Lu\u00eds Cappio ou o vazamento da barragem de Sert\u00e2nia, que desalojou 60 mil fam\u00edlias, poucos questionamentos aos impactos ambientais da obra.<\/p>\n<p>No segundo caso, abriu-se um interessante debate sobre o lugar das esquerdas frente \u00e0s principais cadeias produtivas do agroneg\u00f3cio e como estas impactam nossa economia. Alguns at\u00e9 descobriram que, na base do setor, uma imensa rede de pequenos agricultores alimenta parte dos m\u00e9dios e grandes frigor\u00edficos e que, torcer por uma quebradeira geral, seria jogar milhares \u00e0 pr\u00f3pria sorte. Ao mesmo tempo, parece que outros, encantados pelo bonan\u00e7a do setor, n\u00e3o perceberam que os neg\u00f3cios dos \u201ccampe\u00f5es nacionais\u201d, queridinhos dos grandes partidos e largamente financiados pelo Estado, poderiam acabar num esc\u00e2ndalo de corrup\u00e7\u00e3o de grandes propor\u00e7\u00f5es.<\/p>\n<p>Mas o que estes epis\u00f3dios e o comportamento contradit\u00f3rio demonstrado pelas esquerdas frente a eles demonstra? \u00c9 fato que o debate sobre a sucess\u00e3o presidencial ganha a agenda pol\u00edtica do pa\u00eds dia a dia desde que a candidatura de Lula passou a ser uma hip\u00f3tese concreta. O problema \u00e9 que, com o nome do ex-presidente no circuito, n\u00e3o se discute o principal: o programa. \u00c9 como se Lula bastasse para resolver os problemas do Brasil. A m\u00e1xima da \u201csaudade do meu ex\u201d sintetiza o sentimento que tem sido estimulado em torno da imagem do ex-presidente. Mas todo mundo que j\u00e1 reatou um relacionamento com uma \u201cex\u201d (ou um \u201cex\u201d) sabe o trabalho que isso d\u00e1. E sabe tamb\u00e9m que \u2013 n\u00e3o raramente \u2013 a tentativa acaba em frustra\u00e7\u00e3o.<\/p>\n<p>No caso da transposi\u00e7\u00e3o do Rio S\u00e3o Francisco, a festa de campanha n\u00e3o deixou margem para uma reflex\u00e3o cr\u00edtica sobre a efic\u00e1cia da obra ou sobre os investimentos que ainda ser\u00e3o necess\u00e1rios para constru\u00e7\u00e3o das adutoras que levar\u00e3o a \u00e1gua \u00e0s cidades, muito menos sobre seus impactos ambientais ou os mecanismos de controle p\u00fablico necess\u00e1rios para evitar que a transposi\u00e7\u00e3o sirva apenas ao grande agroneg\u00f3cio.<\/p>\n<p>No caso da Opera\u00e7\u00e3o Carne Fraca ocorreu o contr\u00e1rio. Estando o ex-presidente fora dos holofotes, se produziu um rico debate no plano econ\u00f4mico. Com todos os excessos poss\u00edveis, ainda assim, o que vimos foi uma tentativa de interpretar os impactos da monopoliza\u00e7\u00e3o da economia brasileira, meios para reverte-la e \u2013 o mais relevante \u2013 formas concretas de combater a tend\u00eancia de reprimariza\u00e7\u00e3o de nossa economia, aprofundada nos \u00faltimos vinte anos pelos governos do PT e PSDB. \u00c9 aqui que est\u00e1 a chave do futuro da esquerda brasileira: da capacidade de refletir sobre a realidade socioecon\u00f4mica depender\u00e1 a possibilidade de formula\u00e7\u00e3o de um programa capaz de enfrentar os s\u00e9culos de atraso e depend\u00eancia a que estamos submetidos.<\/p>\n<p>O pr\u00e9-candidato do PT j\u00e1 se movimenta para responder a essas quest\u00f5es. Reunido pelo Instituto Lula, um time de economistas come\u00e7a a pensar um plano econ\u00f4mico para o Brasil p\u00f3s-Temer, segundo atesta mat\u00e9ria veiculada pelo jornal Valor, na \u00faltima segunda-feira. No radar dos economistas est\u00e3o propostas como o alongamento e a renegocia\u00e7\u00e3o das d\u00edvidas dos estados, munic\u00edpios e mesmo das fam\u00edlias; a retomada do cr\u00e9dito subsidiado a institui\u00e7\u00f5es financeiras como o BNDES, o Banco do Brasil e a Caixa Econ\u00f4mica Federal; condi\u00e7\u00f5es facilitadas para a renegocia\u00e7\u00e3o das d\u00edvidas do setor empresarial e uma amplia\u00e7\u00e3o do endividamento p\u00fablico (que saltou de 56% para 70,5% do PIB desde o in\u00edcio do ajuste fiscal iniciado por Dilma e aprofundado tragicamente por Michel Temer). S\u00e3o f\u00f3rmulas repetidas por Lula em eventos p\u00fablicos em todo o Brasil e n\u00e3o deixam de ser, a rigor, o esbo\u00e7o de um programa econ\u00f4mico.<\/p>\n<p>No mesmo dia, a Frente Brasil Popular, da qual fazem parte movimentos como MST, CUT e UNE, divulgou documento intitulado Plano Popular de Emerg\u00eancia, onde apresenta uma s\u00e9rie de medidas urgentes para, segundo o texto, \u201crestabelecer a ordem constitucional, enfrentar a crise econ\u00f4mica, salvar as conquistas hist\u00f3ricas do povo trabalhador e defender a soberania nacional\u201d. Sem se referir \u00e0s elei\u00e7\u00f5es presidenciais de 2018 o plano apresenta medidas avan\u00e7adas para a democratiza\u00e7\u00e3o do Estado, gera\u00e7\u00e3o de emprego e renda, reforma agr\u00e1ria e agricultura familiar, reforma tribut\u00e1ria, defesa e direitos sociais e trabalhistas, acesso \u00e0 sa\u00fade, educa\u00e7\u00e3o e moradia, al\u00e9m de amplia\u00e7\u00e3o dos direitos civis e pol\u00edtica externa. Embora se apresente como uma plataforma emergencial, com claras limita\u00e7\u00f5es no plano macroecon\u00f4mico, a iniciativa mostra uma sincera disposi\u00e7\u00e3o de colocar, novamente, o boi \u00e0 frente da carro\u00e7a: n\u00e3o basta discutir nomes sem aprofundar imediatamente o debate program\u00e1tico.<\/p>\n<p>Particularmente, sou da opini\u00e3o de que Lula, se n\u00e3o for condenado em segunda inst\u00e2ncia em uma das cinco a\u00e7\u00f5es penais que tramitam contra ele na Justi\u00e7a Federal, dificilmente assumir\u00e1 o programa defendido pelos movimentos que comp\u00f5em Frente Brasil Popular, mais radicalizado do que aquele em discuss\u00e3o no Instituto Lula. Ao contr\u00e1rio, o petista tem optado por sinalizar que n\u00e3o implementar\u00e1 medidas \u201cheterodoxas\u201d. Nos relatos dispon\u00edveis at\u00e9 agora sobre os encontros promovidos por seu Instituto, n\u00e3o houve uma palavra sequer sobre a necessidade de anular o teto de gastos imposto pela Emenda Constitucional 95, a necessidade de uma maior tributa\u00e7\u00e3o sobre o capital e o patrim\u00f4nio ou uma reforma profunda do sistema da d\u00edvida. As men\u00e7\u00f5es sobre a necessidade de redu\u00e7\u00e3o do custo da d\u00edvida atrav\u00e9s da diminui\u00e7\u00e3o da taxa de juros apareceram sempre subordinadas \u00e0 din\u00e2mica do super\u00e1vit prim\u00e1rio e mesmo temas aparentemente prosaicos, como a utiliza\u00e7\u00e3o das reservas brasileiras para o financiamento de obras de infraestrutura, n\u00e3o encontram consenso no time de economistas que discutem com o ex-presidente.<\/p>\n<p>Resumo da \u00f3pera: o debate em torno do apoio a Lula divide a esquerda, interdita o necess\u00e1rio balan\u00e7o cr\u00edtico sobre a experi\u00eancia do PT \u00e0 frente do governo federal e impede a formula\u00e7\u00e3o de um programa capaz de corrigir os erros do passado. Por isso, centrar as discuss\u00f5es sobre 2018 a partir da defesa de Lula, colocando o debate program\u00e1tico em segundo plano, pode at\u00e9 fazer sentido para os simpatizantes e partid\u00e1rios do ex-presidente, mas n\u00e3o \u00e9 uma boa op\u00e7\u00e3o para o futuro da esquerda \u2013 que n\u00e3o pode e n\u00e3o deve ficar ref\u00e9m do xadrez pol\u00edtico mais imediato. Precisamos estimular iniciativas que discutam a fundo um programa para o Brasil e, necessariamente, fa\u00e7am o balan\u00e7o de erros cometidos no plano das pol\u00edticas macroecon\u00f4micas. Espa\u00e7os dessa natureza come\u00e7am a tomar forma. Interditar esse necess\u00e1rio processo de reflex\u00e3o seria um erro que a hist\u00f3ria n\u00e3o perdoaria.<\/p>\n<p>&nbsp;<\/p>\n","protected":false},"excerpt":{"rendered":"<p>Artigo publicado originalmente na revista F\u00f3rum Na \u00faltima semana, ao menos dois acontecimentos de grande repercuss\u00e3o reacenderam o debate sobre as elei\u00e7\u00f5es presidenciais de 2018 no \u00e2mbito das esquerdas. O primeiro foi o ato realizado pelo Partido dos Trabalhadores e movimentos sociais a ele ligados na cidade de Monteiro (PB). A repercuss\u00e3o da presen\u00e7a do [&hellip;]<\/p>\n","protected":false},"author":2,"featured_media":15704,"comment_status":"open","ping_status":"open","sticky":false,"template":"","format":"standard","meta":{"_acf_changed":false,"footnotes":""},"categories":[3,1882,1104,6],"tags":[2990,2991,790,1763,99,100,2971,2249,1590,319,92],"class_list":{"0":"post-15703","1":"post","2":"type-post","3":"status-publish","4":"format-standard","5":"has-post-thumbnail","7":"category-artigos-e-entrevistas","8":"category-brasil","9":"category-movimento","10":"category-noticias","11":"tag-cut","12":"tag-eleicoes-presidenciais-de-2018","13":"tag-esquerda","14":"tag-lula","15":"tag-movimentos-sociais","16":"tag-mst","17":"tag-operacao-carne-fraca","18":"tag-programa","19":"tag-psdb","20":"tag-pt","21":"tag-une"},"acf":[],"yoast_head":"<!-- This site is optimized with the Yoast SEO plugin v26.5 - https:\/\/yoast.com\/wordpress\/plugins\/seo\/ -->\n<title>Juliano Medeiros | O Programa! Onde est\u00e1 o Programa?! - PSOL 50<\/title>\n<meta name=\"robots\" content=\"index, follow, max-snippet:-1, max-image-preview:large, max-video-preview:-1\" \/>\n<link rel=\"canonical\" href=\"https:\/\/psol50.org.br\/juliano-medeiros-o-programa-onde-esta-o-programa\/\" \/>\n<meta property=\"og:locale\" content=\"pt_BR\" \/>\n<meta property=\"og:type\" content=\"article\" \/>\n<meta property=\"og:title\" content=\"Juliano Medeiros | O Programa! Onde est\u00e1 o Programa?! - PSOL 50\" \/>\n<meta property=\"og:description\" content=\"Artigo publicado originalmente na revista F\u00f3rum Na \u00faltima semana, ao menos dois acontecimentos de grande repercuss\u00e3o reacenderam o debate sobre as elei\u00e7\u00f5es presidenciais de 2018 no \u00e2mbito das esquerdas. O primeiro foi o ato realizado pelo Partido dos Trabalhadores e movimentos sociais a ele ligados na cidade de Monteiro (PB). A repercuss\u00e3o da presen\u00e7a do [&hellip;]\" \/>\n<meta property=\"og:url\" content=\"https:\/\/psol50.org.br\/juliano-medeiros-o-programa-onde-esta-o-programa\/\" \/>\n<meta property=\"og:site_name\" content=\"PSOL 50\" \/>\n<meta property=\"article:publisher\" content=\"https:\/\/www.facebook.com\/psol50\" \/>\n<meta property=\"article:published_time\" content=\"2017-03-24T15:08:27+00:00\" \/>\n<meta property=\"og:image\" content=\"https:\/\/psol50.org.br\/inc\/uploads\/2018\/07\/capa.png\" \/>\n\t<meta property=\"og:image:width\" content=\"1350\" \/>\n\t<meta property=\"og:image:height\" content=\"900\" \/>\n\t<meta property=\"og:image:type\" content=\"image\/png\" \/>\n<meta name=\"author\" content=\"Comunica\u00e7\u00e3o PSOL\" \/>\n<meta name=\"twitter:card\" content=\"summary_large_image\" \/>\n<meta name=\"twitter:creator\" content=\"@psol50\" \/>\n<meta name=\"twitter:site\" content=\"@psol50\" \/>\n<meta name=\"twitter:label1\" content=\"Escrito por\" \/>\n\t<meta name=\"twitter:data1\" content=\"Comunica\u00e7\u00e3o PSOL\" \/>\n\t<meta name=\"twitter:label2\" content=\"Est. tempo de leitura\" \/>\n\t<meta name=\"twitter:data2\" content=\"7 minutos\" \/>\n<script type=\"application\/ld+json\" class=\"yoast-schema-graph\">{\"@context\":\"https:\/\/schema.org\",\"@graph\":[{\"@type\":\"Article\",\"@id\":\"https:\/\/psol50.org.br\/juliano-medeiros-o-programa-onde-esta-o-programa\/#article\",\"isPartOf\":{\"@id\":\"https:\/\/psol50.org.br\/juliano-medeiros-o-programa-onde-esta-o-programa\/\"},\"author\":{\"name\":\"Comunica\u00e7\u00e3o PSOL\",\"@id\":\"https:\/\/psol50.org.br\/#\/schema\/person\/475dfa57d0b815993c714c2e96491fcd\"},\"headline\":\"Juliano Medeiros | O Programa! Onde est\u00e1 o Programa?!\",\"datePublished\":\"2017-03-24T15:08:27+00:00\",\"mainEntityOfPage\":{\"@id\":\"https:\/\/psol50.org.br\/juliano-medeiros-o-programa-onde-esta-o-programa\/\"},\"wordCount\":1392,\"commentCount\":0,\"publisher\":{\"@id\":\"https:\/\/psol50.org.br\/#organization\"},\"image\":{\"@id\":\"https:\/\/psol50.org.br\/juliano-medeiros-o-programa-onde-esta-o-programa\/#primaryimage\"},\"thumbnailUrl\":\"\",\"keywords\":[\"CUT\",\"elei\u00e7\u00f5es presidenciais de 2018\",\"esquerda\",\"Lula\",\"movimentos sociais\",\"MST\",\"Opera\u00e7\u00e3o Carne Fraca\",\"programa\",\"PSDB\",\"PT\",\"UNE\"],\"articleSection\":[\"Artigos\",\"Brasil\",\"Movimento\",\"Not\u00edcias\"],\"inLanguage\":\"pt-BR\",\"potentialAction\":[{\"@type\":\"CommentAction\",\"name\":\"Comment\",\"target\":[\"https:\/\/psol50.org.br\/juliano-medeiros-o-programa-onde-esta-o-programa\/#respond\"]}]},{\"@type\":\"WebPage\",\"@id\":\"https:\/\/psol50.org.br\/juliano-medeiros-o-programa-onde-esta-o-programa\/\",\"url\":\"https:\/\/psol50.org.br\/juliano-medeiros-o-programa-onde-esta-o-programa\/\",\"name\":\"Juliano Medeiros | O Programa! Onde est\u00e1 o Programa?! - PSOL 50\",\"isPartOf\":{\"@id\":\"https:\/\/psol50.org.br\/#website\"},\"primaryImageOfPage\":{\"@id\":\"https:\/\/psol50.org.br\/juliano-medeiros-o-programa-onde-esta-o-programa\/#primaryimage\"},\"image\":{\"@id\":\"https:\/\/psol50.org.br\/juliano-medeiros-o-programa-onde-esta-o-programa\/#primaryimage\"},\"thumbnailUrl\":\"\",\"datePublished\":\"2017-03-24T15:08:27+00:00\",\"breadcrumb\":{\"@id\":\"https:\/\/psol50.org.br\/juliano-medeiros-o-programa-onde-esta-o-programa\/#breadcrumb\"},\"inLanguage\":\"pt-BR\",\"potentialAction\":[{\"@type\":\"ReadAction\",\"target\":[\"https:\/\/psol50.org.br\/juliano-medeiros-o-programa-onde-esta-o-programa\/\"]}]},{\"@type\":\"ImageObject\",\"inLanguage\":\"pt-BR\",\"@id\":\"https:\/\/psol50.org.br\/juliano-medeiros-o-programa-onde-esta-o-programa\/#primaryimage\",\"url\":\"\",\"contentUrl\":\"\"},{\"@type\":\"BreadcrumbList\",\"@id\":\"https:\/\/psol50.org.br\/juliano-medeiros-o-programa-onde-esta-o-programa\/#breadcrumb\",\"itemListElement\":[{\"@type\":\"ListItem\",\"position\":1,\"name\":\"In\u00edcio\",\"item\":\"https:\/\/psol50.org.br\/\"},{\"@type\":\"ListItem\",\"position\":2,\"name\":\"Juliano Medeiros | O Programa! Onde est\u00e1 o Programa?!\"}]},{\"@type\":\"WebSite\",\"@id\":\"https:\/\/psol50.org.br\/#website\",\"url\":\"https:\/\/psol50.org.br\/\",\"name\":\"PSOL 50\",\"description\":\"Site oficial do Partido Socialismo e Liberdade\",\"publisher\":{\"@id\":\"https:\/\/psol50.org.br\/#organization\"},\"alternateName\":\"PSOL50\",\"potentialAction\":[{\"@type\":\"SearchAction\",\"target\":{\"@type\":\"EntryPoint\",\"urlTemplate\":\"https:\/\/psol50.org.br\/?s={search_term_string}\"},\"query-input\":{\"@type\":\"PropertyValueSpecification\",\"valueRequired\":true,\"valueName\":\"search_term_string\"}}],\"inLanguage\":\"pt-BR\"},{\"@type\":\"Organization\",\"@id\":\"https:\/\/psol50.org.br\/#organization\",\"name\":\"PSOL 50\",\"alternateName\":\"PSOL 50\",\"url\":\"https:\/\/psol50.org.br\/\",\"logo\":{\"@type\":\"ImageObject\",\"inLanguage\":\"pt-BR\",\"@id\":\"https:\/\/psol50.org.br\/#\/schema\/logo\/image\/\",\"url\":\"https:\/\/psol50.org.br\/inc\/uploads\/2018\/07\/capa.png\",\"contentUrl\":\"https:\/\/psol50.org.br\/inc\/uploads\/2018\/07\/capa.png\",\"width\":1350,\"height\":900,\"caption\":\"PSOL 50\"},\"image\":{\"@id\":\"https:\/\/psol50.org.br\/#\/schema\/logo\/image\/\"},\"sameAs\":[\"https:\/\/www.facebook.com\/psol50\",\"https:\/\/x.com\/psol50\",\"https:\/\/www.instagram.com\/psol50\/\",\"https:\/\/www.youtube.com\/channel\/UC7SnJS5o1os7a6CaiNabzcg\"]},{\"@type\":\"Person\",\"@id\":\"https:\/\/psol50.org.br\/#\/schema\/person\/475dfa57d0b815993c714c2e96491fcd\",\"name\":\"Comunica\u00e7\u00e3o PSOL\",\"image\":{\"@type\":\"ImageObject\",\"inLanguage\":\"pt-BR\",\"@id\":\"https:\/\/psol50.org.br\/#\/schema\/person\/image\/\",\"url\":\"https:\/\/secure.gravatar.com\/avatar\/b34fc4f4e468a4e51785917065a3db57b841f5c95dba6ad8c73aaf8f66f8f9bf?s=96&d=mm&r=g\",\"contentUrl\":\"https:\/\/secure.gravatar.com\/avatar\/b34fc4f4e468a4e51785917065a3db57b841f5c95dba6ad8c73aaf8f66f8f9bf?s=96&d=mm&r=g\",\"caption\":\"Comunica\u00e7\u00e3o PSOL\"}}]}<\/script>\n<!-- \/ Yoast SEO plugin. -->","yoast_head_json":{"title":"Juliano Medeiros | O Programa! Onde est\u00e1 o Programa?! - PSOL 50","robots":{"index":"index","follow":"follow","max-snippet":"max-snippet:-1","max-image-preview":"max-image-preview:large","max-video-preview":"max-video-preview:-1"},"canonical":"https:\/\/psol50.org.br\/juliano-medeiros-o-programa-onde-esta-o-programa\/","og_locale":"pt_BR","og_type":"article","og_title":"Juliano Medeiros | O Programa! Onde est\u00e1 o Programa?! - PSOL 50","og_description":"Artigo publicado originalmente na revista F\u00f3rum Na \u00faltima semana, ao menos dois acontecimentos de grande repercuss\u00e3o reacenderam o debate sobre as elei\u00e7\u00f5es presidenciais de 2018 no \u00e2mbito das esquerdas. O primeiro foi o ato realizado pelo Partido dos Trabalhadores e movimentos sociais a ele ligados na cidade de Monteiro (PB). A repercuss\u00e3o da presen\u00e7a do [&hellip;]","og_url":"https:\/\/psol50.org.br\/juliano-medeiros-o-programa-onde-esta-o-programa\/","og_site_name":"PSOL 50","article_publisher":"https:\/\/www.facebook.com\/psol50","article_published_time":"2017-03-24T15:08:27+00:00","og_image":[{"width":1350,"height":900,"url":"https:\/\/psol50.org.br\/inc\/uploads\/2018\/07\/capa.png","type":"image\/png"}],"author":"Comunica\u00e7\u00e3o PSOL","twitter_card":"summary_large_image","twitter_creator":"@psol50","twitter_site":"@psol50","twitter_misc":{"Escrito por":"Comunica\u00e7\u00e3o PSOL","Est. tempo de leitura":"7 minutos"},"schema":{"@context":"https:\/\/schema.org","@graph":[{"@type":"Article","@id":"https:\/\/psol50.org.br\/juliano-medeiros-o-programa-onde-esta-o-programa\/#article","isPartOf":{"@id":"https:\/\/psol50.org.br\/juliano-medeiros-o-programa-onde-esta-o-programa\/"},"author":{"name":"Comunica\u00e7\u00e3o PSOL","@id":"https:\/\/psol50.org.br\/#\/schema\/person\/475dfa57d0b815993c714c2e96491fcd"},"headline":"Juliano Medeiros | O Programa! Onde est\u00e1 o Programa?!","datePublished":"2017-03-24T15:08:27+00:00","mainEntityOfPage":{"@id":"https:\/\/psol50.org.br\/juliano-medeiros-o-programa-onde-esta-o-programa\/"},"wordCount":1392,"commentCount":0,"publisher":{"@id":"https:\/\/psol50.org.br\/#organization"},"image":{"@id":"https:\/\/psol50.org.br\/juliano-medeiros-o-programa-onde-esta-o-programa\/#primaryimage"},"thumbnailUrl":"","keywords":["CUT","elei\u00e7\u00f5es presidenciais de 2018","esquerda","Lula","movimentos sociais","MST","Opera\u00e7\u00e3o Carne Fraca","programa","PSDB","PT","UNE"],"articleSection":["Artigos","Brasil","Movimento","Not\u00edcias"],"inLanguage":"pt-BR","potentialAction":[{"@type":"CommentAction","name":"Comment","target":["https:\/\/psol50.org.br\/juliano-medeiros-o-programa-onde-esta-o-programa\/#respond"]}]},{"@type":"WebPage","@id":"https:\/\/psol50.org.br\/juliano-medeiros-o-programa-onde-esta-o-programa\/","url":"https:\/\/psol50.org.br\/juliano-medeiros-o-programa-onde-esta-o-programa\/","name":"Juliano Medeiros | O Programa! Onde est\u00e1 o Programa?! - PSOL 50","isPartOf":{"@id":"https:\/\/psol50.org.br\/#website"},"primaryImageOfPage":{"@id":"https:\/\/psol50.org.br\/juliano-medeiros-o-programa-onde-esta-o-programa\/#primaryimage"},"image":{"@id":"https:\/\/psol50.org.br\/juliano-medeiros-o-programa-onde-esta-o-programa\/#primaryimage"},"thumbnailUrl":"","datePublished":"2017-03-24T15:08:27+00:00","breadcrumb":{"@id":"https:\/\/psol50.org.br\/juliano-medeiros-o-programa-onde-esta-o-programa\/#breadcrumb"},"inLanguage":"pt-BR","potentialAction":[{"@type":"ReadAction","target":["https:\/\/psol50.org.br\/juliano-medeiros-o-programa-onde-esta-o-programa\/"]}]},{"@type":"ImageObject","inLanguage":"pt-BR","@id":"https:\/\/psol50.org.br\/juliano-medeiros-o-programa-onde-esta-o-programa\/#primaryimage","url":"","contentUrl":""},{"@type":"BreadcrumbList","@id":"https:\/\/psol50.org.br\/juliano-medeiros-o-programa-onde-esta-o-programa\/#breadcrumb","itemListElement":[{"@type":"ListItem","position":1,"name":"In\u00edcio","item":"https:\/\/psol50.org.br\/"},{"@type":"ListItem","position":2,"name":"Juliano Medeiros | O Programa! Onde est\u00e1 o Programa?!"}]},{"@type":"WebSite","@id":"https:\/\/psol50.org.br\/#website","url":"https:\/\/psol50.org.br\/","name":"PSOL 50","description":"Site oficial do Partido Socialismo e Liberdade","publisher":{"@id":"https:\/\/psol50.org.br\/#organization"},"alternateName":"PSOL50","potentialAction":[{"@type":"SearchAction","target":{"@type":"EntryPoint","urlTemplate":"https:\/\/psol50.org.br\/?s={search_term_string}"},"query-input":{"@type":"PropertyValueSpecification","valueRequired":true,"valueName":"search_term_string"}}],"inLanguage":"pt-BR"},{"@type":"Organization","@id":"https:\/\/psol50.org.br\/#organization","name":"PSOL 50","alternateName":"PSOL 50","url":"https:\/\/psol50.org.br\/","logo":{"@type":"ImageObject","inLanguage":"pt-BR","@id":"https:\/\/psol50.org.br\/#\/schema\/logo\/image\/","url":"https:\/\/psol50.org.br\/inc\/uploads\/2018\/07\/capa.png","contentUrl":"https:\/\/psol50.org.br\/inc\/uploads\/2018\/07\/capa.png","width":1350,"height":900,"caption":"PSOL 50"},"image":{"@id":"https:\/\/psol50.org.br\/#\/schema\/logo\/image\/"},"sameAs":["https:\/\/www.facebook.com\/psol50","https:\/\/x.com\/psol50","https:\/\/www.instagram.com\/psol50\/","https:\/\/www.youtube.com\/channel\/UC7SnJS5o1os7a6CaiNabzcg"]},{"@type":"Person","@id":"https:\/\/psol50.org.br\/#\/schema\/person\/475dfa57d0b815993c714c2e96491fcd","name":"Comunica\u00e7\u00e3o PSOL","image":{"@type":"ImageObject","inLanguage":"pt-BR","@id":"https:\/\/psol50.org.br\/#\/schema\/person\/image\/","url":"https:\/\/secure.gravatar.com\/avatar\/b34fc4f4e468a4e51785917065a3db57b841f5c95dba6ad8c73aaf8f66f8f9bf?s=96&d=mm&r=g","contentUrl":"https:\/\/secure.gravatar.com\/avatar\/b34fc4f4e468a4e51785917065a3db57b841f5c95dba6ad8c73aaf8f66f8f9bf?s=96&d=mm&r=g","caption":"Comunica\u00e7\u00e3o PSOL"}}]}},"_links":{"self":[{"href":"https:\/\/psol50.org.br\/rest\/wp\/v2\/posts\/15703","targetHints":{"allow":["GET"]}}],"collection":[{"href":"https:\/\/psol50.org.br\/rest\/wp\/v2\/posts"}],"about":[{"href":"https:\/\/psol50.org.br\/rest\/wp\/v2\/types\/post"}],"author":[{"embeddable":true,"href":"https:\/\/psol50.org.br\/rest\/wp\/v2\/users\/2"}],"replies":[{"embeddable":true,"href":"https:\/\/psol50.org.br\/rest\/wp\/v2\/comments?post=15703"}],"version-history":[{"count":0,"href":"https:\/\/psol50.org.br\/rest\/wp\/v2\/posts\/15703\/revisions"}],"wp:featuredmedia":[{"embeddable":true,"href":"https:\/\/psol50.org.br\/rest\/"}],"wp:attachment":[{"href":"https:\/\/psol50.org.br\/rest\/wp\/v2\/media?parent=15703"}],"wp:term":[{"taxonomy":"category","embeddable":true,"href":"https:\/\/psol50.org.br\/rest\/wp\/v2\/categories?post=15703"},{"taxonomy":"post_tag","embeddable":true,"href":"https:\/\/psol50.org.br\/rest\/wp\/v2\/tags?post=15703"}],"curies":[{"name":"wp","href":"https:\/\/api.w.org\/{rel}","templated":true}]}}