{"id":15714,"date":"2017-03-24T18:28:40","date_gmt":"2017-03-24T18:28:40","guid":{"rendered":"http:\/\/www.psol50.org.br\/?p=15714"},"modified":"2017-03-24T18:28:40","modified_gmt":"2017-03-24T18:28:40","slug":"psol-apresentara-acao-no-stf-contra-lei-da-terceirizacao","status":"publish","type":"post","link":"https:\/\/psol50.org.br\/psol-apresentara-acao-no-stf-contra-lei-da-terceirizacao\/","title":{"rendered":"PSOL apresentar\u00e1 a\u00e7\u00e3o no STF contra lei da terceiriza\u00e7\u00e3o"},"content":{"rendered":"<p>PSOL entrar\u00e1 no Supremo Tribunal Federal (STF) com A\u00e7\u00e3o Direta de Inconstitucionalidade (ADI) contra o texto da terceiriza\u00e7\u00e3o, aprovado na \u00faltima quarta-feira (22) na C\u00e2mara dos Deputados. O Projeto de Lei 4302\/1998 ainda n\u00e3o foi sancionado pela Presid\u00eancia da Rep\u00fablica. Depois disto \u00e9 que a ADI poder\u00e1 ser protocolada.<\/p>\n<p>\u201cA medida judicial ser\u00e1 contra esta terceiriza\u00e7\u00e3o total e irrestrita, que n\u00e3o garante os direitos de quem j\u00e1 \u00e9 terceirizado. Esta lei terceiriza toda e qualquer rela\u00e7\u00e3o de trabalho e fere conceitos constitucionais. Ela representa precariza\u00e7\u00e3o, e n\u00f3s do PSOL vamos lutar para que essa arbitrariedade n\u00e3o permane\u00e7a\u201d, afirma o l\u00edder do PSOL, deputado Glauber Braga (RJ).<\/p>\n<p>Na ADI, o PSOL argumentar\u00e1, entre outros pontos, que a proposta, ao permitir a terceiriza\u00e7\u00e3o irrestrita da atividade fim no servi\u00e7o p\u00fablico, fere o princ\u00edpio constitucional do acesso a cargos p\u00fablicos via concurso p\u00fablico (CF, art. 37, II).<\/p>\n<p>Estudos comprovam que a terceiriza\u00e7\u00e3o acarreta rebaixamento nos sal\u00e1rios e precariza\u00e7\u00e3o das rela\u00e7\u00f5es laborais. Al\u00e9m disso, os terceirizados trabalham em m\u00e9dia mais horas que os empregados diretos, sofrem com maior rotatividade e acidentes de trabalho. Esses aspectos ferem o art. 7\u00ba da CF nos incisos I (prote\u00e7\u00e3o contra despedida sem justa causa), II (seguro-desemprego), III (FGTS), VI (irredutibilidade do sal\u00e1rio), VIII (13\u00ba sal\u00e1rio), XVII (f\u00e9rias anuais), XXI (aviso pr\u00e9vio), XXII (redu\u00e7\u00e3o dos riscos inerentes ao trabalho).<\/p>\n","protected":false},"excerpt":{"rendered":"<p>PSOL entrar\u00e1 no Supremo Tribunal Federal (STF) com A\u00e7\u00e3o Direta de Inconstitucionalidade (ADI) contra o texto da terceiriza\u00e7\u00e3o, aprovado na \u00faltima quarta-feira (22) na C\u00e2mara dos Deputados. O Projeto de Lei 4302\/1998 ainda n\u00e3o foi sancionado pela Presid\u00eancia da Rep\u00fablica. Depois disto \u00e9 que a ADI poder\u00e1 ser protocolada. \u201cA medida judicial ser\u00e1 contra esta [&hellip;]<\/p>\n","protected":false},"author":2,"featured_media":15717,"comment_status":"open","ping_status":"open","sticky":false,"template":"","format":"standard","meta":{"_acf_changed":false,"footnotes":""},"categories":[10,1882,6],"tags":[1191,417,2949],"class_list":{"0":"post-15714","1":"post","2":"type-post","3":"status-publish","4":"format-standard","5":"has-post-thumbnail","7":"category-acao-parlamentares","8":"category-brasil","9":"category-noticias","10":"tag-glauber-braga","11":"tag-psol-na-camara","12":"tag-terceirizacao"},"acf":[],"yoast_head":"<!-- This site is optimized with the Yoast SEO plugin v26.5 - https:\/\/yoast.com\/wordpress\/plugins\/seo\/ -->\n<title>PSOL apresentar\u00e1 a\u00e7\u00e3o no STF contra lei da terceiriza\u00e7\u00e3o - PSOL 50<\/title>\n<meta name=\"robots\" content=\"index, follow, max-snippet:-1, max-image-preview:large, max-video-preview:-1\" \/>\n<link rel=\"canonical\" href=\"https:\/\/psol50.org.br\/psol-apresentara-acao-no-stf-contra-lei-da-terceirizacao\/\" \/>\n<meta property=\"og:locale\" content=\"pt_BR\" \/>\n<meta property=\"og:type\" content=\"article\" \/>\n<meta property=\"og:title\" content=\"PSOL apresentar\u00e1 a\u00e7\u00e3o no STF contra lei da terceiriza\u00e7\u00e3o - PSOL 50\" \/>\n<meta property=\"og:description\" content=\"PSOL entrar\u00e1 no Supremo Tribunal Federal (STF) com A\u00e7\u00e3o Direta de Inconstitucionalidade (ADI) contra o texto da terceiriza\u00e7\u00e3o, aprovado na \u00faltima quarta-feira (22) na C\u00e2mara dos Deputados. O Projeto de Lei 4302\/1998 ainda n\u00e3o foi sancionado pela Presid\u00eancia da Rep\u00fablica. Depois disto \u00e9 que a ADI poder\u00e1 ser protocolada. \u201cA medida judicial ser\u00e1 contra esta [&hellip;]\" \/>\n<meta property=\"og:url\" content=\"https:\/\/psol50.org.br\/psol-apresentara-acao-no-stf-contra-lei-da-terceirizacao\/\" \/>\n<meta property=\"og:site_name\" content=\"PSOL 50\" \/>\n<meta property=\"article:publisher\" content=\"https:\/\/www.facebook.com\/psol50\" \/>\n<meta property=\"article:published_time\" content=\"2017-03-24T18:28:40+00:00\" \/>\n<meta property=\"og:image\" content=\"https:\/\/psol50.org.br\/inc\/uploads\/2018\/07\/capa.png\" \/>\n\t<meta property=\"og:image:width\" content=\"1350\" \/>\n\t<meta property=\"og:image:height\" content=\"900\" \/>\n\t<meta property=\"og:image:type\" content=\"image\/png\" \/>\n<meta name=\"author\" content=\"Comunica\u00e7\u00e3o PSOL\" \/>\n<meta name=\"twitter:card\" content=\"summary_large_image\" \/>\n<meta name=\"twitter:creator\" content=\"@psol50\" \/>\n<meta name=\"twitter:site\" content=\"@psol50\" \/>\n<meta name=\"twitter:label1\" content=\"Escrito por\" \/>\n\t<meta name=\"twitter:data1\" content=\"Comunica\u00e7\u00e3o PSOL\" \/>\n\t<meta name=\"twitter:label2\" content=\"Est. tempo de leitura\" \/>\n\t<meta name=\"twitter:data2\" content=\"1 minuto\" \/>\n<script type=\"application\/ld+json\" class=\"yoast-schema-graph\">{\"@context\":\"https:\/\/schema.org\",\"@graph\":[{\"@type\":\"Article\",\"@id\":\"https:\/\/psol50.org.br\/psol-apresentara-acao-no-stf-contra-lei-da-terceirizacao\/#article\",\"isPartOf\":{\"@id\":\"https:\/\/psol50.org.br\/psol-apresentara-acao-no-stf-contra-lei-da-terceirizacao\/\"},\"author\":{\"name\":\"Comunica\u00e7\u00e3o PSOL\",\"@id\":\"https:\/\/psol50.org.br\/#\/schema\/person\/475dfa57d0b815993c714c2e96491fcd\"},\"headline\":\"PSOL apresentar\u00e1 a\u00e7\u00e3o no STF contra lei da terceiriza\u00e7\u00e3o\",\"datePublished\":\"2017-03-24T18:28:40+00:00\",\"mainEntityOfPage\":{\"@id\":\"https:\/\/psol50.org.br\/psol-apresentara-acao-no-stf-contra-lei-da-terceirizacao\/\"},\"wordCount\":256,\"commentCount\":0,\"publisher\":{\"@id\":\"https:\/\/psol50.org.br\/#organization\"},\"image\":{\"@id\":\"https:\/\/psol50.org.br\/psol-apresentara-acao-no-stf-contra-lei-da-terceirizacao\/#primaryimage\"},\"thumbnailUrl\":\"\",\"keywords\":[\"Glauber Braga\",\"PSOL na C\u00e2mara\",\"terceiriza\u00e7\u00e3o\"],\"articleSection\":[\"A\u00e7\u00e3o Parlamentar\",\"Brasil\",\"Not\u00edcias\"],\"inLanguage\":\"pt-BR\",\"potentialAction\":[{\"@type\":\"CommentAction\",\"name\":\"Comment\",\"target\":[\"https:\/\/psol50.org.br\/psol-apresentara-acao-no-stf-contra-lei-da-terceirizacao\/#respond\"]}]},{\"@type\":\"WebPage\",\"@id\":\"https:\/\/psol50.org.br\/psol-apresentara-acao-no-stf-contra-lei-da-terceirizacao\/\",\"url\":\"https:\/\/psol50.org.br\/psol-apresentara-acao-no-stf-contra-lei-da-terceirizacao\/\",\"name\":\"PSOL apresentar\u00e1 a\u00e7\u00e3o no STF contra lei da terceiriza\u00e7\u00e3o - PSOL 50\",\"isPartOf\":{\"@id\":\"https:\/\/psol50.org.br\/#website\"},\"primaryImageOfPage\":{\"@id\":\"https:\/\/psol50.org.br\/psol-apresentara-acao-no-stf-contra-lei-da-terceirizacao\/#primaryimage\"},\"image\":{\"@id\":\"https:\/\/psol50.org.br\/psol-apresentara-acao-no-stf-contra-lei-da-terceirizacao\/#primaryimage\"},\"thumbnailUrl\":\"\",\"datePublished\":\"2017-03-24T18:28:40+00:00\",\"breadcrumb\":{\"@id\":\"https:\/\/psol50.org.br\/psol-apresentara-acao-no-stf-contra-lei-da-terceirizacao\/#breadcrumb\"},\"inLanguage\":\"pt-BR\",\"potentialAction\":[{\"@type\":\"ReadAction\",\"target\":[\"https:\/\/psol50.org.br\/psol-apresentara-acao-no-stf-contra-lei-da-terceirizacao\/\"]}]},{\"@type\":\"ImageObject\",\"inLanguage\":\"pt-BR\",\"@id\":\"https:\/\/psol50.org.br\/psol-apresentara-acao-no-stf-contra-lei-da-terceirizacao\/#primaryimage\",\"url\":\"\",\"contentUrl\":\"\"},{\"@type\":\"BreadcrumbList\",\"@id\":\"https:\/\/psol50.org.br\/psol-apresentara-acao-no-stf-contra-lei-da-terceirizacao\/#breadcrumb\",\"itemListElement\":[{\"@type\":\"ListItem\",\"position\":1,\"name\":\"In\u00edcio\",\"item\":\"https:\/\/psol50.org.br\/\"},{\"@type\":\"ListItem\",\"position\":2,\"name\":\"PSOL apresentar\u00e1 a\u00e7\u00e3o no STF contra lei da terceiriza\u00e7\u00e3o\"}]},{\"@type\":\"WebSite\",\"@id\":\"https:\/\/psol50.org.br\/#website\",\"url\":\"https:\/\/psol50.org.br\/\",\"name\":\"PSOL 50\",\"description\":\"Site oficial do Partido Socialismo e Liberdade\",\"publisher\":{\"@id\":\"https:\/\/psol50.org.br\/#organization\"},\"alternateName\":\"PSOL50\",\"potentialAction\":[{\"@type\":\"SearchAction\",\"target\":{\"@type\":\"EntryPoint\",\"urlTemplate\":\"https:\/\/psol50.org.br\/?s={search_term_string}\"},\"query-input\":{\"@type\":\"PropertyValueSpecification\",\"valueRequired\":true,\"valueName\":\"search_term_string\"}}],\"inLanguage\":\"pt-BR\"},{\"@type\":\"Organization\",\"@id\":\"https:\/\/psol50.org.br\/#organization\",\"name\":\"PSOL 50\",\"alternateName\":\"PSOL 50\",\"url\":\"https:\/\/psol50.org.br\/\",\"logo\":{\"@type\":\"ImageObject\",\"inLanguage\":\"pt-BR\",\"@id\":\"https:\/\/psol50.org.br\/#\/schema\/logo\/image\/\",\"url\":\"https:\/\/psol50.org.br\/inc\/uploads\/2018\/07\/capa.png\",\"contentUrl\":\"https:\/\/psol50.org.br\/inc\/uploads\/2018\/07\/capa.png\",\"width\":1350,\"height\":900,\"caption\":\"PSOL 50\"},\"image\":{\"@id\":\"https:\/\/psol50.org.br\/#\/schema\/logo\/image\/\"},\"sameAs\":[\"https:\/\/www.facebook.com\/psol50\",\"https:\/\/x.com\/psol50\",\"https:\/\/www.instagram.com\/psol50\/\",\"https:\/\/www.youtube.com\/channel\/UC7SnJS5o1os7a6CaiNabzcg\"]},{\"@type\":\"Person\",\"@id\":\"https:\/\/psol50.org.br\/#\/schema\/person\/475dfa57d0b815993c714c2e96491fcd\",\"name\":\"Comunica\u00e7\u00e3o PSOL\",\"image\":{\"@type\":\"ImageObject\",\"inLanguage\":\"pt-BR\",\"@id\":\"https:\/\/psol50.org.br\/#\/schema\/person\/image\/\",\"url\":\"https:\/\/secure.gravatar.com\/avatar\/b34fc4f4e468a4e51785917065a3db57b841f5c95dba6ad8c73aaf8f66f8f9bf?s=96&d=mm&r=g\",\"contentUrl\":\"https:\/\/secure.gravatar.com\/avatar\/b34fc4f4e468a4e51785917065a3db57b841f5c95dba6ad8c73aaf8f66f8f9bf?s=96&d=mm&r=g\",\"caption\":\"Comunica\u00e7\u00e3o PSOL\"}}]}<\/script>\n<!-- \/ Yoast SEO plugin. -->","yoast_head_json":{"title":"PSOL apresentar\u00e1 a\u00e7\u00e3o no STF contra lei da terceiriza\u00e7\u00e3o - PSOL 50","robots":{"index":"index","follow":"follow","max-snippet":"max-snippet:-1","max-image-preview":"max-image-preview:large","max-video-preview":"max-video-preview:-1"},"canonical":"https:\/\/psol50.org.br\/psol-apresentara-acao-no-stf-contra-lei-da-terceirizacao\/","og_locale":"pt_BR","og_type":"article","og_title":"PSOL apresentar\u00e1 a\u00e7\u00e3o no STF contra lei da terceiriza\u00e7\u00e3o - PSOL 50","og_description":"PSOL entrar\u00e1 no Supremo Tribunal Federal (STF) com A\u00e7\u00e3o Direta de Inconstitucionalidade (ADI) contra o texto da terceiriza\u00e7\u00e3o, aprovado na \u00faltima quarta-feira (22) na C\u00e2mara dos Deputados. O Projeto de Lei 4302\/1998 ainda n\u00e3o foi sancionado pela Presid\u00eancia da Rep\u00fablica. Depois disto \u00e9 que a ADI poder\u00e1 ser protocolada. \u201cA medida judicial ser\u00e1 contra esta [&hellip;]","og_url":"https:\/\/psol50.org.br\/psol-apresentara-acao-no-stf-contra-lei-da-terceirizacao\/","og_site_name":"PSOL 50","article_publisher":"https:\/\/www.facebook.com\/psol50","article_published_time":"2017-03-24T18:28:40+00:00","og_image":[{"width":1350,"height":900,"url":"https:\/\/psol50.org.br\/inc\/uploads\/2018\/07\/capa.png","type":"image\/png"}],"author":"Comunica\u00e7\u00e3o PSOL","twitter_card":"summary_large_image","twitter_creator":"@psol50","twitter_site":"@psol50","twitter_misc":{"Escrito por":"Comunica\u00e7\u00e3o PSOL","Est. tempo de leitura":"1 minuto"},"schema":{"@context":"https:\/\/schema.org","@graph":[{"@type":"Article","@id":"https:\/\/psol50.org.br\/psol-apresentara-acao-no-stf-contra-lei-da-terceirizacao\/#article","isPartOf":{"@id":"https:\/\/psol50.org.br\/psol-apresentara-acao-no-stf-contra-lei-da-terceirizacao\/"},"author":{"name":"Comunica\u00e7\u00e3o PSOL","@id":"https:\/\/psol50.org.br\/#\/schema\/person\/475dfa57d0b815993c714c2e96491fcd"},"headline":"PSOL apresentar\u00e1 a\u00e7\u00e3o no STF contra lei da terceiriza\u00e7\u00e3o","datePublished":"2017-03-24T18:28:40+00:00","mainEntityOfPage":{"@id":"https:\/\/psol50.org.br\/psol-apresentara-acao-no-stf-contra-lei-da-terceirizacao\/"},"wordCount":256,"commentCount":0,"publisher":{"@id":"https:\/\/psol50.org.br\/#organization"},"image":{"@id":"https:\/\/psol50.org.br\/psol-apresentara-acao-no-stf-contra-lei-da-terceirizacao\/#primaryimage"},"thumbnailUrl":"","keywords":["Glauber Braga","PSOL na C\u00e2mara","terceiriza\u00e7\u00e3o"],"articleSection":["A\u00e7\u00e3o Parlamentar","Brasil","Not\u00edcias"],"inLanguage":"pt-BR","potentialAction":[{"@type":"CommentAction","name":"Comment","target":["https:\/\/psol50.org.br\/psol-apresentara-acao-no-stf-contra-lei-da-terceirizacao\/#respond"]}]},{"@type":"WebPage","@id":"https:\/\/psol50.org.br\/psol-apresentara-acao-no-stf-contra-lei-da-terceirizacao\/","url":"https:\/\/psol50.org.br\/psol-apresentara-acao-no-stf-contra-lei-da-terceirizacao\/","name":"PSOL apresentar\u00e1 a\u00e7\u00e3o no STF contra lei da terceiriza\u00e7\u00e3o - PSOL 50","isPartOf":{"@id":"https:\/\/psol50.org.br\/#website"},"primaryImageOfPage":{"@id":"https:\/\/psol50.org.br\/psol-apresentara-acao-no-stf-contra-lei-da-terceirizacao\/#primaryimage"},"image":{"@id":"https:\/\/psol50.org.br\/psol-apresentara-acao-no-stf-contra-lei-da-terceirizacao\/#primaryimage"},"thumbnailUrl":"","datePublished":"2017-03-24T18:28:40+00:00","breadcrumb":{"@id":"https:\/\/psol50.org.br\/psol-apresentara-acao-no-stf-contra-lei-da-terceirizacao\/#breadcrumb"},"inLanguage":"pt-BR","potentialAction":[{"@type":"ReadAction","target":["https:\/\/psol50.org.br\/psol-apresentara-acao-no-stf-contra-lei-da-terceirizacao\/"]}]},{"@type":"ImageObject","inLanguage":"pt-BR","@id":"https:\/\/psol50.org.br\/psol-apresentara-acao-no-stf-contra-lei-da-terceirizacao\/#primaryimage","url":"","contentUrl":""},{"@type":"BreadcrumbList","@id":"https:\/\/psol50.org.br\/psol-apresentara-acao-no-stf-contra-lei-da-terceirizacao\/#breadcrumb","itemListElement":[{"@type":"ListItem","position":1,"name":"In\u00edcio","item":"https:\/\/psol50.org.br\/"},{"@type":"ListItem","position":2,"name":"PSOL apresentar\u00e1 a\u00e7\u00e3o no STF contra lei da terceiriza\u00e7\u00e3o"}]},{"@type":"WebSite","@id":"https:\/\/psol50.org.br\/#website","url":"https:\/\/psol50.org.br\/","name":"PSOL 50","description":"Site oficial do Partido Socialismo e Liberdade","publisher":{"@id":"https:\/\/psol50.org.br\/#organization"},"alternateName":"PSOL50","potentialAction":[{"@type":"SearchAction","target":{"@type":"EntryPoint","urlTemplate":"https:\/\/psol50.org.br\/?s={search_term_string}"},"query-input":{"@type":"PropertyValueSpecification","valueRequired":true,"valueName":"search_term_string"}}],"inLanguage":"pt-BR"},{"@type":"Organization","@id":"https:\/\/psol50.org.br\/#organization","name":"PSOL 50","alternateName":"PSOL 50","url":"https:\/\/psol50.org.br\/","logo":{"@type":"ImageObject","inLanguage":"pt-BR","@id":"https:\/\/psol50.org.br\/#\/schema\/logo\/image\/","url":"https:\/\/psol50.org.br\/inc\/uploads\/2018\/07\/capa.png","contentUrl":"https:\/\/psol50.org.br\/inc\/uploads\/2018\/07\/capa.png","width":1350,"height":900,"caption":"PSOL 50"},"image":{"@id":"https:\/\/psol50.org.br\/#\/schema\/logo\/image\/"},"sameAs":["https:\/\/www.facebook.com\/psol50","https:\/\/x.com\/psol50","https:\/\/www.instagram.com\/psol50\/","https:\/\/www.youtube.com\/channel\/UC7SnJS5o1os7a6CaiNabzcg"]},{"@type":"Person","@id":"https:\/\/psol50.org.br\/#\/schema\/person\/475dfa57d0b815993c714c2e96491fcd","name":"Comunica\u00e7\u00e3o PSOL","image":{"@type":"ImageObject","inLanguage":"pt-BR","@id":"https:\/\/psol50.org.br\/#\/schema\/person\/image\/","url":"https:\/\/secure.gravatar.com\/avatar\/b34fc4f4e468a4e51785917065a3db57b841f5c95dba6ad8c73aaf8f66f8f9bf?s=96&d=mm&r=g","contentUrl":"https:\/\/secure.gravatar.com\/avatar\/b34fc4f4e468a4e51785917065a3db57b841f5c95dba6ad8c73aaf8f66f8f9bf?s=96&d=mm&r=g","caption":"Comunica\u00e7\u00e3o PSOL"}}]}},"_links":{"self":[{"href":"https:\/\/psol50.org.br\/rest\/wp\/v2\/posts\/15714","targetHints":{"allow":["GET"]}}],"collection":[{"href":"https:\/\/psol50.org.br\/rest\/wp\/v2\/posts"}],"about":[{"href":"https:\/\/psol50.org.br\/rest\/wp\/v2\/types\/post"}],"author":[{"embeddable":true,"href":"https:\/\/psol50.org.br\/rest\/wp\/v2\/users\/2"}],"replies":[{"embeddable":true,"href":"https:\/\/psol50.org.br\/rest\/wp\/v2\/comments?post=15714"}],"version-history":[{"count":0,"href":"https:\/\/psol50.org.br\/rest\/wp\/v2\/posts\/15714\/revisions"}],"wp:featuredmedia":[{"embeddable":true,"href":"https:\/\/psol50.org.br\/rest\/"}],"wp:attachment":[{"href":"https:\/\/psol50.org.br\/rest\/wp\/v2\/media?parent=15714"}],"wp:term":[{"taxonomy":"category","embeddable":true,"href":"https:\/\/psol50.org.br\/rest\/wp\/v2\/categories?post=15714"},{"taxonomy":"post_tag","embeddable":true,"href":"https:\/\/psol50.org.br\/rest\/wp\/v2\/tags?post=15714"}],"curies":[{"name":"wp","href":"https:\/\/api.w.org\/{rel}","templated":true}]}}