{"id":15730,"date":"2017-03-27T17:49:12","date_gmt":"2017-03-27T17:49:12","guid":{"rendered":"http:\/\/www.psol50.org.br\/?p=15730"},"modified":"2017-03-27T17:49:12","modified_gmt":"2017-03-27T17:49:12","slug":"camara-pode-votar-nessa-terca-feira-liberacao-para-pos-graduacao-paga-em-universidades","status":"publish","type":"post","link":"https:\/\/psol50.org.br\/camara-pode-votar-nessa-terca-feira-liberacao-para-pos-graduacao-paga-em-universidades\/","title":{"rendered":"C\u00e2mara pode votar nessa ter\u00e7a-feira libera\u00e7\u00e3o para p\u00f3s-gradua\u00e7\u00e3o paga em universidades"},"content":{"rendered":"<p>Est\u00e1 marcada para essa ter\u00e7a-feira (28\/03) a vota\u00e7\u00e3o final da Proposta de Emenda Constitucional (PEC) 395\/14, do deputado\u00a0Alex Canziani (PTB-PR), que autoriza a cobran\u00e7a por cursos de p\u00f3s-gradua\u00e7\u00e3o\u00a0<em>latu sensu<\/em> em universidades p\u00fablicas.<\/p>\n<p>A proposta j\u00e1 havia sido <span style=\"color: #3366ff;\"><strong><a style=\"color: #3366ff;\" href=\"http:\/\/www.psol50.org.br\/blog\/2015\/10\/23\/contra-a-privatizacao-da-educacao-o-psol-disse-nao-a-pec-395\/\" target=\"_blank\" rel=\"noopener\">aprovada em primeiro turno<\/a><\/strong><\/span> em outubro de 2015. O PSOL votou contra.<\/p>\n<p>A vota\u00e7\u00e3o est\u00e1 marcada para sess\u00e3o extraordin\u00e1ria exclusiva nessa ter\u00e7a \u00e0s 19h. A pauta completa da semana, por\u00e9m, ainda vai ser decidida em reuni\u00e3o dos l\u00edderes partid\u00e1rios.<\/p>\n<p>O projeto autoriza definitivamente a cobran\u00e7a por todos os tipos de p\u00f3s-gradua\u00e7\u00e3o\u00a0<em>latu sensu<\/em> &#8211; ou seja, aquelas focadas em cursos profissionalizantes e\u00a0<em>MBA<\/em>, exceto os metrados profissionais. Mesmo sem a autoriza\u00e7\u00e3o em lei, algumas universidades j\u00e1 fazem uso da cobran\u00e7a por esses tipos de curso. O caso \u00e9 alvo de questionamento do Minist\u00e9rio P\u00fablico no Supremo Tribunal Federal (STF).<\/p>\n<p>Para o deputado Ivan Valente, o projeto nada mais representa al\u00e9m de acelerar o processo de privatiza\u00e7\u00e3o do ensino superior. &#8220;Precisamos, pelo contr\u00e1rio, universalizar o ensino p\u00fablico. Al\u00e9m de reduzir a responsabilidade do estado com a educa\u00e7\u00e3o p\u00fablica, intensifica a privatiza\u00e7\u00e3o e fortalece o modelo de universidade gerencial. Isso \u00e9 um retrocesso absoluto. Al\u00e9m disso, essa proposta distorce tamb\u00e9m o princ\u00edpio da autonomia universit\u00e1ria e prejudica o acesso e perman\u00eancia dos setores populares dentro da universidade p\u00fablica\u201d, afirmou.<\/p>\n<p>Assista \u00e0 interven\u00e7\u00e3o do deputado do PSOL na aprova\u00e7\u00e3o, em primeiro turno, da PEC:<\/p>\n<p>&nbsp;<\/p>\n<p><iframe loading=\"lazy\" src=\"https:\/\/www.youtube.com\/embed\/fEZHc4qWz1w?rel=0\" width=\"640\" height=\"360\" frameborder=\"0\" allowfullscreen=\"allowfullscreen\"><\/iframe><\/p>\n","protected":false},"excerpt":{"rendered":"<p>Est\u00e1 marcada para essa ter\u00e7a-feira (28\/03) a vota\u00e7\u00e3o final da Proposta de Emenda Constitucional (PEC) 395\/14, do deputado\u00a0Alex Canziani (PTB-PR), que autoriza a cobran\u00e7a por cursos de p\u00f3s-gradua\u00e7\u00e3o\u00a0latu sensu em universidades p\u00fablicas. A proposta j\u00e1 havia sido aprovada em primeiro turno em outubro de 2015. O PSOL votou contra. A vota\u00e7\u00e3o est\u00e1 marcada para sess\u00e3o [&hellip;]<\/p>\n","protected":false},"author":2,"featured_media":13909,"comment_status":"open","ping_status":"open","sticky":false,"template":"","format":"standard","meta":{"_acf_changed":false,"footnotes":""},"categories":[10,1882,6],"tags":[709,164,552,2999,417],"class_list":{"0":"post-15730","1":"post","2":"type-post","3":"status-publish","4":"format-standard","5":"has-post-thumbnail","7":"category-acao-parlamentares","8":"category-brasil","9":"category-noticias","10":"tag-camara-dos-deputados","11":"tag-educacao","12":"tag-ivan-valente","13":"tag-pec-395","14":"tag-psol-na-camara"},"acf":[],"yoast_head":"<!-- This site is optimized with the Yoast SEO plugin v26.5 - https:\/\/yoast.com\/wordpress\/plugins\/seo\/ -->\n<title>C\u00e2mara pode votar nessa ter\u00e7a-feira libera\u00e7\u00e3o para p\u00f3s-gradua\u00e7\u00e3o paga em universidades - PSOL 50<\/title>\n<meta name=\"robots\" content=\"index, follow, max-snippet:-1, max-image-preview:large, max-video-preview:-1\" \/>\n<link rel=\"canonical\" href=\"https:\/\/psol50.org.br\/camara-pode-votar-nessa-terca-feira-liberacao-para-pos-graduacao-paga-em-universidades\/\" \/>\n<meta property=\"og:locale\" content=\"pt_BR\" \/>\n<meta property=\"og:type\" content=\"article\" \/>\n<meta property=\"og:title\" content=\"C\u00e2mara pode votar nessa ter\u00e7a-feira libera\u00e7\u00e3o para p\u00f3s-gradua\u00e7\u00e3o paga em universidades - PSOL 50\" \/>\n<meta property=\"og:description\" content=\"Est\u00e1 marcada para essa ter\u00e7a-feira (28\/03) a vota\u00e7\u00e3o final da Proposta de Emenda Constitucional (PEC) 395\/14, do deputado\u00a0Alex Canziani (PTB-PR), que autoriza a cobran\u00e7a por cursos de p\u00f3s-gradua\u00e7\u00e3o\u00a0latu sensu em universidades p\u00fablicas. A proposta j\u00e1 havia sido aprovada em primeiro turno em outubro de 2015. O PSOL votou contra. A vota\u00e7\u00e3o est\u00e1 marcada para sess\u00e3o [&hellip;]\" \/>\n<meta property=\"og:url\" content=\"https:\/\/psol50.org.br\/camara-pode-votar-nessa-terca-feira-liberacao-para-pos-graduacao-paga-em-universidades\/\" \/>\n<meta property=\"og:site_name\" content=\"PSOL 50\" \/>\n<meta property=\"article:publisher\" content=\"https:\/\/www.facebook.com\/psol50\" \/>\n<meta property=\"article:published_time\" content=\"2017-03-27T17:49:12+00:00\" \/>\n<meta property=\"og:image\" content=\"https:\/\/psol50.org.br\/inc\/uploads\/2016\/09\/Plenario-Camara-Lucio-Bernardo-CD.jpg\" \/>\n\t<meta property=\"og:image:width\" content=\"1350\" \/>\n\t<meta property=\"og:image:height\" content=\"900\" \/>\n\t<meta property=\"og:image:type\" content=\"image\/jpeg\" \/>\n<meta name=\"author\" content=\"Comunica\u00e7\u00e3o PSOL\" \/>\n<meta name=\"twitter:card\" content=\"summary_large_image\" \/>\n<meta name=\"twitter:creator\" content=\"@psol50\" \/>\n<meta name=\"twitter:site\" content=\"@psol50\" \/>\n<meta name=\"twitter:label1\" content=\"Escrito por\" \/>\n\t<meta name=\"twitter:data1\" content=\"Comunica\u00e7\u00e3o PSOL\" \/>\n\t<meta name=\"twitter:label2\" content=\"Est. tempo de leitura\" \/>\n\t<meta name=\"twitter:data2\" content=\"1 minuto\" \/>\n<script type=\"application\/ld+json\" class=\"yoast-schema-graph\">{\"@context\":\"https:\/\/schema.org\",\"@graph\":[{\"@type\":\"Article\",\"@id\":\"https:\/\/psol50.org.br\/camara-pode-votar-nessa-terca-feira-liberacao-para-pos-graduacao-paga-em-universidades\/#article\",\"isPartOf\":{\"@id\":\"https:\/\/psol50.org.br\/camara-pode-votar-nessa-terca-feira-liberacao-para-pos-graduacao-paga-em-universidades\/\"},\"author\":{\"name\":\"Comunica\u00e7\u00e3o PSOL\",\"@id\":\"https:\/\/psol50.org.br\/#\/schema\/person\/475dfa57d0b815993c714c2e96491fcd\"},\"headline\":\"C\u00e2mara pode votar nessa ter\u00e7a-feira libera\u00e7\u00e3o para p\u00f3s-gradua\u00e7\u00e3o paga em universidades\",\"datePublished\":\"2017-03-27T17:49:12+00:00\",\"mainEntityOfPage\":{\"@id\":\"https:\/\/psol50.org.br\/camara-pode-votar-nessa-terca-feira-liberacao-para-pos-graduacao-paga-em-universidades\/\"},\"wordCount\":278,\"commentCount\":0,\"publisher\":{\"@id\":\"https:\/\/psol50.org.br\/#organization\"},\"image\":{\"@id\":\"https:\/\/psol50.org.br\/camara-pode-votar-nessa-terca-feira-liberacao-para-pos-graduacao-paga-em-universidades\/#primaryimage\"},\"thumbnailUrl\":\"https:\/\/psol50.org.br\/inc\/uploads\/2016\/09\/Plenario-Camara-Lucio-Bernardo-CD.jpg\",\"keywords\":[\"C\u00e2mara dos Deputados\",\"Educa\u00e7\u00e3o\",\"Ivan Valente\",\"PEC 395\",\"PSOL na C\u00e2mara\"],\"articleSection\":[\"A\u00e7\u00e3o Parlamentar\",\"Brasil\",\"Not\u00edcias\"],\"inLanguage\":\"pt-BR\",\"potentialAction\":[{\"@type\":\"CommentAction\",\"name\":\"Comment\",\"target\":[\"https:\/\/psol50.org.br\/camara-pode-votar-nessa-terca-feira-liberacao-para-pos-graduacao-paga-em-universidades\/#respond\"]}]},{\"@type\":\"WebPage\",\"@id\":\"https:\/\/psol50.org.br\/camara-pode-votar-nessa-terca-feira-liberacao-para-pos-graduacao-paga-em-universidades\/\",\"url\":\"https:\/\/psol50.org.br\/camara-pode-votar-nessa-terca-feira-liberacao-para-pos-graduacao-paga-em-universidades\/\",\"name\":\"C\u00e2mara pode votar nessa ter\u00e7a-feira libera\u00e7\u00e3o para p\u00f3s-gradua\u00e7\u00e3o paga em universidades - PSOL 50\",\"isPartOf\":{\"@id\":\"https:\/\/psol50.org.br\/#website\"},\"primaryImageOfPage\":{\"@id\":\"https:\/\/psol50.org.br\/camara-pode-votar-nessa-terca-feira-liberacao-para-pos-graduacao-paga-em-universidades\/#primaryimage\"},\"image\":{\"@id\":\"https:\/\/psol50.org.br\/camara-pode-votar-nessa-terca-feira-liberacao-para-pos-graduacao-paga-em-universidades\/#primaryimage\"},\"thumbnailUrl\":\"https:\/\/psol50.org.br\/inc\/uploads\/2016\/09\/Plenario-Camara-Lucio-Bernardo-CD.jpg\",\"datePublished\":\"2017-03-27T17:49:12+00:00\",\"breadcrumb\":{\"@id\":\"https:\/\/psol50.org.br\/camara-pode-votar-nessa-terca-feira-liberacao-para-pos-graduacao-paga-em-universidades\/#breadcrumb\"},\"inLanguage\":\"pt-BR\",\"potentialAction\":[{\"@type\":\"ReadAction\",\"target\":[\"https:\/\/psol50.org.br\/camara-pode-votar-nessa-terca-feira-liberacao-para-pos-graduacao-paga-em-universidades\/\"]}]},{\"@type\":\"ImageObject\",\"inLanguage\":\"pt-BR\",\"@id\":\"https:\/\/psol50.org.br\/camara-pode-votar-nessa-terca-feira-liberacao-para-pos-graduacao-paga-em-universidades\/#primaryimage\",\"url\":\"https:\/\/psol50.org.br\/inc\/uploads\/2016\/09\/Plenario-Camara-Lucio-Bernardo-CD.jpg\",\"contentUrl\":\"https:\/\/psol50.org.br\/inc\/uploads\/2016\/09\/Plenario-Camara-Lucio-Bernardo-CD.jpg\",\"width\":1350,\"height\":900},{\"@type\":\"BreadcrumbList\",\"@id\":\"https:\/\/psol50.org.br\/camara-pode-votar-nessa-terca-feira-liberacao-para-pos-graduacao-paga-em-universidades\/#breadcrumb\",\"itemListElement\":[{\"@type\":\"ListItem\",\"position\":1,\"name\":\"In\u00edcio\",\"item\":\"https:\/\/psol50.org.br\/\"},{\"@type\":\"ListItem\",\"position\":2,\"name\":\"C\u00e2mara pode votar nessa ter\u00e7a-feira libera\u00e7\u00e3o para p\u00f3s-gradua\u00e7\u00e3o paga em universidades\"}]},{\"@type\":\"WebSite\",\"@id\":\"https:\/\/psol50.org.br\/#website\",\"url\":\"https:\/\/psol50.org.br\/\",\"name\":\"PSOL 50\",\"description\":\"Site oficial do Partido Socialismo e Liberdade\",\"publisher\":{\"@id\":\"https:\/\/psol50.org.br\/#organization\"},\"alternateName\":\"PSOL50\",\"potentialAction\":[{\"@type\":\"SearchAction\",\"target\":{\"@type\":\"EntryPoint\",\"urlTemplate\":\"https:\/\/psol50.org.br\/?s={search_term_string}\"},\"query-input\":{\"@type\":\"PropertyValueSpecification\",\"valueRequired\":true,\"valueName\":\"search_term_string\"}}],\"inLanguage\":\"pt-BR\"},{\"@type\":\"Organization\",\"@id\":\"https:\/\/psol50.org.br\/#organization\",\"name\":\"PSOL 50\",\"alternateName\":\"PSOL 50\",\"url\":\"https:\/\/psol50.org.br\/\",\"logo\":{\"@type\":\"ImageObject\",\"inLanguage\":\"pt-BR\",\"@id\":\"https:\/\/psol50.org.br\/#\/schema\/logo\/image\/\",\"url\":\"https:\/\/psol50.org.br\/inc\/uploads\/2018\/07\/capa.png\",\"contentUrl\":\"https:\/\/psol50.org.br\/inc\/uploads\/2018\/07\/capa.png\",\"width\":1350,\"height\":900,\"caption\":\"PSOL 50\"},\"image\":{\"@id\":\"https:\/\/psol50.org.br\/#\/schema\/logo\/image\/\"},\"sameAs\":[\"https:\/\/www.facebook.com\/psol50\",\"https:\/\/x.com\/psol50\",\"https:\/\/www.instagram.com\/psol50\/\",\"https:\/\/www.youtube.com\/channel\/UC7SnJS5o1os7a6CaiNabzcg\"]},{\"@type\":\"Person\",\"@id\":\"https:\/\/psol50.org.br\/#\/schema\/person\/475dfa57d0b815993c714c2e96491fcd\",\"name\":\"Comunica\u00e7\u00e3o PSOL\",\"image\":{\"@type\":\"ImageObject\",\"inLanguage\":\"pt-BR\",\"@id\":\"https:\/\/psol50.org.br\/#\/schema\/person\/image\/\",\"url\":\"https:\/\/secure.gravatar.com\/avatar\/b34fc4f4e468a4e51785917065a3db57b841f5c95dba6ad8c73aaf8f66f8f9bf?s=96&d=mm&r=g\",\"contentUrl\":\"https:\/\/secure.gravatar.com\/avatar\/b34fc4f4e468a4e51785917065a3db57b841f5c95dba6ad8c73aaf8f66f8f9bf?s=96&d=mm&r=g\",\"caption\":\"Comunica\u00e7\u00e3o PSOL\"}}]}<\/script>\n<!-- \/ Yoast SEO plugin. -->","yoast_head_json":{"title":"C\u00e2mara pode votar nessa ter\u00e7a-feira libera\u00e7\u00e3o para p\u00f3s-gradua\u00e7\u00e3o paga em universidades - PSOL 50","robots":{"index":"index","follow":"follow","max-snippet":"max-snippet:-1","max-image-preview":"max-image-preview:large","max-video-preview":"max-video-preview:-1"},"canonical":"https:\/\/psol50.org.br\/camara-pode-votar-nessa-terca-feira-liberacao-para-pos-graduacao-paga-em-universidades\/","og_locale":"pt_BR","og_type":"article","og_title":"C\u00e2mara pode votar nessa ter\u00e7a-feira libera\u00e7\u00e3o para p\u00f3s-gradua\u00e7\u00e3o paga em universidades - PSOL 50","og_description":"Est\u00e1 marcada para essa ter\u00e7a-feira (28\/03) a vota\u00e7\u00e3o final da Proposta de Emenda Constitucional (PEC) 395\/14, do deputado\u00a0Alex Canziani (PTB-PR), que autoriza a cobran\u00e7a por cursos de p\u00f3s-gradua\u00e7\u00e3o\u00a0latu sensu em universidades p\u00fablicas. A proposta j\u00e1 havia sido aprovada em primeiro turno em outubro de 2015. O PSOL votou contra. A vota\u00e7\u00e3o est\u00e1 marcada para sess\u00e3o [&hellip;]","og_url":"https:\/\/psol50.org.br\/camara-pode-votar-nessa-terca-feira-liberacao-para-pos-graduacao-paga-em-universidades\/","og_site_name":"PSOL 50","article_publisher":"https:\/\/www.facebook.com\/psol50","article_published_time":"2017-03-27T17:49:12+00:00","og_image":[{"width":1350,"height":900,"url":"https:\/\/psol50.org.br\/inc\/uploads\/2016\/09\/Plenario-Camara-Lucio-Bernardo-CD.jpg","type":"image\/jpeg"}],"author":"Comunica\u00e7\u00e3o PSOL","twitter_card":"summary_large_image","twitter_creator":"@psol50","twitter_site":"@psol50","twitter_misc":{"Escrito por":"Comunica\u00e7\u00e3o PSOL","Est. tempo de leitura":"1 minuto"},"schema":{"@context":"https:\/\/schema.org","@graph":[{"@type":"Article","@id":"https:\/\/psol50.org.br\/camara-pode-votar-nessa-terca-feira-liberacao-para-pos-graduacao-paga-em-universidades\/#article","isPartOf":{"@id":"https:\/\/psol50.org.br\/camara-pode-votar-nessa-terca-feira-liberacao-para-pos-graduacao-paga-em-universidades\/"},"author":{"name":"Comunica\u00e7\u00e3o PSOL","@id":"https:\/\/psol50.org.br\/#\/schema\/person\/475dfa57d0b815993c714c2e96491fcd"},"headline":"C\u00e2mara pode votar nessa ter\u00e7a-feira libera\u00e7\u00e3o para p\u00f3s-gradua\u00e7\u00e3o paga em universidades","datePublished":"2017-03-27T17:49:12+00:00","mainEntityOfPage":{"@id":"https:\/\/psol50.org.br\/camara-pode-votar-nessa-terca-feira-liberacao-para-pos-graduacao-paga-em-universidades\/"},"wordCount":278,"commentCount":0,"publisher":{"@id":"https:\/\/psol50.org.br\/#organization"},"image":{"@id":"https:\/\/psol50.org.br\/camara-pode-votar-nessa-terca-feira-liberacao-para-pos-graduacao-paga-em-universidades\/#primaryimage"},"thumbnailUrl":"https:\/\/psol50.org.br\/inc\/uploads\/2016\/09\/Plenario-Camara-Lucio-Bernardo-CD.jpg","keywords":["C\u00e2mara dos Deputados","Educa\u00e7\u00e3o","Ivan Valente","PEC 395","PSOL na C\u00e2mara"],"articleSection":["A\u00e7\u00e3o Parlamentar","Brasil","Not\u00edcias"],"inLanguage":"pt-BR","potentialAction":[{"@type":"CommentAction","name":"Comment","target":["https:\/\/psol50.org.br\/camara-pode-votar-nessa-terca-feira-liberacao-para-pos-graduacao-paga-em-universidades\/#respond"]}]},{"@type":"WebPage","@id":"https:\/\/psol50.org.br\/camara-pode-votar-nessa-terca-feira-liberacao-para-pos-graduacao-paga-em-universidades\/","url":"https:\/\/psol50.org.br\/camara-pode-votar-nessa-terca-feira-liberacao-para-pos-graduacao-paga-em-universidades\/","name":"C\u00e2mara pode votar nessa ter\u00e7a-feira libera\u00e7\u00e3o para p\u00f3s-gradua\u00e7\u00e3o paga em universidades - PSOL 50","isPartOf":{"@id":"https:\/\/psol50.org.br\/#website"},"primaryImageOfPage":{"@id":"https:\/\/psol50.org.br\/camara-pode-votar-nessa-terca-feira-liberacao-para-pos-graduacao-paga-em-universidades\/#primaryimage"},"image":{"@id":"https:\/\/psol50.org.br\/camara-pode-votar-nessa-terca-feira-liberacao-para-pos-graduacao-paga-em-universidades\/#primaryimage"},"thumbnailUrl":"https:\/\/psol50.org.br\/inc\/uploads\/2016\/09\/Plenario-Camara-Lucio-Bernardo-CD.jpg","datePublished":"2017-03-27T17:49:12+00:00","breadcrumb":{"@id":"https:\/\/psol50.org.br\/camara-pode-votar-nessa-terca-feira-liberacao-para-pos-graduacao-paga-em-universidades\/#breadcrumb"},"inLanguage":"pt-BR","potentialAction":[{"@type":"ReadAction","target":["https:\/\/psol50.org.br\/camara-pode-votar-nessa-terca-feira-liberacao-para-pos-graduacao-paga-em-universidades\/"]}]},{"@type":"ImageObject","inLanguage":"pt-BR","@id":"https:\/\/psol50.org.br\/camara-pode-votar-nessa-terca-feira-liberacao-para-pos-graduacao-paga-em-universidades\/#primaryimage","url":"https:\/\/psol50.org.br\/inc\/uploads\/2016\/09\/Plenario-Camara-Lucio-Bernardo-CD.jpg","contentUrl":"https:\/\/psol50.org.br\/inc\/uploads\/2016\/09\/Plenario-Camara-Lucio-Bernardo-CD.jpg","width":1350,"height":900},{"@type":"BreadcrumbList","@id":"https:\/\/psol50.org.br\/camara-pode-votar-nessa-terca-feira-liberacao-para-pos-graduacao-paga-em-universidades\/#breadcrumb","itemListElement":[{"@type":"ListItem","position":1,"name":"In\u00edcio","item":"https:\/\/psol50.org.br\/"},{"@type":"ListItem","position":2,"name":"C\u00e2mara pode votar nessa ter\u00e7a-feira libera\u00e7\u00e3o para p\u00f3s-gradua\u00e7\u00e3o paga em universidades"}]},{"@type":"WebSite","@id":"https:\/\/psol50.org.br\/#website","url":"https:\/\/psol50.org.br\/","name":"PSOL 50","description":"Site oficial do Partido Socialismo e Liberdade","publisher":{"@id":"https:\/\/psol50.org.br\/#organization"},"alternateName":"PSOL50","potentialAction":[{"@type":"SearchAction","target":{"@type":"EntryPoint","urlTemplate":"https:\/\/psol50.org.br\/?s={search_term_string}"},"query-input":{"@type":"PropertyValueSpecification","valueRequired":true,"valueName":"search_term_string"}}],"inLanguage":"pt-BR"},{"@type":"Organization","@id":"https:\/\/psol50.org.br\/#organization","name":"PSOL 50","alternateName":"PSOL 50","url":"https:\/\/psol50.org.br\/","logo":{"@type":"ImageObject","inLanguage":"pt-BR","@id":"https:\/\/psol50.org.br\/#\/schema\/logo\/image\/","url":"https:\/\/psol50.org.br\/inc\/uploads\/2018\/07\/capa.png","contentUrl":"https:\/\/psol50.org.br\/inc\/uploads\/2018\/07\/capa.png","width":1350,"height":900,"caption":"PSOL 50"},"image":{"@id":"https:\/\/psol50.org.br\/#\/schema\/logo\/image\/"},"sameAs":["https:\/\/www.facebook.com\/psol50","https:\/\/x.com\/psol50","https:\/\/www.instagram.com\/psol50\/","https:\/\/www.youtube.com\/channel\/UC7SnJS5o1os7a6CaiNabzcg"]},{"@type":"Person","@id":"https:\/\/psol50.org.br\/#\/schema\/person\/475dfa57d0b815993c714c2e96491fcd","name":"Comunica\u00e7\u00e3o PSOL","image":{"@type":"ImageObject","inLanguage":"pt-BR","@id":"https:\/\/psol50.org.br\/#\/schema\/person\/image\/","url":"https:\/\/secure.gravatar.com\/avatar\/b34fc4f4e468a4e51785917065a3db57b841f5c95dba6ad8c73aaf8f66f8f9bf?s=96&d=mm&r=g","contentUrl":"https:\/\/secure.gravatar.com\/avatar\/b34fc4f4e468a4e51785917065a3db57b841f5c95dba6ad8c73aaf8f66f8f9bf?s=96&d=mm&r=g","caption":"Comunica\u00e7\u00e3o PSOL"}}]}},"_links":{"self":[{"href":"https:\/\/psol50.org.br\/rest\/wp\/v2\/posts\/15730","targetHints":{"allow":["GET"]}}],"collection":[{"href":"https:\/\/psol50.org.br\/rest\/wp\/v2\/posts"}],"about":[{"href":"https:\/\/psol50.org.br\/rest\/wp\/v2\/types\/post"}],"author":[{"embeddable":true,"href":"https:\/\/psol50.org.br\/rest\/wp\/v2\/users\/2"}],"replies":[{"embeddable":true,"href":"https:\/\/psol50.org.br\/rest\/wp\/v2\/comments?post=15730"}],"version-history":[{"count":0,"href":"https:\/\/psol50.org.br\/rest\/wp\/v2\/posts\/15730\/revisions"}],"wp:featuredmedia":[{"embeddable":true,"href":"https:\/\/psol50.org.br\/rest\/wp\/v2\/media\/13909"}],"wp:attachment":[{"href":"https:\/\/psol50.org.br\/rest\/wp\/v2\/media?parent=15730"}],"wp:term":[{"taxonomy":"category","embeddable":true,"href":"https:\/\/psol50.org.br\/rest\/wp\/v2\/categories?post=15730"},{"taxonomy":"post_tag","embeddable":true,"href":"https:\/\/psol50.org.br\/rest\/wp\/v2\/tags?post=15730"}],"curies":[{"name":"wp","href":"https:\/\/api.w.org\/{rel}","templated":true}]}}