{"id":15737,"date":"2017-03-28T12:57:41","date_gmt":"2017-03-28T12:57:41","guid":{"rendered":"http:\/\/www.psol50.org.br\/?p=15737"},"modified":"2017-03-28T12:57:41","modified_gmt":"2017-03-28T12:57:41","slug":"contra-reformas-previdenciaria-e-trabalhista-centrais-sindicais-aprovam-greve-geral-para-28-de-abril","status":"publish","type":"post","link":"https:\/\/psol50.org.br\/contra-reformas-previdenciaria-e-trabalhista-centrais-sindicais-aprovam-greve-geral-para-28-de-abril\/","title":{"rendered":"Contra reformas previdenci\u00e1ria e trabalhista, centrais sindicais aprovam greve geral para 28 de abril"},"content":{"rendered":"<p>No dia 28 de abril, trabalhadores de v\u00e1rias categorias, dos servi\u00e7os p\u00fablico e privado, v\u00e3o parar o pa\u00eds com o objetivo de impedir que os ataques promovidos pelo governo de Michel Temer avancem no Congresso Nacional. A data foi aprovada em reuni\u00e3o nesta segunda-feira (27\/03), em S\u00e3o Paulo, com as presen\u00e7as de dirigentes de todas as centrais sindicais do pa\u00eds, incluindo a Intersindical \u2013 Central da Classe Trabalhadora, a CSP-Conlutas e a CUT.<\/p>\n<p>Ap\u00f3s um amplo debate sobre a conjuntura em que vive o pa\u00eds, com as amea\u00e7as aos direitos previdenci\u00e1rios e trabalhistas, contidas na Proposta de Emenda \u00e0 Constitui\u00e7\u00e3o n\u00ba 287\/20146, referente \u00e0 reforma da Previd\u00eancia, e no Projeto de Lei 6787\/2016, que altera a legisla\u00e7\u00e3o trabalhista, as centrais sindicais avaliaram que \u00e9 preciso um dia de paralisa\u00e7\u00e3o unificada, que consiga parar a produ\u00e7\u00e3o e os setores de servi\u00e7os, com\u00e9rcio e o funcionalismo p\u00fablico.<\/p>\n<p>Tamb\u00e9m avaliaram o cen\u00e1rio de retrocessos com a aprova\u00e7\u00e3o do PL 4302\/14998, que amplia, de forma irrestrita, a pr\u00e1tica da terceiriza\u00e7\u00e3o para as \u00e1reas-fins, incluindo o servi\u00e7o p\u00fablico. A mat\u00e9ria, aprovada na \u00faltima quarta-feira (22), foi apresentada ainda durante o governo de Fernando Henrique Cardoso e estava parada desde 2002, ap\u00f3s ter sido aprovada pelo Senado. Temer e seus aliados na C\u00e2mara, insatisfeitos com as dificuldades em aprovar a reforma da Previd\u00eancia do jeito que est\u00e1, pautaram o projeto da noite para o dia e aprovaram sem ouvir a classe trabalhadora. Toda a bancada do PSOL votou contra e denunciou os reais interesses do governo em \u201cdesenterrar\u201d essa proposta.<\/p>\n<p>\u201cAs centrais sindicais conclamam seus sindicatos filiados para, no dia 28, convocar os trabalhadores a paralisarem suas atividades, como alerta ao governo de que a sociedade e a classe trabalhadora n\u00e3o aceitar\u00e3o as propostas de reformas da Previd\u00eancia, Trabalhista e o projeto de Terceiriza\u00e7\u00e3o aprovado pela C\u00e2mara, que o governo Temer quer impor ao Pa\u00eds. Em nossa opini\u00e3o, trata-se do desmonte da Previd\u00eancia P\u00fablica e da retirada dos direitos trabalhistas garantidos pela CLT\u201d, afirmam as centrais, em documento divulgando a decis\u00e3o.<\/p>\n<p>O presidente nacional do PSOL ressalta que nunca foi t\u00e3o necess\u00e1rio unir todos os trabalhadores para barrar as amea\u00e7as vindas de um governo. \u201cNossos direitos est\u00e3o amea\u00e7ados e a cada dia Temer e a maioria do Congresso atacam conquistas sociais arrancadas com a Constitui\u00e7\u00e3o Federal de 1988. O anuncio de que todas as centrais decidiram convocar greve geral no dia 28 de abril \u00e9 um alento. Nossa milit\u00e2ncia estar\u00e1 participando ativamente desse momento hist\u00f3rico. Chegou a hora dos que moram no andar debaixo mostrarem sua insatisfa\u00e7\u00e3o\u201d, pontua Ara\u00fajo, destacando a import\u00e2ncia da participa\u00e7\u00e3o da milit\u00e2ncia do PSOL na constru\u00e7\u00e3o dessa greve geral.<\/p>\n<p>Na avalia\u00e7\u00e3o do secret\u00e1rio-geral da Intersindical &#8211; Central da Classe Trabalhadora, Edson Carneiro \u00cdndio, a classe trabalhadora e seus aliados far\u00e3o no dia 28 de abril a maior demonstra\u00e7\u00e3o de rep\u00fadio \u00e0 terceiriza\u00e7\u00e3o, ao desmonte da Previd\u00eancia e ao fim dos direitos trabalhistas. &#8220;Temer e seus deputados est\u00e3o dispostos a pagar a conta do golpe desmontando a Constitui\u00e7\u00e3o e aprofundando a crise social e o desemprego. O povo brasileiro vai derrot\u00e1-los nas ruas, nas greves e nas urnas.\u00a0Agora \u00e9 greve geral. Aposentadoria e\u00a0direitos ficam. Terceiriza\u00e7\u00e3o e Temer saem&#8221;, destacou o dirigente sindical.<\/p>\n","protected":false},"excerpt":{"rendered":"<p>No dia 28 de abril, trabalhadores de v\u00e1rias categorias, dos servi\u00e7os p\u00fablico e privado, v\u00e3o parar o pa\u00eds com o objetivo de impedir que os ataques promovidos pelo governo de Michel Temer avancem no Congresso Nacional. A data foi aprovada em reuni\u00e3o nesta segunda-feira (27\/03), em S\u00e3o Paulo, com as presen\u00e7as de dirigentes de todas [&hellip;]<\/p>\n","protected":false},"author":2,"featured_media":15740,"comment_status":"open","ping_status":"open","sticky":false,"template":"","format":"standard","meta":{"_acf_changed":false,"footnotes":""},"categories":[1882,1104,6],"tags":[3000,704,1792,2772,406,2220,1793,1801,1748,2831,3001,22,39,1669,2949],"class_list":{"0":"post-15737","1":"post","2":"type-post","3":"status-publish","4":"format-standard","5":"has-post-thumbnail","7":"category-brasil","8":"category-movimento","9":"category-noticias","10":"tag-28-de-abril","11":"tag-ameacas","12":"tag-centrais-sindicais","13":"tag-classe-trabalhadora","14":"tag-direitos","15":"tag-governo-temer","16":"tag-greve-geral","17":"tag-luiz-araujo","18":"tag-michel-temer","19":"tag-pec-2872016","20":"tag-pl-67872016","21":"tag-psol","22":"tag-reforma-da-previdencia","23":"tag-reforma-trabalhista","24":"tag-terceirizacao"},"acf":[],"yoast_head":"<!-- This site is optimized with the Yoast SEO plugin v26.5 - https:\/\/yoast.com\/wordpress\/plugins\/seo\/ -->\n<title>Contra reformas previdenci\u00e1ria e trabalhista, centrais sindicais aprovam greve geral para 28 de abril - PSOL 50<\/title>\n<meta name=\"robots\" content=\"index, follow, max-snippet:-1, max-image-preview:large, max-video-preview:-1\" \/>\n<link rel=\"canonical\" href=\"https:\/\/psol50.org.br\/contra-reformas-previdenciaria-e-trabalhista-centrais-sindicais-aprovam-greve-geral-para-28-de-abril\/\" \/>\n<meta property=\"og:locale\" content=\"pt_BR\" \/>\n<meta property=\"og:type\" content=\"article\" \/>\n<meta property=\"og:title\" content=\"Contra reformas previdenci\u00e1ria e trabalhista, centrais sindicais aprovam greve geral para 28 de abril - PSOL 50\" \/>\n<meta property=\"og:description\" content=\"No dia 28 de abril, trabalhadores de v\u00e1rias categorias, dos servi\u00e7os p\u00fablico e privado, v\u00e3o parar o pa\u00eds com o objetivo de impedir que os ataques promovidos pelo governo de Michel Temer avancem no Congresso Nacional. A data foi aprovada em reuni\u00e3o nesta segunda-feira (27\/03), em S\u00e3o Paulo, com as presen\u00e7as de dirigentes de todas [&hellip;]\" \/>\n<meta property=\"og:url\" content=\"https:\/\/psol50.org.br\/contra-reformas-previdenciaria-e-trabalhista-centrais-sindicais-aprovam-greve-geral-para-28-de-abril\/\" \/>\n<meta property=\"og:site_name\" content=\"PSOL 50\" \/>\n<meta property=\"article:publisher\" content=\"https:\/\/www.facebook.com\/psol50\" \/>\n<meta property=\"article:published_time\" content=\"2017-03-28T12:57:41+00:00\" \/>\n<meta property=\"og:image\" content=\"https:\/\/psol50.org.br\/inc\/uploads\/2018\/07\/capa.png\" \/>\n\t<meta property=\"og:image:width\" content=\"1350\" \/>\n\t<meta property=\"og:image:height\" content=\"900\" \/>\n\t<meta property=\"og:image:type\" content=\"image\/png\" \/>\n<meta name=\"author\" content=\"Comunica\u00e7\u00e3o PSOL\" \/>\n<meta name=\"twitter:card\" content=\"summary_large_image\" \/>\n<meta name=\"twitter:creator\" content=\"@psol50\" \/>\n<meta name=\"twitter:site\" content=\"@psol50\" \/>\n<meta name=\"twitter:label1\" content=\"Escrito por\" \/>\n\t<meta name=\"twitter:data1\" content=\"Comunica\u00e7\u00e3o PSOL\" \/>\n\t<meta name=\"twitter:label2\" content=\"Est. tempo de leitura\" \/>\n\t<meta name=\"twitter:data2\" content=\"3 minutos\" \/>\n<script type=\"application\/ld+json\" class=\"yoast-schema-graph\">{\"@context\":\"https:\/\/schema.org\",\"@graph\":[{\"@type\":\"Article\",\"@id\":\"https:\/\/psol50.org.br\/contra-reformas-previdenciaria-e-trabalhista-centrais-sindicais-aprovam-greve-geral-para-28-de-abril\/#article\",\"isPartOf\":{\"@id\":\"https:\/\/psol50.org.br\/contra-reformas-previdenciaria-e-trabalhista-centrais-sindicais-aprovam-greve-geral-para-28-de-abril\/\"},\"author\":{\"name\":\"Comunica\u00e7\u00e3o PSOL\",\"@id\":\"https:\/\/psol50.org.br\/#\/schema\/person\/475dfa57d0b815993c714c2e96491fcd\"},\"headline\":\"Contra reformas previdenci\u00e1ria e trabalhista, centrais sindicais aprovam greve geral para 28 de abril\",\"datePublished\":\"2017-03-28T12:57:41+00:00\",\"mainEntityOfPage\":{\"@id\":\"https:\/\/psol50.org.br\/contra-reformas-previdenciaria-e-trabalhista-centrais-sindicais-aprovam-greve-geral-para-28-de-abril\/\"},\"wordCount\":594,\"commentCount\":0,\"publisher\":{\"@id\":\"https:\/\/psol50.org.br\/#organization\"},\"image\":{\"@id\":\"https:\/\/psol50.org.br\/contra-reformas-previdenciaria-e-trabalhista-centrais-sindicais-aprovam-greve-geral-para-28-de-abril\/#primaryimage\"},\"thumbnailUrl\":\"\",\"keywords\":[\"28 de abril\",\"amea\u00e7as\",\"centrais sindicais\",\"classe trabalhadora\",\"direitos\",\"governo Temer\",\"greve geral\",\"Luiz Ara\u00fajo\",\"Michel Temer\",\"PEC 287\/2016\",\"PL 6787\/2016\",\"PSOL\",\"reforma da previd\u00eancia\",\"reforma trabalhista\",\"terceiriza\u00e7\u00e3o\"],\"articleSection\":[\"Brasil\",\"Movimento\",\"Not\u00edcias\"],\"inLanguage\":\"pt-BR\",\"potentialAction\":[{\"@type\":\"CommentAction\",\"name\":\"Comment\",\"target\":[\"https:\/\/psol50.org.br\/contra-reformas-previdenciaria-e-trabalhista-centrais-sindicais-aprovam-greve-geral-para-28-de-abril\/#respond\"]}]},{\"@type\":\"WebPage\",\"@id\":\"https:\/\/psol50.org.br\/contra-reformas-previdenciaria-e-trabalhista-centrais-sindicais-aprovam-greve-geral-para-28-de-abril\/\",\"url\":\"https:\/\/psol50.org.br\/contra-reformas-previdenciaria-e-trabalhista-centrais-sindicais-aprovam-greve-geral-para-28-de-abril\/\",\"name\":\"Contra reformas previdenci\u00e1ria e trabalhista, centrais sindicais aprovam greve geral para 28 de abril - PSOL 50\",\"isPartOf\":{\"@id\":\"https:\/\/psol50.org.br\/#website\"},\"primaryImageOfPage\":{\"@id\":\"https:\/\/psol50.org.br\/contra-reformas-previdenciaria-e-trabalhista-centrais-sindicais-aprovam-greve-geral-para-28-de-abril\/#primaryimage\"},\"image\":{\"@id\":\"https:\/\/psol50.org.br\/contra-reformas-previdenciaria-e-trabalhista-centrais-sindicais-aprovam-greve-geral-para-28-de-abril\/#primaryimage\"},\"thumbnailUrl\":\"\",\"datePublished\":\"2017-03-28T12:57:41+00:00\",\"breadcrumb\":{\"@id\":\"https:\/\/psol50.org.br\/contra-reformas-previdenciaria-e-trabalhista-centrais-sindicais-aprovam-greve-geral-para-28-de-abril\/#breadcrumb\"},\"inLanguage\":\"pt-BR\",\"potentialAction\":[{\"@type\":\"ReadAction\",\"target\":[\"https:\/\/psol50.org.br\/contra-reformas-previdenciaria-e-trabalhista-centrais-sindicais-aprovam-greve-geral-para-28-de-abril\/\"]}]},{\"@type\":\"ImageObject\",\"inLanguage\":\"pt-BR\",\"@id\":\"https:\/\/psol50.org.br\/contra-reformas-previdenciaria-e-trabalhista-centrais-sindicais-aprovam-greve-geral-para-28-de-abril\/#primaryimage\",\"url\":\"\",\"contentUrl\":\"\"},{\"@type\":\"BreadcrumbList\",\"@id\":\"https:\/\/psol50.org.br\/contra-reformas-previdenciaria-e-trabalhista-centrais-sindicais-aprovam-greve-geral-para-28-de-abril\/#breadcrumb\",\"itemListElement\":[{\"@type\":\"ListItem\",\"position\":1,\"name\":\"In\u00edcio\",\"item\":\"https:\/\/psol50.org.br\/\"},{\"@type\":\"ListItem\",\"position\":2,\"name\":\"Contra reformas previdenci\u00e1ria e trabalhista, centrais sindicais aprovam greve geral para 28 de abril\"}]},{\"@type\":\"WebSite\",\"@id\":\"https:\/\/psol50.org.br\/#website\",\"url\":\"https:\/\/psol50.org.br\/\",\"name\":\"PSOL 50\",\"description\":\"Site oficial do Partido Socialismo e Liberdade\",\"publisher\":{\"@id\":\"https:\/\/psol50.org.br\/#organization\"},\"alternateName\":\"PSOL50\",\"potentialAction\":[{\"@type\":\"SearchAction\",\"target\":{\"@type\":\"EntryPoint\",\"urlTemplate\":\"https:\/\/psol50.org.br\/?s={search_term_string}\"},\"query-input\":{\"@type\":\"PropertyValueSpecification\",\"valueRequired\":true,\"valueName\":\"search_term_string\"}}],\"inLanguage\":\"pt-BR\"},{\"@type\":\"Organization\",\"@id\":\"https:\/\/psol50.org.br\/#organization\",\"name\":\"PSOL 50\",\"alternateName\":\"PSOL 50\",\"url\":\"https:\/\/psol50.org.br\/\",\"logo\":{\"@type\":\"ImageObject\",\"inLanguage\":\"pt-BR\",\"@id\":\"https:\/\/psol50.org.br\/#\/schema\/logo\/image\/\",\"url\":\"https:\/\/psol50.org.br\/inc\/uploads\/2018\/07\/capa.png\",\"contentUrl\":\"https:\/\/psol50.org.br\/inc\/uploads\/2018\/07\/capa.png\",\"width\":1350,\"height\":900,\"caption\":\"PSOL 50\"},\"image\":{\"@id\":\"https:\/\/psol50.org.br\/#\/schema\/logo\/image\/\"},\"sameAs\":[\"https:\/\/www.facebook.com\/psol50\",\"https:\/\/x.com\/psol50\",\"https:\/\/www.instagram.com\/psol50\/\",\"https:\/\/www.youtube.com\/channel\/UC7SnJS5o1os7a6CaiNabzcg\"]},{\"@type\":\"Person\",\"@id\":\"https:\/\/psol50.org.br\/#\/schema\/person\/475dfa57d0b815993c714c2e96491fcd\",\"name\":\"Comunica\u00e7\u00e3o PSOL\",\"image\":{\"@type\":\"ImageObject\",\"inLanguage\":\"pt-BR\",\"@id\":\"https:\/\/psol50.org.br\/#\/schema\/person\/image\/\",\"url\":\"https:\/\/secure.gravatar.com\/avatar\/b34fc4f4e468a4e51785917065a3db57b841f5c95dba6ad8c73aaf8f66f8f9bf?s=96&d=mm&r=g\",\"contentUrl\":\"https:\/\/secure.gravatar.com\/avatar\/b34fc4f4e468a4e51785917065a3db57b841f5c95dba6ad8c73aaf8f66f8f9bf?s=96&d=mm&r=g\",\"caption\":\"Comunica\u00e7\u00e3o PSOL\"}}]}<\/script>\n<!-- \/ Yoast SEO plugin. -->","yoast_head_json":{"title":"Contra reformas previdenci\u00e1ria e trabalhista, centrais sindicais aprovam greve geral para 28 de abril - PSOL 50","robots":{"index":"index","follow":"follow","max-snippet":"max-snippet:-1","max-image-preview":"max-image-preview:large","max-video-preview":"max-video-preview:-1"},"canonical":"https:\/\/psol50.org.br\/contra-reformas-previdenciaria-e-trabalhista-centrais-sindicais-aprovam-greve-geral-para-28-de-abril\/","og_locale":"pt_BR","og_type":"article","og_title":"Contra reformas previdenci\u00e1ria e trabalhista, centrais sindicais aprovam greve geral para 28 de abril - PSOL 50","og_description":"No dia 28 de abril, trabalhadores de v\u00e1rias categorias, dos servi\u00e7os p\u00fablico e privado, v\u00e3o parar o pa\u00eds com o objetivo de impedir que os ataques promovidos pelo governo de Michel Temer avancem no Congresso Nacional. A data foi aprovada em reuni\u00e3o nesta segunda-feira (27\/03), em S\u00e3o Paulo, com as presen\u00e7as de dirigentes de todas [&hellip;]","og_url":"https:\/\/psol50.org.br\/contra-reformas-previdenciaria-e-trabalhista-centrais-sindicais-aprovam-greve-geral-para-28-de-abril\/","og_site_name":"PSOL 50","article_publisher":"https:\/\/www.facebook.com\/psol50","article_published_time":"2017-03-28T12:57:41+00:00","og_image":[{"width":1350,"height":900,"url":"https:\/\/psol50.org.br\/inc\/uploads\/2018\/07\/capa.png","type":"image\/png"}],"author":"Comunica\u00e7\u00e3o PSOL","twitter_card":"summary_large_image","twitter_creator":"@psol50","twitter_site":"@psol50","twitter_misc":{"Escrito por":"Comunica\u00e7\u00e3o PSOL","Est. tempo de leitura":"3 minutos"},"schema":{"@context":"https:\/\/schema.org","@graph":[{"@type":"Article","@id":"https:\/\/psol50.org.br\/contra-reformas-previdenciaria-e-trabalhista-centrais-sindicais-aprovam-greve-geral-para-28-de-abril\/#article","isPartOf":{"@id":"https:\/\/psol50.org.br\/contra-reformas-previdenciaria-e-trabalhista-centrais-sindicais-aprovam-greve-geral-para-28-de-abril\/"},"author":{"name":"Comunica\u00e7\u00e3o PSOL","@id":"https:\/\/psol50.org.br\/#\/schema\/person\/475dfa57d0b815993c714c2e96491fcd"},"headline":"Contra reformas previdenci\u00e1ria e trabalhista, centrais sindicais aprovam greve geral para 28 de abril","datePublished":"2017-03-28T12:57:41+00:00","mainEntityOfPage":{"@id":"https:\/\/psol50.org.br\/contra-reformas-previdenciaria-e-trabalhista-centrais-sindicais-aprovam-greve-geral-para-28-de-abril\/"},"wordCount":594,"commentCount":0,"publisher":{"@id":"https:\/\/psol50.org.br\/#organization"},"image":{"@id":"https:\/\/psol50.org.br\/contra-reformas-previdenciaria-e-trabalhista-centrais-sindicais-aprovam-greve-geral-para-28-de-abril\/#primaryimage"},"thumbnailUrl":"","keywords":["28 de abril","amea\u00e7as","centrais sindicais","classe trabalhadora","direitos","governo Temer","greve geral","Luiz Ara\u00fajo","Michel Temer","PEC 287\/2016","PL 6787\/2016","PSOL","reforma da previd\u00eancia","reforma trabalhista","terceiriza\u00e7\u00e3o"],"articleSection":["Brasil","Movimento","Not\u00edcias"],"inLanguage":"pt-BR","potentialAction":[{"@type":"CommentAction","name":"Comment","target":["https:\/\/psol50.org.br\/contra-reformas-previdenciaria-e-trabalhista-centrais-sindicais-aprovam-greve-geral-para-28-de-abril\/#respond"]}]},{"@type":"WebPage","@id":"https:\/\/psol50.org.br\/contra-reformas-previdenciaria-e-trabalhista-centrais-sindicais-aprovam-greve-geral-para-28-de-abril\/","url":"https:\/\/psol50.org.br\/contra-reformas-previdenciaria-e-trabalhista-centrais-sindicais-aprovam-greve-geral-para-28-de-abril\/","name":"Contra reformas previdenci\u00e1ria e trabalhista, centrais sindicais aprovam greve geral para 28 de abril - PSOL 50","isPartOf":{"@id":"https:\/\/psol50.org.br\/#website"},"primaryImageOfPage":{"@id":"https:\/\/psol50.org.br\/contra-reformas-previdenciaria-e-trabalhista-centrais-sindicais-aprovam-greve-geral-para-28-de-abril\/#primaryimage"},"image":{"@id":"https:\/\/psol50.org.br\/contra-reformas-previdenciaria-e-trabalhista-centrais-sindicais-aprovam-greve-geral-para-28-de-abril\/#primaryimage"},"thumbnailUrl":"","datePublished":"2017-03-28T12:57:41+00:00","breadcrumb":{"@id":"https:\/\/psol50.org.br\/contra-reformas-previdenciaria-e-trabalhista-centrais-sindicais-aprovam-greve-geral-para-28-de-abril\/#breadcrumb"},"inLanguage":"pt-BR","potentialAction":[{"@type":"ReadAction","target":["https:\/\/psol50.org.br\/contra-reformas-previdenciaria-e-trabalhista-centrais-sindicais-aprovam-greve-geral-para-28-de-abril\/"]}]},{"@type":"ImageObject","inLanguage":"pt-BR","@id":"https:\/\/psol50.org.br\/contra-reformas-previdenciaria-e-trabalhista-centrais-sindicais-aprovam-greve-geral-para-28-de-abril\/#primaryimage","url":"","contentUrl":""},{"@type":"BreadcrumbList","@id":"https:\/\/psol50.org.br\/contra-reformas-previdenciaria-e-trabalhista-centrais-sindicais-aprovam-greve-geral-para-28-de-abril\/#breadcrumb","itemListElement":[{"@type":"ListItem","position":1,"name":"In\u00edcio","item":"https:\/\/psol50.org.br\/"},{"@type":"ListItem","position":2,"name":"Contra reformas previdenci\u00e1ria e trabalhista, centrais sindicais aprovam greve geral para 28 de abril"}]},{"@type":"WebSite","@id":"https:\/\/psol50.org.br\/#website","url":"https:\/\/psol50.org.br\/","name":"PSOL 50","description":"Site oficial do Partido Socialismo e Liberdade","publisher":{"@id":"https:\/\/psol50.org.br\/#organization"},"alternateName":"PSOL50","potentialAction":[{"@type":"SearchAction","target":{"@type":"EntryPoint","urlTemplate":"https:\/\/psol50.org.br\/?s={search_term_string}"},"query-input":{"@type":"PropertyValueSpecification","valueRequired":true,"valueName":"search_term_string"}}],"inLanguage":"pt-BR"},{"@type":"Organization","@id":"https:\/\/psol50.org.br\/#organization","name":"PSOL 50","alternateName":"PSOL 50","url":"https:\/\/psol50.org.br\/","logo":{"@type":"ImageObject","inLanguage":"pt-BR","@id":"https:\/\/psol50.org.br\/#\/schema\/logo\/image\/","url":"https:\/\/psol50.org.br\/inc\/uploads\/2018\/07\/capa.png","contentUrl":"https:\/\/psol50.org.br\/inc\/uploads\/2018\/07\/capa.png","width":1350,"height":900,"caption":"PSOL 50"},"image":{"@id":"https:\/\/psol50.org.br\/#\/schema\/logo\/image\/"},"sameAs":["https:\/\/www.facebook.com\/psol50","https:\/\/x.com\/psol50","https:\/\/www.instagram.com\/psol50\/","https:\/\/www.youtube.com\/channel\/UC7SnJS5o1os7a6CaiNabzcg"]},{"@type":"Person","@id":"https:\/\/psol50.org.br\/#\/schema\/person\/475dfa57d0b815993c714c2e96491fcd","name":"Comunica\u00e7\u00e3o PSOL","image":{"@type":"ImageObject","inLanguage":"pt-BR","@id":"https:\/\/psol50.org.br\/#\/schema\/person\/image\/","url":"https:\/\/secure.gravatar.com\/avatar\/b34fc4f4e468a4e51785917065a3db57b841f5c95dba6ad8c73aaf8f66f8f9bf?s=96&d=mm&r=g","contentUrl":"https:\/\/secure.gravatar.com\/avatar\/b34fc4f4e468a4e51785917065a3db57b841f5c95dba6ad8c73aaf8f66f8f9bf?s=96&d=mm&r=g","caption":"Comunica\u00e7\u00e3o PSOL"}}]}},"_links":{"self":[{"href":"https:\/\/psol50.org.br\/rest\/wp\/v2\/posts\/15737","targetHints":{"allow":["GET"]}}],"collection":[{"href":"https:\/\/psol50.org.br\/rest\/wp\/v2\/posts"}],"about":[{"href":"https:\/\/psol50.org.br\/rest\/wp\/v2\/types\/post"}],"author":[{"embeddable":true,"href":"https:\/\/psol50.org.br\/rest\/wp\/v2\/users\/2"}],"replies":[{"embeddable":true,"href":"https:\/\/psol50.org.br\/rest\/wp\/v2\/comments?post=15737"}],"version-history":[{"count":0,"href":"https:\/\/psol50.org.br\/rest\/wp\/v2\/posts\/15737\/revisions"}],"wp:featuredmedia":[{"embeddable":true,"href":"https:\/\/psol50.org.br\/rest\/"}],"wp:attachment":[{"href":"https:\/\/psol50.org.br\/rest\/wp\/v2\/media?parent=15737"}],"wp:term":[{"taxonomy":"category","embeddable":true,"href":"https:\/\/psol50.org.br\/rest\/wp\/v2\/categories?post=15737"},{"taxonomy":"post_tag","embeddable":true,"href":"https:\/\/psol50.org.br\/rest\/wp\/v2\/tags?post=15737"}],"curies":[{"name":"wp","href":"https:\/\/api.w.org\/{rel}","templated":true}]}}