{"id":15746,"date":"2017-03-28T16:15:47","date_gmt":"2017-03-28T16:15:47","guid":{"rendered":"http:\/\/www.psol50.org.br\/?p=15746"},"modified":"2017-03-28T16:15:47","modified_gmt":"2017-03-28T16:15:47","slug":"temer-camara-e-senado-tem-ate-5-dias-para-se-manifestar-sobre-acao-do-psol-pela-descriminalizacao-do-aborto","status":"publish","type":"post","link":"https:\/\/psol50.org.br\/temer-camara-e-senado-tem-ate-5-dias-para-se-manifestar-sobre-acao-do-psol-pela-descriminalizacao-do-aborto\/","title":{"rendered":"Temer, C\u00e2mara e Senado t\u00eam at\u00e9 5 dias para se manifestar sobre a\u00e7\u00e3o do PSOL pela descriminaliza\u00e7\u00e3o do aborto"},"content":{"rendered":"<p>A ministra do STF Rosa Weber, relatora da a\u00e7\u00e3o do PSOL pela descriminaliza\u00e7\u00e3o do aborto at\u00e9 a 12\u00aa semana de gravidez, deu 5 dias para que o presidente Michel Temer, a C\u00e2mara dos Deputados e o Senado se manifestem sobre o tema.<\/p>\n<p>Ap\u00f3s a manifesta\u00e7\u00e3o do Executivo e do Legislativo, a ministra ainda vai pedir que a Procuradoria-Geral da Rep\u00fablica (PGR) e a Advocacia-Geral da Uni\u00e3o (AGU) deem seu parecer sobre a a\u00e7\u00e3o.<\/p>\n<p>Leia, <span style=\"color: #3366ff;\"><strong><a style=\"color: #3366ff;\" href=\"https:\/\/www.dropbox.com\/s\/l952tz18dtxfrmj\/Rosa%20Weber%20d%C3%A1%205%20dias%20para%20manifesta%C3%A7%C3%B5es%20sobre%20ADPF%20do%20aborto.pdf?dl=0\" target=\"_blank\" rel=\"noopener\">clicando aqui<\/a><\/strong><\/span>, a \u00edntegra da decis\u00e3o de Rosa Weber.<\/p>\n<p>A Argui\u00e7\u00e3o por Descumprimento de Preceito Fundamental (ADPF) foi protocolada pelo partido e pela ONG Anis &#8211; Instituto de Bio\u00e9tica no dia 7 de mar\u00e7o. A a\u00e7\u00e3o\u00a0quer que o STF considere inconstitucionais dois artigos do C\u00f3digo Penal, n\u00fameros 124 e 126, garantindo assim que mulheres que fa\u00e7am a interrup\u00e7\u00e3o da gravidez at\u00e9 a sua 12\u00aa semana n\u00e3o sejam consideradas criminosas.<\/p>\n<p><em>Leia mais: <span style=\"color: #3366ff;\"><strong><a style=\"color: #3366ff;\" href=\"http:\/\/www.psol50.org.br\/blog\/2017\/03\/10\/entenda-a-acao-do-psol-pela-descriminalizacao-do-aborto\/\">Entenda a a\u00e7\u00e3o do PSOL pela descriminaliza\u00e7\u00e3o do aborto<\/a><\/strong><\/span><\/em><\/p>\n<p>A a\u00e7\u00e3o do PSOL pede, ainda, que seja concedida uma liminar pelo STF para suspender provisoriamente\u00a0pris\u00f5es em flagrante, inqu\u00e9ritos policiais e andamento de processos ou efeitos de decis\u00f5es judiciais que pretendam aplicar ou tenham aplicado os artigos do C\u00f3digo Penal a casos de interrup\u00e7\u00e3o da gesta\u00e7\u00e3o induzida e volunt\u00e1ria realizada nas primeiras 12 semanas de gravidez.<\/p>\n<p>O questionamento \u00e9 sobre\u00a0a criminaliza\u00e7\u00e3o do aborto pelo C\u00f3digo Penal, escrito em 1940 \u2013 muito anterior \u00e0 pr\u00f3pria Constitui\u00e7\u00e3o Federal, aprovada em 1988. O argumento \u00e9 que direitos fundamentais das mulheres, como \u00e0 liberdade, \u00e0 dignidade, ao planejamento familiar e \u00e0 cidadania, est\u00e3o sendo obstru\u00eddos com a criminaliza\u00e7\u00e3o. Assim, a a\u00e7\u00e3o pede que o Supremo \u201catualize\u201d o texto para o que consta na Constitui\u00e7\u00e3o Federal.<\/p>\n<p>&nbsp;<\/p>\n","protected":false},"excerpt":{"rendered":"<p>A ministra do STF Rosa Weber, relatora da a\u00e7\u00e3o do PSOL pela descriminaliza\u00e7\u00e3o do aborto at\u00e9 a 12\u00aa semana de gravidez, deu 5 dias para que o presidente Michel Temer, a C\u00e2mara dos Deputados e o Senado se manifestem sobre o tema. Ap\u00f3s a manifesta\u00e7\u00e3o do Executivo e do Legislativo, a ministra ainda vai pedir [&hellip;]<\/p>\n","protected":false},"author":2,"featured_media":15533,"comment_status":"open","ping_status":"open","sticky":false,"template":"","format":"standard","meta":{"_acf_changed":false,"footnotes":""},"categories":[1882,6],"tags":[824,2409,22,578,45],"class_list":{"0":"post-15746","1":"post","2":"type-post","3":"status-publish","4":"format-standard","5":"has-post-thumbnail","7":"category-brasil","8":"category-noticias","9":"tag-aborto","10":"tag-anis","11":"tag-psol","12":"tag-rosa-weber","13":"tag-stf"},"acf":[],"yoast_head":"<!-- This site is optimized with the Yoast SEO plugin v26.5 - https:\/\/yoast.com\/wordpress\/plugins\/seo\/ -->\n<title>Temer, C\u00e2mara e Senado t\u00eam at\u00e9 5 dias para se manifestar sobre a\u00e7\u00e3o do PSOL pela descriminaliza\u00e7\u00e3o do aborto - PSOL 50<\/title>\n<meta name=\"robots\" content=\"index, follow, max-snippet:-1, max-image-preview:large, max-video-preview:-1\" \/>\n<link rel=\"canonical\" href=\"https:\/\/psol50.org.br\/temer-camara-e-senado-tem-ate-5-dias-para-se-manifestar-sobre-acao-do-psol-pela-descriminalizacao-do-aborto\/\" \/>\n<meta property=\"og:locale\" content=\"pt_BR\" \/>\n<meta property=\"og:type\" content=\"article\" \/>\n<meta property=\"og:title\" content=\"Temer, C\u00e2mara e Senado t\u00eam at\u00e9 5 dias para se manifestar sobre a\u00e7\u00e3o do PSOL pela descriminaliza\u00e7\u00e3o do aborto - PSOL 50\" \/>\n<meta property=\"og:description\" content=\"A ministra do STF Rosa Weber, relatora da a\u00e7\u00e3o do PSOL pela descriminaliza\u00e7\u00e3o do aborto at\u00e9 a 12\u00aa semana de gravidez, deu 5 dias para que o presidente Michel Temer, a C\u00e2mara dos Deputados e o Senado se manifestem sobre o tema. Ap\u00f3s a manifesta\u00e7\u00e3o do Executivo e do Legislativo, a ministra ainda vai pedir [&hellip;]\" \/>\n<meta property=\"og:url\" content=\"https:\/\/psol50.org.br\/temer-camara-e-senado-tem-ate-5-dias-para-se-manifestar-sobre-acao-do-psol-pela-descriminalizacao-do-aborto\/\" \/>\n<meta property=\"og:site_name\" content=\"PSOL 50\" \/>\n<meta property=\"article:publisher\" content=\"https:\/\/www.facebook.com\/psol50\" \/>\n<meta property=\"article:published_time\" content=\"2017-03-28T16:15:47+00:00\" \/>\n<meta property=\"og:image\" content=\"https:\/\/psol50.org.br\/inc\/uploads\/2018\/07\/capa.png\" \/>\n\t<meta property=\"og:image:width\" content=\"1350\" \/>\n\t<meta property=\"og:image:height\" content=\"900\" \/>\n\t<meta property=\"og:image:type\" content=\"image\/png\" \/>\n<meta name=\"author\" content=\"Comunica\u00e7\u00e3o PSOL\" \/>\n<meta name=\"twitter:card\" content=\"summary_large_image\" \/>\n<meta name=\"twitter:creator\" content=\"@psol50\" \/>\n<meta name=\"twitter:site\" content=\"@psol50\" \/>\n<meta name=\"twitter:label1\" content=\"Escrito por\" \/>\n\t<meta name=\"twitter:data1\" content=\"Comunica\u00e7\u00e3o PSOL\" \/>\n\t<meta name=\"twitter:label2\" content=\"Est. tempo de leitura\" \/>\n\t<meta name=\"twitter:data2\" content=\"2 minutos\" \/>\n<script type=\"application\/ld+json\" class=\"yoast-schema-graph\">{\"@context\":\"https:\/\/schema.org\",\"@graph\":[{\"@type\":\"Article\",\"@id\":\"https:\/\/psol50.org.br\/temer-camara-e-senado-tem-ate-5-dias-para-se-manifestar-sobre-acao-do-psol-pela-descriminalizacao-do-aborto\/#article\",\"isPartOf\":{\"@id\":\"https:\/\/psol50.org.br\/temer-camara-e-senado-tem-ate-5-dias-para-se-manifestar-sobre-acao-do-psol-pela-descriminalizacao-do-aborto\/\"},\"author\":{\"name\":\"Comunica\u00e7\u00e3o PSOL\",\"@id\":\"https:\/\/psol50.org.br\/#\/schema\/person\/475dfa57d0b815993c714c2e96491fcd\"},\"headline\":\"Temer, C\u00e2mara e Senado t\u00eam at\u00e9 5 dias para se manifestar sobre a\u00e7\u00e3o do PSOL pela descriminaliza\u00e7\u00e3o do aborto\",\"datePublished\":\"2017-03-28T16:15:47+00:00\",\"mainEntityOfPage\":{\"@id\":\"https:\/\/psol50.org.br\/temer-camara-e-senado-tem-ate-5-dias-para-se-manifestar-sobre-acao-do-psol-pela-descriminalizacao-do-aborto\/\"},\"wordCount\":322,\"commentCount\":0,\"publisher\":{\"@id\":\"https:\/\/psol50.org.br\/#organization\"},\"image\":{\"@id\":\"https:\/\/psol50.org.br\/temer-camara-e-senado-tem-ate-5-dias-para-se-manifestar-sobre-acao-do-psol-pela-descriminalizacao-do-aborto\/#primaryimage\"},\"thumbnailUrl\":\"\",\"keywords\":[\"aborto\",\"Anis\",\"PSOL\",\"Rosa Weber\",\"STF\"],\"articleSection\":[\"Brasil\",\"Not\u00edcias\"],\"inLanguage\":\"pt-BR\",\"potentialAction\":[{\"@type\":\"CommentAction\",\"name\":\"Comment\",\"target\":[\"https:\/\/psol50.org.br\/temer-camara-e-senado-tem-ate-5-dias-para-se-manifestar-sobre-acao-do-psol-pela-descriminalizacao-do-aborto\/#respond\"]}]},{\"@type\":\"WebPage\",\"@id\":\"https:\/\/psol50.org.br\/temer-camara-e-senado-tem-ate-5-dias-para-se-manifestar-sobre-acao-do-psol-pela-descriminalizacao-do-aborto\/\",\"url\":\"https:\/\/psol50.org.br\/temer-camara-e-senado-tem-ate-5-dias-para-se-manifestar-sobre-acao-do-psol-pela-descriminalizacao-do-aborto\/\",\"name\":\"Temer, C\u00e2mara e Senado t\u00eam at\u00e9 5 dias para se manifestar sobre a\u00e7\u00e3o do PSOL pela descriminaliza\u00e7\u00e3o do aborto - PSOL 50\",\"isPartOf\":{\"@id\":\"https:\/\/psol50.org.br\/#website\"},\"primaryImageOfPage\":{\"@id\":\"https:\/\/psol50.org.br\/temer-camara-e-senado-tem-ate-5-dias-para-se-manifestar-sobre-acao-do-psol-pela-descriminalizacao-do-aborto\/#primaryimage\"},\"image\":{\"@id\":\"https:\/\/psol50.org.br\/temer-camara-e-senado-tem-ate-5-dias-para-se-manifestar-sobre-acao-do-psol-pela-descriminalizacao-do-aborto\/#primaryimage\"},\"thumbnailUrl\":\"\",\"datePublished\":\"2017-03-28T16:15:47+00:00\",\"breadcrumb\":{\"@id\":\"https:\/\/psol50.org.br\/temer-camara-e-senado-tem-ate-5-dias-para-se-manifestar-sobre-acao-do-psol-pela-descriminalizacao-do-aborto\/#breadcrumb\"},\"inLanguage\":\"pt-BR\",\"potentialAction\":[{\"@type\":\"ReadAction\",\"target\":[\"https:\/\/psol50.org.br\/temer-camara-e-senado-tem-ate-5-dias-para-se-manifestar-sobre-acao-do-psol-pela-descriminalizacao-do-aborto\/\"]}]},{\"@type\":\"ImageObject\",\"inLanguage\":\"pt-BR\",\"@id\":\"https:\/\/psol50.org.br\/temer-camara-e-senado-tem-ate-5-dias-para-se-manifestar-sobre-acao-do-psol-pela-descriminalizacao-do-aborto\/#primaryimage\",\"url\":\"\",\"contentUrl\":\"\"},{\"@type\":\"BreadcrumbList\",\"@id\":\"https:\/\/psol50.org.br\/temer-camara-e-senado-tem-ate-5-dias-para-se-manifestar-sobre-acao-do-psol-pela-descriminalizacao-do-aborto\/#breadcrumb\",\"itemListElement\":[{\"@type\":\"ListItem\",\"position\":1,\"name\":\"In\u00edcio\",\"item\":\"https:\/\/psol50.org.br\/\"},{\"@type\":\"ListItem\",\"position\":2,\"name\":\"Temer, C\u00e2mara e Senado t\u00eam at\u00e9 5 dias para se manifestar sobre a\u00e7\u00e3o do PSOL pela descriminaliza\u00e7\u00e3o do aborto\"}]},{\"@type\":\"WebSite\",\"@id\":\"https:\/\/psol50.org.br\/#website\",\"url\":\"https:\/\/psol50.org.br\/\",\"name\":\"PSOL 50\",\"description\":\"Site oficial do Partido Socialismo e Liberdade\",\"publisher\":{\"@id\":\"https:\/\/psol50.org.br\/#organization\"},\"alternateName\":\"PSOL50\",\"potentialAction\":[{\"@type\":\"SearchAction\",\"target\":{\"@type\":\"EntryPoint\",\"urlTemplate\":\"https:\/\/psol50.org.br\/?s={search_term_string}\"},\"query-input\":{\"@type\":\"PropertyValueSpecification\",\"valueRequired\":true,\"valueName\":\"search_term_string\"}}],\"inLanguage\":\"pt-BR\"},{\"@type\":\"Organization\",\"@id\":\"https:\/\/psol50.org.br\/#organization\",\"name\":\"PSOL 50\",\"alternateName\":\"PSOL 50\",\"url\":\"https:\/\/psol50.org.br\/\",\"logo\":{\"@type\":\"ImageObject\",\"inLanguage\":\"pt-BR\",\"@id\":\"https:\/\/psol50.org.br\/#\/schema\/logo\/image\/\",\"url\":\"https:\/\/psol50.org.br\/inc\/uploads\/2018\/07\/capa.png\",\"contentUrl\":\"https:\/\/psol50.org.br\/inc\/uploads\/2018\/07\/capa.png\",\"width\":1350,\"height\":900,\"caption\":\"PSOL 50\"},\"image\":{\"@id\":\"https:\/\/psol50.org.br\/#\/schema\/logo\/image\/\"},\"sameAs\":[\"https:\/\/www.facebook.com\/psol50\",\"https:\/\/x.com\/psol50\",\"https:\/\/www.instagram.com\/psol50\/\",\"https:\/\/www.youtube.com\/channel\/UC7SnJS5o1os7a6CaiNabzcg\"]},{\"@type\":\"Person\",\"@id\":\"https:\/\/psol50.org.br\/#\/schema\/person\/475dfa57d0b815993c714c2e96491fcd\",\"name\":\"Comunica\u00e7\u00e3o PSOL\",\"image\":{\"@type\":\"ImageObject\",\"inLanguage\":\"pt-BR\",\"@id\":\"https:\/\/psol50.org.br\/#\/schema\/person\/image\/\",\"url\":\"https:\/\/secure.gravatar.com\/avatar\/b34fc4f4e468a4e51785917065a3db57b841f5c95dba6ad8c73aaf8f66f8f9bf?s=96&d=mm&r=g\",\"contentUrl\":\"https:\/\/secure.gravatar.com\/avatar\/b34fc4f4e468a4e51785917065a3db57b841f5c95dba6ad8c73aaf8f66f8f9bf?s=96&d=mm&r=g\",\"caption\":\"Comunica\u00e7\u00e3o PSOL\"}}]}<\/script>\n<!-- \/ Yoast SEO plugin. -->","yoast_head_json":{"title":"Temer, C\u00e2mara e Senado t\u00eam at\u00e9 5 dias para se manifestar sobre a\u00e7\u00e3o do PSOL pela descriminaliza\u00e7\u00e3o do aborto - PSOL 50","robots":{"index":"index","follow":"follow","max-snippet":"max-snippet:-1","max-image-preview":"max-image-preview:large","max-video-preview":"max-video-preview:-1"},"canonical":"https:\/\/psol50.org.br\/temer-camara-e-senado-tem-ate-5-dias-para-se-manifestar-sobre-acao-do-psol-pela-descriminalizacao-do-aborto\/","og_locale":"pt_BR","og_type":"article","og_title":"Temer, C\u00e2mara e Senado t\u00eam at\u00e9 5 dias para se manifestar sobre a\u00e7\u00e3o do PSOL pela descriminaliza\u00e7\u00e3o do aborto - PSOL 50","og_description":"A ministra do STF Rosa Weber, relatora da a\u00e7\u00e3o do PSOL pela descriminaliza\u00e7\u00e3o do aborto at\u00e9 a 12\u00aa semana de gravidez, deu 5 dias para que o presidente Michel Temer, a C\u00e2mara dos Deputados e o Senado se manifestem sobre o tema. Ap\u00f3s a manifesta\u00e7\u00e3o do Executivo e do Legislativo, a ministra ainda vai pedir [&hellip;]","og_url":"https:\/\/psol50.org.br\/temer-camara-e-senado-tem-ate-5-dias-para-se-manifestar-sobre-acao-do-psol-pela-descriminalizacao-do-aborto\/","og_site_name":"PSOL 50","article_publisher":"https:\/\/www.facebook.com\/psol50","article_published_time":"2017-03-28T16:15:47+00:00","og_image":[{"width":1350,"height":900,"url":"https:\/\/psol50.org.br\/inc\/uploads\/2018\/07\/capa.png","type":"image\/png"}],"author":"Comunica\u00e7\u00e3o PSOL","twitter_card":"summary_large_image","twitter_creator":"@psol50","twitter_site":"@psol50","twitter_misc":{"Escrito por":"Comunica\u00e7\u00e3o PSOL","Est. tempo de leitura":"2 minutos"},"schema":{"@context":"https:\/\/schema.org","@graph":[{"@type":"Article","@id":"https:\/\/psol50.org.br\/temer-camara-e-senado-tem-ate-5-dias-para-se-manifestar-sobre-acao-do-psol-pela-descriminalizacao-do-aborto\/#article","isPartOf":{"@id":"https:\/\/psol50.org.br\/temer-camara-e-senado-tem-ate-5-dias-para-se-manifestar-sobre-acao-do-psol-pela-descriminalizacao-do-aborto\/"},"author":{"name":"Comunica\u00e7\u00e3o PSOL","@id":"https:\/\/psol50.org.br\/#\/schema\/person\/475dfa57d0b815993c714c2e96491fcd"},"headline":"Temer, C\u00e2mara e Senado t\u00eam at\u00e9 5 dias para se manifestar sobre a\u00e7\u00e3o do PSOL pela descriminaliza\u00e7\u00e3o do aborto","datePublished":"2017-03-28T16:15:47+00:00","mainEntityOfPage":{"@id":"https:\/\/psol50.org.br\/temer-camara-e-senado-tem-ate-5-dias-para-se-manifestar-sobre-acao-do-psol-pela-descriminalizacao-do-aborto\/"},"wordCount":322,"commentCount":0,"publisher":{"@id":"https:\/\/psol50.org.br\/#organization"},"image":{"@id":"https:\/\/psol50.org.br\/temer-camara-e-senado-tem-ate-5-dias-para-se-manifestar-sobre-acao-do-psol-pela-descriminalizacao-do-aborto\/#primaryimage"},"thumbnailUrl":"","keywords":["aborto","Anis","PSOL","Rosa Weber","STF"],"articleSection":["Brasil","Not\u00edcias"],"inLanguage":"pt-BR","potentialAction":[{"@type":"CommentAction","name":"Comment","target":["https:\/\/psol50.org.br\/temer-camara-e-senado-tem-ate-5-dias-para-se-manifestar-sobre-acao-do-psol-pela-descriminalizacao-do-aborto\/#respond"]}]},{"@type":"WebPage","@id":"https:\/\/psol50.org.br\/temer-camara-e-senado-tem-ate-5-dias-para-se-manifestar-sobre-acao-do-psol-pela-descriminalizacao-do-aborto\/","url":"https:\/\/psol50.org.br\/temer-camara-e-senado-tem-ate-5-dias-para-se-manifestar-sobre-acao-do-psol-pela-descriminalizacao-do-aborto\/","name":"Temer, C\u00e2mara e Senado t\u00eam at\u00e9 5 dias para se manifestar sobre a\u00e7\u00e3o do PSOL pela descriminaliza\u00e7\u00e3o do aborto - PSOL 50","isPartOf":{"@id":"https:\/\/psol50.org.br\/#website"},"primaryImageOfPage":{"@id":"https:\/\/psol50.org.br\/temer-camara-e-senado-tem-ate-5-dias-para-se-manifestar-sobre-acao-do-psol-pela-descriminalizacao-do-aborto\/#primaryimage"},"image":{"@id":"https:\/\/psol50.org.br\/temer-camara-e-senado-tem-ate-5-dias-para-se-manifestar-sobre-acao-do-psol-pela-descriminalizacao-do-aborto\/#primaryimage"},"thumbnailUrl":"","datePublished":"2017-03-28T16:15:47+00:00","breadcrumb":{"@id":"https:\/\/psol50.org.br\/temer-camara-e-senado-tem-ate-5-dias-para-se-manifestar-sobre-acao-do-psol-pela-descriminalizacao-do-aborto\/#breadcrumb"},"inLanguage":"pt-BR","potentialAction":[{"@type":"ReadAction","target":["https:\/\/psol50.org.br\/temer-camara-e-senado-tem-ate-5-dias-para-se-manifestar-sobre-acao-do-psol-pela-descriminalizacao-do-aborto\/"]}]},{"@type":"ImageObject","inLanguage":"pt-BR","@id":"https:\/\/psol50.org.br\/temer-camara-e-senado-tem-ate-5-dias-para-se-manifestar-sobre-acao-do-psol-pela-descriminalizacao-do-aborto\/#primaryimage","url":"","contentUrl":""},{"@type":"BreadcrumbList","@id":"https:\/\/psol50.org.br\/temer-camara-e-senado-tem-ate-5-dias-para-se-manifestar-sobre-acao-do-psol-pela-descriminalizacao-do-aborto\/#breadcrumb","itemListElement":[{"@type":"ListItem","position":1,"name":"In\u00edcio","item":"https:\/\/psol50.org.br\/"},{"@type":"ListItem","position":2,"name":"Temer, C\u00e2mara e Senado t\u00eam at\u00e9 5 dias para se manifestar sobre a\u00e7\u00e3o do PSOL pela descriminaliza\u00e7\u00e3o do aborto"}]},{"@type":"WebSite","@id":"https:\/\/psol50.org.br\/#website","url":"https:\/\/psol50.org.br\/","name":"PSOL 50","description":"Site oficial do Partido Socialismo e Liberdade","publisher":{"@id":"https:\/\/psol50.org.br\/#organization"},"alternateName":"PSOL50","potentialAction":[{"@type":"SearchAction","target":{"@type":"EntryPoint","urlTemplate":"https:\/\/psol50.org.br\/?s={search_term_string}"},"query-input":{"@type":"PropertyValueSpecification","valueRequired":true,"valueName":"search_term_string"}}],"inLanguage":"pt-BR"},{"@type":"Organization","@id":"https:\/\/psol50.org.br\/#organization","name":"PSOL 50","alternateName":"PSOL 50","url":"https:\/\/psol50.org.br\/","logo":{"@type":"ImageObject","inLanguage":"pt-BR","@id":"https:\/\/psol50.org.br\/#\/schema\/logo\/image\/","url":"https:\/\/psol50.org.br\/inc\/uploads\/2018\/07\/capa.png","contentUrl":"https:\/\/psol50.org.br\/inc\/uploads\/2018\/07\/capa.png","width":1350,"height":900,"caption":"PSOL 50"},"image":{"@id":"https:\/\/psol50.org.br\/#\/schema\/logo\/image\/"},"sameAs":["https:\/\/www.facebook.com\/psol50","https:\/\/x.com\/psol50","https:\/\/www.instagram.com\/psol50\/","https:\/\/www.youtube.com\/channel\/UC7SnJS5o1os7a6CaiNabzcg"]},{"@type":"Person","@id":"https:\/\/psol50.org.br\/#\/schema\/person\/475dfa57d0b815993c714c2e96491fcd","name":"Comunica\u00e7\u00e3o PSOL","image":{"@type":"ImageObject","inLanguage":"pt-BR","@id":"https:\/\/psol50.org.br\/#\/schema\/person\/image\/","url":"https:\/\/secure.gravatar.com\/avatar\/b34fc4f4e468a4e51785917065a3db57b841f5c95dba6ad8c73aaf8f66f8f9bf?s=96&d=mm&r=g","contentUrl":"https:\/\/secure.gravatar.com\/avatar\/b34fc4f4e468a4e51785917065a3db57b841f5c95dba6ad8c73aaf8f66f8f9bf?s=96&d=mm&r=g","caption":"Comunica\u00e7\u00e3o PSOL"}}]}},"_links":{"self":[{"href":"https:\/\/psol50.org.br\/rest\/wp\/v2\/posts\/15746","targetHints":{"allow":["GET"]}}],"collection":[{"href":"https:\/\/psol50.org.br\/rest\/wp\/v2\/posts"}],"about":[{"href":"https:\/\/psol50.org.br\/rest\/wp\/v2\/types\/post"}],"author":[{"embeddable":true,"href":"https:\/\/psol50.org.br\/rest\/wp\/v2\/users\/2"}],"replies":[{"embeddable":true,"href":"https:\/\/psol50.org.br\/rest\/wp\/v2\/comments?post=15746"}],"version-history":[{"count":0,"href":"https:\/\/psol50.org.br\/rest\/wp\/v2\/posts\/15746\/revisions"}],"wp:featuredmedia":[{"embeddable":true,"href":"https:\/\/psol50.org.br\/rest\/"}],"wp:attachment":[{"href":"https:\/\/psol50.org.br\/rest\/wp\/v2\/media?parent=15746"}],"wp:term":[{"taxonomy":"category","embeddable":true,"href":"https:\/\/psol50.org.br\/rest\/wp\/v2\/categories?post=15746"},{"taxonomy":"post_tag","embeddable":true,"href":"https:\/\/psol50.org.br\/rest\/wp\/v2\/tags?post=15746"}],"curies":[{"name":"wp","href":"https:\/\/api.w.org\/{rel}","templated":true}]}}