{"id":15750,"date":"2017-03-28T16:55:13","date_gmt":"2017-03-28T16:55:13","guid":{"rendered":"http:\/\/www.psol50.org.br\/?p=15750"},"modified":"2017-03-28T16:55:13","modified_gmt":"2017-03-28T16:55:13","slug":"nadador-e-campeao-paralimpico-clodoaldo-silva-se-filia-ao-psol","status":"publish","type":"post","link":"https:\/\/psol50.org.br\/nadador-e-campeao-paralimpico-clodoaldo-silva-se-filia-ao-psol\/","title":{"rendered":"Nadador e campe\u00e3o paral\u00edmpico, Clodoaldo Silva se filia ao PSOL"},"content":{"rendered":"<p>O nadador Clodoaldo Silva, dono de 13 medalhas ol\u00edmpicas e 19 pan-americanas de nata\u00e7\u00e3o, entrou para as fileiras do PSOL nesta segunda-feira (27\/03) &#8211; acompanhando a tamb\u00e9m nadadora <span style=\"color: #3366ff;\"><strong><a style=\"color: #3366ff;\" href=\"http:\/\/www.psol50.org.br\/blog\/2017\/02\/20\/psol-ganha-importante-reforco-com-filiacao-de-joanna-maranhao\/\" target=\"_blank\" rel=\"noopener\">Joanna Maranh\u00e3o, que se filiou recentemente<\/a><\/strong><\/span>.<\/p>\n<p>Clodoaldo\u00a0conquistou seis medalhas de ouro na Paralimp\u00edada de Atenas, em 2004, tendo sido considerado em 2005 o melhor atleta paral\u00edmpico do mundo. Al\u00e9m disso, das 19 medalhas obtidas nas suas tr\u00eas participa\u00e7\u00f5es em jogos Parapan-Americanos, foram 13 de ouro conquistadas.<\/p>\n<p>Bem-vindo, Clodoaldo!<\/p>\n<p>Sua entrada no PSOL foi recebida por Marcelo Freixo no gabinete do deputado, no Rio de Janeiro. Assista:<\/p>\n<p>&nbsp;<\/p>\n<blockquote class=\"instagram-media\" style=\"background: #FFF; border: 0; border-radius: 3px; box-shadow: 0 0 1px 0 rgba(0,0,0,0.5),0 1px 10px 0 rgba(0,0,0,0.15); margin: 1px; max-width: 658px; padding: 0; width: calc(100% - 2px);\" data-instgrm-version=\"7\">\n<div style=\"padding: 8px;\">\n<div style=\"background: #F8F8F8; line-height: 0; margin-top: 40px; padding: 27.98611111111111% 0; text-align: center; width: 100%;\"><\/div>\n<p style=\"color: #c9c8cd; font-family: Arial,sans-serif; font-size: 14px; line-height: 17px; margin-bottom: 0; margin-top: 8px; overflow: hidden; padding: 8px 0 7px; text-align: center; text-overflow: ellipsis; white-space: nowrap;\"><a style=\"color: #c9c8cd; font-family: Arial,sans-serif; font-size: 14px; font-style: normal; font-weight: normal; line-height: 17px; text-decoration: none;\" href=\"https:\/\/www.instagram.com\/p\/BSKAwF5Aj7_\/\" target=\"_blank\" rel=\"noopener\">Uma publica\u00e7\u00e3o compartilhada por Marcelo Freixo (@marcelofreixo)<\/a> em <time style=\"font-family: Arial,sans-serif; font-size: 14px; line-height: 17px;\" datetime=\"2017-03-27T21:20:19+00:00\">Mar 27, 2017 \u00e0s 2:20 PDT<\/time><\/p>\n<\/div>\n<\/blockquote>\n<p><script async defer src=\"\/\/platform.instagram.com\/en_US\/embeds.js\"><\/script><\/p>\n","protected":false},"excerpt":{"rendered":"<p>O nadador Clodoaldo Silva, dono de 13 medalhas ol\u00edmpicas e 19 pan-americanas de nata\u00e7\u00e3o, entrou para as fileiras do PSOL nesta segunda-feira (27\/03) &#8211; acompanhando a tamb\u00e9m nadadora Joanna Maranh\u00e3o, que se filiou recentemente. Clodoaldo\u00a0conquistou seis medalhas de ouro na Paralimp\u00edada de Atenas, em 2004, tendo sido considerado em 2005 o melhor atleta paral\u00edmpico do [&hellip;]<\/p>\n","protected":false},"author":2,"featured_media":15751,"comment_status":"open","ping_status":"open","sticky":false,"template":"","format":"standard","meta":{"_acf_changed":false,"footnotes":""},"categories":[1882,6,14],"tags":[3003,2932,161,22],"class_list":{"0":"post-15750","1":"post","2":"type-post","3":"status-publish","4":"format-standard","5":"has-post-thumbnail","7":"category-brasil","8":"category-noticias","9":"category-partido","10":"tag-clodoaldo-silva","11":"tag-joanna-maranhao","12":"tag-marcelo-freixo","13":"tag-psol"},"acf":[],"yoast_head":"<!-- This site is optimized with the Yoast SEO plugin v26.5 - https:\/\/yoast.com\/wordpress\/plugins\/seo\/ -->\n<title>Nadador e campe\u00e3o paral\u00edmpico, Clodoaldo Silva se filia ao PSOL - PSOL 50<\/title>\n<meta name=\"robots\" content=\"index, follow, max-snippet:-1, max-image-preview:large, max-video-preview:-1\" \/>\n<link rel=\"canonical\" href=\"https:\/\/psol50.org.br\/nadador-e-campeao-paralimpico-clodoaldo-silva-se-filia-ao-psol\/\" \/>\n<meta property=\"og:locale\" content=\"pt_BR\" \/>\n<meta property=\"og:type\" content=\"article\" \/>\n<meta property=\"og:title\" content=\"Nadador e campe\u00e3o paral\u00edmpico, Clodoaldo Silva se filia ao PSOL - PSOL 50\" \/>\n<meta property=\"og:description\" content=\"O nadador Clodoaldo Silva, dono de 13 medalhas ol\u00edmpicas e 19 pan-americanas de nata\u00e7\u00e3o, entrou para as fileiras do PSOL nesta segunda-feira (27\/03) &#8211; acompanhando a tamb\u00e9m nadadora Joanna Maranh\u00e3o, que se filiou recentemente. Clodoaldo\u00a0conquistou seis medalhas de ouro na Paralimp\u00edada de Atenas, em 2004, tendo sido considerado em 2005 o melhor atleta paral\u00edmpico do [&hellip;]\" \/>\n<meta property=\"og:url\" content=\"https:\/\/psol50.org.br\/nadador-e-campeao-paralimpico-clodoaldo-silva-se-filia-ao-psol\/\" \/>\n<meta property=\"og:site_name\" content=\"PSOL 50\" \/>\n<meta property=\"article:publisher\" content=\"https:\/\/www.facebook.com\/psol50\" \/>\n<meta property=\"article:published_time\" content=\"2017-03-28T16:55:13+00:00\" \/>\n<meta property=\"og:image\" content=\"https:\/\/psol50.org.br\/inc\/uploads\/2018\/07\/capa.png\" \/>\n\t<meta property=\"og:image:width\" content=\"1350\" \/>\n\t<meta property=\"og:image:height\" content=\"900\" \/>\n\t<meta property=\"og:image:type\" content=\"image\/png\" \/>\n<meta name=\"author\" content=\"Comunica\u00e7\u00e3o PSOL\" \/>\n<meta name=\"twitter:card\" content=\"summary_large_image\" \/>\n<meta name=\"twitter:creator\" content=\"@psol50\" \/>\n<meta name=\"twitter:site\" content=\"@psol50\" \/>\n<meta name=\"twitter:label1\" content=\"Escrito por\" \/>\n\t<meta name=\"twitter:data1\" content=\"Comunica\u00e7\u00e3o PSOL\" \/>\n\t<meta name=\"twitter:label2\" content=\"Est. tempo de leitura\" \/>\n\t<meta name=\"twitter:data2\" content=\"1 minuto\" \/>\n<script type=\"application\/ld+json\" class=\"yoast-schema-graph\">{\"@context\":\"https:\/\/schema.org\",\"@graph\":[{\"@type\":\"Article\",\"@id\":\"https:\/\/psol50.org.br\/nadador-e-campeao-paralimpico-clodoaldo-silva-se-filia-ao-psol\/#article\",\"isPartOf\":{\"@id\":\"https:\/\/psol50.org.br\/nadador-e-campeao-paralimpico-clodoaldo-silva-se-filia-ao-psol\/\"},\"author\":{\"name\":\"Comunica\u00e7\u00e3o PSOL\",\"@id\":\"https:\/\/psol50.org.br\/#\/schema\/person\/475dfa57d0b815993c714c2e96491fcd\"},\"headline\":\"Nadador e campe\u00e3o paral\u00edmpico, Clodoaldo Silva se filia ao PSOL\",\"datePublished\":\"2017-03-28T16:55:13+00:00\",\"mainEntityOfPage\":{\"@id\":\"https:\/\/psol50.org.br\/nadador-e-campeao-paralimpico-clodoaldo-silva-se-filia-ao-psol\/\"},\"wordCount\":122,\"commentCount\":0,\"publisher\":{\"@id\":\"https:\/\/psol50.org.br\/#organization\"},\"image\":{\"@id\":\"https:\/\/psol50.org.br\/nadador-e-campeao-paralimpico-clodoaldo-silva-se-filia-ao-psol\/#primaryimage\"},\"thumbnailUrl\":\"\",\"keywords\":[\"Clodoaldo Silva\",\"Joanna Maranh\u00e3o\",\"Marcelo Freixo\",\"PSOL\"],\"articleSection\":[\"Brasil\",\"Not\u00edcias\",\"Partido\"],\"inLanguage\":\"pt-BR\",\"potentialAction\":[{\"@type\":\"CommentAction\",\"name\":\"Comment\",\"target\":[\"https:\/\/psol50.org.br\/nadador-e-campeao-paralimpico-clodoaldo-silva-se-filia-ao-psol\/#respond\"]}]},{\"@type\":\"WebPage\",\"@id\":\"https:\/\/psol50.org.br\/nadador-e-campeao-paralimpico-clodoaldo-silva-se-filia-ao-psol\/\",\"url\":\"https:\/\/psol50.org.br\/nadador-e-campeao-paralimpico-clodoaldo-silva-se-filia-ao-psol\/\",\"name\":\"Nadador e campe\u00e3o paral\u00edmpico, Clodoaldo Silva se filia ao PSOL - PSOL 50\",\"isPartOf\":{\"@id\":\"https:\/\/psol50.org.br\/#website\"},\"primaryImageOfPage\":{\"@id\":\"https:\/\/psol50.org.br\/nadador-e-campeao-paralimpico-clodoaldo-silva-se-filia-ao-psol\/#primaryimage\"},\"image\":{\"@id\":\"https:\/\/psol50.org.br\/nadador-e-campeao-paralimpico-clodoaldo-silva-se-filia-ao-psol\/#primaryimage\"},\"thumbnailUrl\":\"\",\"datePublished\":\"2017-03-28T16:55:13+00:00\",\"breadcrumb\":{\"@id\":\"https:\/\/psol50.org.br\/nadador-e-campeao-paralimpico-clodoaldo-silva-se-filia-ao-psol\/#breadcrumb\"},\"inLanguage\":\"pt-BR\",\"potentialAction\":[{\"@type\":\"ReadAction\",\"target\":[\"https:\/\/psol50.org.br\/nadador-e-campeao-paralimpico-clodoaldo-silva-se-filia-ao-psol\/\"]}]},{\"@type\":\"ImageObject\",\"inLanguage\":\"pt-BR\",\"@id\":\"https:\/\/psol50.org.br\/nadador-e-campeao-paralimpico-clodoaldo-silva-se-filia-ao-psol\/#primaryimage\",\"url\":\"\",\"contentUrl\":\"\"},{\"@type\":\"BreadcrumbList\",\"@id\":\"https:\/\/psol50.org.br\/nadador-e-campeao-paralimpico-clodoaldo-silva-se-filia-ao-psol\/#breadcrumb\",\"itemListElement\":[{\"@type\":\"ListItem\",\"position\":1,\"name\":\"In\u00edcio\",\"item\":\"https:\/\/psol50.org.br\/\"},{\"@type\":\"ListItem\",\"position\":2,\"name\":\"Nadador e campe\u00e3o paral\u00edmpico, Clodoaldo Silva se filia ao PSOL\"}]},{\"@type\":\"WebSite\",\"@id\":\"https:\/\/psol50.org.br\/#website\",\"url\":\"https:\/\/psol50.org.br\/\",\"name\":\"PSOL 50\",\"description\":\"Site oficial do Partido Socialismo e Liberdade\",\"publisher\":{\"@id\":\"https:\/\/psol50.org.br\/#organization\"},\"alternateName\":\"PSOL50\",\"potentialAction\":[{\"@type\":\"SearchAction\",\"target\":{\"@type\":\"EntryPoint\",\"urlTemplate\":\"https:\/\/psol50.org.br\/?s={search_term_string}\"},\"query-input\":{\"@type\":\"PropertyValueSpecification\",\"valueRequired\":true,\"valueName\":\"search_term_string\"}}],\"inLanguage\":\"pt-BR\"},{\"@type\":\"Organization\",\"@id\":\"https:\/\/psol50.org.br\/#organization\",\"name\":\"PSOL 50\",\"alternateName\":\"PSOL 50\",\"url\":\"https:\/\/psol50.org.br\/\",\"logo\":{\"@type\":\"ImageObject\",\"inLanguage\":\"pt-BR\",\"@id\":\"https:\/\/psol50.org.br\/#\/schema\/logo\/image\/\",\"url\":\"https:\/\/psol50.org.br\/inc\/uploads\/2018\/07\/capa.png\",\"contentUrl\":\"https:\/\/psol50.org.br\/inc\/uploads\/2018\/07\/capa.png\",\"width\":1350,\"height\":900,\"caption\":\"PSOL 50\"},\"image\":{\"@id\":\"https:\/\/psol50.org.br\/#\/schema\/logo\/image\/\"},\"sameAs\":[\"https:\/\/www.facebook.com\/psol50\",\"https:\/\/x.com\/psol50\",\"https:\/\/www.instagram.com\/psol50\/\",\"https:\/\/www.youtube.com\/channel\/UC7SnJS5o1os7a6CaiNabzcg\"]},{\"@type\":\"Person\",\"@id\":\"https:\/\/psol50.org.br\/#\/schema\/person\/475dfa57d0b815993c714c2e96491fcd\",\"name\":\"Comunica\u00e7\u00e3o PSOL\",\"image\":{\"@type\":\"ImageObject\",\"inLanguage\":\"pt-BR\",\"@id\":\"https:\/\/psol50.org.br\/#\/schema\/person\/image\/\",\"url\":\"https:\/\/secure.gravatar.com\/avatar\/b34fc4f4e468a4e51785917065a3db57b841f5c95dba6ad8c73aaf8f66f8f9bf?s=96&d=mm&r=g\",\"contentUrl\":\"https:\/\/secure.gravatar.com\/avatar\/b34fc4f4e468a4e51785917065a3db57b841f5c95dba6ad8c73aaf8f66f8f9bf?s=96&d=mm&r=g\",\"caption\":\"Comunica\u00e7\u00e3o PSOL\"}}]}<\/script>\n<!-- \/ Yoast SEO plugin. -->","yoast_head_json":{"title":"Nadador e campe\u00e3o paral\u00edmpico, Clodoaldo Silva se filia ao PSOL - PSOL 50","robots":{"index":"index","follow":"follow","max-snippet":"max-snippet:-1","max-image-preview":"max-image-preview:large","max-video-preview":"max-video-preview:-1"},"canonical":"https:\/\/psol50.org.br\/nadador-e-campeao-paralimpico-clodoaldo-silva-se-filia-ao-psol\/","og_locale":"pt_BR","og_type":"article","og_title":"Nadador e campe\u00e3o paral\u00edmpico, Clodoaldo Silva se filia ao PSOL - PSOL 50","og_description":"O nadador Clodoaldo Silva, dono de 13 medalhas ol\u00edmpicas e 19 pan-americanas de nata\u00e7\u00e3o, entrou para as fileiras do PSOL nesta segunda-feira (27\/03) &#8211; acompanhando a tamb\u00e9m nadadora Joanna Maranh\u00e3o, que se filiou recentemente. Clodoaldo\u00a0conquistou seis medalhas de ouro na Paralimp\u00edada de Atenas, em 2004, tendo sido considerado em 2005 o melhor atleta paral\u00edmpico do [&hellip;]","og_url":"https:\/\/psol50.org.br\/nadador-e-campeao-paralimpico-clodoaldo-silva-se-filia-ao-psol\/","og_site_name":"PSOL 50","article_publisher":"https:\/\/www.facebook.com\/psol50","article_published_time":"2017-03-28T16:55:13+00:00","og_image":[{"width":1350,"height":900,"url":"https:\/\/psol50.org.br\/inc\/uploads\/2018\/07\/capa.png","type":"image\/png"}],"author":"Comunica\u00e7\u00e3o PSOL","twitter_card":"summary_large_image","twitter_creator":"@psol50","twitter_site":"@psol50","twitter_misc":{"Escrito por":"Comunica\u00e7\u00e3o PSOL","Est. tempo de leitura":"1 minuto"},"schema":{"@context":"https:\/\/schema.org","@graph":[{"@type":"Article","@id":"https:\/\/psol50.org.br\/nadador-e-campeao-paralimpico-clodoaldo-silva-se-filia-ao-psol\/#article","isPartOf":{"@id":"https:\/\/psol50.org.br\/nadador-e-campeao-paralimpico-clodoaldo-silva-se-filia-ao-psol\/"},"author":{"name":"Comunica\u00e7\u00e3o PSOL","@id":"https:\/\/psol50.org.br\/#\/schema\/person\/475dfa57d0b815993c714c2e96491fcd"},"headline":"Nadador e campe\u00e3o paral\u00edmpico, Clodoaldo Silva se filia ao PSOL","datePublished":"2017-03-28T16:55:13+00:00","mainEntityOfPage":{"@id":"https:\/\/psol50.org.br\/nadador-e-campeao-paralimpico-clodoaldo-silva-se-filia-ao-psol\/"},"wordCount":122,"commentCount":0,"publisher":{"@id":"https:\/\/psol50.org.br\/#organization"},"image":{"@id":"https:\/\/psol50.org.br\/nadador-e-campeao-paralimpico-clodoaldo-silva-se-filia-ao-psol\/#primaryimage"},"thumbnailUrl":"","keywords":["Clodoaldo Silva","Joanna Maranh\u00e3o","Marcelo Freixo","PSOL"],"articleSection":["Brasil","Not\u00edcias","Partido"],"inLanguage":"pt-BR","potentialAction":[{"@type":"CommentAction","name":"Comment","target":["https:\/\/psol50.org.br\/nadador-e-campeao-paralimpico-clodoaldo-silva-se-filia-ao-psol\/#respond"]}]},{"@type":"WebPage","@id":"https:\/\/psol50.org.br\/nadador-e-campeao-paralimpico-clodoaldo-silva-se-filia-ao-psol\/","url":"https:\/\/psol50.org.br\/nadador-e-campeao-paralimpico-clodoaldo-silva-se-filia-ao-psol\/","name":"Nadador e campe\u00e3o paral\u00edmpico, Clodoaldo Silva se filia ao PSOL - PSOL 50","isPartOf":{"@id":"https:\/\/psol50.org.br\/#website"},"primaryImageOfPage":{"@id":"https:\/\/psol50.org.br\/nadador-e-campeao-paralimpico-clodoaldo-silva-se-filia-ao-psol\/#primaryimage"},"image":{"@id":"https:\/\/psol50.org.br\/nadador-e-campeao-paralimpico-clodoaldo-silva-se-filia-ao-psol\/#primaryimage"},"thumbnailUrl":"","datePublished":"2017-03-28T16:55:13+00:00","breadcrumb":{"@id":"https:\/\/psol50.org.br\/nadador-e-campeao-paralimpico-clodoaldo-silva-se-filia-ao-psol\/#breadcrumb"},"inLanguage":"pt-BR","potentialAction":[{"@type":"ReadAction","target":["https:\/\/psol50.org.br\/nadador-e-campeao-paralimpico-clodoaldo-silva-se-filia-ao-psol\/"]}]},{"@type":"ImageObject","inLanguage":"pt-BR","@id":"https:\/\/psol50.org.br\/nadador-e-campeao-paralimpico-clodoaldo-silva-se-filia-ao-psol\/#primaryimage","url":"","contentUrl":""},{"@type":"BreadcrumbList","@id":"https:\/\/psol50.org.br\/nadador-e-campeao-paralimpico-clodoaldo-silva-se-filia-ao-psol\/#breadcrumb","itemListElement":[{"@type":"ListItem","position":1,"name":"In\u00edcio","item":"https:\/\/psol50.org.br\/"},{"@type":"ListItem","position":2,"name":"Nadador e campe\u00e3o paral\u00edmpico, Clodoaldo Silva se filia ao PSOL"}]},{"@type":"WebSite","@id":"https:\/\/psol50.org.br\/#website","url":"https:\/\/psol50.org.br\/","name":"PSOL 50","description":"Site oficial do Partido Socialismo e Liberdade","publisher":{"@id":"https:\/\/psol50.org.br\/#organization"},"alternateName":"PSOL50","potentialAction":[{"@type":"SearchAction","target":{"@type":"EntryPoint","urlTemplate":"https:\/\/psol50.org.br\/?s={search_term_string}"},"query-input":{"@type":"PropertyValueSpecification","valueRequired":true,"valueName":"search_term_string"}}],"inLanguage":"pt-BR"},{"@type":"Organization","@id":"https:\/\/psol50.org.br\/#organization","name":"PSOL 50","alternateName":"PSOL 50","url":"https:\/\/psol50.org.br\/","logo":{"@type":"ImageObject","inLanguage":"pt-BR","@id":"https:\/\/psol50.org.br\/#\/schema\/logo\/image\/","url":"https:\/\/psol50.org.br\/inc\/uploads\/2018\/07\/capa.png","contentUrl":"https:\/\/psol50.org.br\/inc\/uploads\/2018\/07\/capa.png","width":1350,"height":900,"caption":"PSOL 50"},"image":{"@id":"https:\/\/psol50.org.br\/#\/schema\/logo\/image\/"},"sameAs":["https:\/\/www.facebook.com\/psol50","https:\/\/x.com\/psol50","https:\/\/www.instagram.com\/psol50\/","https:\/\/www.youtube.com\/channel\/UC7SnJS5o1os7a6CaiNabzcg"]},{"@type":"Person","@id":"https:\/\/psol50.org.br\/#\/schema\/person\/475dfa57d0b815993c714c2e96491fcd","name":"Comunica\u00e7\u00e3o PSOL","image":{"@type":"ImageObject","inLanguage":"pt-BR","@id":"https:\/\/psol50.org.br\/#\/schema\/person\/image\/","url":"https:\/\/secure.gravatar.com\/avatar\/b34fc4f4e468a4e51785917065a3db57b841f5c95dba6ad8c73aaf8f66f8f9bf?s=96&d=mm&r=g","contentUrl":"https:\/\/secure.gravatar.com\/avatar\/b34fc4f4e468a4e51785917065a3db57b841f5c95dba6ad8c73aaf8f66f8f9bf?s=96&d=mm&r=g","caption":"Comunica\u00e7\u00e3o PSOL"}}]}},"_links":{"self":[{"href":"https:\/\/psol50.org.br\/rest\/wp\/v2\/posts\/15750","targetHints":{"allow":["GET"]}}],"collection":[{"href":"https:\/\/psol50.org.br\/rest\/wp\/v2\/posts"}],"about":[{"href":"https:\/\/psol50.org.br\/rest\/wp\/v2\/types\/post"}],"author":[{"embeddable":true,"href":"https:\/\/psol50.org.br\/rest\/wp\/v2\/users\/2"}],"replies":[{"embeddable":true,"href":"https:\/\/psol50.org.br\/rest\/wp\/v2\/comments?post=15750"}],"version-history":[{"count":0,"href":"https:\/\/psol50.org.br\/rest\/wp\/v2\/posts\/15750\/revisions"}],"wp:featuredmedia":[{"embeddable":true,"href":"https:\/\/psol50.org.br\/rest\/"}],"wp:attachment":[{"href":"https:\/\/psol50.org.br\/rest\/wp\/v2\/media?parent=15750"}],"wp:term":[{"taxonomy":"category","embeddable":true,"href":"https:\/\/psol50.org.br\/rest\/wp\/v2\/categories?post=15750"},{"taxonomy":"post_tag","embeddable":true,"href":"https:\/\/psol50.org.br\/rest\/wp\/v2\/tags?post=15750"}],"curies":[{"name":"wp","href":"https:\/\/api.w.org\/{rel}","templated":true}]}}