{"id":15757,"date":"2017-03-28T17:28:02","date_gmt":"2017-03-28T17:28:02","guid":{"rendered":"http:\/\/www.psol50.org.br\/?p=15757"},"modified":"2017-03-28T17:28:02","modified_gmt":"2017-03-28T17:28:02","slug":"em-porto-alegre-vereadora-do-psol-lanca-aplicativo-de-fiscalizacao-do-transporte-publico","status":"publish","type":"post","link":"https:\/\/psol50.org.br\/em-porto-alegre-vereadora-do-psol-lanca-aplicativo-de-fiscalizacao-do-transporte-publico\/","title":{"rendered":"Em Porto Alegre, vereadora do PSOL lan\u00e7a aplicativo de fiscaliza\u00e7\u00e3o do transporte p\u00fablico"},"content":{"rendered":"<p>A vereadora do PSOL em Porto Alegre (RS) Fernanda Melchionna lan\u00e7ou nesta segunda-feira (27\/03) um aplicativo para que a popula\u00e7\u00e3o da capital ga\u00facha possa fiscalizar a situa\u00e7\u00e3o do transporte p\u00fablico da cidade.<\/p>\n<p>Com o Fiscaliza Tu, os usu\u00e1rios de transporte coletivo podem\u00a0relatar situa\u00e7\u00f5es de atrasos, superlota\u00e7\u00e3o, ass\u00e9dio e tamb\u00e9m fatos positivos do sistema. Al\u00e9m disso, os trabalhadores do transporte tamb\u00e9m podem us\u00e1-lo para falar sobre suas condi\u00e7\u00f5es de trabalho.<\/p>\n<p>O aplicativo est\u00e1 dispon\u00edvel para smartphones Android e tamb\u00e9m no site de Fernanda. Acesse:\u00a0<span style=\"color: #3366ff;\"><strong><a style=\"color: #3366ff;\" href=\"http:\/\/fiscaliza.fernandapsol.com.br\/\" target=\"_blank\" rel=\"noopener\">fiscaliza.fernandapsol.com.br<\/a><\/strong><\/span><\/p>\n<p>Com o novo sistema de controle sobre a situa\u00e7\u00e3o do transporte, a expectativa \u00e9 que a fiscaliza\u00e7\u00e3o consiga atingir um n\u00edvel de profundidade que muitas vezes os vereadores n\u00e3o conseguem. Al\u00e9m disso, as informa\u00e7\u00f5es coletadas ir\u00e3o para um banco de dados, que vai auxiliar na formula\u00e7\u00e3o de propostas para a cidade.<\/p>\n<p>Ao jornal <em>Sul21<\/em>, a vereadora do PSOL afirmou que o objetivo \u00e9 ter fiscaliza\u00e7\u00e3o permanente para que se possa &#8220;lan\u00e7ar relat\u00f3rios e brigar no sentido da fiscaliza\u00e7\u00e3o, demonstrar com dados que o que a EPTC [Empresa P\u00fablica de Transporte e Circula\u00e7\u00e3o] est\u00e1 falando n\u00e3o \u00e9 verdade e, mais do que isso, cobrar da EPTC as multas que precisam ser aplicadas para as empresas privadas por descumprimento da tabela hor\u00e1ria\u201d<\/p>\n","protected":false},"excerpt":{"rendered":"<p>A vereadora do PSOL em Porto Alegre (RS) Fernanda Melchionna lan\u00e7ou nesta segunda-feira (27\/03) um aplicativo para que a popula\u00e7\u00e3o da capital ga\u00facha possa fiscalizar a situa\u00e7\u00e3o do transporte p\u00fablico da cidade. Com o Fiscaliza Tu, os usu\u00e1rios de transporte coletivo podem\u00a0relatar situa\u00e7\u00f5es de atrasos, superlota\u00e7\u00e3o, ass\u00e9dio e tamb\u00e9m fatos positivos do sistema. Al\u00e9m disso, [&hellip;]<\/p>\n","protected":false},"author":2,"featured_media":15760,"comment_status":"open","ping_status":"open","sticky":false,"template":"","format":"standard","meta":{"_acf_changed":false,"footnotes":""},"categories":[10,654,6],"tags":[506,296,748,1554],"class_list":{"0":"post-15757","1":"post","2":"type-post","3":"status-publish","4":"format-standard","5":"has-post-thumbnail","7":"category-acao-parlamentares","8":"category-estados","9":"category-noticias","10":"tag-aplicativo","11":"tag-fernanda-melchionna","12":"tag-porto-alegre","13":"tag-transporte-publico"},"acf":[],"yoast_head":"<!-- This site is optimized with the Yoast SEO plugin v26.5 - https:\/\/yoast.com\/wordpress\/plugins\/seo\/ -->\n<title>Em Porto Alegre, vereadora do PSOL lan\u00e7a aplicativo de fiscaliza\u00e7\u00e3o do transporte p\u00fablico - PSOL 50<\/title>\n<meta name=\"robots\" content=\"index, follow, max-snippet:-1, max-image-preview:large, max-video-preview:-1\" \/>\n<link rel=\"canonical\" href=\"https:\/\/psol50.org.br\/em-porto-alegre-vereadora-do-psol-lanca-aplicativo-de-fiscalizacao-do-transporte-publico\/\" \/>\n<meta property=\"og:locale\" content=\"pt_BR\" \/>\n<meta property=\"og:type\" content=\"article\" \/>\n<meta property=\"og:title\" content=\"Em Porto Alegre, vereadora do PSOL lan\u00e7a aplicativo de fiscaliza\u00e7\u00e3o do transporte p\u00fablico - PSOL 50\" \/>\n<meta property=\"og:description\" content=\"A vereadora do PSOL em Porto Alegre (RS) Fernanda Melchionna lan\u00e7ou nesta segunda-feira (27\/03) um aplicativo para que a popula\u00e7\u00e3o da capital ga\u00facha possa fiscalizar a situa\u00e7\u00e3o do transporte p\u00fablico da cidade. Com o Fiscaliza Tu, os usu\u00e1rios de transporte coletivo podem\u00a0relatar situa\u00e7\u00f5es de atrasos, superlota\u00e7\u00e3o, ass\u00e9dio e tamb\u00e9m fatos positivos do sistema. Al\u00e9m disso, [&hellip;]\" \/>\n<meta property=\"og:url\" content=\"https:\/\/psol50.org.br\/em-porto-alegre-vereadora-do-psol-lanca-aplicativo-de-fiscalizacao-do-transporte-publico\/\" \/>\n<meta property=\"og:site_name\" content=\"PSOL 50\" \/>\n<meta property=\"article:publisher\" content=\"https:\/\/www.facebook.com\/psol50\" \/>\n<meta property=\"article:published_time\" content=\"2017-03-28T17:28:02+00:00\" \/>\n<meta property=\"og:image\" content=\"https:\/\/psol50.org.br\/inc\/uploads\/2018\/07\/capa.png\" \/>\n\t<meta property=\"og:image:width\" content=\"1350\" \/>\n\t<meta property=\"og:image:height\" content=\"900\" \/>\n\t<meta property=\"og:image:type\" content=\"image\/png\" \/>\n<meta name=\"author\" content=\"Comunica\u00e7\u00e3o PSOL\" \/>\n<meta name=\"twitter:card\" content=\"summary_large_image\" \/>\n<meta name=\"twitter:creator\" content=\"@psol50\" \/>\n<meta name=\"twitter:site\" content=\"@psol50\" \/>\n<meta name=\"twitter:label1\" content=\"Escrito por\" \/>\n\t<meta name=\"twitter:data1\" content=\"Comunica\u00e7\u00e3o PSOL\" \/>\n\t<meta name=\"twitter:label2\" content=\"Est. tempo de leitura\" \/>\n\t<meta name=\"twitter:data2\" content=\"1 minuto\" \/>\n<script type=\"application\/ld+json\" class=\"yoast-schema-graph\">{\"@context\":\"https:\/\/schema.org\",\"@graph\":[{\"@type\":\"Article\",\"@id\":\"https:\/\/psol50.org.br\/em-porto-alegre-vereadora-do-psol-lanca-aplicativo-de-fiscalizacao-do-transporte-publico\/#article\",\"isPartOf\":{\"@id\":\"https:\/\/psol50.org.br\/em-porto-alegre-vereadora-do-psol-lanca-aplicativo-de-fiscalizacao-do-transporte-publico\/\"},\"author\":{\"name\":\"Comunica\u00e7\u00e3o PSOL\",\"@id\":\"https:\/\/psol50.org.br\/#\/schema\/person\/475dfa57d0b815993c714c2e96491fcd\"},\"headline\":\"Em Porto Alegre, vereadora do PSOL lan\u00e7a aplicativo de fiscaliza\u00e7\u00e3o do transporte p\u00fablico\",\"datePublished\":\"2017-03-28T17:28:02+00:00\",\"mainEntityOfPage\":{\"@id\":\"https:\/\/psol50.org.br\/em-porto-alegre-vereadora-do-psol-lanca-aplicativo-de-fiscalizacao-do-transporte-publico\/\"},\"wordCount\":252,\"commentCount\":0,\"publisher\":{\"@id\":\"https:\/\/psol50.org.br\/#organization\"},\"image\":{\"@id\":\"https:\/\/psol50.org.br\/em-porto-alegre-vereadora-do-psol-lanca-aplicativo-de-fiscalizacao-do-transporte-publico\/#primaryimage\"},\"thumbnailUrl\":\"\",\"keywords\":[\"aplicativo\",\"Fernanda Melchionna\",\"Porto Alegre\",\"transporte p\u00fablico\"],\"articleSection\":[\"A\u00e7\u00e3o Parlamentar\",\"Estados\",\"Not\u00edcias\"],\"inLanguage\":\"pt-BR\",\"potentialAction\":[{\"@type\":\"CommentAction\",\"name\":\"Comment\",\"target\":[\"https:\/\/psol50.org.br\/em-porto-alegre-vereadora-do-psol-lanca-aplicativo-de-fiscalizacao-do-transporte-publico\/#respond\"]}]},{\"@type\":\"WebPage\",\"@id\":\"https:\/\/psol50.org.br\/em-porto-alegre-vereadora-do-psol-lanca-aplicativo-de-fiscalizacao-do-transporte-publico\/\",\"url\":\"https:\/\/psol50.org.br\/em-porto-alegre-vereadora-do-psol-lanca-aplicativo-de-fiscalizacao-do-transporte-publico\/\",\"name\":\"Em Porto Alegre, vereadora do PSOL lan\u00e7a aplicativo de fiscaliza\u00e7\u00e3o do transporte p\u00fablico - PSOL 50\",\"isPartOf\":{\"@id\":\"https:\/\/psol50.org.br\/#website\"},\"primaryImageOfPage\":{\"@id\":\"https:\/\/psol50.org.br\/em-porto-alegre-vereadora-do-psol-lanca-aplicativo-de-fiscalizacao-do-transporte-publico\/#primaryimage\"},\"image\":{\"@id\":\"https:\/\/psol50.org.br\/em-porto-alegre-vereadora-do-psol-lanca-aplicativo-de-fiscalizacao-do-transporte-publico\/#primaryimage\"},\"thumbnailUrl\":\"\",\"datePublished\":\"2017-03-28T17:28:02+00:00\",\"breadcrumb\":{\"@id\":\"https:\/\/psol50.org.br\/em-porto-alegre-vereadora-do-psol-lanca-aplicativo-de-fiscalizacao-do-transporte-publico\/#breadcrumb\"},\"inLanguage\":\"pt-BR\",\"potentialAction\":[{\"@type\":\"ReadAction\",\"target\":[\"https:\/\/psol50.org.br\/em-porto-alegre-vereadora-do-psol-lanca-aplicativo-de-fiscalizacao-do-transporte-publico\/\"]}]},{\"@type\":\"ImageObject\",\"inLanguage\":\"pt-BR\",\"@id\":\"https:\/\/psol50.org.br\/em-porto-alegre-vereadora-do-psol-lanca-aplicativo-de-fiscalizacao-do-transporte-publico\/#primaryimage\",\"url\":\"\",\"contentUrl\":\"\"},{\"@type\":\"BreadcrumbList\",\"@id\":\"https:\/\/psol50.org.br\/em-porto-alegre-vereadora-do-psol-lanca-aplicativo-de-fiscalizacao-do-transporte-publico\/#breadcrumb\",\"itemListElement\":[{\"@type\":\"ListItem\",\"position\":1,\"name\":\"In\u00edcio\",\"item\":\"https:\/\/psol50.org.br\/\"},{\"@type\":\"ListItem\",\"position\":2,\"name\":\"Em Porto Alegre, vereadora do PSOL lan\u00e7a aplicativo de fiscaliza\u00e7\u00e3o do transporte p\u00fablico\"}]},{\"@type\":\"WebSite\",\"@id\":\"https:\/\/psol50.org.br\/#website\",\"url\":\"https:\/\/psol50.org.br\/\",\"name\":\"PSOL 50\",\"description\":\"Site oficial do Partido Socialismo e Liberdade\",\"publisher\":{\"@id\":\"https:\/\/psol50.org.br\/#organization\"},\"alternateName\":\"PSOL50\",\"potentialAction\":[{\"@type\":\"SearchAction\",\"target\":{\"@type\":\"EntryPoint\",\"urlTemplate\":\"https:\/\/psol50.org.br\/?s={search_term_string}\"},\"query-input\":{\"@type\":\"PropertyValueSpecification\",\"valueRequired\":true,\"valueName\":\"search_term_string\"}}],\"inLanguage\":\"pt-BR\"},{\"@type\":\"Organization\",\"@id\":\"https:\/\/psol50.org.br\/#organization\",\"name\":\"PSOL 50\",\"alternateName\":\"PSOL 50\",\"url\":\"https:\/\/psol50.org.br\/\",\"logo\":{\"@type\":\"ImageObject\",\"inLanguage\":\"pt-BR\",\"@id\":\"https:\/\/psol50.org.br\/#\/schema\/logo\/image\/\",\"url\":\"https:\/\/psol50.org.br\/inc\/uploads\/2018\/07\/capa.png\",\"contentUrl\":\"https:\/\/psol50.org.br\/inc\/uploads\/2018\/07\/capa.png\",\"width\":1350,\"height\":900,\"caption\":\"PSOL 50\"},\"image\":{\"@id\":\"https:\/\/psol50.org.br\/#\/schema\/logo\/image\/\"},\"sameAs\":[\"https:\/\/www.facebook.com\/psol50\",\"https:\/\/x.com\/psol50\",\"https:\/\/www.instagram.com\/psol50\/\",\"https:\/\/www.youtube.com\/channel\/UC7SnJS5o1os7a6CaiNabzcg\"]},{\"@type\":\"Person\",\"@id\":\"https:\/\/psol50.org.br\/#\/schema\/person\/475dfa57d0b815993c714c2e96491fcd\",\"name\":\"Comunica\u00e7\u00e3o PSOL\",\"image\":{\"@type\":\"ImageObject\",\"inLanguage\":\"pt-BR\",\"@id\":\"https:\/\/psol50.org.br\/#\/schema\/person\/image\/\",\"url\":\"https:\/\/secure.gravatar.com\/avatar\/b34fc4f4e468a4e51785917065a3db57b841f5c95dba6ad8c73aaf8f66f8f9bf?s=96&d=mm&r=g\",\"contentUrl\":\"https:\/\/secure.gravatar.com\/avatar\/b34fc4f4e468a4e51785917065a3db57b841f5c95dba6ad8c73aaf8f66f8f9bf?s=96&d=mm&r=g\",\"caption\":\"Comunica\u00e7\u00e3o PSOL\"}}]}<\/script>\n<!-- \/ Yoast SEO plugin. -->","yoast_head_json":{"title":"Em Porto Alegre, vereadora do PSOL lan\u00e7a aplicativo de fiscaliza\u00e7\u00e3o do transporte p\u00fablico - PSOL 50","robots":{"index":"index","follow":"follow","max-snippet":"max-snippet:-1","max-image-preview":"max-image-preview:large","max-video-preview":"max-video-preview:-1"},"canonical":"https:\/\/psol50.org.br\/em-porto-alegre-vereadora-do-psol-lanca-aplicativo-de-fiscalizacao-do-transporte-publico\/","og_locale":"pt_BR","og_type":"article","og_title":"Em Porto Alegre, vereadora do PSOL lan\u00e7a aplicativo de fiscaliza\u00e7\u00e3o do transporte p\u00fablico - PSOL 50","og_description":"A vereadora do PSOL em Porto Alegre (RS) Fernanda Melchionna lan\u00e7ou nesta segunda-feira (27\/03) um aplicativo para que a popula\u00e7\u00e3o da capital ga\u00facha possa fiscalizar a situa\u00e7\u00e3o do transporte p\u00fablico da cidade. Com o Fiscaliza Tu, os usu\u00e1rios de transporte coletivo podem\u00a0relatar situa\u00e7\u00f5es de atrasos, superlota\u00e7\u00e3o, ass\u00e9dio e tamb\u00e9m fatos positivos do sistema. Al\u00e9m disso, [&hellip;]","og_url":"https:\/\/psol50.org.br\/em-porto-alegre-vereadora-do-psol-lanca-aplicativo-de-fiscalizacao-do-transporte-publico\/","og_site_name":"PSOL 50","article_publisher":"https:\/\/www.facebook.com\/psol50","article_published_time":"2017-03-28T17:28:02+00:00","og_image":[{"width":1350,"height":900,"url":"https:\/\/psol50.org.br\/inc\/uploads\/2018\/07\/capa.png","type":"image\/png"}],"author":"Comunica\u00e7\u00e3o PSOL","twitter_card":"summary_large_image","twitter_creator":"@psol50","twitter_site":"@psol50","twitter_misc":{"Escrito por":"Comunica\u00e7\u00e3o PSOL","Est. tempo de leitura":"1 minuto"},"schema":{"@context":"https:\/\/schema.org","@graph":[{"@type":"Article","@id":"https:\/\/psol50.org.br\/em-porto-alegre-vereadora-do-psol-lanca-aplicativo-de-fiscalizacao-do-transporte-publico\/#article","isPartOf":{"@id":"https:\/\/psol50.org.br\/em-porto-alegre-vereadora-do-psol-lanca-aplicativo-de-fiscalizacao-do-transporte-publico\/"},"author":{"name":"Comunica\u00e7\u00e3o PSOL","@id":"https:\/\/psol50.org.br\/#\/schema\/person\/475dfa57d0b815993c714c2e96491fcd"},"headline":"Em Porto Alegre, vereadora do PSOL lan\u00e7a aplicativo de fiscaliza\u00e7\u00e3o do transporte p\u00fablico","datePublished":"2017-03-28T17:28:02+00:00","mainEntityOfPage":{"@id":"https:\/\/psol50.org.br\/em-porto-alegre-vereadora-do-psol-lanca-aplicativo-de-fiscalizacao-do-transporte-publico\/"},"wordCount":252,"commentCount":0,"publisher":{"@id":"https:\/\/psol50.org.br\/#organization"},"image":{"@id":"https:\/\/psol50.org.br\/em-porto-alegre-vereadora-do-psol-lanca-aplicativo-de-fiscalizacao-do-transporte-publico\/#primaryimage"},"thumbnailUrl":"","keywords":["aplicativo","Fernanda Melchionna","Porto Alegre","transporte p\u00fablico"],"articleSection":["A\u00e7\u00e3o Parlamentar","Estados","Not\u00edcias"],"inLanguage":"pt-BR","potentialAction":[{"@type":"CommentAction","name":"Comment","target":["https:\/\/psol50.org.br\/em-porto-alegre-vereadora-do-psol-lanca-aplicativo-de-fiscalizacao-do-transporte-publico\/#respond"]}]},{"@type":"WebPage","@id":"https:\/\/psol50.org.br\/em-porto-alegre-vereadora-do-psol-lanca-aplicativo-de-fiscalizacao-do-transporte-publico\/","url":"https:\/\/psol50.org.br\/em-porto-alegre-vereadora-do-psol-lanca-aplicativo-de-fiscalizacao-do-transporte-publico\/","name":"Em Porto Alegre, vereadora do PSOL lan\u00e7a aplicativo de fiscaliza\u00e7\u00e3o do transporte p\u00fablico - PSOL 50","isPartOf":{"@id":"https:\/\/psol50.org.br\/#website"},"primaryImageOfPage":{"@id":"https:\/\/psol50.org.br\/em-porto-alegre-vereadora-do-psol-lanca-aplicativo-de-fiscalizacao-do-transporte-publico\/#primaryimage"},"image":{"@id":"https:\/\/psol50.org.br\/em-porto-alegre-vereadora-do-psol-lanca-aplicativo-de-fiscalizacao-do-transporte-publico\/#primaryimage"},"thumbnailUrl":"","datePublished":"2017-03-28T17:28:02+00:00","breadcrumb":{"@id":"https:\/\/psol50.org.br\/em-porto-alegre-vereadora-do-psol-lanca-aplicativo-de-fiscalizacao-do-transporte-publico\/#breadcrumb"},"inLanguage":"pt-BR","potentialAction":[{"@type":"ReadAction","target":["https:\/\/psol50.org.br\/em-porto-alegre-vereadora-do-psol-lanca-aplicativo-de-fiscalizacao-do-transporte-publico\/"]}]},{"@type":"ImageObject","inLanguage":"pt-BR","@id":"https:\/\/psol50.org.br\/em-porto-alegre-vereadora-do-psol-lanca-aplicativo-de-fiscalizacao-do-transporte-publico\/#primaryimage","url":"","contentUrl":""},{"@type":"BreadcrumbList","@id":"https:\/\/psol50.org.br\/em-porto-alegre-vereadora-do-psol-lanca-aplicativo-de-fiscalizacao-do-transporte-publico\/#breadcrumb","itemListElement":[{"@type":"ListItem","position":1,"name":"In\u00edcio","item":"https:\/\/psol50.org.br\/"},{"@type":"ListItem","position":2,"name":"Em Porto Alegre, vereadora do PSOL lan\u00e7a aplicativo de fiscaliza\u00e7\u00e3o do transporte p\u00fablico"}]},{"@type":"WebSite","@id":"https:\/\/psol50.org.br\/#website","url":"https:\/\/psol50.org.br\/","name":"PSOL 50","description":"Site oficial do Partido Socialismo e Liberdade","publisher":{"@id":"https:\/\/psol50.org.br\/#organization"},"alternateName":"PSOL50","potentialAction":[{"@type":"SearchAction","target":{"@type":"EntryPoint","urlTemplate":"https:\/\/psol50.org.br\/?s={search_term_string}"},"query-input":{"@type":"PropertyValueSpecification","valueRequired":true,"valueName":"search_term_string"}}],"inLanguage":"pt-BR"},{"@type":"Organization","@id":"https:\/\/psol50.org.br\/#organization","name":"PSOL 50","alternateName":"PSOL 50","url":"https:\/\/psol50.org.br\/","logo":{"@type":"ImageObject","inLanguage":"pt-BR","@id":"https:\/\/psol50.org.br\/#\/schema\/logo\/image\/","url":"https:\/\/psol50.org.br\/inc\/uploads\/2018\/07\/capa.png","contentUrl":"https:\/\/psol50.org.br\/inc\/uploads\/2018\/07\/capa.png","width":1350,"height":900,"caption":"PSOL 50"},"image":{"@id":"https:\/\/psol50.org.br\/#\/schema\/logo\/image\/"},"sameAs":["https:\/\/www.facebook.com\/psol50","https:\/\/x.com\/psol50","https:\/\/www.instagram.com\/psol50\/","https:\/\/www.youtube.com\/channel\/UC7SnJS5o1os7a6CaiNabzcg"]},{"@type":"Person","@id":"https:\/\/psol50.org.br\/#\/schema\/person\/475dfa57d0b815993c714c2e96491fcd","name":"Comunica\u00e7\u00e3o PSOL","image":{"@type":"ImageObject","inLanguage":"pt-BR","@id":"https:\/\/psol50.org.br\/#\/schema\/person\/image\/","url":"https:\/\/secure.gravatar.com\/avatar\/b34fc4f4e468a4e51785917065a3db57b841f5c95dba6ad8c73aaf8f66f8f9bf?s=96&d=mm&r=g","contentUrl":"https:\/\/secure.gravatar.com\/avatar\/b34fc4f4e468a4e51785917065a3db57b841f5c95dba6ad8c73aaf8f66f8f9bf?s=96&d=mm&r=g","caption":"Comunica\u00e7\u00e3o PSOL"}}]}},"_links":{"self":[{"href":"https:\/\/psol50.org.br\/rest\/wp\/v2\/posts\/15757","targetHints":{"allow":["GET"]}}],"collection":[{"href":"https:\/\/psol50.org.br\/rest\/wp\/v2\/posts"}],"about":[{"href":"https:\/\/psol50.org.br\/rest\/wp\/v2\/types\/post"}],"author":[{"embeddable":true,"href":"https:\/\/psol50.org.br\/rest\/wp\/v2\/users\/2"}],"replies":[{"embeddable":true,"href":"https:\/\/psol50.org.br\/rest\/wp\/v2\/comments?post=15757"}],"version-history":[{"count":0,"href":"https:\/\/psol50.org.br\/rest\/wp\/v2\/posts\/15757\/revisions"}],"wp:featuredmedia":[{"embeddable":true,"href":"https:\/\/psol50.org.br\/rest\/"}],"wp:attachment":[{"href":"https:\/\/psol50.org.br\/rest\/wp\/v2\/media?parent=15757"}],"wp:term":[{"taxonomy":"category","embeddable":true,"href":"https:\/\/psol50.org.br\/rest\/wp\/v2\/categories?post=15757"},{"taxonomy":"post_tag","embeddable":true,"href":"https:\/\/psol50.org.br\/rest\/wp\/v2\/tags?post=15757"}],"curies":[{"name":"wp","href":"https:\/\/api.w.org\/{rel}","templated":true}]}}