{"id":15778,"date":"2017-03-29T00:18:37","date_gmt":"2017-03-29T00:18:37","guid":{"rendered":"http:\/\/www.psol50.org.br\/?p=15778"},"modified":"2017-03-29T00:18:37","modified_gmt":"2017-03-29T00:18:37","slug":"temer-quer-cobrar-mensalidade-em-universidades-e-institutos-federais","status":"publish","type":"post","link":"https:\/\/psol50.org.br\/temer-quer-cobrar-mensalidade-em-universidades-e-institutos-federais\/","title":{"rendered":"Temer quer cobrar mensalidade em universidades e institutos federais"},"content":{"rendered":"<p>O presidente Michel Temer, n\u00e3o satisfeito em acabar com a aposentadoria, rasgar a CLT com a terceiriza\u00e7\u00e3o e destruir direitos trabalhistas, quer agora cobrar mensalidades em universidades e institutos federais de educa\u00e7\u00e3o, ferindo diretamente o direito de todos os brasileiros \u00e0 educa\u00e7\u00e3o p\u00fablica de qualidade.<\/p>\n<p>A informa\u00e7\u00e3o <span style=\"color: #3366ff;\"><strong><a style=\"color: #3366ff;\" href=\"http:\/\/www.proifes.org.br\/noticias-proifes\/secretaria-do-mec-defende-cobranca-de-mensalidades\" target=\"_blank\" rel=\"noopener\">foi divulgada<\/a><\/strong><\/span> pela Proifes, federa\u00e7\u00e3o de professores de ensino superior e t\u00e9cnico. Segundo a entidade, a proposta foi apresentada em fevereiro deste ano pela secret\u00e1ria executiva do Minist\u00e9rio da Educa\u00e7\u00e3o,\u00a0Maria Helena Guimar\u00e3es de Castro.<\/p>\n<p>A ideia do governo Temer caminha no mesmo sentido da cobran\u00e7a por p\u00f3s-gradua\u00e7\u00f5es\u00a0<em>latu sensu<\/em>, proposta que est\u00e1 <span style=\"color: #3366ff;\"><strong><a style=\"color: #3366ff;\" href=\"http:\/\/www.psol50.org.br\/blog\/2017\/03\/27\/camara-pode-votar-nessa-terca-feira-liberacao-para-pos-graduacao-paga-em-universidades\/\">em pauta na C\u00e2mara dos Deputados<\/a><\/strong><\/span>, e nada mais \u00e9 do que ampliar a privatiza\u00e7\u00e3o da educa\u00e7\u00e3o p\u00fablica brasileira &#8211; consequ\u00eancia, tamb\u00e9m, da <strong><span style=\"color: #3366ff;\"><a style=\"color: #3366ff;\" href=\"http:\/\/www.psol50.org.br\/blog\/2016\/06\/22\/limitacao-de-gastos-de-temer-e-o-maior-ataque-a-saude-e-a-educacao\/\" target=\"_blank\" rel=\"noopener\">aprova\u00e7\u00e3o do teto de gastos pelo governo<\/a><\/span><\/strong>, que tinha esse como um de seus principais objetivos.<\/p>\n<p>Para Daniel Cara, coordenado da Campanha Nacional pelo Direito \u00e0 Educa\u00e7\u00e3o, a\u00a0cobran\u00e7a de mensalidades nas universidades p\u00fablicas \u00e9 um equ\u00edvoco em termos de justi\u00e7a social e tamb\u00e9m em termos or\u00e7ament\u00e1rios. &#8220;No \u00e2mbito da justi\u00e7a social \u00e9 uma afronta a leis de democratiza\u00e7\u00e3o de matr\u00edculas, como o PNE e a Lei das Cotas. Agora que a universidade p\u00fablica vai chegando aos mais pobres, Temer pretende torn\u00e1-la ainda mais elitista. No tocante \u00e0 quest\u00e3o or\u00e7ament\u00e1ria, a colabora\u00e7\u00e3o das mensalidades colaborar\u00e1 muito pouco, pois a universidade \u00e9 ensino, pesquisa e extens\u00e3o.&#8221;<\/p>\n<p>Cara afirma que qualquer governante deveria pensar em tornar o pa\u00eds mais justo. &#8220;Mas \u00e9 o oposto que faz Temer, especialmente ascendendo ao poder de forma ileg\u00edtima como ocorreu com ele&#8221;, termina.<\/p>\n","protected":false},"excerpt":{"rendered":"<p>O presidente Michel Temer, n\u00e3o satisfeito em acabar com a aposentadoria, rasgar a CLT com a terceiriza\u00e7\u00e3o e destruir direitos trabalhistas, quer agora cobrar mensalidades em universidades e institutos federais de educa\u00e7\u00e3o, ferindo diretamente o direito de todos os brasileiros \u00e0 educa\u00e7\u00e3o p\u00fablica de qualidade. A informa\u00e7\u00e3o foi divulgada pela Proifes, federa\u00e7\u00e3o de professores de [&hellip;]<\/p>\n","protected":false},"author":2,"featured_media":15779,"comment_status":"open","ping_status":"open","sticky":false,"template":"","format":"standard","meta":{"_acf_changed":false,"footnotes":""},"categories":[1882,6],"tags":[164,91,1748,200],"class_list":{"0":"post-15778","1":"post","2":"type-post","3":"status-publish","4":"format-standard","5":"has-post-thumbnail","7":"category-brasil","8":"category-noticias","9":"tag-educacao","10":"tag-mec","11":"tag-michel-temer","12":"tag-universidades"},"acf":[],"yoast_head":"<!-- This site is optimized with the Yoast SEO plugin v26.5 - https:\/\/yoast.com\/wordpress\/plugins\/seo\/ -->\n<title>Temer quer cobrar mensalidade em universidades e institutos federais - PSOL 50<\/title>\n<meta name=\"robots\" content=\"index, follow, max-snippet:-1, max-image-preview:large, max-video-preview:-1\" \/>\n<link rel=\"canonical\" href=\"https:\/\/psol50.org.br\/temer-quer-cobrar-mensalidade-em-universidades-e-institutos-federais\/\" \/>\n<meta property=\"og:locale\" content=\"pt_BR\" \/>\n<meta property=\"og:type\" content=\"article\" \/>\n<meta property=\"og:title\" content=\"Temer quer cobrar mensalidade em universidades e institutos federais - PSOL 50\" \/>\n<meta property=\"og:description\" content=\"O presidente Michel Temer, n\u00e3o satisfeito em acabar com a aposentadoria, rasgar a CLT com a terceiriza\u00e7\u00e3o e destruir direitos trabalhistas, quer agora cobrar mensalidades em universidades e institutos federais de educa\u00e7\u00e3o, ferindo diretamente o direito de todos os brasileiros \u00e0 educa\u00e7\u00e3o p\u00fablica de qualidade. A informa\u00e7\u00e3o foi divulgada pela Proifes, federa\u00e7\u00e3o de professores de [&hellip;]\" \/>\n<meta property=\"og:url\" content=\"https:\/\/psol50.org.br\/temer-quer-cobrar-mensalidade-em-universidades-e-institutos-federais\/\" \/>\n<meta property=\"og:site_name\" content=\"PSOL 50\" \/>\n<meta property=\"article:publisher\" content=\"https:\/\/www.facebook.com\/psol50\" \/>\n<meta property=\"article:published_time\" content=\"2017-03-29T00:18:37+00:00\" \/>\n<meta property=\"og:image\" content=\"https:\/\/psol50.org.br\/inc\/uploads\/2018\/07\/capa.png\" \/>\n\t<meta property=\"og:image:width\" content=\"1350\" \/>\n\t<meta property=\"og:image:height\" content=\"900\" \/>\n\t<meta property=\"og:image:type\" content=\"image\/png\" \/>\n<meta name=\"author\" content=\"Comunica\u00e7\u00e3o PSOL\" \/>\n<meta name=\"twitter:card\" content=\"summary_large_image\" \/>\n<meta name=\"twitter:creator\" content=\"@psol50\" \/>\n<meta name=\"twitter:site\" content=\"@psol50\" \/>\n<meta name=\"twitter:label1\" content=\"Escrito por\" \/>\n\t<meta name=\"twitter:data1\" content=\"Comunica\u00e7\u00e3o PSOL\" \/>\n\t<meta name=\"twitter:label2\" content=\"Est. tempo de leitura\" \/>\n\t<meta name=\"twitter:data2\" content=\"1 minuto\" \/>\n<script type=\"application\/ld+json\" class=\"yoast-schema-graph\">{\"@context\":\"https:\/\/schema.org\",\"@graph\":[{\"@type\":\"Article\",\"@id\":\"https:\/\/psol50.org.br\/temer-quer-cobrar-mensalidade-em-universidades-e-institutos-federais\/#article\",\"isPartOf\":{\"@id\":\"https:\/\/psol50.org.br\/temer-quer-cobrar-mensalidade-em-universidades-e-institutos-federais\/\"},\"author\":{\"name\":\"Comunica\u00e7\u00e3o PSOL\",\"@id\":\"https:\/\/psol50.org.br\/#\/schema\/person\/475dfa57d0b815993c714c2e96491fcd\"},\"headline\":\"Temer quer cobrar mensalidade em universidades e institutos federais\",\"datePublished\":\"2017-03-29T00:18:37+00:00\",\"mainEntityOfPage\":{\"@id\":\"https:\/\/psol50.org.br\/temer-quer-cobrar-mensalidade-em-universidades-e-institutos-federais\/\"},\"wordCount\":303,\"commentCount\":0,\"publisher\":{\"@id\":\"https:\/\/psol50.org.br\/#organization\"},\"image\":{\"@id\":\"https:\/\/psol50.org.br\/temer-quer-cobrar-mensalidade-em-universidades-e-institutos-federais\/#primaryimage\"},\"thumbnailUrl\":\"\",\"keywords\":[\"Educa\u00e7\u00e3o\",\"MEC\",\"Michel Temer\",\"universidades\"],\"articleSection\":[\"Brasil\",\"Not\u00edcias\"],\"inLanguage\":\"pt-BR\",\"potentialAction\":[{\"@type\":\"CommentAction\",\"name\":\"Comment\",\"target\":[\"https:\/\/psol50.org.br\/temer-quer-cobrar-mensalidade-em-universidades-e-institutos-federais\/#respond\"]}]},{\"@type\":\"WebPage\",\"@id\":\"https:\/\/psol50.org.br\/temer-quer-cobrar-mensalidade-em-universidades-e-institutos-federais\/\",\"url\":\"https:\/\/psol50.org.br\/temer-quer-cobrar-mensalidade-em-universidades-e-institutos-federais\/\",\"name\":\"Temer quer cobrar mensalidade em universidades e institutos federais - PSOL 50\",\"isPartOf\":{\"@id\":\"https:\/\/psol50.org.br\/#website\"},\"primaryImageOfPage\":{\"@id\":\"https:\/\/psol50.org.br\/temer-quer-cobrar-mensalidade-em-universidades-e-institutos-federais\/#primaryimage\"},\"image\":{\"@id\":\"https:\/\/psol50.org.br\/temer-quer-cobrar-mensalidade-em-universidades-e-institutos-federais\/#primaryimage\"},\"thumbnailUrl\":\"\",\"datePublished\":\"2017-03-29T00:18:37+00:00\",\"breadcrumb\":{\"@id\":\"https:\/\/psol50.org.br\/temer-quer-cobrar-mensalidade-em-universidades-e-institutos-federais\/#breadcrumb\"},\"inLanguage\":\"pt-BR\",\"potentialAction\":[{\"@type\":\"ReadAction\",\"target\":[\"https:\/\/psol50.org.br\/temer-quer-cobrar-mensalidade-em-universidades-e-institutos-federais\/\"]}]},{\"@type\":\"ImageObject\",\"inLanguage\":\"pt-BR\",\"@id\":\"https:\/\/psol50.org.br\/temer-quer-cobrar-mensalidade-em-universidades-e-institutos-federais\/#primaryimage\",\"url\":\"\",\"contentUrl\":\"\"},{\"@type\":\"BreadcrumbList\",\"@id\":\"https:\/\/psol50.org.br\/temer-quer-cobrar-mensalidade-em-universidades-e-institutos-federais\/#breadcrumb\",\"itemListElement\":[{\"@type\":\"ListItem\",\"position\":1,\"name\":\"In\u00edcio\",\"item\":\"https:\/\/psol50.org.br\/\"},{\"@type\":\"ListItem\",\"position\":2,\"name\":\"Temer quer cobrar mensalidade em universidades e institutos federais\"}]},{\"@type\":\"WebSite\",\"@id\":\"https:\/\/psol50.org.br\/#website\",\"url\":\"https:\/\/psol50.org.br\/\",\"name\":\"PSOL 50\",\"description\":\"Site oficial do Partido Socialismo e Liberdade\",\"publisher\":{\"@id\":\"https:\/\/psol50.org.br\/#organization\"},\"alternateName\":\"PSOL50\",\"potentialAction\":[{\"@type\":\"SearchAction\",\"target\":{\"@type\":\"EntryPoint\",\"urlTemplate\":\"https:\/\/psol50.org.br\/?s={search_term_string}\"},\"query-input\":{\"@type\":\"PropertyValueSpecification\",\"valueRequired\":true,\"valueName\":\"search_term_string\"}}],\"inLanguage\":\"pt-BR\"},{\"@type\":\"Organization\",\"@id\":\"https:\/\/psol50.org.br\/#organization\",\"name\":\"PSOL 50\",\"alternateName\":\"PSOL 50\",\"url\":\"https:\/\/psol50.org.br\/\",\"logo\":{\"@type\":\"ImageObject\",\"inLanguage\":\"pt-BR\",\"@id\":\"https:\/\/psol50.org.br\/#\/schema\/logo\/image\/\",\"url\":\"https:\/\/psol50.org.br\/inc\/uploads\/2018\/07\/capa.png\",\"contentUrl\":\"https:\/\/psol50.org.br\/inc\/uploads\/2018\/07\/capa.png\",\"width\":1350,\"height\":900,\"caption\":\"PSOL 50\"},\"image\":{\"@id\":\"https:\/\/psol50.org.br\/#\/schema\/logo\/image\/\"},\"sameAs\":[\"https:\/\/www.facebook.com\/psol50\",\"https:\/\/x.com\/psol50\",\"https:\/\/www.instagram.com\/psol50\/\",\"https:\/\/www.youtube.com\/channel\/UC7SnJS5o1os7a6CaiNabzcg\"]},{\"@type\":\"Person\",\"@id\":\"https:\/\/psol50.org.br\/#\/schema\/person\/475dfa57d0b815993c714c2e96491fcd\",\"name\":\"Comunica\u00e7\u00e3o PSOL\",\"image\":{\"@type\":\"ImageObject\",\"inLanguage\":\"pt-BR\",\"@id\":\"https:\/\/psol50.org.br\/#\/schema\/person\/image\/\",\"url\":\"https:\/\/secure.gravatar.com\/avatar\/b34fc4f4e468a4e51785917065a3db57b841f5c95dba6ad8c73aaf8f66f8f9bf?s=96&d=mm&r=g\",\"contentUrl\":\"https:\/\/secure.gravatar.com\/avatar\/b34fc4f4e468a4e51785917065a3db57b841f5c95dba6ad8c73aaf8f66f8f9bf?s=96&d=mm&r=g\",\"caption\":\"Comunica\u00e7\u00e3o PSOL\"}}]}<\/script>\n<!-- \/ Yoast SEO plugin. -->","yoast_head_json":{"title":"Temer quer cobrar mensalidade em universidades e institutos federais - PSOL 50","robots":{"index":"index","follow":"follow","max-snippet":"max-snippet:-1","max-image-preview":"max-image-preview:large","max-video-preview":"max-video-preview:-1"},"canonical":"https:\/\/psol50.org.br\/temer-quer-cobrar-mensalidade-em-universidades-e-institutos-federais\/","og_locale":"pt_BR","og_type":"article","og_title":"Temer quer cobrar mensalidade em universidades e institutos federais - PSOL 50","og_description":"O presidente Michel Temer, n\u00e3o satisfeito em acabar com a aposentadoria, rasgar a CLT com a terceiriza\u00e7\u00e3o e destruir direitos trabalhistas, quer agora cobrar mensalidades em universidades e institutos federais de educa\u00e7\u00e3o, ferindo diretamente o direito de todos os brasileiros \u00e0 educa\u00e7\u00e3o p\u00fablica de qualidade. A informa\u00e7\u00e3o foi divulgada pela Proifes, federa\u00e7\u00e3o de professores de [&hellip;]","og_url":"https:\/\/psol50.org.br\/temer-quer-cobrar-mensalidade-em-universidades-e-institutos-federais\/","og_site_name":"PSOL 50","article_publisher":"https:\/\/www.facebook.com\/psol50","article_published_time":"2017-03-29T00:18:37+00:00","og_image":[{"width":1350,"height":900,"url":"https:\/\/psol50.org.br\/inc\/uploads\/2018\/07\/capa.png","type":"image\/png"}],"author":"Comunica\u00e7\u00e3o PSOL","twitter_card":"summary_large_image","twitter_creator":"@psol50","twitter_site":"@psol50","twitter_misc":{"Escrito por":"Comunica\u00e7\u00e3o PSOL","Est. tempo de leitura":"1 minuto"},"schema":{"@context":"https:\/\/schema.org","@graph":[{"@type":"Article","@id":"https:\/\/psol50.org.br\/temer-quer-cobrar-mensalidade-em-universidades-e-institutos-federais\/#article","isPartOf":{"@id":"https:\/\/psol50.org.br\/temer-quer-cobrar-mensalidade-em-universidades-e-institutos-federais\/"},"author":{"name":"Comunica\u00e7\u00e3o PSOL","@id":"https:\/\/psol50.org.br\/#\/schema\/person\/475dfa57d0b815993c714c2e96491fcd"},"headline":"Temer quer cobrar mensalidade em universidades e institutos federais","datePublished":"2017-03-29T00:18:37+00:00","mainEntityOfPage":{"@id":"https:\/\/psol50.org.br\/temer-quer-cobrar-mensalidade-em-universidades-e-institutos-federais\/"},"wordCount":303,"commentCount":0,"publisher":{"@id":"https:\/\/psol50.org.br\/#organization"},"image":{"@id":"https:\/\/psol50.org.br\/temer-quer-cobrar-mensalidade-em-universidades-e-institutos-federais\/#primaryimage"},"thumbnailUrl":"","keywords":["Educa\u00e7\u00e3o","MEC","Michel Temer","universidades"],"articleSection":["Brasil","Not\u00edcias"],"inLanguage":"pt-BR","potentialAction":[{"@type":"CommentAction","name":"Comment","target":["https:\/\/psol50.org.br\/temer-quer-cobrar-mensalidade-em-universidades-e-institutos-federais\/#respond"]}]},{"@type":"WebPage","@id":"https:\/\/psol50.org.br\/temer-quer-cobrar-mensalidade-em-universidades-e-institutos-federais\/","url":"https:\/\/psol50.org.br\/temer-quer-cobrar-mensalidade-em-universidades-e-institutos-federais\/","name":"Temer quer cobrar mensalidade em universidades e institutos federais - PSOL 50","isPartOf":{"@id":"https:\/\/psol50.org.br\/#website"},"primaryImageOfPage":{"@id":"https:\/\/psol50.org.br\/temer-quer-cobrar-mensalidade-em-universidades-e-institutos-federais\/#primaryimage"},"image":{"@id":"https:\/\/psol50.org.br\/temer-quer-cobrar-mensalidade-em-universidades-e-institutos-federais\/#primaryimage"},"thumbnailUrl":"","datePublished":"2017-03-29T00:18:37+00:00","breadcrumb":{"@id":"https:\/\/psol50.org.br\/temer-quer-cobrar-mensalidade-em-universidades-e-institutos-federais\/#breadcrumb"},"inLanguage":"pt-BR","potentialAction":[{"@type":"ReadAction","target":["https:\/\/psol50.org.br\/temer-quer-cobrar-mensalidade-em-universidades-e-institutos-federais\/"]}]},{"@type":"ImageObject","inLanguage":"pt-BR","@id":"https:\/\/psol50.org.br\/temer-quer-cobrar-mensalidade-em-universidades-e-institutos-federais\/#primaryimage","url":"","contentUrl":""},{"@type":"BreadcrumbList","@id":"https:\/\/psol50.org.br\/temer-quer-cobrar-mensalidade-em-universidades-e-institutos-federais\/#breadcrumb","itemListElement":[{"@type":"ListItem","position":1,"name":"In\u00edcio","item":"https:\/\/psol50.org.br\/"},{"@type":"ListItem","position":2,"name":"Temer quer cobrar mensalidade em universidades e institutos federais"}]},{"@type":"WebSite","@id":"https:\/\/psol50.org.br\/#website","url":"https:\/\/psol50.org.br\/","name":"PSOL 50","description":"Site oficial do Partido Socialismo e Liberdade","publisher":{"@id":"https:\/\/psol50.org.br\/#organization"},"alternateName":"PSOL50","potentialAction":[{"@type":"SearchAction","target":{"@type":"EntryPoint","urlTemplate":"https:\/\/psol50.org.br\/?s={search_term_string}"},"query-input":{"@type":"PropertyValueSpecification","valueRequired":true,"valueName":"search_term_string"}}],"inLanguage":"pt-BR"},{"@type":"Organization","@id":"https:\/\/psol50.org.br\/#organization","name":"PSOL 50","alternateName":"PSOL 50","url":"https:\/\/psol50.org.br\/","logo":{"@type":"ImageObject","inLanguage":"pt-BR","@id":"https:\/\/psol50.org.br\/#\/schema\/logo\/image\/","url":"https:\/\/psol50.org.br\/inc\/uploads\/2018\/07\/capa.png","contentUrl":"https:\/\/psol50.org.br\/inc\/uploads\/2018\/07\/capa.png","width":1350,"height":900,"caption":"PSOL 50"},"image":{"@id":"https:\/\/psol50.org.br\/#\/schema\/logo\/image\/"},"sameAs":["https:\/\/www.facebook.com\/psol50","https:\/\/x.com\/psol50","https:\/\/www.instagram.com\/psol50\/","https:\/\/www.youtube.com\/channel\/UC7SnJS5o1os7a6CaiNabzcg"]},{"@type":"Person","@id":"https:\/\/psol50.org.br\/#\/schema\/person\/475dfa57d0b815993c714c2e96491fcd","name":"Comunica\u00e7\u00e3o PSOL","image":{"@type":"ImageObject","inLanguage":"pt-BR","@id":"https:\/\/psol50.org.br\/#\/schema\/person\/image\/","url":"https:\/\/secure.gravatar.com\/avatar\/b34fc4f4e468a4e51785917065a3db57b841f5c95dba6ad8c73aaf8f66f8f9bf?s=96&d=mm&r=g","contentUrl":"https:\/\/secure.gravatar.com\/avatar\/b34fc4f4e468a4e51785917065a3db57b841f5c95dba6ad8c73aaf8f66f8f9bf?s=96&d=mm&r=g","caption":"Comunica\u00e7\u00e3o PSOL"}}]}},"_links":{"self":[{"href":"https:\/\/psol50.org.br\/rest\/wp\/v2\/posts\/15778","targetHints":{"allow":["GET"]}}],"collection":[{"href":"https:\/\/psol50.org.br\/rest\/wp\/v2\/posts"}],"about":[{"href":"https:\/\/psol50.org.br\/rest\/wp\/v2\/types\/post"}],"author":[{"embeddable":true,"href":"https:\/\/psol50.org.br\/rest\/wp\/v2\/users\/2"}],"replies":[{"embeddable":true,"href":"https:\/\/psol50.org.br\/rest\/wp\/v2\/comments?post=15778"}],"version-history":[{"count":0,"href":"https:\/\/psol50.org.br\/rest\/wp\/v2\/posts\/15778\/revisions"}],"wp:featuredmedia":[{"embeddable":true,"href":"https:\/\/psol50.org.br\/rest\/"}],"wp:attachment":[{"href":"https:\/\/psol50.org.br\/rest\/wp\/v2\/media?parent=15778"}],"wp:term":[{"taxonomy":"category","embeddable":true,"href":"https:\/\/psol50.org.br\/rest\/wp\/v2\/categories?post=15778"},{"taxonomy":"post_tag","embeddable":true,"href":"https:\/\/psol50.org.br\/rest\/wp\/v2\/tags?post=15778"}],"curies":[{"name":"wp","href":"https:\/\/api.w.org\/{rel}","templated":true}]}}