{"id":15792,"date":"2017-03-29T12:28:08","date_gmt":"2017-03-29T12:28:08","guid":{"rendered":"http:\/\/www.psol50.org.br\/?p=15792"},"modified":"2017-03-29T12:28:08","modified_gmt":"2017-03-29T12:28:08","slug":"aurea-carolina-aborto-nao-pode-ser-crime","status":"publish","type":"post","link":"https:\/\/psol50.org.br\/aurea-carolina-aborto-nao-pode-ser-crime\/","title":{"rendered":"\u00c1urea Carolina | Aborto n\u00e3o pode ser crime"},"content":{"rendered":"<p><em>Artigo publicado originalmente no site do jornal <a href=\"http:\/\/hojeemdia.com.br\/opini%C3%A3o\/colunas\/%C3%A1urea-carolina-1.450485\/aborto-n%C3%A3o-pode-ser-crime-1.454691\" target=\"_blank\" rel=\"noopener\"><span style=\"color: #0000ff;\">Hoje em Dia<\/span><\/a><\/em><\/p>\n<p>O aborto \u00e9 uma realidade na vida das mulheres. Por mais que a criminaliza\u00e7\u00e3o dificulte sua pr\u00e1tica e crie riscos desnecess\u00e1rios para a sa\u00fade das mulheres, centenas de abortos s\u00e3o feitos todos os dias no Brasil. A Pesquisa Nacional do Aborto revela que mais de 500 mil mulheres abortaram em 2015. S\u00e3o mulheres comuns: em geral, jovens, que j\u00e1 tiveram filhos e seguem religi\u00f5es crist\u00e3s. Por alguma raz\u00e3o, decidiram interromper uma gravidez, apesar de condena\u00e7\u00f5es morais e do cerco do sistema penal.<\/p>\n<p>Muitas delas precisaram recorrer a m\u00e9todos inseguros e sofreram graves consequ\u00eancias, principalmente mulheres pobres, negras e ind\u00edgenas, que s\u00e3o as que t\u00eam menos acesso \u00e0s pol\u00edticas p\u00fablicas e est\u00e3o em situa\u00e7\u00e3o de maior vulnerabilidade social. Interna\u00e7\u00f5es hospitalares e mortes maternas por causa de aborto s\u00e3o recorrentes e poderiam ser evitadas se a legisla\u00e7\u00e3o, ao inv\u00e9s de criminalizar um acontecimento t\u00edpico da vida reprodutiva, garantisse condi\u00e7\u00f5es dignas de atendimento das mulheres nos servi\u00e7os de sa\u00fade.<\/p>\n<p>\u00c9 sabido que o aborto \u00e9 um procedimento altamente seguro se realizado de maneira adequada. Em v\u00e1rios pa\u00edses, como Uruguai, Espanha, Alemanha e Mo\u00e7ambique, por exemplo, \u00e9 permitido nas 12 primeiras semanas de gesta\u00e7\u00e3o. Evidentemente, a descriminaliza\u00e7\u00e3o n\u00e3o obriga nenhuma mulher a fazer um aborto, mas afirma o direito fundamental de decis\u00e3o de todas as mulheres sobre os seus pr\u00f3prios corpos.<\/p>\n<p>Diante desse quadro, o Partido Socialismo e Liberdade (PSOL) e a Anis \u2013 Instituto de Bio\u00e9tica protocolaram, no in\u00edcio de mar\u00e7o, uma a\u00e7\u00e3o no Supremo Tribunal Federal contra a criminaliza\u00e7\u00e3o do aborto at\u00e9 a 12\u00aa semana de gravidez, argumentando que os artigos 124 e 126 do C\u00f3digo Penal, de 1940, que tipificam o crime de aborto autoprovocado ou feito por outra pessoa com o consentimento da gestante, s\u00e3o incompat\u00edveis com os princ\u00edpios constitucionais da dignidade da pessoa humana e da cidadania. A a\u00e7\u00e3o ser\u00e1 relatada pela ministra Rosa Weber.<\/p>\n<p>\u00c9 preciso enfrentar os poderes que tentam impedir as mulheres de desenvolverem plena autonomia, para que todas possam existir livres de discrimina\u00e7\u00e3o e qualquer forma de viol\u00eancia. A criminaliza\u00e7\u00e3o do aborto faz parte de uma pol\u00edtica sexual nociva, pautada no medo e na intimida\u00e7\u00e3o, e interdita um debate p\u00fablico honesto sobre as desigualdades de g\u00eanero. Quando deixar de ser crime no Brasil, o aborto continuar\u00e1 sendo o que \u00e9: uma escolha inviol\u00e1vel de foro \u00edntimo, que s\u00f3 a mulher \u00e9 capaz de determinar, e sobre a qual o Estado, a sociedade e as igrejas n\u00e3o podem se impor.<\/p>\n<p>&nbsp;<\/p>\n<p><img loading=\"lazy\" decoding=\"async\" class=\"wp-image-15794 alignleft\" src=\"http:\/\/www.psol50.org.br\/2017teste\/inc\/uploads\/2017\/03\/urea-Carolina.jpg\" alt=\"\" width=\"251\" height=\"321\" \/><\/p>\n<p>&nbsp;<\/p>\n<p>&nbsp;<\/p>\n<p>&nbsp;<\/p>\n<p><span style=\"font-size: 14px;\"><em><strong>\u00c1urea Carolina \u00e9 cientista social, especialista em G\u00eanero e Igualdade, mestre em Ci\u00eancia Pol\u00edtica e vereadora em BH pelo PSOL.<\/strong><\/em><\/span><\/p>\n<p>&nbsp;<\/p>\n<p><em><strong>\u00a0 \u00a0 \u00a0 \u00a0 \u00a0\u00a0<\/strong><\/em><\/p>\n","protected":false},"excerpt":{"rendered":"<p>Artigo publicado originalmente no site do jornal Hoje em Dia O aborto \u00e9 uma realidade na vida das mulheres. Por mais que a criminaliza\u00e7\u00e3o dificulte sua pr\u00e1tica e crie riscos desnecess\u00e1rios para a sa\u00fade das mulheres, centenas de abortos s\u00e3o feitos todos os dias no Brasil. A Pesquisa Nacional do Aborto revela que mais de [&hellip;]<\/p>\n","protected":false},"author":2,"featured_media":15793,"comment_status":"open","ping_status":"open","sticky":false,"template":"","format":"standard","meta":{"_acf_changed":false,"footnotes":""},"categories":[3,1882,6,14],"tags":[824,1311,29,876,979,2574,4,22,1363],"class_list":{"0":"post-15792","1":"post","2":"type-post","3":"status-publish","4":"format-standard","5":"has-post-thumbnail","7":"category-artigos-e-entrevistas","8":"category-brasil","9":"category-noticias","10":"category-partido","11":"tag-aborto","12":"tag-acao","13":"tag-aurea-carolina","14":"tag-belo-horizonte","15":"tag-descriminalizacao","16":"tag-legalizacao","17":"tag-mulheres","18":"tag-psol","19":"tag-vereadora"},"acf":[],"yoast_head":"<!-- This site is optimized with the Yoast SEO plugin v26.5 - https:\/\/yoast.com\/wordpress\/plugins\/seo\/ -->\n<title>\u00c1urea Carolina | Aborto n\u00e3o pode ser crime - PSOL 50<\/title>\n<meta name=\"robots\" content=\"index, follow, max-snippet:-1, max-image-preview:large, max-video-preview:-1\" \/>\n<link rel=\"canonical\" href=\"https:\/\/psol50.org.br\/aurea-carolina-aborto-nao-pode-ser-crime\/\" \/>\n<meta property=\"og:locale\" content=\"pt_BR\" \/>\n<meta property=\"og:type\" content=\"article\" \/>\n<meta property=\"og:title\" content=\"\u00c1urea Carolina | Aborto n\u00e3o pode ser crime - PSOL 50\" \/>\n<meta property=\"og:description\" content=\"Artigo publicado originalmente no site do jornal Hoje em Dia O aborto \u00e9 uma realidade na vida das mulheres. Por mais que a criminaliza\u00e7\u00e3o dificulte sua pr\u00e1tica e crie riscos desnecess\u00e1rios para a sa\u00fade das mulheres, centenas de abortos s\u00e3o feitos todos os dias no Brasil. A Pesquisa Nacional do Aborto revela que mais de [&hellip;]\" \/>\n<meta property=\"og:url\" content=\"https:\/\/psol50.org.br\/aurea-carolina-aborto-nao-pode-ser-crime\/\" \/>\n<meta property=\"og:site_name\" content=\"PSOL 50\" \/>\n<meta property=\"article:publisher\" content=\"https:\/\/www.facebook.com\/psol50\" \/>\n<meta property=\"article:published_time\" content=\"2017-03-29T12:28:08+00:00\" \/>\n<meta property=\"og:image\" content=\"https:\/\/psol50.org.br\/inc\/uploads\/2018\/07\/capa.png\" \/>\n\t<meta property=\"og:image:width\" content=\"1350\" \/>\n\t<meta property=\"og:image:height\" content=\"900\" \/>\n\t<meta property=\"og:image:type\" content=\"image\/png\" \/>\n<meta name=\"author\" content=\"Comunica\u00e7\u00e3o PSOL\" \/>\n<meta name=\"twitter:card\" content=\"summary_large_image\" \/>\n<meta name=\"twitter:creator\" content=\"@psol50\" \/>\n<meta name=\"twitter:site\" content=\"@psol50\" \/>\n<meta name=\"twitter:label1\" content=\"Escrito por\" \/>\n\t<meta name=\"twitter:data1\" content=\"Comunica\u00e7\u00e3o PSOL\" \/>\n\t<meta name=\"twitter:label2\" content=\"Est. tempo de leitura\" \/>\n\t<meta name=\"twitter:data2\" content=\"2 minutos\" \/>\n<script type=\"application\/ld+json\" class=\"yoast-schema-graph\">{\"@context\":\"https:\/\/schema.org\",\"@graph\":[{\"@type\":\"Article\",\"@id\":\"https:\/\/psol50.org.br\/aurea-carolina-aborto-nao-pode-ser-crime\/#article\",\"isPartOf\":{\"@id\":\"https:\/\/psol50.org.br\/aurea-carolina-aborto-nao-pode-ser-crime\/\"},\"author\":{\"name\":\"Comunica\u00e7\u00e3o PSOL\",\"@id\":\"https:\/\/psol50.org.br\/#\/schema\/person\/475dfa57d0b815993c714c2e96491fcd\"},\"headline\":\"\u00c1urea Carolina | Aborto n\u00e3o pode ser crime\",\"datePublished\":\"2017-03-29T12:28:08+00:00\",\"mainEntityOfPage\":{\"@id\":\"https:\/\/psol50.org.br\/aurea-carolina-aborto-nao-pode-ser-crime\/\"},\"wordCount\":488,\"commentCount\":0,\"publisher\":{\"@id\":\"https:\/\/psol50.org.br\/#organization\"},\"image\":{\"@id\":\"https:\/\/psol50.org.br\/aurea-carolina-aborto-nao-pode-ser-crime\/#primaryimage\"},\"thumbnailUrl\":\"\",\"keywords\":[\"aborto\",\"a\u00e7\u00e3o\",\"\u00c1urea Carolina\",\"Belo Horizonte\",\"descriminaliza\u00e7\u00e3o\",\"legaliza\u00e7\u00e3o\",\"mulheres\",\"PSOL\",\"vereadora\"],\"articleSection\":[\"Artigos\",\"Brasil\",\"Not\u00edcias\",\"Partido\"],\"inLanguage\":\"pt-BR\",\"potentialAction\":[{\"@type\":\"CommentAction\",\"name\":\"Comment\",\"target\":[\"https:\/\/psol50.org.br\/aurea-carolina-aborto-nao-pode-ser-crime\/#respond\"]}]},{\"@type\":\"WebPage\",\"@id\":\"https:\/\/psol50.org.br\/aurea-carolina-aborto-nao-pode-ser-crime\/\",\"url\":\"https:\/\/psol50.org.br\/aurea-carolina-aborto-nao-pode-ser-crime\/\",\"name\":\"\u00c1urea Carolina | Aborto n\u00e3o pode ser crime - PSOL 50\",\"isPartOf\":{\"@id\":\"https:\/\/psol50.org.br\/#website\"},\"primaryImageOfPage\":{\"@id\":\"https:\/\/psol50.org.br\/aurea-carolina-aborto-nao-pode-ser-crime\/#primaryimage\"},\"image\":{\"@id\":\"https:\/\/psol50.org.br\/aurea-carolina-aborto-nao-pode-ser-crime\/#primaryimage\"},\"thumbnailUrl\":\"\",\"datePublished\":\"2017-03-29T12:28:08+00:00\",\"breadcrumb\":{\"@id\":\"https:\/\/psol50.org.br\/aurea-carolina-aborto-nao-pode-ser-crime\/#breadcrumb\"},\"inLanguage\":\"pt-BR\",\"potentialAction\":[{\"@type\":\"ReadAction\",\"target\":[\"https:\/\/psol50.org.br\/aurea-carolina-aborto-nao-pode-ser-crime\/\"]}]},{\"@type\":\"ImageObject\",\"inLanguage\":\"pt-BR\",\"@id\":\"https:\/\/psol50.org.br\/aurea-carolina-aborto-nao-pode-ser-crime\/#primaryimage\",\"url\":\"\",\"contentUrl\":\"\"},{\"@type\":\"BreadcrumbList\",\"@id\":\"https:\/\/psol50.org.br\/aurea-carolina-aborto-nao-pode-ser-crime\/#breadcrumb\",\"itemListElement\":[{\"@type\":\"ListItem\",\"position\":1,\"name\":\"In\u00edcio\",\"item\":\"https:\/\/psol50.org.br\/\"},{\"@type\":\"ListItem\",\"position\":2,\"name\":\"\u00c1urea Carolina | Aborto n\u00e3o pode ser crime\"}]},{\"@type\":\"WebSite\",\"@id\":\"https:\/\/psol50.org.br\/#website\",\"url\":\"https:\/\/psol50.org.br\/\",\"name\":\"PSOL 50\",\"description\":\"Site oficial do Partido Socialismo e Liberdade\",\"publisher\":{\"@id\":\"https:\/\/psol50.org.br\/#organization\"},\"alternateName\":\"PSOL50\",\"potentialAction\":[{\"@type\":\"SearchAction\",\"target\":{\"@type\":\"EntryPoint\",\"urlTemplate\":\"https:\/\/psol50.org.br\/?s={search_term_string}\"},\"query-input\":{\"@type\":\"PropertyValueSpecification\",\"valueRequired\":true,\"valueName\":\"search_term_string\"}}],\"inLanguage\":\"pt-BR\"},{\"@type\":\"Organization\",\"@id\":\"https:\/\/psol50.org.br\/#organization\",\"name\":\"PSOL 50\",\"alternateName\":\"PSOL 50\",\"url\":\"https:\/\/psol50.org.br\/\",\"logo\":{\"@type\":\"ImageObject\",\"inLanguage\":\"pt-BR\",\"@id\":\"https:\/\/psol50.org.br\/#\/schema\/logo\/image\/\",\"url\":\"https:\/\/psol50.org.br\/inc\/uploads\/2018\/07\/capa.png\",\"contentUrl\":\"https:\/\/psol50.org.br\/inc\/uploads\/2018\/07\/capa.png\",\"width\":1350,\"height\":900,\"caption\":\"PSOL 50\"},\"image\":{\"@id\":\"https:\/\/psol50.org.br\/#\/schema\/logo\/image\/\"},\"sameAs\":[\"https:\/\/www.facebook.com\/psol50\",\"https:\/\/x.com\/psol50\",\"https:\/\/www.instagram.com\/psol50\/\",\"https:\/\/www.youtube.com\/channel\/UC7SnJS5o1os7a6CaiNabzcg\"]},{\"@type\":\"Person\",\"@id\":\"https:\/\/psol50.org.br\/#\/schema\/person\/475dfa57d0b815993c714c2e96491fcd\",\"name\":\"Comunica\u00e7\u00e3o PSOL\",\"image\":{\"@type\":\"ImageObject\",\"inLanguage\":\"pt-BR\",\"@id\":\"https:\/\/psol50.org.br\/#\/schema\/person\/image\/\",\"url\":\"https:\/\/secure.gravatar.com\/avatar\/b34fc4f4e468a4e51785917065a3db57b841f5c95dba6ad8c73aaf8f66f8f9bf?s=96&d=mm&r=g\",\"contentUrl\":\"https:\/\/secure.gravatar.com\/avatar\/b34fc4f4e468a4e51785917065a3db57b841f5c95dba6ad8c73aaf8f66f8f9bf?s=96&d=mm&r=g\",\"caption\":\"Comunica\u00e7\u00e3o PSOL\"}}]}<\/script>\n<!-- \/ Yoast SEO plugin. -->","yoast_head_json":{"title":"\u00c1urea Carolina | Aborto n\u00e3o pode ser crime - PSOL 50","robots":{"index":"index","follow":"follow","max-snippet":"max-snippet:-1","max-image-preview":"max-image-preview:large","max-video-preview":"max-video-preview:-1"},"canonical":"https:\/\/psol50.org.br\/aurea-carolina-aborto-nao-pode-ser-crime\/","og_locale":"pt_BR","og_type":"article","og_title":"\u00c1urea Carolina | Aborto n\u00e3o pode ser crime - PSOL 50","og_description":"Artigo publicado originalmente no site do jornal Hoje em Dia O aborto \u00e9 uma realidade na vida das mulheres. Por mais que a criminaliza\u00e7\u00e3o dificulte sua pr\u00e1tica e crie riscos desnecess\u00e1rios para a sa\u00fade das mulheres, centenas de abortos s\u00e3o feitos todos os dias no Brasil. A Pesquisa Nacional do Aborto revela que mais de [&hellip;]","og_url":"https:\/\/psol50.org.br\/aurea-carolina-aborto-nao-pode-ser-crime\/","og_site_name":"PSOL 50","article_publisher":"https:\/\/www.facebook.com\/psol50","article_published_time":"2017-03-29T12:28:08+00:00","og_image":[{"width":1350,"height":900,"url":"https:\/\/psol50.org.br\/inc\/uploads\/2018\/07\/capa.png","type":"image\/png"}],"author":"Comunica\u00e7\u00e3o PSOL","twitter_card":"summary_large_image","twitter_creator":"@psol50","twitter_site":"@psol50","twitter_misc":{"Escrito por":"Comunica\u00e7\u00e3o PSOL","Est. tempo de leitura":"2 minutos"},"schema":{"@context":"https:\/\/schema.org","@graph":[{"@type":"Article","@id":"https:\/\/psol50.org.br\/aurea-carolina-aborto-nao-pode-ser-crime\/#article","isPartOf":{"@id":"https:\/\/psol50.org.br\/aurea-carolina-aborto-nao-pode-ser-crime\/"},"author":{"name":"Comunica\u00e7\u00e3o PSOL","@id":"https:\/\/psol50.org.br\/#\/schema\/person\/475dfa57d0b815993c714c2e96491fcd"},"headline":"\u00c1urea Carolina | Aborto n\u00e3o pode ser crime","datePublished":"2017-03-29T12:28:08+00:00","mainEntityOfPage":{"@id":"https:\/\/psol50.org.br\/aurea-carolina-aborto-nao-pode-ser-crime\/"},"wordCount":488,"commentCount":0,"publisher":{"@id":"https:\/\/psol50.org.br\/#organization"},"image":{"@id":"https:\/\/psol50.org.br\/aurea-carolina-aborto-nao-pode-ser-crime\/#primaryimage"},"thumbnailUrl":"","keywords":["aborto","a\u00e7\u00e3o","\u00c1urea Carolina","Belo Horizonte","descriminaliza\u00e7\u00e3o","legaliza\u00e7\u00e3o","mulheres","PSOL","vereadora"],"articleSection":["Artigos","Brasil","Not\u00edcias","Partido"],"inLanguage":"pt-BR","potentialAction":[{"@type":"CommentAction","name":"Comment","target":["https:\/\/psol50.org.br\/aurea-carolina-aborto-nao-pode-ser-crime\/#respond"]}]},{"@type":"WebPage","@id":"https:\/\/psol50.org.br\/aurea-carolina-aborto-nao-pode-ser-crime\/","url":"https:\/\/psol50.org.br\/aurea-carolina-aborto-nao-pode-ser-crime\/","name":"\u00c1urea Carolina | Aborto n\u00e3o pode ser crime - PSOL 50","isPartOf":{"@id":"https:\/\/psol50.org.br\/#website"},"primaryImageOfPage":{"@id":"https:\/\/psol50.org.br\/aurea-carolina-aborto-nao-pode-ser-crime\/#primaryimage"},"image":{"@id":"https:\/\/psol50.org.br\/aurea-carolina-aborto-nao-pode-ser-crime\/#primaryimage"},"thumbnailUrl":"","datePublished":"2017-03-29T12:28:08+00:00","breadcrumb":{"@id":"https:\/\/psol50.org.br\/aurea-carolina-aborto-nao-pode-ser-crime\/#breadcrumb"},"inLanguage":"pt-BR","potentialAction":[{"@type":"ReadAction","target":["https:\/\/psol50.org.br\/aurea-carolina-aborto-nao-pode-ser-crime\/"]}]},{"@type":"ImageObject","inLanguage":"pt-BR","@id":"https:\/\/psol50.org.br\/aurea-carolina-aborto-nao-pode-ser-crime\/#primaryimage","url":"","contentUrl":""},{"@type":"BreadcrumbList","@id":"https:\/\/psol50.org.br\/aurea-carolina-aborto-nao-pode-ser-crime\/#breadcrumb","itemListElement":[{"@type":"ListItem","position":1,"name":"In\u00edcio","item":"https:\/\/psol50.org.br\/"},{"@type":"ListItem","position":2,"name":"\u00c1urea Carolina | Aborto n\u00e3o pode ser crime"}]},{"@type":"WebSite","@id":"https:\/\/psol50.org.br\/#website","url":"https:\/\/psol50.org.br\/","name":"PSOL 50","description":"Site oficial do Partido Socialismo e Liberdade","publisher":{"@id":"https:\/\/psol50.org.br\/#organization"},"alternateName":"PSOL50","potentialAction":[{"@type":"SearchAction","target":{"@type":"EntryPoint","urlTemplate":"https:\/\/psol50.org.br\/?s={search_term_string}"},"query-input":{"@type":"PropertyValueSpecification","valueRequired":true,"valueName":"search_term_string"}}],"inLanguage":"pt-BR"},{"@type":"Organization","@id":"https:\/\/psol50.org.br\/#organization","name":"PSOL 50","alternateName":"PSOL 50","url":"https:\/\/psol50.org.br\/","logo":{"@type":"ImageObject","inLanguage":"pt-BR","@id":"https:\/\/psol50.org.br\/#\/schema\/logo\/image\/","url":"https:\/\/psol50.org.br\/inc\/uploads\/2018\/07\/capa.png","contentUrl":"https:\/\/psol50.org.br\/inc\/uploads\/2018\/07\/capa.png","width":1350,"height":900,"caption":"PSOL 50"},"image":{"@id":"https:\/\/psol50.org.br\/#\/schema\/logo\/image\/"},"sameAs":["https:\/\/www.facebook.com\/psol50","https:\/\/x.com\/psol50","https:\/\/www.instagram.com\/psol50\/","https:\/\/www.youtube.com\/channel\/UC7SnJS5o1os7a6CaiNabzcg"]},{"@type":"Person","@id":"https:\/\/psol50.org.br\/#\/schema\/person\/475dfa57d0b815993c714c2e96491fcd","name":"Comunica\u00e7\u00e3o PSOL","image":{"@type":"ImageObject","inLanguage":"pt-BR","@id":"https:\/\/psol50.org.br\/#\/schema\/person\/image\/","url":"https:\/\/secure.gravatar.com\/avatar\/b34fc4f4e468a4e51785917065a3db57b841f5c95dba6ad8c73aaf8f66f8f9bf?s=96&d=mm&r=g","contentUrl":"https:\/\/secure.gravatar.com\/avatar\/b34fc4f4e468a4e51785917065a3db57b841f5c95dba6ad8c73aaf8f66f8f9bf?s=96&d=mm&r=g","caption":"Comunica\u00e7\u00e3o PSOL"}}]}},"_links":{"self":[{"href":"https:\/\/psol50.org.br\/rest\/wp\/v2\/posts\/15792","targetHints":{"allow":["GET"]}}],"collection":[{"href":"https:\/\/psol50.org.br\/rest\/wp\/v2\/posts"}],"about":[{"href":"https:\/\/psol50.org.br\/rest\/wp\/v2\/types\/post"}],"author":[{"embeddable":true,"href":"https:\/\/psol50.org.br\/rest\/wp\/v2\/users\/2"}],"replies":[{"embeddable":true,"href":"https:\/\/psol50.org.br\/rest\/wp\/v2\/comments?post=15792"}],"version-history":[{"count":0,"href":"https:\/\/psol50.org.br\/rest\/wp\/v2\/posts\/15792\/revisions"}],"wp:featuredmedia":[{"embeddable":true,"href":"https:\/\/psol50.org.br\/rest\/"}],"wp:attachment":[{"href":"https:\/\/psol50.org.br\/rest\/wp\/v2\/media?parent=15792"}],"wp:term":[{"taxonomy":"category","embeddable":true,"href":"https:\/\/psol50.org.br\/rest\/wp\/v2\/categories?post=15792"},{"taxonomy":"post_tag","embeddable":true,"href":"https:\/\/psol50.org.br\/rest\/wp\/v2\/tags?post=15792"}],"curies":[{"name":"wp","href":"https:\/\/api.w.org\/{rel}","templated":true}]}}