{"id":15804,"date":"2017-03-29T13:49:05","date_gmt":"2017-03-29T13:49:05","guid":{"rendered":"http:\/\/www.psol50.org.br\/?p=15804"},"modified":"2017-03-29T13:49:05","modified_gmt":"2017-03-29T13:49:05","slug":"lider-afirma-que-o-pais-nao-vai-aceitar-desmonte-da-previdencia-e-questiona-aprovacao-do-pl-4302","status":"publish","type":"post","link":"https:\/\/psol50.org.br\/lider-afirma-que-o-pais-nao-vai-aceitar-desmonte-da-previdencia-e-questiona-aprovacao-do-pl-4302\/","title":{"rendered":"L\u00edder afirma que o pa\u00eds n\u00e3o vai aceitar desmonte da Previd\u00eancia e questiona aprova\u00e7\u00e3o do PL 4302"},"content":{"rendered":"<p>Em pronunciamento nesta ter\u00e7a-feira (28\/03) no plen\u00e1rio da C\u00e2mara, o l\u00edder do PSOL, deputado Glauber Braga, reafirmou a posi\u00e7\u00e3o do partido contr\u00e1ria \u00e0 Proposta de Emenda \u00e0 Constitui\u00e7\u00e3o n\u00ba 287\/2016, que trata da reforma da Previd\u00eancia, e tamb\u00e9m criticou os projetos que amea\u00e7am os direitos, em especial o PL da terceiriza\u00e7\u00e3o (PL 4302\/98), aprovado na semana passada. De acordo com Glauber, os movimentos sociais e entidades sindicais de trabalhadores v\u00e3o continuar reagindo e n\u00e3o v\u00e3o deixar o governo acabar com a aposentadoria e com os direitos trabalhistas.<\/p>\n<p>\u201cA esperan\u00e7a vem nas rea\u00e7\u00f5es. Parlamentares pedindo desculpa pelo voto que deram aqui na terceiriza\u00e7\u00e3o, j\u00e1 dizendo que voltariam atr\u00e1s numa futura vota\u00e7\u00e3o e o n\u00famero de parlamentares que votaram sim, de 230, j\u00e1 demonstra que a press\u00e3o popular que aconteceu no dia 15, que est\u00e1 se intensificando por todo o Brasil e que vai se ampliar muito para o dia 31 vai fazer com que a gente enterre a reforma da Previd\u00eancia de Temer, que na verdade \u00e9 um desmonte da previd\u00eancia p\u00fablica no nosso pa\u00eds\u201d, pontuou.<\/p>\n<p>O l\u00edder do PSOL informou, ainda, que a bancada do partido deve entrar, em breve, com um Mandado de Seguran\u00e7a no Supremo Tribunal Federal (STF), questionando os ritos de tramita\u00e7\u00e3o que n\u00e3o foram cumpridos pelo presidente da C\u00e2mara, deputado Rodrigo Maia (DEM-RJ), para votar o PL 4302\/98.<\/p>\n<p>\u201cExistiu uma decis\u00e3o da Ctasp (Comiss\u00e3o de Trabalho e Administra\u00e7\u00e3o P\u00fablica), que n\u00e3o foi respeitada na vota\u00e7\u00e3o em plen\u00e1rio. A rea\u00e7\u00e3o no Brasil \u00e9 fort\u00edssima. Eu tenho certeza que os parlamentares que votaram a favor dessa terceiriza\u00e7\u00e3o total e irrestrita foram cobrados nos seus estados de origem por terem votado contra os trabalhadores\u201d, explicou.<\/p>\n<p>Confira, abaixo, a fala do l\u00edder.<\/p>\n<p>https:\/\/www.facebook.com\/psolnacamara\/videos\/1058210320949865\/<\/p>\n","protected":false},"excerpt":{"rendered":"<p>Em pronunciamento nesta ter\u00e7a-feira (28\/03) no plen\u00e1rio da C\u00e2mara, o l\u00edder do PSOL, deputado Glauber Braga, reafirmou a posi\u00e7\u00e3o do partido contr\u00e1ria \u00e0 Proposta de Emenda \u00e0 Constitui\u00e7\u00e3o n\u00ba 287\/2016, que trata da reforma da Previd\u00eancia, e tamb\u00e9m criticou os projetos que amea\u00e7am os direitos, em especial o PL da terceiriza\u00e7\u00e3o (PL 4302\/98), aprovado na [&hellip;]<\/p>\n","protected":false},"author":2,"featured_media":15808,"comment_status":"open","ping_status":"open","sticky":false,"template":"","format":"standard","meta":{"_acf_changed":false,"footnotes":""},"categories":[10,1882,6],"tags":[2203,1191,3009,1318,2831,3010,39,64,45,2949],"class_list":{"0":"post-15804","1":"post","2":"type-post","3":"status-publish","4":"format-standard","5":"has-post-thumbnail","7":"category-acao-parlamentares","8":"category-brasil","9":"category-noticias","10":"tag-desmonte","11":"tag-glauber-braga","12":"tag-lider-do-psol","13":"tag-mandado-de-seguranca","14":"tag-pec-2872016","15":"tag-pl-430298","16":"tag-reforma-da-previdencia","17":"tag-rodrigo-maia","18":"tag-stf","19":"tag-terceirizacao"},"acf":[],"yoast_head":"<!-- This site is optimized with the Yoast SEO plugin v26.5 - https:\/\/yoast.com\/wordpress\/plugins\/seo\/ -->\n<title>L\u00edder afirma que o pa\u00eds n\u00e3o vai aceitar desmonte da Previd\u00eancia e questiona aprova\u00e7\u00e3o do PL 4302 - PSOL 50<\/title>\n<meta name=\"robots\" content=\"index, follow, max-snippet:-1, max-image-preview:large, max-video-preview:-1\" \/>\n<link rel=\"canonical\" href=\"https:\/\/psol50.org.br\/lider-afirma-que-o-pais-nao-vai-aceitar-desmonte-da-previdencia-e-questiona-aprovacao-do-pl-4302\/\" \/>\n<meta property=\"og:locale\" content=\"pt_BR\" \/>\n<meta property=\"og:type\" content=\"article\" \/>\n<meta property=\"og:title\" content=\"L\u00edder afirma que o pa\u00eds n\u00e3o vai aceitar desmonte da Previd\u00eancia e questiona aprova\u00e7\u00e3o do PL 4302 - PSOL 50\" \/>\n<meta property=\"og:description\" content=\"Em pronunciamento nesta ter\u00e7a-feira (28\/03) no plen\u00e1rio da C\u00e2mara, o l\u00edder do PSOL, deputado Glauber Braga, reafirmou a posi\u00e7\u00e3o do partido contr\u00e1ria \u00e0 Proposta de Emenda \u00e0 Constitui\u00e7\u00e3o n\u00ba 287\/2016, que trata da reforma da Previd\u00eancia, e tamb\u00e9m criticou os projetos que amea\u00e7am os direitos, em especial o PL da terceiriza\u00e7\u00e3o (PL 4302\/98), aprovado na [&hellip;]\" \/>\n<meta property=\"og:url\" content=\"https:\/\/psol50.org.br\/lider-afirma-que-o-pais-nao-vai-aceitar-desmonte-da-previdencia-e-questiona-aprovacao-do-pl-4302\/\" \/>\n<meta property=\"og:site_name\" content=\"PSOL 50\" \/>\n<meta property=\"article:publisher\" content=\"https:\/\/www.facebook.com\/psol50\" \/>\n<meta property=\"article:published_time\" content=\"2017-03-29T13:49:05+00:00\" \/>\n<meta property=\"og:image\" content=\"https:\/\/psol50.org.br\/inc\/uploads\/2017\/03\/GlauberBraga_ZecaRibeiro_CD.jpg\" \/>\n\t<meta property=\"og:image:width\" content=\"672\" \/>\n\t<meta property=\"og:image:height\" content=\"440\" \/>\n\t<meta property=\"og:image:type\" content=\"image\/jpeg\" \/>\n<meta name=\"author\" content=\"Comunica\u00e7\u00e3o PSOL\" \/>\n<meta name=\"twitter:card\" content=\"summary_large_image\" \/>\n<meta name=\"twitter:creator\" content=\"@psol50\" \/>\n<meta name=\"twitter:site\" content=\"@psol50\" \/>\n<meta name=\"twitter:label1\" content=\"Escrito por\" \/>\n\t<meta name=\"twitter:data1\" content=\"Comunica\u00e7\u00e3o PSOL\" \/>\n\t<meta name=\"twitter:label2\" content=\"Est. tempo de leitura\" \/>\n\t<meta name=\"twitter:data2\" content=\"2 minutos\" \/>\n<script type=\"application\/ld+json\" class=\"yoast-schema-graph\">{\"@context\":\"https:\/\/schema.org\",\"@graph\":[{\"@type\":\"Article\",\"@id\":\"https:\/\/psol50.org.br\/lider-afirma-que-o-pais-nao-vai-aceitar-desmonte-da-previdencia-e-questiona-aprovacao-do-pl-4302\/#article\",\"isPartOf\":{\"@id\":\"https:\/\/psol50.org.br\/lider-afirma-que-o-pais-nao-vai-aceitar-desmonte-da-previdencia-e-questiona-aprovacao-do-pl-4302\/\"},\"author\":{\"name\":\"Comunica\u00e7\u00e3o PSOL\",\"@id\":\"https:\/\/psol50.org.br\/#\/schema\/person\/475dfa57d0b815993c714c2e96491fcd\"},\"headline\":\"L\u00edder afirma que o pa\u00eds n\u00e3o vai aceitar desmonte da Previd\u00eancia e questiona aprova\u00e7\u00e3o do PL 4302\",\"datePublished\":\"2017-03-29T13:49:05+00:00\",\"mainEntityOfPage\":{\"@id\":\"https:\/\/psol50.org.br\/lider-afirma-que-o-pais-nao-vai-aceitar-desmonte-da-previdencia-e-questiona-aprovacao-do-pl-4302\/\"},\"wordCount\":339,\"commentCount\":0,\"publisher\":{\"@id\":\"https:\/\/psol50.org.br\/#organization\"},\"image\":{\"@id\":\"https:\/\/psol50.org.br\/lider-afirma-que-o-pais-nao-vai-aceitar-desmonte-da-previdencia-e-questiona-aprovacao-do-pl-4302\/#primaryimage\"},\"thumbnailUrl\":\"https:\/\/psol50.org.br\/inc\/uploads\/2017\/03\/GlauberBraga_ZecaRibeiro_CD.jpg\",\"keywords\":[\"desmonte\",\"Glauber Braga\",\"l\u00edder do PSOL\",\"mandado de seguran\u00e7a\",\"PEC 287\/2016\",\"PL 4302\/98\",\"reforma da previd\u00eancia\",\"Rodrigo Maia\",\"STF\",\"terceiriza\u00e7\u00e3o\"],\"articleSection\":[\"A\u00e7\u00e3o Parlamentar\",\"Brasil\",\"Not\u00edcias\"],\"inLanguage\":\"pt-BR\",\"potentialAction\":[{\"@type\":\"CommentAction\",\"name\":\"Comment\",\"target\":[\"https:\/\/psol50.org.br\/lider-afirma-que-o-pais-nao-vai-aceitar-desmonte-da-previdencia-e-questiona-aprovacao-do-pl-4302\/#respond\"]}]},{\"@type\":\"WebPage\",\"@id\":\"https:\/\/psol50.org.br\/lider-afirma-que-o-pais-nao-vai-aceitar-desmonte-da-previdencia-e-questiona-aprovacao-do-pl-4302\/\",\"url\":\"https:\/\/psol50.org.br\/lider-afirma-que-o-pais-nao-vai-aceitar-desmonte-da-previdencia-e-questiona-aprovacao-do-pl-4302\/\",\"name\":\"L\u00edder afirma que o pa\u00eds n\u00e3o vai aceitar desmonte da Previd\u00eancia e questiona aprova\u00e7\u00e3o do PL 4302 - PSOL 50\",\"isPartOf\":{\"@id\":\"https:\/\/psol50.org.br\/#website\"},\"primaryImageOfPage\":{\"@id\":\"https:\/\/psol50.org.br\/lider-afirma-que-o-pais-nao-vai-aceitar-desmonte-da-previdencia-e-questiona-aprovacao-do-pl-4302\/#primaryimage\"},\"image\":{\"@id\":\"https:\/\/psol50.org.br\/lider-afirma-que-o-pais-nao-vai-aceitar-desmonte-da-previdencia-e-questiona-aprovacao-do-pl-4302\/#primaryimage\"},\"thumbnailUrl\":\"https:\/\/psol50.org.br\/inc\/uploads\/2017\/03\/GlauberBraga_ZecaRibeiro_CD.jpg\",\"datePublished\":\"2017-03-29T13:49:05+00:00\",\"breadcrumb\":{\"@id\":\"https:\/\/psol50.org.br\/lider-afirma-que-o-pais-nao-vai-aceitar-desmonte-da-previdencia-e-questiona-aprovacao-do-pl-4302\/#breadcrumb\"},\"inLanguage\":\"pt-BR\",\"potentialAction\":[{\"@type\":\"ReadAction\",\"target\":[\"https:\/\/psol50.org.br\/lider-afirma-que-o-pais-nao-vai-aceitar-desmonte-da-previdencia-e-questiona-aprovacao-do-pl-4302\/\"]}]},{\"@type\":\"ImageObject\",\"inLanguage\":\"pt-BR\",\"@id\":\"https:\/\/psol50.org.br\/lider-afirma-que-o-pais-nao-vai-aceitar-desmonte-da-previdencia-e-questiona-aprovacao-do-pl-4302\/#primaryimage\",\"url\":\"https:\/\/psol50.org.br\/inc\/uploads\/2017\/03\/GlauberBraga_ZecaRibeiro_CD.jpg\",\"contentUrl\":\"https:\/\/psol50.org.br\/inc\/uploads\/2017\/03\/GlauberBraga_ZecaRibeiro_CD.jpg\",\"width\":672,\"height\":440},{\"@type\":\"BreadcrumbList\",\"@id\":\"https:\/\/psol50.org.br\/lider-afirma-que-o-pais-nao-vai-aceitar-desmonte-da-previdencia-e-questiona-aprovacao-do-pl-4302\/#breadcrumb\",\"itemListElement\":[{\"@type\":\"ListItem\",\"position\":1,\"name\":\"In\u00edcio\",\"item\":\"https:\/\/psol50.org.br\/\"},{\"@type\":\"ListItem\",\"position\":2,\"name\":\"L\u00edder afirma que o pa\u00eds n\u00e3o vai aceitar desmonte da Previd\u00eancia e questiona aprova\u00e7\u00e3o do PL 4302\"}]},{\"@type\":\"WebSite\",\"@id\":\"https:\/\/psol50.org.br\/#website\",\"url\":\"https:\/\/psol50.org.br\/\",\"name\":\"PSOL 50\",\"description\":\"Site oficial do Partido Socialismo e Liberdade\",\"publisher\":{\"@id\":\"https:\/\/psol50.org.br\/#organization\"},\"alternateName\":\"PSOL50\",\"potentialAction\":[{\"@type\":\"SearchAction\",\"target\":{\"@type\":\"EntryPoint\",\"urlTemplate\":\"https:\/\/psol50.org.br\/?s={search_term_string}\"},\"query-input\":{\"@type\":\"PropertyValueSpecification\",\"valueRequired\":true,\"valueName\":\"search_term_string\"}}],\"inLanguage\":\"pt-BR\"},{\"@type\":\"Organization\",\"@id\":\"https:\/\/psol50.org.br\/#organization\",\"name\":\"PSOL 50\",\"alternateName\":\"PSOL 50\",\"url\":\"https:\/\/psol50.org.br\/\",\"logo\":{\"@type\":\"ImageObject\",\"inLanguage\":\"pt-BR\",\"@id\":\"https:\/\/psol50.org.br\/#\/schema\/logo\/image\/\",\"url\":\"https:\/\/psol50.org.br\/inc\/uploads\/2018\/07\/capa.png\",\"contentUrl\":\"https:\/\/psol50.org.br\/inc\/uploads\/2018\/07\/capa.png\",\"width\":1350,\"height\":900,\"caption\":\"PSOL 50\"},\"image\":{\"@id\":\"https:\/\/psol50.org.br\/#\/schema\/logo\/image\/\"},\"sameAs\":[\"https:\/\/www.facebook.com\/psol50\",\"https:\/\/x.com\/psol50\",\"https:\/\/www.instagram.com\/psol50\/\",\"https:\/\/www.youtube.com\/channel\/UC7SnJS5o1os7a6CaiNabzcg\"]},{\"@type\":\"Person\",\"@id\":\"https:\/\/psol50.org.br\/#\/schema\/person\/475dfa57d0b815993c714c2e96491fcd\",\"name\":\"Comunica\u00e7\u00e3o PSOL\",\"image\":{\"@type\":\"ImageObject\",\"inLanguage\":\"pt-BR\",\"@id\":\"https:\/\/psol50.org.br\/#\/schema\/person\/image\/\",\"url\":\"https:\/\/secure.gravatar.com\/avatar\/b34fc4f4e468a4e51785917065a3db57b841f5c95dba6ad8c73aaf8f66f8f9bf?s=96&d=mm&r=g\",\"contentUrl\":\"https:\/\/secure.gravatar.com\/avatar\/b34fc4f4e468a4e51785917065a3db57b841f5c95dba6ad8c73aaf8f66f8f9bf?s=96&d=mm&r=g\",\"caption\":\"Comunica\u00e7\u00e3o PSOL\"}}]}<\/script>\n<!-- \/ Yoast SEO plugin. -->","yoast_head_json":{"title":"L\u00edder afirma que o pa\u00eds n\u00e3o vai aceitar desmonte da Previd\u00eancia e questiona aprova\u00e7\u00e3o do PL 4302 - PSOL 50","robots":{"index":"index","follow":"follow","max-snippet":"max-snippet:-1","max-image-preview":"max-image-preview:large","max-video-preview":"max-video-preview:-1"},"canonical":"https:\/\/psol50.org.br\/lider-afirma-que-o-pais-nao-vai-aceitar-desmonte-da-previdencia-e-questiona-aprovacao-do-pl-4302\/","og_locale":"pt_BR","og_type":"article","og_title":"L\u00edder afirma que o pa\u00eds n\u00e3o vai aceitar desmonte da Previd\u00eancia e questiona aprova\u00e7\u00e3o do PL 4302 - PSOL 50","og_description":"Em pronunciamento nesta ter\u00e7a-feira (28\/03) no plen\u00e1rio da C\u00e2mara, o l\u00edder do PSOL, deputado Glauber Braga, reafirmou a posi\u00e7\u00e3o do partido contr\u00e1ria \u00e0 Proposta de Emenda \u00e0 Constitui\u00e7\u00e3o n\u00ba 287\/2016, que trata da reforma da Previd\u00eancia, e tamb\u00e9m criticou os projetos que amea\u00e7am os direitos, em especial o PL da terceiriza\u00e7\u00e3o (PL 4302\/98), aprovado na [&hellip;]","og_url":"https:\/\/psol50.org.br\/lider-afirma-que-o-pais-nao-vai-aceitar-desmonte-da-previdencia-e-questiona-aprovacao-do-pl-4302\/","og_site_name":"PSOL 50","article_publisher":"https:\/\/www.facebook.com\/psol50","article_published_time":"2017-03-29T13:49:05+00:00","og_image":[{"width":672,"height":440,"url":"https:\/\/psol50.org.br\/inc\/uploads\/2017\/03\/GlauberBraga_ZecaRibeiro_CD.jpg","type":"image\/jpeg"}],"author":"Comunica\u00e7\u00e3o PSOL","twitter_card":"summary_large_image","twitter_creator":"@psol50","twitter_site":"@psol50","twitter_misc":{"Escrito por":"Comunica\u00e7\u00e3o PSOL","Est. tempo de leitura":"2 minutos"},"schema":{"@context":"https:\/\/schema.org","@graph":[{"@type":"Article","@id":"https:\/\/psol50.org.br\/lider-afirma-que-o-pais-nao-vai-aceitar-desmonte-da-previdencia-e-questiona-aprovacao-do-pl-4302\/#article","isPartOf":{"@id":"https:\/\/psol50.org.br\/lider-afirma-que-o-pais-nao-vai-aceitar-desmonte-da-previdencia-e-questiona-aprovacao-do-pl-4302\/"},"author":{"name":"Comunica\u00e7\u00e3o PSOL","@id":"https:\/\/psol50.org.br\/#\/schema\/person\/475dfa57d0b815993c714c2e96491fcd"},"headline":"L\u00edder afirma que o pa\u00eds n\u00e3o vai aceitar desmonte da Previd\u00eancia e questiona aprova\u00e7\u00e3o do PL 4302","datePublished":"2017-03-29T13:49:05+00:00","mainEntityOfPage":{"@id":"https:\/\/psol50.org.br\/lider-afirma-que-o-pais-nao-vai-aceitar-desmonte-da-previdencia-e-questiona-aprovacao-do-pl-4302\/"},"wordCount":339,"commentCount":0,"publisher":{"@id":"https:\/\/psol50.org.br\/#organization"},"image":{"@id":"https:\/\/psol50.org.br\/lider-afirma-que-o-pais-nao-vai-aceitar-desmonte-da-previdencia-e-questiona-aprovacao-do-pl-4302\/#primaryimage"},"thumbnailUrl":"https:\/\/psol50.org.br\/inc\/uploads\/2017\/03\/GlauberBraga_ZecaRibeiro_CD.jpg","keywords":["desmonte","Glauber Braga","l\u00edder do PSOL","mandado de seguran\u00e7a","PEC 287\/2016","PL 4302\/98","reforma da previd\u00eancia","Rodrigo Maia","STF","terceiriza\u00e7\u00e3o"],"articleSection":["A\u00e7\u00e3o Parlamentar","Brasil","Not\u00edcias"],"inLanguage":"pt-BR","potentialAction":[{"@type":"CommentAction","name":"Comment","target":["https:\/\/psol50.org.br\/lider-afirma-que-o-pais-nao-vai-aceitar-desmonte-da-previdencia-e-questiona-aprovacao-do-pl-4302\/#respond"]}]},{"@type":"WebPage","@id":"https:\/\/psol50.org.br\/lider-afirma-que-o-pais-nao-vai-aceitar-desmonte-da-previdencia-e-questiona-aprovacao-do-pl-4302\/","url":"https:\/\/psol50.org.br\/lider-afirma-que-o-pais-nao-vai-aceitar-desmonte-da-previdencia-e-questiona-aprovacao-do-pl-4302\/","name":"L\u00edder afirma que o pa\u00eds n\u00e3o vai aceitar desmonte da Previd\u00eancia e questiona aprova\u00e7\u00e3o do PL 4302 - PSOL 50","isPartOf":{"@id":"https:\/\/psol50.org.br\/#website"},"primaryImageOfPage":{"@id":"https:\/\/psol50.org.br\/lider-afirma-que-o-pais-nao-vai-aceitar-desmonte-da-previdencia-e-questiona-aprovacao-do-pl-4302\/#primaryimage"},"image":{"@id":"https:\/\/psol50.org.br\/lider-afirma-que-o-pais-nao-vai-aceitar-desmonte-da-previdencia-e-questiona-aprovacao-do-pl-4302\/#primaryimage"},"thumbnailUrl":"https:\/\/psol50.org.br\/inc\/uploads\/2017\/03\/GlauberBraga_ZecaRibeiro_CD.jpg","datePublished":"2017-03-29T13:49:05+00:00","breadcrumb":{"@id":"https:\/\/psol50.org.br\/lider-afirma-que-o-pais-nao-vai-aceitar-desmonte-da-previdencia-e-questiona-aprovacao-do-pl-4302\/#breadcrumb"},"inLanguage":"pt-BR","potentialAction":[{"@type":"ReadAction","target":["https:\/\/psol50.org.br\/lider-afirma-que-o-pais-nao-vai-aceitar-desmonte-da-previdencia-e-questiona-aprovacao-do-pl-4302\/"]}]},{"@type":"ImageObject","inLanguage":"pt-BR","@id":"https:\/\/psol50.org.br\/lider-afirma-que-o-pais-nao-vai-aceitar-desmonte-da-previdencia-e-questiona-aprovacao-do-pl-4302\/#primaryimage","url":"https:\/\/psol50.org.br\/inc\/uploads\/2017\/03\/GlauberBraga_ZecaRibeiro_CD.jpg","contentUrl":"https:\/\/psol50.org.br\/inc\/uploads\/2017\/03\/GlauberBraga_ZecaRibeiro_CD.jpg","width":672,"height":440},{"@type":"BreadcrumbList","@id":"https:\/\/psol50.org.br\/lider-afirma-que-o-pais-nao-vai-aceitar-desmonte-da-previdencia-e-questiona-aprovacao-do-pl-4302\/#breadcrumb","itemListElement":[{"@type":"ListItem","position":1,"name":"In\u00edcio","item":"https:\/\/psol50.org.br\/"},{"@type":"ListItem","position":2,"name":"L\u00edder afirma que o pa\u00eds n\u00e3o vai aceitar desmonte da Previd\u00eancia e questiona aprova\u00e7\u00e3o do PL 4302"}]},{"@type":"WebSite","@id":"https:\/\/psol50.org.br\/#website","url":"https:\/\/psol50.org.br\/","name":"PSOL 50","description":"Site oficial do Partido Socialismo e Liberdade","publisher":{"@id":"https:\/\/psol50.org.br\/#organization"},"alternateName":"PSOL50","potentialAction":[{"@type":"SearchAction","target":{"@type":"EntryPoint","urlTemplate":"https:\/\/psol50.org.br\/?s={search_term_string}"},"query-input":{"@type":"PropertyValueSpecification","valueRequired":true,"valueName":"search_term_string"}}],"inLanguage":"pt-BR"},{"@type":"Organization","@id":"https:\/\/psol50.org.br\/#organization","name":"PSOL 50","alternateName":"PSOL 50","url":"https:\/\/psol50.org.br\/","logo":{"@type":"ImageObject","inLanguage":"pt-BR","@id":"https:\/\/psol50.org.br\/#\/schema\/logo\/image\/","url":"https:\/\/psol50.org.br\/inc\/uploads\/2018\/07\/capa.png","contentUrl":"https:\/\/psol50.org.br\/inc\/uploads\/2018\/07\/capa.png","width":1350,"height":900,"caption":"PSOL 50"},"image":{"@id":"https:\/\/psol50.org.br\/#\/schema\/logo\/image\/"},"sameAs":["https:\/\/www.facebook.com\/psol50","https:\/\/x.com\/psol50","https:\/\/www.instagram.com\/psol50\/","https:\/\/www.youtube.com\/channel\/UC7SnJS5o1os7a6CaiNabzcg"]},{"@type":"Person","@id":"https:\/\/psol50.org.br\/#\/schema\/person\/475dfa57d0b815993c714c2e96491fcd","name":"Comunica\u00e7\u00e3o PSOL","image":{"@type":"ImageObject","inLanguage":"pt-BR","@id":"https:\/\/psol50.org.br\/#\/schema\/person\/image\/","url":"https:\/\/secure.gravatar.com\/avatar\/b34fc4f4e468a4e51785917065a3db57b841f5c95dba6ad8c73aaf8f66f8f9bf?s=96&d=mm&r=g","contentUrl":"https:\/\/secure.gravatar.com\/avatar\/b34fc4f4e468a4e51785917065a3db57b841f5c95dba6ad8c73aaf8f66f8f9bf?s=96&d=mm&r=g","caption":"Comunica\u00e7\u00e3o PSOL"}}]}},"_links":{"self":[{"href":"https:\/\/psol50.org.br\/rest\/wp\/v2\/posts\/15804","targetHints":{"allow":["GET"]}}],"collection":[{"href":"https:\/\/psol50.org.br\/rest\/wp\/v2\/posts"}],"about":[{"href":"https:\/\/psol50.org.br\/rest\/wp\/v2\/types\/post"}],"author":[{"embeddable":true,"href":"https:\/\/psol50.org.br\/rest\/wp\/v2\/users\/2"}],"replies":[{"embeddable":true,"href":"https:\/\/psol50.org.br\/rest\/wp\/v2\/comments?post=15804"}],"version-history":[{"count":0,"href":"https:\/\/psol50.org.br\/rest\/wp\/v2\/posts\/15804\/revisions"}],"wp:featuredmedia":[{"embeddable":true,"href":"https:\/\/psol50.org.br\/rest\/wp\/v2\/media\/15808"}],"wp:attachment":[{"href":"https:\/\/psol50.org.br\/rest\/wp\/v2\/media?parent=15804"}],"wp:term":[{"taxonomy":"category","embeddable":true,"href":"https:\/\/psol50.org.br\/rest\/wp\/v2\/categories?post=15804"},{"taxonomy":"post_tag","embeddable":true,"href":"https:\/\/psol50.org.br\/rest\/wp\/v2\/tags?post=15804"}],"curies":[{"name":"wp","href":"https:\/\/api.w.org\/{rel}","templated":true}]}}