{"id":1581,"date":"2011-07-06T00:00:00","date_gmt":"2011-07-06T00:00:00","guid":{"rendered":"http:\/\/psol50.org.br\/arquivo\/2011\/07\/06\/nota-do-nucleo-de-mulheres-do-psol-ceara-em-defesa-do-mandato-de-joao-alfredo\/"},"modified":"2011-07-06T00:00:00","modified_gmt":"2011-07-06T00:00:00","slug":"nota-do-nucleo-de-mulheres-do-psol-ceara-em-defesa-do-mandato-de-joao-alfredo","status":"publish","type":"post","link":"https:\/\/psol50.org.br\/nota-do-nucleo-de-mulheres-do-psol-ceara-em-defesa-do-mandato-de-joao-alfredo\/","title":{"rendered":"Nota do N\u00facleo de Mulheres do PSOL-Cear\u00e1 em defesa do mandato de Jo\u00e3o Alfredo"},"content":{"rendered":"<p><strong><a rel=\"attachment wp-att-9204\" href=\"http:\/\/psol50.org.br\/blog\/2011\/07\/06\/nota-do-nucleo-de-mulheres-do-psol-ceara-em-defesa-do-mandato-de-joao-alfredo\/vereadorjoaoalfredo1a\/\"><img loading=\"lazy\" decoding=\"async\" class=\"alignleft size-medium wp-image-9204\" src=\"http:\/\/psol50.org.br\/files\/2011\/07\/VereadorJo\u00e3oAlfredo1a-300x225.jpg\" alt=\"\" width=\"300\" height=\"225\" \/><\/a>Em resposta \u00e0s acusa\u00e7\u00f5es de Geraldo Accioly &#8211; Coordenador de Projetos Especiais da Prefeitura de Fortaleza.<\/strong><\/p>\n<p>Ao longo dos anos, o PT vem passando por um processo de transformismo que se revela nas pol\u00edticas que implementa; nas alian\u00e7as que constitui e nos modos como encara as mobiliza\u00e7\u00f5es sociais.<\/p>\n<p>Em Fortaleza, a forma como conduz a pol\u00edtica e trata setores que reivindicam, de forma leg\u00edtima, melhores condi\u00e7\u00f5es de trabalho e de vida vem causando estranhamento \u00e0 popula\u00e7\u00e3o. Como se n\u00e3o bastasse a repress\u00e3o dos trabalhadores\/as da educa\u00e7\u00e3o levada a cabo por uma Guarda Municipal que foi militarizada durante a administra\u00e7\u00e3o petista, recentemente o <em>Sr. Geraldo Accioly, Coordenador de Projetos Especiais da Prefeitura Municipal de Fortaleza, afirmou, atrav\u00e9s de uma resposta pouco pol\u00edtica \u00e0s cr\u00edticas proferidas pelo vereador do PSOL, Jo\u00e3o Alfredo, em rela\u00e7\u00e3o ao andamento da constru\u00e7\u00e3o do Hospital da Mulher, que quem questiona a obra \u201ctem \u00f3dio \u00e0s mulheres, que n\u00e3o quer deixar a gente trabalhar.\u201d, conforme noticiou o jornal O POVO online e o Blog do Eliomar de Lima.<\/em><\/p>\n<p>N\u00f3s, feministas, integrantes do N\u00facleo de Mulheres Rosa Luxembrugo, do PSOL\u2013CE, esclarecemos e ressaltamos que o Mandato Ecos da Cidade, do Vereador Jo\u00e3o Alfredo do PSOL-CE sempre esteve a lado da luta e em defesa de pol\u00edticas p\u00fablicas que ampliem e consolidem a cidadania das mulheres, melhorem a qualidade de vida e de sa\u00fade, que garantam a universalidade do acesso aos programas e pol\u00edticas sociais, bem como o seu controle social.<\/p>\n<p>O requerimento do mandato Ecos da Cidade do PSOL, de autoria do Vereador Jo\u00e3o Alfredo, exercendo o papel de fiscalizador das pol\u00edticas p\u00fablicas do munic\u00edpio, solicitou que a Prefeitura de Fortaleza e a Secretaria de Meio Ambiente e Controle Urbano (SEMAM) prestassem informa\u00e7\u00f5es publicamente no Plen\u00e1rio da C\u00e2mara dos Vereadores, no prazo de 15 dias, sobre o repasse dos recursos para a constru\u00e7\u00e3o do Hospital da Mulher, o atraso das obras e a aus\u00eancia do projeto e da documenta\u00e7\u00e3o da \u00e1rea de interven\u00e7\u00e3o (licenciamento ambiental), ambos n\u00e3o apresentados ao Minist\u00e9rio da Sa\u00fade.<\/p>\n<p>Nesse sentido, nossa luta vai ao encontro de reivindicar pol\u00edticas que reconhe\u00e7am e minimizem as desigualdades entre mulheres e homens e que possam se ampliar para um acompanhamento integral que contemple todos os ciclos de vida, grupos populacionais e necessidades de sa\u00fade da popula\u00e7\u00e3o feminina visando \u00e0 melhoria das condi\u00e7\u00f5es de sa\u00fade das mulheres, o que at\u00e9 hoje n\u00e3o foi efetivado pela atual gest\u00e3o da PMF.<\/p>\n<p><a href=\"http:\/\/www.psolceara.org.br\/setoriais\/mulheres\/349-psol-ceara-nota-do-nucleo-de-mulheres-em-defesa-do-mandato-do-psol\"><strong>N\u00daCLEO DE MULHERES DO-PSOL-CE &#8211; Rosa Luxemburgo<\/strong><\/a><\/p>\n","protected":false},"excerpt":{"rendered":"<p>Em resposta \u00e0s acusa\u00e7\u00f5es de Geraldo Accioly &#8211; Coordenador de Projetos Especiais da Prefeitura de Fortaleza. Ao longo dos anos, o PT vem passando por um processo de transformismo que se revela nas pol\u00edticas que implementa; nas alian\u00e7as que constitui e nos modos como encara as mobiliza\u00e7\u00f5es sociais. Em Fortaleza, a forma como conduz a [&hellip;]<\/p>\n","protected":false},"author":2,"featured_media":0,"comment_status":"open","ping_status":"open","sticky":false,"template":"","format":"standard","meta":{"_acf_changed":false,"footnotes":""},"categories":[4766],"tags":[],"class_list":{"0":"post-1581","1":"post","2":"type-post","3":"status-publish","4":"format-standard","6":"category-arquivo"},"acf":[],"yoast_head":"<!-- This site is optimized with the Yoast SEO plugin v26.5 - https:\/\/yoast.com\/wordpress\/plugins\/seo\/ -->\n<title>Nota do N\u00facleo de Mulheres do PSOL-Cear\u00e1 em defesa do mandato de Jo\u00e3o Alfredo - PSOL 50<\/title>\n<meta name=\"robots\" content=\"index, follow, max-snippet:-1, max-image-preview:large, max-video-preview:-1\" \/>\n<link rel=\"canonical\" href=\"https:\/\/psol50.org.br\/nota-do-nucleo-de-mulheres-do-psol-ceara-em-defesa-do-mandato-de-joao-alfredo\/\" \/>\n<meta property=\"og:locale\" content=\"pt_BR\" \/>\n<meta property=\"og:type\" content=\"article\" \/>\n<meta property=\"og:title\" content=\"Nota do N\u00facleo de Mulheres do PSOL-Cear\u00e1 em defesa do mandato de Jo\u00e3o Alfredo - PSOL 50\" \/>\n<meta property=\"og:description\" content=\"Em resposta \u00e0s acusa\u00e7\u00f5es de Geraldo Accioly &#8211; Coordenador de Projetos Especiais da Prefeitura de Fortaleza. Ao longo dos anos, o PT vem passando por um processo de transformismo que se revela nas pol\u00edticas que implementa; nas alian\u00e7as que constitui e nos modos como encara as mobiliza\u00e7\u00f5es sociais. Em Fortaleza, a forma como conduz a [&hellip;]\" \/>\n<meta property=\"og:url\" content=\"https:\/\/psol50.org.br\/nota-do-nucleo-de-mulheres-do-psol-ceara-em-defesa-do-mandato-de-joao-alfredo\/\" \/>\n<meta property=\"og:site_name\" content=\"PSOL 50\" \/>\n<meta property=\"article:publisher\" content=\"https:\/\/www.facebook.com\/psol50\" \/>\n<meta property=\"article:published_time\" content=\"2011-07-06T00:00:00+00:00\" \/>\n<meta property=\"og:image\" content=\"http:\/\/psol50.org.br\/files\/2011\/07\/VereadorJo\u00e3oAlfredo1a-300x225.jpg\" \/>\n<meta name=\"author\" content=\"Comunica\u00e7\u00e3o PSOL\" \/>\n<meta name=\"twitter:card\" content=\"summary_large_image\" \/>\n<meta name=\"twitter:creator\" content=\"@psol50\" \/>\n<meta name=\"twitter:site\" content=\"@psol50\" \/>\n<meta name=\"twitter:label1\" content=\"Escrito por\" \/>\n\t<meta name=\"twitter:data1\" content=\"Comunica\u00e7\u00e3o PSOL\" \/>\n\t<meta name=\"twitter:label2\" content=\"Est. tempo de leitura\" \/>\n\t<meta name=\"twitter:data2\" content=\"2 minutos\" \/>\n<script type=\"application\/ld+json\" class=\"yoast-schema-graph\">{\"@context\":\"https:\/\/schema.org\",\"@graph\":[{\"@type\":\"Article\",\"@id\":\"https:\/\/psol50.org.br\/nota-do-nucleo-de-mulheres-do-psol-ceara-em-defesa-do-mandato-de-joao-alfredo\/#article\",\"isPartOf\":{\"@id\":\"https:\/\/psol50.org.br\/nota-do-nucleo-de-mulheres-do-psol-ceara-em-defesa-do-mandato-de-joao-alfredo\/\"},\"author\":{\"name\":\"Comunica\u00e7\u00e3o PSOL\",\"@id\":\"https:\/\/psol50.org.br\/#\/schema\/person\/475dfa57d0b815993c714c2e96491fcd\"},\"headline\":\"Nota do N\u00facleo de Mulheres do PSOL-Cear\u00e1 em defesa do mandato de Jo\u00e3o Alfredo\",\"datePublished\":\"2011-07-06T00:00:00+00:00\",\"mainEntityOfPage\":{\"@id\":\"https:\/\/psol50.org.br\/nota-do-nucleo-de-mulheres-do-psol-ceara-em-defesa-do-mandato-de-joao-alfredo\/\"},\"wordCount\":470,\"commentCount\":0,\"publisher\":{\"@id\":\"https:\/\/psol50.org.br\/#organization\"},\"articleSection\":[\"Arquivo\"],\"inLanguage\":\"pt-BR\",\"potentialAction\":[{\"@type\":\"CommentAction\",\"name\":\"Comment\",\"target\":[\"https:\/\/psol50.org.br\/nota-do-nucleo-de-mulheres-do-psol-ceara-em-defesa-do-mandato-de-joao-alfredo\/#respond\"]}]},{\"@type\":\"WebPage\",\"@id\":\"https:\/\/psol50.org.br\/nota-do-nucleo-de-mulheres-do-psol-ceara-em-defesa-do-mandato-de-joao-alfredo\/\",\"url\":\"https:\/\/psol50.org.br\/nota-do-nucleo-de-mulheres-do-psol-ceara-em-defesa-do-mandato-de-joao-alfredo\/\",\"name\":\"Nota do N\u00facleo de Mulheres do PSOL-Cear\u00e1 em defesa do mandato de Jo\u00e3o Alfredo - PSOL 50\",\"isPartOf\":{\"@id\":\"https:\/\/psol50.org.br\/#website\"},\"datePublished\":\"2011-07-06T00:00:00+00:00\",\"breadcrumb\":{\"@id\":\"https:\/\/psol50.org.br\/nota-do-nucleo-de-mulheres-do-psol-ceara-em-defesa-do-mandato-de-joao-alfredo\/#breadcrumb\"},\"inLanguage\":\"pt-BR\",\"potentialAction\":[{\"@type\":\"ReadAction\",\"target\":[\"https:\/\/psol50.org.br\/nota-do-nucleo-de-mulheres-do-psol-ceara-em-defesa-do-mandato-de-joao-alfredo\/\"]}]},{\"@type\":\"BreadcrumbList\",\"@id\":\"https:\/\/psol50.org.br\/nota-do-nucleo-de-mulheres-do-psol-ceara-em-defesa-do-mandato-de-joao-alfredo\/#breadcrumb\",\"itemListElement\":[{\"@type\":\"ListItem\",\"position\":1,\"name\":\"In\u00edcio\",\"item\":\"https:\/\/psol50.org.br\/\"},{\"@type\":\"ListItem\",\"position\":2,\"name\":\"Nota do N\u00facleo de Mulheres do PSOL-Cear\u00e1 em defesa do mandato de Jo\u00e3o Alfredo\"}]},{\"@type\":\"WebSite\",\"@id\":\"https:\/\/psol50.org.br\/#website\",\"url\":\"https:\/\/psol50.org.br\/\",\"name\":\"PSOL 50\",\"description\":\"Site oficial do Partido Socialismo e Liberdade\",\"publisher\":{\"@id\":\"https:\/\/psol50.org.br\/#organization\"},\"alternateName\":\"PSOL50\",\"potentialAction\":[{\"@type\":\"SearchAction\",\"target\":{\"@type\":\"EntryPoint\",\"urlTemplate\":\"https:\/\/psol50.org.br\/?s={search_term_string}\"},\"query-input\":{\"@type\":\"PropertyValueSpecification\",\"valueRequired\":true,\"valueName\":\"search_term_string\"}}],\"inLanguage\":\"pt-BR\"},{\"@type\":\"Organization\",\"@id\":\"https:\/\/psol50.org.br\/#organization\",\"name\":\"PSOL 50\",\"alternateName\":\"PSOL 50\",\"url\":\"https:\/\/psol50.org.br\/\",\"logo\":{\"@type\":\"ImageObject\",\"inLanguage\":\"pt-BR\",\"@id\":\"https:\/\/psol50.org.br\/#\/schema\/logo\/image\/\",\"url\":\"https:\/\/psol50.org.br\/inc\/uploads\/2018\/07\/capa.png\",\"contentUrl\":\"https:\/\/psol50.org.br\/inc\/uploads\/2018\/07\/capa.png\",\"width\":1350,\"height\":900,\"caption\":\"PSOL 50\"},\"image\":{\"@id\":\"https:\/\/psol50.org.br\/#\/schema\/logo\/image\/\"},\"sameAs\":[\"https:\/\/www.facebook.com\/psol50\",\"https:\/\/x.com\/psol50\",\"https:\/\/www.instagram.com\/psol50\/\",\"https:\/\/www.youtube.com\/channel\/UC7SnJS5o1os7a6CaiNabzcg\"]},{\"@type\":\"Person\",\"@id\":\"https:\/\/psol50.org.br\/#\/schema\/person\/475dfa57d0b815993c714c2e96491fcd\",\"name\":\"Comunica\u00e7\u00e3o PSOL\",\"image\":{\"@type\":\"ImageObject\",\"inLanguage\":\"pt-BR\",\"@id\":\"https:\/\/psol50.org.br\/#\/schema\/person\/image\/\",\"url\":\"https:\/\/secure.gravatar.com\/avatar\/b34fc4f4e468a4e51785917065a3db57b841f5c95dba6ad8c73aaf8f66f8f9bf?s=96&d=mm&r=g\",\"contentUrl\":\"https:\/\/secure.gravatar.com\/avatar\/b34fc4f4e468a4e51785917065a3db57b841f5c95dba6ad8c73aaf8f66f8f9bf?s=96&d=mm&r=g\",\"caption\":\"Comunica\u00e7\u00e3o PSOL\"}}]}<\/script>\n<!-- \/ Yoast SEO plugin. -->","yoast_head_json":{"title":"Nota do N\u00facleo de Mulheres do PSOL-Cear\u00e1 em defesa do mandato de Jo\u00e3o Alfredo - PSOL 50","robots":{"index":"index","follow":"follow","max-snippet":"max-snippet:-1","max-image-preview":"max-image-preview:large","max-video-preview":"max-video-preview:-1"},"canonical":"https:\/\/psol50.org.br\/nota-do-nucleo-de-mulheres-do-psol-ceara-em-defesa-do-mandato-de-joao-alfredo\/","og_locale":"pt_BR","og_type":"article","og_title":"Nota do N\u00facleo de Mulheres do PSOL-Cear\u00e1 em defesa do mandato de Jo\u00e3o Alfredo - PSOL 50","og_description":"Em resposta \u00e0s acusa\u00e7\u00f5es de Geraldo Accioly &#8211; Coordenador de Projetos Especiais da Prefeitura de Fortaleza. Ao longo dos anos, o PT vem passando por um processo de transformismo que se revela nas pol\u00edticas que implementa; nas alian\u00e7as que constitui e nos modos como encara as mobiliza\u00e7\u00f5es sociais. Em Fortaleza, a forma como conduz a [&hellip;]","og_url":"https:\/\/psol50.org.br\/nota-do-nucleo-de-mulheres-do-psol-ceara-em-defesa-do-mandato-de-joao-alfredo\/","og_site_name":"PSOL 50","article_publisher":"https:\/\/www.facebook.com\/psol50","article_published_time":"2011-07-06T00:00:00+00:00","og_image":[{"url":"http:\/\/psol50.org.br\/files\/2011\/07\/VereadorJo\u00e3oAlfredo1a-300x225.jpg","type":"","width":"","height":""}],"author":"Comunica\u00e7\u00e3o PSOL","twitter_card":"summary_large_image","twitter_creator":"@psol50","twitter_site":"@psol50","twitter_misc":{"Escrito por":"Comunica\u00e7\u00e3o PSOL","Est. tempo de leitura":"2 minutos"},"schema":{"@context":"https:\/\/schema.org","@graph":[{"@type":"Article","@id":"https:\/\/psol50.org.br\/nota-do-nucleo-de-mulheres-do-psol-ceara-em-defesa-do-mandato-de-joao-alfredo\/#article","isPartOf":{"@id":"https:\/\/psol50.org.br\/nota-do-nucleo-de-mulheres-do-psol-ceara-em-defesa-do-mandato-de-joao-alfredo\/"},"author":{"name":"Comunica\u00e7\u00e3o PSOL","@id":"https:\/\/psol50.org.br\/#\/schema\/person\/475dfa57d0b815993c714c2e96491fcd"},"headline":"Nota do N\u00facleo de Mulheres do PSOL-Cear\u00e1 em defesa do mandato de Jo\u00e3o Alfredo","datePublished":"2011-07-06T00:00:00+00:00","mainEntityOfPage":{"@id":"https:\/\/psol50.org.br\/nota-do-nucleo-de-mulheres-do-psol-ceara-em-defesa-do-mandato-de-joao-alfredo\/"},"wordCount":470,"commentCount":0,"publisher":{"@id":"https:\/\/psol50.org.br\/#organization"},"articleSection":["Arquivo"],"inLanguage":"pt-BR","potentialAction":[{"@type":"CommentAction","name":"Comment","target":["https:\/\/psol50.org.br\/nota-do-nucleo-de-mulheres-do-psol-ceara-em-defesa-do-mandato-de-joao-alfredo\/#respond"]}]},{"@type":"WebPage","@id":"https:\/\/psol50.org.br\/nota-do-nucleo-de-mulheres-do-psol-ceara-em-defesa-do-mandato-de-joao-alfredo\/","url":"https:\/\/psol50.org.br\/nota-do-nucleo-de-mulheres-do-psol-ceara-em-defesa-do-mandato-de-joao-alfredo\/","name":"Nota do N\u00facleo de Mulheres do PSOL-Cear\u00e1 em defesa do mandato de Jo\u00e3o Alfredo - PSOL 50","isPartOf":{"@id":"https:\/\/psol50.org.br\/#website"},"datePublished":"2011-07-06T00:00:00+00:00","breadcrumb":{"@id":"https:\/\/psol50.org.br\/nota-do-nucleo-de-mulheres-do-psol-ceara-em-defesa-do-mandato-de-joao-alfredo\/#breadcrumb"},"inLanguage":"pt-BR","potentialAction":[{"@type":"ReadAction","target":["https:\/\/psol50.org.br\/nota-do-nucleo-de-mulheres-do-psol-ceara-em-defesa-do-mandato-de-joao-alfredo\/"]}]},{"@type":"BreadcrumbList","@id":"https:\/\/psol50.org.br\/nota-do-nucleo-de-mulheres-do-psol-ceara-em-defesa-do-mandato-de-joao-alfredo\/#breadcrumb","itemListElement":[{"@type":"ListItem","position":1,"name":"In\u00edcio","item":"https:\/\/psol50.org.br\/"},{"@type":"ListItem","position":2,"name":"Nota do N\u00facleo de Mulheres do PSOL-Cear\u00e1 em defesa do mandato de Jo\u00e3o Alfredo"}]},{"@type":"WebSite","@id":"https:\/\/psol50.org.br\/#website","url":"https:\/\/psol50.org.br\/","name":"PSOL 50","description":"Site oficial do Partido Socialismo e Liberdade","publisher":{"@id":"https:\/\/psol50.org.br\/#organization"},"alternateName":"PSOL50","potentialAction":[{"@type":"SearchAction","target":{"@type":"EntryPoint","urlTemplate":"https:\/\/psol50.org.br\/?s={search_term_string}"},"query-input":{"@type":"PropertyValueSpecification","valueRequired":true,"valueName":"search_term_string"}}],"inLanguage":"pt-BR"},{"@type":"Organization","@id":"https:\/\/psol50.org.br\/#organization","name":"PSOL 50","alternateName":"PSOL 50","url":"https:\/\/psol50.org.br\/","logo":{"@type":"ImageObject","inLanguage":"pt-BR","@id":"https:\/\/psol50.org.br\/#\/schema\/logo\/image\/","url":"https:\/\/psol50.org.br\/inc\/uploads\/2018\/07\/capa.png","contentUrl":"https:\/\/psol50.org.br\/inc\/uploads\/2018\/07\/capa.png","width":1350,"height":900,"caption":"PSOL 50"},"image":{"@id":"https:\/\/psol50.org.br\/#\/schema\/logo\/image\/"},"sameAs":["https:\/\/www.facebook.com\/psol50","https:\/\/x.com\/psol50","https:\/\/www.instagram.com\/psol50\/","https:\/\/www.youtube.com\/channel\/UC7SnJS5o1os7a6CaiNabzcg"]},{"@type":"Person","@id":"https:\/\/psol50.org.br\/#\/schema\/person\/475dfa57d0b815993c714c2e96491fcd","name":"Comunica\u00e7\u00e3o PSOL","image":{"@type":"ImageObject","inLanguage":"pt-BR","@id":"https:\/\/psol50.org.br\/#\/schema\/person\/image\/","url":"https:\/\/secure.gravatar.com\/avatar\/b34fc4f4e468a4e51785917065a3db57b841f5c95dba6ad8c73aaf8f66f8f9bf?s=96&d=mm&r=g","contentUrl":"https:\/\/secure.gravatar.com\/avatar\/b34fc4f4e468a4e51785917065a3db57b841f5c95dba6ad8c73aaf8f66f8f9bf?s=96&d=mm&r=g","caption":"Comunica\u00e7\u00e3o PSOL"}}]}},"_links":{"self":[{"href":"https:\/\/psol50.org.br\/rest\/wp\/v2\/posts\/1581","targetHints":{"allow":["GET"]}}],"collection":[{"href":"https:\/\/psol50.org.br\/rest\/wp\/v2\/posts"}],"about":[{"href":"https:\/\/psol50.org.br\/rest\/wp\/v2\/types\/post"}],"author":[{"embeddable":true,"href":"https:\/\/psol50.org.br\/rest\/wp\/v2\/users\/2"}],"replies":[{"embeddable":true,"href":"https:\/\/psol50.org.br\/rest\/wp\/v2\/comments?post=1581"}],"version-history":[{"count":0,"href":"https:\/\/psol50.org.br\/rest\/wp\/v2\/posts\/1581\/revisions"}],"wp:attachment":[{"href":"https:\/\/psol50.org.br\/rest\/wp\/v2\/media?parent=1581"}],"wp:term":[{"taxonomy":"category","embeddable":true,"href":"https:\/\/psol50.org.br\/rest\/wp\/v2\/categories?post=1581"},{"taxonomy":"post_tag","embeddable":true,"href":"https:\/\/psol50.org.br\/rest\/wp\/v2\/tags?post=1581"}],"curies":[{"name":"wp","href":"https:\/\/api.w.org\/{rel}","templated":true}]}}