{"id":15812,"date":"2017-03-29T14:57:52","date_gmt":"2017-03-29T14:57:52","guid":{"rendered":"http:\/\/www.psol50.org.br\/?p=15812"},"modified":"2017-03-29T14:57:52","modified_gmt":"2017-03-29T14:57:52","slug":"em-artigo-edmilson-rodrigues-destaca-efeitos-negativos-da-reforma-da-previdencia-de-temer","status":"publish","type":"post","link":"https:\/\/psol50.org.br\/em-artigo-edmilson-rodrigues-destaca-efeitos-negativos-da-reforma-da-previdencia-de-temer\/","title":{"rendered":"Em artigo, Edmilson Rodrigues destaca efeitos negativos da reforma da Previd\u00eancia de Temer"},"content":{"rendered":"<p>O site da revista <em>Carta Capital<\/em> publicou nesta quarta-feira (29\/03) um artigo do deputado federal do PSOL pelo Par\u00e1, Edmilson Rodrigues, apontando os riscos que a popula\u00e7\u00e3o brasileira corre com a Proposta de Emenda \u00e0 Constitui\u00e7\u00e3o (PEC) n\u00ba 287\/2016, em tramita\u00e7\u00e3o na C\u00e2mara dos Deputados. Para o parlamentar, o governo ileg\u00edtimo de Michel Temer ignora os dispositivos da Constitui\u00e7\u00e3o Federal e tenta colocar na fogueira um direito que atinge toda a popula\u00e7\u00e3o, que \u00e9 o direito \u00e0 aposentadoria.<\/p>\n<p>De acordo com Edmilson, com a proposta de reforma da Previd\u00eancia em discuss\u00e3o, a contribui\u00e7\u00e3o que o trabalhador v\u00ea mensalmente ser descontada de seu sal\u00e1rio pode nunca chegar a seus bolsos. \u201cA proposta de reforma da Previd\u00eancia\u00a0n\u00e3o pretende outra coisa sen\u00e3o acabar com o direito \u00e0 previd\u00eancia p\u00fablica e, desse modo, viabilizar o fortalecimento das empresas privadas do setor, subsidi\u00e1rias dos grandes bancos. Trata-se de um roubo institucionalizado do fundo previdenci\u00e1rio p\u00fablico\u201d.<\/p>\n<p>No artigo, o deputado do PSOL do Par\u00e1 critica diversos pontos, com destaque para o aumento da idade m\u00ednima de 65 anos, para homens e mulheres; o aumento em um ano \u00e0 essa idade m\u00ednima referente \u00e0 m\u00e9dia de expectativa de sobrevida; e a eleva\u00e7\u00e3o do tempo de contribui\u00e7\u00e3o para 49 anos.<\/p>\n<p>Apresentando v\u00e1rios dados sobre as receitas da Seguridade Social, que compreende o trip\u00e9 Sa\u00fade, Previd\u00eancia e Assist\u00eancia Social, Edmilson questiona o falacioso argumento utilizado pelo governo de que h\u00e1 um d\u00e9ficit no sistema previdenci\u00e1rio.\u00a0 \u201cNa realidade, o verdadeiro problema das contas p\u00fablicas n\u00e3o \u00e9 a Previd\u00eancia, mas outros fatores que buscam blindar esses que sempre s\u00e3o privilegiados para colocar a conta nas costas do trabalhador\u201d, destaca, apontando, em seguida, os valores gastos pela Uni\u00e3o com a d\u00edvida p\u00fablica.<\/p>\n<p><a href=\"http:\/\/www.psol50.org.br\/blog\/2017\/03\/29\/edmilson-rodrigues-reforma-da-previdencia-a-morte-como-horizonte-da-aposentadoria\/\" target=\"_blank\" rel=\"noopener\"><span style=\"color: #0000ff;\"><strong>Leia o artigo na \u00edntegra<\/strong><\/span><\/a>.<\/p>\n","protected":false},"excerpt":{"rendered":"<p>O site da revista Carta Capital publicou nesta quarta-feira (29\/03) um artigo do deputado federal do PSOL pelo Par\u00e1, Edmilson Rodrigues, apontando os riscos que a popula\u00e7\u00e3o brasileira corre com a Proposta de Emenda \u00e0 Constitui\u00e7\u00e3o (PEC) n\u00ba 287\/2016, em tramita\u00e7\u00e3o na C\u00e2mara dos Deputados. Para o parlamentar, o governo ileg\u00edtimo de Michel Temer ignora [&hellip;]<\/p>\n","protected":false},"author":2,"featured_media":15810,"comment_status":"open","ping_status":"open","sticky":false,"template":"","format":"standard","meta":{"_acf_changed":false,"footnotes":""},"categories":[10,1882,6],"tags":[1735,266,2869,3012,973,1748,2831,22,39,3011],"class_list":{"0":"post-15812","1":"post","2":"type-post","3":"status-publish","4":"format-standard","5":"has-post-thumbnail","7":"category-acao-parlamentares","8":"category-brasil","9":"category-noticias","10":"tag-aposentadoria","11":"tag-artigo","12":"tag-deficit","13":"tag-direito","14":"tag-edmilson-rodrigues","15":"tag-michel-temer","16":"tag-pec-2872016","17":"tag-psol","18":"tag-reforma-da-previdencia","19":"tag-seguridade-social"},"acf":[],"yoast_head":"<!-- This site is optimized with the Yoast SEO plugin v26.5 - https:\/\/yoast.com\/wordpress\/plugins\/seo\/ -->\n<title>Em artigo, Edmilson Rodrigues destaca efeitos negativos da reforma da Previd\u00eancia de Temer - PSOL 50<\/title>\n<meta name=\"robots\" content=\"index, follow, max-snippet:-1, max-image-preview:large, max-video-preview:-1\" \/>\n<link rel=\"canonical\" href=\"https:\/\/psol50.org.br\/em-artigo-edmilson-rodrigues-destaca-efeitos-negativos-da-reforma-da-previdencia-de-temer\/\" \/>\n<meta property=\"og:locale\" content=\"pt_BR\" \/>\n<meta property=\"og:type\" content=\"article\" \/>\n<meta property=\"og:title\" content=\"Em artigo, Edmilson Rodrigues destaca efeitos negativos da reforma da Previd\u00eancia de Temer - PSOL 50\" \/>\n<meta property=\"og:description\" content=\"O site da revista Carta Capital publicou nesta quarta-feira (29\/03) um artigo do deputado federal do PSOL pelo Par\u00e1, Edmilson Rodrigues, apontando os riscos que a popula\u00e7\u00e3o brasileira corre com a Proposta de Emenda \u00e0 Constitui\u00e7\u00e3o (PEC) n\u00ba 287\/2016, em tramita\u00e7\u00e3o na C\u00e2mara dos Deputados. Para o parlamentar, o governo ileg\u00edtimo de Michel Temer ignora [&hellip;]\" \/>\n<meta property=\"og:url\" content=\"https:\/\/psol50.org.br\/em-artigo-edmilson-rodrigues-destaca-efeitos-negativos-da-reforma-da-previdencia-de-temer\/\" \/>\n<meta property=\"og:site_name\" content=\"PSOL 50\" \/>\n<meta property=\"article:publisher\" content=\"https:\/\/www.facebook.com\/psol50\" \/>\n<meta property=\"article:published_time\" content=\"2017-03-29T14:57:52+00:00\" \/>\n<meta property=\"og:image\" content=\"https:\/\/psol50.org.br\/inc\/uploads\/2017\/03\/Aposentados_EBC.jpg\" \/>\n\t<meta property=\"og:image:width\" content=\"816\" \/>\n\t<meta property=\"og:image:height\" content=\"573\" \/>\n\t<meta property=\"og:image:type\" content=\"image\/jpeg\" \/>\n<meta name=\"author\" content=\"Comunica\u00e7\u00e3o PSOL\" \/>\n<meta name=\"twitter:card\" content=\"summary_large_image\" \/>\n<meta name=\"twitter:creator\" content=\"@psol50\" \/>\n<meta name=\"twitter:site\" content=\"@psol50\" \/>\n<meta name=\"twitter:label1\" content=\"Escrito por\" \/>\n\t<meta name=\"twitter:data1\" content=\"Comunica\u00e7\u00e3o PSOL\" \/>\n\t<meta name=\"twitter:label2\" content=\"Est. tempo de leitura\" \/>\n\t<meta name=\"twitter:data2\" content=\"2 minutos\" \/>\n<script type=\"application\/ld+json\" class=\"yoast-schema-graph\">{\"@context\":\"https:\/\/schema.org\",\"@graph\":[{\"@type\":\"Article\",\"@id\":\"https:\/\/psol50.org.br\/em-artigo-edmilson-rodrigues-destaca-efeitos-negativos-da-reforma-da-previdencia-de-temer\/#article\",\"isPartOf\":{\"@id\":\"https:\/\/psol50.org.br\/em-artigo-edmilson-rodrigues-destaca-efeitos-negativos-da-reforma-da-previdencia-de-temer\/\"},\"author\":{\"name\":\"Comunica\u00e7\u00e3o PSOL\",\"@id\":\"https:\/\/psol50.org.br\/#\/schema\/person\/475dfa57d0b815993c714c2e96491fcd\"},\"headline\":\"Em artigo, Edmilson Rodrigues destaca efeitos negativos da reforma da Previd\u00eancia de Temer\",\"datePublished\":\"2017-03-29T14:57:52+00:00\",\"mainEntityOfPage\":{\"@id\":\"https:\/\/psol50.org.br\/em-artigo-edmilson-rodrigues-destaca-efeitos-negativos-da-reforma-da-previdencia-de-temer\/\"},\"wordCount\":326,\"commentCount\":0,\"publisher\":{\"@id\":\"https:\/\/psol50.org.br\/#organization\"},\"image\":{\"@id\":\"https:\/\/psol50.org.br\/em-artigo-edmilson-rodrigues-destaca-efeitos-negativos-da-reforma-da-previdencia-de-temer\/#primaryimage\"},\"thumbnailUrl\":\"https:\/\/psol50.org.br\/inc\/uploads\/2017\/03\/Aposentados_EBC.jpg\",\"keywords\":[\"aposentadoria\",\"artigo\",\"d\u00e9ficit\",\"direito\",\"Edmilson Rodrigues\",\"Michel Temer\",\"PEC 287\/2016\",\"PSOL\",\"reforma da previd\u00eancia\",\"Seguridade Social\"],\"articleSection\":[\"A\u00e7\u00e3o Parlamentar\",\"Brasil\",\"Not\u00edcias\"],\"inLanguage\":\"pt-BR\",\"potentialAction\":[{\"@type\":\"CommentAction\",\"name\":\"Comment\",\"target\":[\"https:\/\/psol50.org.br\/em-artigo-edmilson-rodrigues-destaca-efeitos-negativos-da-reforma-da-previdencia-de-temer\/#respond\"]}]},{\"@type\":\"WebPage\",\"@id\":\"https:\/\/psol50.org.br\/em-artigo-edmilson-rodrigues-destaca-efeitos-negativos-da-reforma-da-previdencia-de-temer\/\",\"url\":\"https:\/\/psol50.org.br\/em-artigo-edmilson-rodrigues-destaca-efeitos-negativos-da-reforma-da-previdencia-de-temer\/\",\"name\":\"Em artigo, Edmilson Rodrigues destaca efeitos negativos da reforma da Previd\u00eancia de Temer - PSOL 50\",\"isPartOf\":{\"@id\":\"https:\/\/psol50.org.br\/#website\"},\"primaryImageOfPage\":{\"@id\":\"https:\/\/psol50.org.br\/em-artigo-edmilson-rodrigues-destaca-efeitos-negativos-da-reforma-da-previdencia-de-temer\/#primaryimage\"},\"image\":{\"@id\":\"https:\/\/psol50.org.br\/em-artigo-edmilson-rodrigues-destaca-efeitos-negativos-da-reforma-da-previdencia-de-temer\/#primaryimage\"},\"thumbnailUrl\":\"https:\/\/psol50.org.br\/inc\/uploads\/2017\/03\/Aposentados_EBC.jpg\",\"datePublished\":\"2017-03-29T14:57:52+00:00\",\"breadcrumb\":{\"@id\":\"https:\/\/psol50.org.br\/em-artigo-edmilson-rodrigues-destaca-efeitos-negativos-da-reforma-da-previdencia-de-temer\/#breadcrumb\"},\"inLanguage\":\"pt-BR\",\"potentialAction\":[{\"@type\":\"ReadAction\",\"target\":[\"https:\/\/psol50.org.br\/em-artigo-edmilson-rodrigues-destaca-efeitos-negativos-da-reforma-da-previdencia-de-temer\/\"]}]},{\"@type\":\"ImageObject\",\"inLanguage\":\"pt-BR\",\"@id\":\"https:\/\/psol50.org.br\/em-artigo-edmilson-rodrigues-destaca-efeitos-negativos-da-reforma-da-previdencia-de-temer\/#primaryimage\",\"url\":\"https:\/\/psol50.org.br\/inc\/uploads\/2017\/03\/Aposentados_EBC.jpg\",\"contentUrl\":\"https:\/\/psol50.org.br\/inc\/uploads\/2017\/03\/Aposentados_EBC.jpg\",\"width\":816,\"height\":573},{\"@type\":\"BreadcrumbList\",\"@id\":\"https:\/\/psol50.org.br\/em-artigo-edmilson-rodrigues-destaca-efeitos-negativos-da-reforma-da-previdencia-de-temer\/#breadcrumb\",\"itemListElement\":[{\"@type\":\"ListItem\",\"position\":1,\"name\":\"In\u00edcio\",\"item\":\"https:\/\/psol50.org.br\/\"},{\"@type\":\"ListItem\",\"position\":2,\"name\":\"Em artigo, Edmilson Rodrigues destaca efeitos negativos da reforma da Previd\u00eancia de Temer\"}]},{\"@type\":\"WebSite\",\"@id\":\"https:\/\/psol50.org.br\/#website\",\"url\":\"https:\/\/psol50.org.br\/\",\"name\":\"PSOL 50\",\"description\":\"Site oficial do Partido Socialismo e Liberdade\",\"publisher\":{\"@id\":\"https:\/\/psol50.org.br\/#organization\"},\"alternateName\":\"PSOL50\",\"potentialAction\":[{\"@type\":\"SearchAction\",\"target\":{\"@type\":\"EntryPoint\",\"urlTemplate\":\"https:\/\/psol50.org.br\/?s={search_term_string}\"},\"query-input\":{\"@type\":\"PropertyValueSpecification\",\"valueRequired\":true,\"valueName\":\"search_term_string\"}}],\"inLanguage\":\"pt-BR\"},{\"@type\":\"Organization\",\"@id\":\"https:\/\/psol50.org.br\/#organization\",\"name\":\"PSOL 50\",\"alternateName\":\"PSOL 50\",\"url\":\"https:\/\/psol50.org.br\/\",\"logo\":{\"@type\":\"ImageObject\",\"inLanguage\":\"pt-BR\",\"@id\":\"https:\/\/psol50.org.br\/#\/schema\/logo\/image\/\",\"url\":\"https:\/\/psol50.org.br\/inc\/uploads\/2018\/07\/capa.png\",\"contentUrl\":\"https:\/\/psol50.org.br\/inc\/uploads\/2018\/07\/capa.png\",\"width\":1350,\"height\":900,\"caption\":\"PSOL 50\"},\"image\":{\"@id\":\"https:\/\/psol50.org.br\/#\/schema\/logo\/image\/\"},\"sameAs\":[\"https:\/\/www.facebook.com\/psol50\",\"https:\/\/x.com\/psol50\",\"https:\/\/www.instagram.com\/psol50\/\",\"https:\/\/www.youtube.com\/channel\/UC7SnJS5o1os7a6CaiNabzcg\"]},{\"@type\":\"Person\",\"@id\":\"https:\/\/psol50.org.br\/#\/schema\/person\/475dfa57d0b815993c714c2e96491fcd\",\"name\":\"Comunica\u00e7\u00e3o PSOL\",\"image\":{\"@type\":\"ImageObject\",\"inLanguage\":\"pt-BR\",\"@id\":\"https:\/\/psol50.org.br\/#\/schema\/person\/image\/\",\"url\":\"https:\/\/secure.gravatar.com\/avatar\/b34fc4f4e468a4e51785917065a3db57b841f5c95dba6ad8c73aaf8f66f8f9bf?s=96&d=mm&r=g\",\"contentUrl\":\"https:\/\/secure.gravatar.com\/avatar\/b34fc4f4e468a4e51785917065a3db57b841f5c95dba6ad8c73aaf8f66f8f9bf?s=96&d=mm&r=g\",\"caption\":\"Comunica\u00e7\u00e3o PSOL\"}}]}<\/script>\n<!-- \/ Yoast SEO plugin. -->","yoast_head_json":{"title":"Em artigo, Edmilson Rodrigues destaca efeitos negativos da reforma da Previd\u00eancia de Temer - PSOL 50","robots":{"index":"index","follow":"follow","max-snippet":"max-snippet:-1","max-image-preview":"max-image-preview:large","max-video-preview":"max-video-preview:-1"},"canonical":"https:\/\/psol50.org.br\/em-artigo-edmilson-rodrigues-destaca-efeitos-negativos-da-reforma-da-previdencia-de-temer\/","og_locale":"pt_BR","og_type":"article","og_title":"Em artigo, Edmilson Rodrigues destaca efeitos negativos da reforma da Previd\u00eancia de Temer - PSOL 50","og_description":"O site da revista Carta Capital publicou nesta quarta-feira (29\/03) um artigo do deputado federal do PSOL pelo Par\u00e1, Edmilson Rodrigues, apontando os riscos que a popula\u00e7\u00e3o brasileira corre com a Proposta de Emenda \u00e0 Constitui\u00e7\u00e3o (PEC) n\u00ba 287\/2016, em tramita\u00e7\u00e3o na C\u00e2mara dos Deputados. Para o parlamentar, o governo ileg\u00edtimo de Michel Temer ignora [&hellip;]","og_url":"https:\/\/psol50.org.br\/em-artigo-edmilson-rodrigues-destaca-efeitos-negativos-da-reforma-da-previdencia-de-temer\/","og_site_name":"PSOL 50","article_publisher":"https:\/\/www.facebook.com\/psol50","article_published_time":"2017-03-29T14:57:52+00:00","og_image":[{"width":816,"height":573,"url":"https:\/\/psol50.org.br\/inc\/uploads\/2017\/03\/Aposentados_EBC.jpg","type":"image\/jpeg"}],"author":"Comunica\u00e7\u00e3o PSOL","twitter_card":"summary_large_image","twitter_creator":"@psol50","twitter_site":"@psol50","twitter_misc":{"Escrito por":"Comunica\u00e7\u00e3o PSOL","Est. tempo de leitura":"2 minutos"},"schema":{"@context":"https:\/\/schema.org","@graph":[{"@type":"Article","@id":"https:\/\/psol50.org.br\/em-artigo-edmilson-rodrigues-destaca-efeitos-negativos-da-reforma-da-previdencia-de-temer\/#article","isPartOf":{"@id":"https:\/\/psol50.org.br\/em-artigo-edmilson-rodrigues-destaca-efeitos-negativos-da-reforma-da-previdencia-de-temer\/"},"author":{"name":"Comunica\u00e7\u00e3o PSOL","@id":"https:\/\/psol50.org.br\/#\/schema\/person\/475dfa57d0b815993c714c2e96491fcd"},"headline":"Em artigo, Edmilson Rodrigues destaca efeitos negativos da reforma da Previd\u00eancia de Temer","datePublished":"2017-03-29T14:57:52+00:00","mainEntityOfPage":{"@id":"https:\/\/psol50.org.br\/em-artigo-edmilson-rodrigues-destaca-efeitos-negativos-da-reforma-da-previdencia-de-temer\/"},"wordCount":326,"commentCount":0,"publisher":{"@id":"https:\/\/psol50.org.br\/#organization"},"image":{"@id":"https:\/\/psol50.org.br\/em-artigo-edmilson-rodrigues-destaca-efeitos-negativos-da-reforma-da-previdencia-de-temer\/#primaryimage"},"thumbnailUrl":"https:\/\/psol50.org.br\/inc\/uploads\/2017\/03\/Aposentados_EBC.jpg","keywords":["aposentadoria","artigo","d\u00e9ficit","direito","Edmilson Rodrigues","Michel Temer","PEC 287\/2016","PSOL","reforma da previd\u00eancia","Seguridade Social"],"articleSection":["A\u00e7\u00e3o Parlamentar","Brasil","Not\u00edcias"],"inLanguage":"pt-BR","potentialAction":[{"@type":"CommentAction","name":"Comment","target":["https:\/\/psol50.org.br\/em-artigo-edmilson-rodrigues-destaca-efeitos-negativos-da-reforma-da-previdencia-de-temer\/#respond"]}]},{"@type":"WebPage","@id":"https:\/\/psol50.org.br\/em-artigo-edmilson-rodrigues-destaca-efeitos-negativos-da-reforma-da-previdencia-de-temer\/","url":"https:\/\/psol50.org.br\/em-artigo-edmilson-rodrigues-destaca-efeitos-negativos-da-reforma-da-previdencia-de-temer\/","name":"Em artigo, Edmilson Rodrigues destaca efeitos negativos da reforma da Previd\u00eancia de Temer - PSOL 50","isPartOf":{"@id":"https:\/\/psol50.org.br\/#website"},"primaryImageOfPage":{"@id":"https:\/\/psol50.org.br\/em-artigo-edmilson-rodrigues-destaca-efeitos-negativos-da-reforma-da-previdencia-de-temer\/#primaryimage"},"image":{"@id":"https:\/\/psol50.org.br\/em-artigo-edmilson-rodrigues-destaca-efeitos-negativos-da-reforma-da-previdencia-de-temer\/#primaryimage"},"thumbnailUrl":"https:\/\/psol50.org.br\/inc\/uploads\/2017\/03\/Aposentados_EBC.jpg","datePublished":"2017-03-29T14:57:52+00:00","breadcrumb":{"@id":"https:\/\/psol50.org.br\/em-artigo-edmilson-rodrigues-destaca-efeitos-negativos-da-reforma-da-previdencia-de-temer\/#breadcrumb"},"inLanguage":"pt-BR","potentialAction":[{"@type":"ReadAction","target":["https:\/\/psol50.org.br\/em-artigo-edmilson-rodrigues-destaca-efeitos-negativos-da-reforma-da-previdencia-de-temer\/"]}]},{"@type":"ImageObject","inLanguage":"pt-BR","@id":"https:\/\/psol50.org.br\/em-artigo-edmilson-rodrigues-destaca-efeitos-negativos-da-reforma-da-previdencia-de-temer\/#primaryimage","url":"https:\/\/psol50.org.br\/inc\/uploads\/2017\/03\/Aposentados_EBC.jpg","contentUrl":"https:\/\/psol50.org.br\/inc\/uploads\/2017\/03\/Aposentados_EBC.jpg","width":816,"height":573},{"@type":"BreadcrumbList","@id":"https:\/\/psol50.org.br\/em-artigo-edmilson-rodrigues-destaca-efeitos-negativos-da-reforma-da-previdencia-de-temer\/#breadcrumb","itemListElement":[{"@type":"ListItem","position":1,"name":"In\u00edcio","item":"https:\/\/psol50.org.br\/"},{"@type":"ListItem","position":2,"name":"Em artigo, Edmilson Rodrigues destaca efeitos negativos da reforma da Previd\u00eancia de Temer"}]},{"@type":"WebSite","@id":"https:\/\/psol50.org.br\/#website","url":"https:\/\/psol50.org.br\/","name":"PSOL 50","description":"Site oficial do Partido Socialismo e Liberdade","publisher":{"@id":"https:\/\/psol50.org.br\/#organization"},"alternateName":"PSOL50","potentialAction":[{"@type":"SearchAction","target":{"@type":"EntryPoint","urlTemplate":"https:\/\/psol50.org.br\/?s={search_term_string}"},"query-input":{"@type":"PropertyValueSpecification","valueRequired":true,"valueName":"search_term_string"}}],"inLanguage":"pt-BR"},{"@type":"Organization","@id":"https:\/\/psol50.org.br\/#organization","name":"PSOL 50","alternateName":"PSOL 50","url":"https:\/\/psol50.org.br\/","logo":{"@type":"ImageObject","inLanguage":"pt-BR","@id":"https:\/\/psol50.org.br\/#\/schema\/logo\/image\/","url":"https:\/\/psol50.org.br\/inc\/uploads\/2018\/07\/capa.png","contentUrl":"https:\/\/psol50.org.br\/inc\/uploads\/2018\/07\/capa.png","width":1350,"height":900,"caption":"PSOL 50"},"image":{"@id":"https:\/\/psol50.org.br\/#\/schema\/logo\/image\/"},"sameAs":["https:\/\/www.facebook.com\/psol50","https:\/\/x.com\/psol50","https:\/\/www.instagram.com\/psol50\/","https:\/\/www.youtube.com\/channel\/UC7SnJS5o1os7a6CaiNabzcg"]},{"@type":"Person","@id":"https:\/\/psol50.org.br\/#\/schema\/person\/475dfa57d0b815993c714c2e96491fcd","name":"Comunica\u00e7\u00e3o PSOL","image":{"@type":"ImageObject","inLanguage":"pt-BR","@id":"https:\/\/psol50.org.br\/#\/schema\/person\/image\/","url":"https:\/\/secure.gravatar.com\/avatar\/b34fc4f4e468a4e51785917065a3db57b841f5c95dba6ad8c73aaf8f66f8f9bf?s=96&d=mm&r=g","contentUrl":"https:\/\/secure.gravatar.com\/avatar\/b34fc4f4e468a4e51785917065a3db57b841f5c95dba6ad8c73aaf8f66f8f9bf?s=96&d=mm&r=g","caption":"Comunica\u00e7\u00e3o PSOL"}}]}},"_links":{"self":[{"href":"https:\/\/psol50.org.br\/rest\/wp\/v2\/posts\/15812","targetHints":{"allow":["GET"]}}],"collection":[{"href":"https:\/\/psol50.org.br\/rest\/wp\/v2\/posts"}],"about":[{"href":"https:\/\/psol50.org.br\/rest\/wp\/v2\/types\/post"}],"author":[{"embeddable":true,"href":"https:\/\/psol50.org.br\/rest\/wp\/v2\/users\/2"}],"replies":[{"embeddable":true,"href":"https:\/\/psol50.org.br\/rest\/wp\/v2\/comments?post=15812"}],"version-history":[{"count":0,"href":"https:\/\/psol50.org.br\/rest\/wp\/v2\/posts\/15812\/revisions"}],"wp:featuredmedia":[{"embeddable":true,"href":"https:\/\/psol50.org.br\/rest\/wp\/v2\/media\/15810"}],"wp:attachment":[{"href":"https:\/\/psol50.org.br\/rest\/wp\/v2\/media?parent=15812"}],"wp:term":[{"taxonomy":"category","embeddable":true,"href":"https:\/\/psol50.org.br\/rest\/wp\/v2\/categories?post=15812"},{"taxonomy":"post_tag","embeddable":true,"href":"https:\/\/psol50.org.br\/rest\/wp\/v2\/tags?post=15812"}],"curies":[{"name":"wp","href":"https:\/\/api.w.org\/{rel}","templated":true}]}}