{"id":15835,"date":"2017-03-29T21:17:17","date_gmt":"2017-03-29T21:17:17","guid":{"rendered":"http:\/\/www.psol50.org.br\/?p=15835"},"modified":"2017-03-29T21:17:17","modified_gmt":"2017-03-29T21:17:17","slug":"governo-perde-e-camara-rejeita-liberacao-de-cobranca-em-cursos-de-pos-graduacao","status":"publish","type":"post","link":"https:\/\/psol50.org.br\/governo-perde-e-camara-rejeita-liberacao-de-cobranca-em-cursos-de-pos-graduacao\/","title":{"rendered":"Governo perde e C\u00e2mara rejeita libera\u00e7\u00e3o de cobran\u00e7a em cursos de p\u00f3s-gradua\u00e7\u00e3o"},"content":{"rendered":"<p>Em vota\u00e7\u00e3o inesperada, a\u00a0C\u00e2mara dos Deputados rejeitou, nesta quarta-feira (29\/03), a Proposta de Emenda Constitucional (PEC) 395\/14, do deputado Alex Canziani (PTB-PR), que propunha a libera\u00e7\u00e3o da cobran\u00e7a por cursos de p\u00f3s-gradua\u00e7\u00e3o <em>latu sensu<\/em> em universidades p\u00fablicas.<\/p>\n<p>Por se tratar de PEC, eram necess\u00e1rios pelo menos 308 votos favor\u00e1veis para que a proposta fosse aprovada. No entanto, &#8220;apenas&#8221; 304 deputados votaram a favor, enquanto 139 foram contr\u00e1rios, incluindo os votos dos deputados do PSOL.<\/p>\n<p>Com isso, a proposta s\u00f3 pode ser inserida novamente na pr\u00f3xima legislatura &#8211; ou seja, apenas a partir de 2019. A medida era apoiada pelo governo de Michel Temer.<\/p>\n<p>O PSOL \u00e9 contra o projeto, por ampliar a privatiza\u00e7\u00e3o da educa\u00e7\u00e3o brasileira e na pr\u00e1tica flexibilizar ainda mais o princ\u00edpio da educa\u00e7\u00e3o p\u00fablica &#8211; direito previsto na Constitui\u00e7\u00e3o Federal de 1988.<\/p>\n<p>O projeto autorizava definitivamente a cobran\u00e7a por todos os tipos de p\u00f3s-gradua\u00e7\u00e3o latu sensu \u2013 ou seja, aquelas focadas em cursos profissionalizantes e MBA, exceto os metrados profissionais. Mesmo sem a autoriza\u00e7\u00e3o em lei, algumas universidades j\u00e1 fazem uso da cobran\u00e7a por esses tipos de curso. O caso \u00e9 alvo de questionamento do Minist\u00e9rio P\u00fablico no Supremo Tribunal Federal (STF).<\/p>\n","protected":false},"excerpt":{"rendered":"<p>Em vota\u00e7\u00e3o inesperada, a\u00a0C\u00e2mara dos Deputados rejeitou, nesta quarta-feira (29\/03), a Proposta de Emenda Constitucional (PEC) 395\/14, do deputado Alex Canziani (PTB-PR), que propunha a libera\u00e7\u00e3o da cobran\u00e7a por cursos de p\u00f3s-gradua\u00e7\u00e3o latu sensu em universidades p\u00fablicas. Por se tratar de PEC, eram necess\u00e1rios pelo menos 308 votos favor\u00e1veis para que a proposta fosse aprovada. [&hellip;]<\/p>\n","protected":false},"author":2,"featured_media":15670,"comment_status":"open","ping_status":"open","sticky":false,"template":"","format":"standard","meta":{"_acf_changed":false,"footnotes":""},"categories":[10,1882,6],"tags":[709,164,408,417],"class_list":{"0":"post-15835","1":"post","2":"type-post","3":"status-publish","4":"format-standard","5":"has-post-thumbnail","7":"category-acao-parlamentares","8":"category-brasil","9":"category-noticias","10":"tag-camara-dos-deputados","11":"tag-educacao","12":"tag-pos-graduacao","13":"tag-psol-na-camara"},"acf":[],"yoast_head":"<!-- This site is optimized with the Yoast SEO plugin v26.5 - https:\/\/yoast.com\/wordpress\/plugins\/seo\/ -->\n<title>Governo perde e C\u00e2mara rejeita libera\u00e7\u00e3o de cobran\u00e7a em cursos de p\u00f3s-gradua\u00e7\u00e3o - PSOL 50<\/title>\n<meta name=\"robots\" content=\"index, follow, max-snippet:-1, max-image-preview:large, max-video-preview:-1\" \/>\n<link rel=\"canonical\" href=\"https:\/\/psol50.org.br\/governo-perde-e-camara-rejeita-liberacao-de-cobranca-em-cursos-de-pos-graduacao\/\" \/>\n<meta property=\"og:locale\" content=\"pt_BR\" \/>\n<meta property=\"og:type\" content=\"article\" \/>\n<meta property=\"og:title\" content=\"Governo perde e C\u00e2mara rejeita libera\u00e7\u00e3o de cobran\u00e7a em cursos de p\u00f3s-gradua\u00e7\u00e3o - PSOL 50\" \/>\n<meta property=\"og:description\" content=\"Em vota\u00e7\u00e3o inesperada, a\u00a0C\u00e2mara dos Deputados rejeitou, nesta quarta-feira (29\/03), a Proposta de Emenda Constitucional (PEC) 395\/14, do deputado Alex Canziani (PTB-PR), que propunha a libera\u00e7\u00e3o da cobran\u00e7a por cursos de p\u00f3s-gradua\u00e7\u00e3o latu sensu em universidades p\u00fablicas. Por se tratar de PEC, eram necess\u00e1rios pelo menos 308 votos favor\u00e1veis para que a proposta fosse aprovada. [&hellip;]\" \/>\n<meta property=\"og:url\" content=\"https:\/\/psol50.org.br\/governo-perde-e-camara-rejeita-liberacao-de-cobranca-em-cursos-de-pos-graduacao\/\" \/>\n<meta property=\"og:site_name\" content=\"PSOL 50\" \/>\n<meta property=\"article:publisher\" content=\"https:\/\/www.facebook.com\/psol50\" \/>\n<meta property=\"article:published_time\" content=\"2017-03-29T21:17:17+00:00\" \/>\n<meta property=\"og:image\" content=\"https:\/\/psol50.org.br\/inc\/uploads\/2018\/07\/capa.png\" \/>\n\t<meta property=\"og:image:width\" content=\"1350\" \/>\n\t<meta property=\"og:image:height\" content=\"900\" \/>\n\t<meta property=\"og:image:type\" content=\"image\/png\" \/>\n<meta name=\"author\" content=\"Comunica\u00e7\u00e3o PSOL\" \/>\n<meta name=\"twitter:card\" content=\"summary_large_image\" \/>\n<meta name=\"twitter:creator\" content=\"@psol50\" \/>\n<meta name=\"twitter:site\" content=\"@psol50\" \/>\n<meta name=\"twitter:label1\" content=\"Escrito por\" \/>\n\t<meta name=\"twitter:data1\" content=\"Comunica\u00e7\u00e3o PSOL\" \/>\n\t<meta name=\"twitter:label2\" content=\"Est. tempo de leitura\" \/>\n\t<meta name=\"twitter:data2\" content=\"1 minuto\" \/>\n<script type=\"application\/ld+json\" class=\"yoast-schema-graph\">{\"@context\":\"https:\/\/schema.org\",\"@graph\":[{\"@type\":\"Article\",\"@id\":\"https:\/\/psol50.org.br\/governo-perde-e-camara-rejeita-liberacao-de-cobranca-em-cursos-de-pos-graduacao\/#article\",\"isPartOf\":{\"@id\":\"https:\/\/psol50.org.br\/governo-perde-e-camara-rejeita-liberacao-de-cobranca-em-cursos-de-pos-graduacao\/\"},\"author\":{\"name\":\"Comunica\u00e7\u00e3o PSOL\",\"@id\":\"https:\/\/psol50.org.br\/#\/schema\/person\/475dfa57d0b815993c714c2e96491fcd\"},\"headline\":\"Governo perde e C\u00e2mara rejeita libera\u00e7\u00e3o de cobran\u00e7a em cursos de p\u00f3s-gradua\u00e7\u00e3o\",\"datePublished\":\"2017-03-29T21:17:17+00:00\",\"mainEntityOfPage\":{\"@id\":\"https:\/\/psol50.org.br\/governo-perde-e-camara-rejeita-liberacao-de-cobranca-em-cursos-de-pos-graduacao\/\"},\"wordCount\":228,\"commentCount\":0,\"publisher\":{\"@id\":\"https:\/\/psol50.org.br\/#organization\"},\"image\":{\"@id\":\"https:\/\/psol50.org.br\/governo-perde-e-camara-rejeita-liberacao-de-cobranca-em-cursos-de-pos-graduacao\/#primaryimage\"},\"thumbnailUrl\":\"\",\"keywords\":[\"C\u00e2mara dos Deputados\",\"Educa\u00e7\u00e3o\",\"p\u00f3s-gradua\u00e7\u00e3o\",\"PSOL na C\u00e2mara\"],\"articleSection\":[\"A\u00e7\u00e3o Parlamentar\",\"Brasil\",\"Not\u00edcias\"],\"inLanguage\":\"pt-BR\",\"potentialAction\":[{\"@type\":\"CommentAction\",\"name\":\"Comment\",\"target\":[\"https:\/\/psol50.org.br\/governo-perde-e-camara-rejeita-liberacao-de-cobranca-em-cursos-de-pos-graduacao\/#respond\"]}]},{\"@type\":\"WebPage\",\"@id\":\"https:\/\/psol50.org.br\/governo-perde-e-camara-rejeita-liberacao-de-cobranca-em-cursos-de-pos-graduacao\/\",\"url\":\"https:\/\/psol50.org.br\/governo-perde-e-camara-rejeita-liberacao-de-cobranca-em-cursos-de-pos-graduacao\/\",\"name\":\"Governo perde e C\u00e2mara rejeita libera\u00e7\u00e3o de cobran\u00e7a em cursos de p\u00f3s-gradua\u00e7\u00e3o - PSOL 50\",\"isPartOf\":{\"@id\":\"https:\/\/psol50.org.br\/#website\"},\"primaryImageOfPage\":{\"@id\":\"https:\/\/psol50.org.br\/governo-perde-e-camara-rejeita-liberacao-de-cobranca-em-cursos-de-pos-graduacao\/#primaryimage\"},\"image\":{\"@id\":\"https:\/\/psol50.org.br\/governo-perde-e-camara-rejeita-liberacao-de-cobranca-em-cursos-de-pos-graduacao\/#primaryimage\"},\"thumbnailUrl\":\"\",\"datePublished\":\"2017-03-29T21:17:17+00:00\",\"breadcrumb\":{\"@id\":\"https:\/\/psol50.org.br\/governo-perde-e-camara-rejeita-liberacao-de-cobranca-em-cursos-de-pos-graduacao\/#breadcrumb\"},\"inLanguage\":\"pt-BR\",\"potentialAction\":[{\"@type\":\"ReadAction\",\"target\":[\"https:\/\/psol50.org.br\/governo-perde-e-camara-rejeita-liberacao-de-cobranca-em-cursos-de-pos-graduacao\/\"]}]},{\"@type\":\"ImageObject\",\"inLanguage\":\"pt-BR\",\"@id\":\"https:\/\/psol50.org.br\/governo-perde-e-camara-rejeita-liberacao-de-cobranca-em-cursos-de-pos-graduacao\/#primaryimage\",\"url\":\"\",\"contentUrl\":\"\"},{\"@type\":\"BreadcrumbList\",\"@id\":\"https:\/\/psol50.org.br\/governo-perde-e-camara-rejeita-liberacao-de-cobranca-em-cursos-de-pos-graduacao\/#breadcrumb\",\"itemListElement\":[{\"@type\":\"ListItem\",\"position\":1,\"name\":\"In\u00edcio\",\"item\":\"https:\/\/psol50.org.br\/\"},{\"@type\":\"ListItem\",\"position\":2,\"name\":\"Governo perde e C\u00e2mara rejeita libera\u00e7\u00e3o de cobran\u00e7a em cursos de p\u00f3s-gradua\u00e7\u00e3o\"}]},{\"@type\":\"WebSite\",\"@id\":\"https:\/\/psol50.org.br\/#website\",\"url\":\"https:\/\/psol50.org.br\/\",\"name\":\"PSOL 50\",\"description\":\"Site oficial do Partido Socialismo e Liberdade\",\"publisher\":{\"@id\":\"https:\/\/psol50.org.br\/#organization\"},\"alternateName\":\"PSOL50\",\"potentialAction\":[{\"@type\":\"SearchAction\",\"target\":{\"@type\":\"EntryPoint\",\"urlTemplate\":\"https:\/\/psol50.org.br\/?s={search_term_string}\"},\"query-input\":{\"@type\":\"PropertyValueSpecification\",\"valueRequired\":true,\"valueName\":\"search_term_string\"}}],\"inLanguage\":\"pt-BR\"},{\"@type\":\"Organization\",\"@id\":\"https:\/\/psol50.org.br\/#organization\",\"name\":\"PSOL 50\",\"alternateName\":\"PSOL 50\",\"url\":\"https:\/\/psol50.org.br\/\",\"logo\":{\"@type\":\"ImageObject\",\"inLanguage\":\"pt-BR\",\"@id\":\"https:\/\/psol50.org.br\/#\/schema\/logo\/image\/\",\"url\":\"https:\/\/psol50.org.br\/inc\/uploads\/2018\/07\/capa.png\",\"contentUrl\":\"https:\/\/psol50.org.br\/inc\/uploads\/2018\/07\/capa.png\",\"width\":1350,\"height\":900,\"caption\":\"PSOL 50\"},\"image\":{\"@id\":\"https:\/\/psol50.org.br\/#\/schema\/logo\/image\/\"},\"sameAs\":[\"https:\/\/www.facebook.com\/psol50\",\"https:\/\/x.com\/psol50\",\"https:\/\/www.instagram.com\/psol50\/\",\"https:\/\/www.youtube.com\/channel\/UC7SnJS5o1os7a6CaiNabzcg\"]},{\"@type\":\"Person\",\"@id\":\"https:\/\/psol50.org.br\/#\/schema\/person\/475dfa57d0b815993c714c2e96491fcd\",\"name\":\"Comunica\u00e7\u00e3o PSOL\",\"image\":{\"@type\":\"ImageObject\",\"inLanguage\":\"pt-BR\",\"@id\":\"https:\/\/psol50.org.br\/#\/schema\/person\/image\/\",\"url\":\"https:\/\/secure.gravatar.com\/avatar\/b34fc4f4e468a4e51785917065a3db57b841f5c95dba6ad8c73aaf8f66f8f9bf?s=96&d=mm&r=g\",\"contentUrl\":\"https:\/\/secure.gravatar.com\/avatar\/b34fc4f4e468a4e51785917065a3db57b841f5c95dba6ad8c73aaf8f66f8f9bf?s=96&d=mm&r=g\",\"caption\":\"Comunica\u00e7\u00e3o PSOL\"}}]}<\/script>\n<!-- \/ Yoast SEO plugin. -->","yoast_head_json":{"title":"Governo perde e C\u00e2mara rejeita libera\u00e7\u00e3o de cobran\u00e7a em cursos de p\u00f3s-gradua\u00e7\u00e3o - PSOL 50","robots":{"index":"index","follow":"follow","max-snippet":"max-snippet:-1","max-image-preview":"max-image-preview:large","max-video-preview":"max-video-preview:-1"},"canonical":"https:\/\/psol50.org.br\/governo-perde-e-camara-rejeita-liberacao-de-cobranca-em-cursos-de-pos-graduacao\/","og_locale":"pt_BR","og_type":"article","og_title":"Governo perde e C\u00e2mara rejeita libera\u00e7\u00e3o de cobran\u00e7a em cursos de p\u00f3s-gradua\u00e7\u00e3o - PSOL 50","og_description":"Em vota\u00e7\u00e3o inesperada, a\u00a0C\u00e2mara dos Deputados rejeitou, nesta quarta-feira (29\/03), a Proposta de Emenda Constitucional (PEC) 395\/14, do deputado Alex Canziani (PTB-PR), que propunha a libera\u00e7\u00e3o da cobran\u00e7a por cursos de p\u00f3s-gradua\u00e7\u00e3o latu sensu em universidades p\u00fablicas. Por se tratar de PEC, eram necess\u00e1rios pelo menos 308 votos favor\u00e1veis para que a proposta fosse aprovada. [&hellip;]","og_url":"https:\/\/psol50.org.br\/governo-perde-e-camara-rejeita-liberacao-de-cobranca-em-cursos-de-pos-graduacao\/","og_site_name":"PSOL 50","article_publisher":"https:\/\/www.facebook.com\/psol50","article_published_time":"2017-03-29T21:17:17+00:00","og_image":[{"width":1350,"height":900,"url":"https:\/\/psol50.org.br\/inc\/uploads\/2018\/07\/capa.png","type":"image\/png"}],"author":"Comunica\u00e7\u00e3o PSOL","twitter_card":"summary_large_image","twitter_creator":"@psol50","twitter_site":"@psol50","twitter_misc":{"Escrito por":"Comunica\u00e7\u00e3o PSOL","Est. tempo de leitura":"1 minuto"},"schema":{"@context":"https:\/\/schema.org","@graph":[{"@type":"Article","@id":"https:\/\/psol50.org.br\/governo-perde-e-camara-rejeita-liberacao-de-cobranca-em-cursos-de-pos-graduacao\/#article","isPartOf":{"@id":"https:\/\/psol50.org.br\/governo-perde-e-camara-rejeita-liberacao-de-cobranca-em-cursos-de-pos-graduacao\/"},"author":{"name":"Comunica\u00e7\u00e3o PSOL","@id":"https:\/\/psol50.org.br\/#\/schema\/person\/475dfa57d0b815993c714c2e96491fcd"},"headline":"Governo perde e C\u00e2mara rejeita libera\u00e7\u00e3o de cobran\u00e7a em cursos de p\u00f3s-gradua\u00e7\u00e3o","datePublished":"2017-03-29T21:17:17+00:00","mainEntityOfPage":{"@id":"https:\/\/psol50.org.br\/governo-perde-e-camara-rejeita-liberacao-de-cobranca-em-cursos-de-pos-graduacao\/"},"wordCount":228,"commentCount":0,"publisher":{"@id":"https:\/\/psol50.org.br\/#organization"},"image":{"@id":"https:\/\/psol50.org.br\/governo-perde-e-camara-rejeita-liberacao-de-cobranca-em-cursos-de-pos-graduacao\/#primaryimage"},"thumbnailUrl":"","keywords":["C\u00e2mara dos Deputados","Educa\u00e7\u00e3o","p\u00f3s-gradua\u00e7\u00e3o","PSOL na C\u00e2mara"],"articleSection":["A\u00e7\u00e3o Parlamentar","Brasil","Not\u00edcias"],"inLanguage":"pt-BR","potentialAction":[{"@type":"CommentAction","name":"Comment","target":["https:\/\/psol50.org.br\/governo-perde-e-camara-rejeita-liberacao-de-cobranca-em-cursos-de-pos-graduacao\/#respond"]}]},{"@type":"WebPage","@id":"https:\/\/psol50.org.br\/governo-perde-e-camara-rejeita-liberacao-de-cobranca-em-cursos-de-pos-graduacao\/","url":"https:\/\/psol50.org.br\/governo-perde-e-camara-rejeita-liberacao-de-cobranca-em-cursos-de-pos-graduacao\/","name":"Governo perde e C\u00e2mara rejeita libera\u00e7\u00e3o de cobran\u00e7a em cursos de p\u00f3s-gradua\u00e7\u00e3o - PSOL 50","isPartOf":{"@id":"https:\/\/psol50.org.br\/#website"},"primaryImageOfPage":{"@id":"https:\/\/psol50.org.br\/governo-perde-e-camara-rejeita-liberacao-de-cobranca-em-cursos-de-pos-graduacao\/#primaryimage"},"image":{"@id":"https:\/\/psol50.org.br\/governo-perde-e-camara-rejeita-liberacao-de-cobranca-em-cursos-de-pos-graduacao\/#primaryimage"},"thumbnailUrl":"","datePublished":"2017-03-29T21:17:17+00:00","breadcrumb":{"@id":"https:\/\/psol50.org.br\/governo-perde-e-camara-rejeita-liberacao-de-cobranca-em-cursos-de-pos-graduacao\/#breadcrumb"},"inLanguage":"pt-BR","potentialAction":[{"@type":"ReadAction","target":["https:\/\/psol50.org.br\/governo-perde-e-camara-rejeita-liberacao-de-cobranca-em-cursos-de-pos-graduacao\/"]}]},{"@type":"ImageObject","inLanguage":"pt-BR","@id":"https:\/\/psol50.org.br\/governo-perde-e-camara-rejeita-liberacao-de-cobranca-em-cursos-de-pos-graduacao\/#primaryimage","url":"","contentUrl":""},{"@type":"BreadcrumbList","@id":"https:\/\/psol50.org.br\/governo-perde-e-camara-rejeita-liberacao-de-cobranca-em-cursos-de-pos-graduacao\/#breadcrumb","itemListElement":[{"@type":"ListItem","position":1,"name":"In\u00edcio","item":"https:\/\/psol50.org.br\/"},{"@type":"ListItem","position":2,"name":"Governo perde e C\u00e2mara rejeita libera\u00e7\u00e3o de cobran\u00e7a em cursos de p\u00f3s-gradua\u00e7\u00e3o"}]},{"@type":"WebSite","@id":"https:\/\/psol50.org.br\/#website","url":"https:\/\/psol50.org.br\/","name":"PSOL 50","description":"Site oficial do Partido Socialismo e Liberdade","publisher":{"@id":"https:\/\/psol50.org.br\/#organization"},"alternateName":"PSOL50","potentialAction":[{"@type":"SearchAction","target":{"@type":"EntryPoint","urlTemplate":"https:\/\/psol50.org.br\/?s={search_term_string}"},"query-input":{"@type":"PropertyValueSpecification","valueRequired":true,"valueName":"search_term_string"}}],"inLanguage":"pt-BR"},{"@type":"Organization","@id":"https:\/\/psol50.org.br\/#organization","name":"PSOL 50","alternateName":"PSOL 50","url":"https:\/\/psol50.org.br\/","logo":{"@type":"ImageObject","inLanguage":"pt-BR","@id":"https:\/\/psol50.org.br\/#\/schema\/logo\/image\/","url":"https:\/\/psol50.org.br\/inc\/uploads\/2018\/07\/capa.png","contentUrl":"https:\/\/psol50.org.br\/inc\/uploads\/2018\/07\/capa.png","width":1350,"height":900,"caption":"PSOL 50"},"image":{"@id":"https:\/\/psol50.org.br\/#\/schema\/logo\/image\/"},"sameAs":["https:\/\/www.facebook.com\/psol50","https:\/\/x.com\/psol50","https:\/\/www.instagram.com\/psol50\/","https:\/\/www.youtube.com\/channel\/UC7SnJS5o1os7a6CaiNabzcg"]},{"@type":"Person","@id":"https:\/\/psol50.org.br\/#\/schema\/person\/475dfa57d0b815993c714c2e96491fcd","name":"Comunica\u00e7\u00e3o PSOL","image":{"@type":"ImageObject","inLanguage":"pt-BR","@id":"https:\/\/psol50.org.br\/#\/schema\/person\/image\/","url":"https:\/\/secure.gravatar.com\/avatar\/b34fc4f4e468a4e51785917065a3db57b841f5c95dba6ad8c73aaf8f66f8f9bf?s=96&d=mm&r=g","contentUrl":"https:\/\/secure.gravatar.com\/avatar\/b34fc4f4e468a4e51785917065a3db57b841f5c95dba6ad8c73aaf8f66f8f9bf?s=96&d=mm&r=g","caption":"Comunica\u00e7\u00e3o PSOL"}}]}},"_links":{"self":[{"href":"https:\/\/psol50.org.br\/rest\/wp\/v2\/posts\/15835","targetHints":{"allow":["GET"]}}],"collection":[{"href":"https:\/\/psol50.org.br\/rest\/wp\/v2\/posts"}],"about":[{"href":"https:\/\/psol50.org.br\/rest\/wp\/v2\/types\/post"}],"author":[{"embeddable":true,"href":"https:\/\/psol50.org.br\/rest\/wp\/v2\/users\/2"}],"replies":[{"embeddable":true,"href":"https:\/\/psol50.org.br\/rest\/wp\/v2\/comments?post=15835"}],"version-history":[{"count":0,"href":"https:\/\/psol50.org.br\/rest\/wp\/v2\/posts\/15835\/revisions"}],"wp:featuredmedia":[{"embeddable":true,"href":"https:\/\/psol50.org.br\/rest\/"}],"wp:attachment":[{"href":"https:\/\/psol50.org.br\/rest\/wp\/v2\/media?parent=15835"}],"wp:term":[{"taxonomy":"category","embeddable":true,"href":"https:\/\/psol50.org.br\/rest\/wp\/v2\/categories?post=15835"},{"taxonomy":"post_tag","embeddable":true,"href":"https:\/\/psol50.org.br\/rest\/wp\/v2\/tags?post=15835"}],"curies":[{"name":"wp","href":"https:\/\/api.w.org\/{rel}","templated":true}]}}