{"id":15861,"date":"2017-03-30T14:08:01","date_gmt":"2017-03-30T14:08:01","guid":{"rendered":"http:\/\/www.psol50.org.br\/?p=15861"},"modified":"2017-03-30T14:08:01","modified_gmt":"2017-03-30T14:08:01","slug":"ivan-valente-pec-39514-abria-a-porteira-para-a-privatizacao-do-ensino-superior","status":"publish","type":"post","link":"https:\/\/psol50.org.br\/ivan-valente-pec-39514-abria-a-porteira-para-a-privatizacao-do-ensino-superior\/","title":{"rendered":"Ivan Valente: PEC 395\/14 abria a &#8220;porteira&#8221; para a privatiza\u00e7\u00e3o do ensino superior"},"content":{"rendered":"<p>O deputado Ivan Valente (PSOL-SP), ao comentar\u00a0<a href=\"http:\/\/www.psol50.org.br\/blog\/2017\/03\/29\/governo-perde-e-camara-rejeita-liberacao-de-cobranca-em-cursos-de-pos-graduacao\/\" target=\"_blank\" rel=\"noopener\"><span style=\"color: #0000ff;\"><strong>a derrota da Proposta de Emenda \u00e0 Constitui\u00e7\u00e3o (PEC) n\u00ba 395\/2014<\/strong><\/span><\/a>, de autoria do deputado Alex Canziani (PTB-PR),\u00a0em vota\u00e7\u00e3o no final da tarde desta quarta-feira (29\/03), disse que a proposta era a abertura de uma &#8220;porteira&#8221; para come\u00e7ar a cobrar mensalidades, partindo para uma privatiza\u00e7\u00e3o completa do ensino superior p\u00fablico no pa\u00eds. A PEC permitia a cobran\u00e7a de mensalidade em cursos de p\u00f3s-gradua\u00e7\u00e3o <em>latu sensu\u00a0<\/em>universidades p\u00fablicos.<\/p>\n<p>Valente\u00a0lembou que o PSOL, desde o in\u00edcio da tramita\u00e7\u00e3o da PEC, denunciou essa manobra. &#8220;A gratuidade do ensino \u00e9 um princ\u00edpio da Constitui\u00e7\u00e3o de\u00a01988 e \u00e9 uma necessidade para que os pobres possam chegar \u00e0 universidade. E mais do que isso: \u00e9 para que a\u00a0qualidade do ensino seja mantida. E esse princ\u00edpio seria violado&#8221;, disse o deputado, ao celebrar a derrota sofrida ontem pela base aliada de Michel Temer na C\u00e2mara.<\/p>\n<p>Confira, abaixo, o v\u00eddeo.<\/p>\n<p>https:\/\/www.facebook.com\/IvanValentePSOL\/videos\/1516235058421371\/<\/p>\n","protected":false},"excerpt":{"rendered":"<p>O deputado Ivan Valente (PSOL-SP), ao comentar\u00a0a derrota da Proposta de Emenda \u00e0 Constitui\u00e7\u00e3o (PEC) n\u00ba 395\/2014, de autoria do deputado Alex Canziani (PTB-PR),\u00a0em vota\u00e7\u00e3o no final da tarde desta quarta-feira (29\/03), disse que a proposta era a abertura de uma &#8220;porteira&#8221; para come\u00e7ar a cobrar mensalidades, partindo para uma privatiza\u00e7\u00e3o completa do ensino superior [&hellip;]<\/p>\n","protected":false},"author":2,"featured_media":15862,"comment_status":"open","ping_status":"open","sticky":false,"template":"","format":"standard","meta":{"_acf_changed":false,"footnotes":""},"categories":[10,1882,2208,2812],"tags":[3020,2675,552,3021,3022,3023,408,157],"class_list":{"0":"post-15861","1":"post","2":"type-post","3":"status-publish","4":"format-standard","5":"has-post-thumbnail","7":"category-acao-parlamentares","8":"category-brasil","9":"category-educacao","10":"category-videos_tv","11":"tag-alex-canziani","12":"tag-ensino-superior","13":"tag-ivan-valente","14":"tag-latu-sensu","15":"tag-mensabilidade","16":"tag-pec3952014","17":"tag-pos-graduacao","18":"tag-privatizacao"},"acf":[],"yoast_head":"<!-- This site is optimized with the Yoast SEO plugin v26.5 - https:\/\/yoast.com\/wordpress\/plugins\/seo\/ -->\n<title>Ivan Valente: PEC 395\/14 abria a &quot;porteira&quot; para a privatiza\u00e7\u00e3o do ensino superior - PSOL 50<\/title>\n<meta name=\"robots\" content=\"index, follow, max-snippet:-1, max-image-preview:large, max-video-preview:-1\" \/>\n<link rel=\"canonical\" href=\"https:\/\/psol50.org.br\/ivan-valente-pec-39514-abria-a-porteira-para-a-privatizacao-do-ensino-superior\/\" \/>\n<meta property=\"og:locale\" content=\"pt_BR\" \/>\n<meta property=\"og:type\" content=\"article\" \/>\n<meta property=\"og:title\" content=\"Ivan Valente: PEC 395\/14 abria a &quot;porteira&quot; para a privatiza\u00e7\u00e3o do ensino superior - PSOL 50\" \/>\n<meta property=\"og:description\" content=\"O deputado Ivan Valente (PSOL-SP), ao comentar\u00a0a derrota da Proposta de Emenda \u00e0 Constitui\u00e7\u00e3o (PEC) n\u00ba 395\/2014, de autoria do deputado Alex Canziani (PTB-PR),\u00a0em vota\u00e7\u00e3o no final da tarde desta quarta-feira (29\/03), disse que a proposta era a abertura de uma &#8220;porteira&#8221; para come\u00e7ar a cobrar mensalidades, partindo para uma privatiza\u00e7\u00e3o completa do ensino superior [&hellip;]\" \/>\n<meta property=\"og:url\" content=\"https:\/\/psol50.org.br\/ivan-valente-pec-39514-abria-a-porteira-para-a-privatizacao-do-ensino-superior\/\" \/>\n<meta property=\"og:site_name\" content=\"PSOL 50\" \/>\n<meta property=\"article:publisher\" content=\"https:\/\/www.facebook.com\/psol50\" \/>\n<meta property=\"article:published_time\" content=\"2017-03-30T14:08:01+00:00\" \/>\n<meta property=\"og:image\" content=\"https:\/\/psol50.org.br\/inc\/uploads\/2018\/07\/capa.png\" \/>\n\t<meta property=\"og:image:width\" content=\"1350\" \/>\n\t<meta property=\"og:image:height\" content=\"900\" \/>\n\t<meta property=\"og:image:type\" content=\"image\/png\" \/>\n<meta name=\"author\" content=\"Comunica\u00e7\u00e3o PSOL\" \/>\n<meta name=\"twitter:card\" content=\"summary_large_image\" \/>\n<meta name=\"twitter:creator\" content=\"@psol50\" \/>\n<meta name=\"twitter:site\" content=\"@psol50\" \/>\n<meta name=\"twitter:label1\" content=\"Escrito por\" \/>\n\t<meta name=\"twitter:data1\" content=\"Comunica\u00e7\u00e3o PSOL\" \/>\n\t<meta name=\"twitter:label2\" content=\"Est. tempo de leitura\" \/>\n\t<meta name=\"twitter:data2\" content=\"1 minuto\" \/>\n<script type=\"application\/ld+json\" class=\"yoast-schema-graph\">{\"@context\":\"https:\/\/schema.org\",\"@graph\":[{\"@type\":\"Article\",\"@id\":\"https:\/\/psol50.org.br\/ivan-valente-pec-39514-abria-a-porteira-para-a-privatizacao-do-ensino-superior\/#article\",\"isPartOf\":{\"@id\":\"https:\/\/psol50.org.br\/ivan-valente-pec-39514-abria-a-porteira-para-a-privatizacao-do-ensino-superior\/\"},\"author\":{\"name\":\"Comunica\u00e7\u00e3o PSOL\",\"@id\":\"https:\/\/psol50.org.br\/#\/schema\/person\/475dfa57d0b815993c714c2e96491fcd\"},\"headline\":\"Ivan Valente: PEC 395\/14 abria a &#8220;porteira&#8221; para a privatiza\u00e7\u00e3o do ensino superior\",\"datePublished\":\"2017-03-30T14:08:01+00:00\",\"mainEntityOfPage\":{\"@id\":\"https:\/\/psol50.org.br\/ivan-valente-pec-39514-abria-a-porteira-para-a-privatizacao-do-ensino-superior\/\"},\"wordCount\":181,\"commentCount\":0,\"publisher\":{\"@id\":\"https:\/\/psol50.org.br\/#organization\"},\"image\":{\"@id\":\"https:\/\/psol50.org.br\/ivan-valente-pec-39514-abria-a-porteira-para-a-privatizacao-do-ensino-superior\/#primaryimage\"},\"thumbnailUrl\":\"\",\"keywords\":[\"Alex Canziani\",\"ensino superior\",\"Ivan Valente\",\"latu sensu\",\"mensabilidade\",\"PEC395\/2014\",\"p\u00f3s-gradua\u00e7\u00e3o\",\"privatiza\u00e7\u00e3o\"],\"articleSection\":[\"A\u00e7\u00e3o Parlamentar\",\"Brasil\",\"Educa\u00e7\u00e3o\",\"V\u00cdDEOS | MULTIM\u00cdDIA | FLC TV\"],\"inLanguage\":\"pt-BR\",\"potentialAction\":[{\"@type\":\"CommentAction\",\"name\":\"Comment\",\"target\":[\"https:\/\/psol50.org.br\/ivan-valente-pec-39514-abria-a-porteira-para-a-privatizacao-do-ensino-superior\/#respond\"]}]},{\"@type\":\"WebPage\",\"@id\":\"https:\/\/psol50.org.br\/ivan-valente-pec-39514-abria-a-porteira-para-a-privatizacao-do-ensino-superior\/\",\"url\":\"https:\/\/psol50.org.br\/ivan-valente-pec-39514-abria-a-porteira-para-a-privatizacao-do-ensino-superior\/\",\"name\":\"Ivan Valente: PEC 395\/14 abria a \\\"porteira\\\" para a privatiza\u00e7\u00e3o do ensino superior - PSOL 50\",\"isPartOf\":{\"@id\":\"https:\/\/psol50.org.br\/#website\"},\"primaryImageOfPage\":{\"@id\":\"https:\/\/psol50.org.br\/ivan-valente-pec-39514-abria-a-porteira-para-a-privatizacao-do-ensino-superior\/#primaryimage\"},\"image\":{\"@id\":\"https:\/\/psol50.org.br\/ivan-valente-pec-39514-abria-a-porteira-para-a-privatizacao-do-ensino-superior\/#primaryimage\"},\"thumbnailUrl\":\"\",\"datePublished\":\"2017-03-30T14:08:01+00:00\",\"breadcrumb\":{\"@id\":\"https:\/\/psol50.org.br\/ivan-valente-pec-39514-abria-a-porteira-para-a-privatizacao-do-ensino-superior\/#breadcrumb\"},\"inLanguage\":\"pt-BR\",\"potentialAction\":[{\"@type\":\"ReadAction\",\"target\":[\"https:\/\/psol50.org.br\/ivan-valente-pec-39514-abria-a-porteira-para-a-privatizacao-do-ensino-superior\/\"]}]},{\"@type\":\"ImageObject\",\"inLanguage\":\"pt-BR\",\"@id\":\"https:\/\/psol50.org.br\/ivan-valente-pec-39514-abria-a-porteira-para-a-privatizacao-do-ensino-superior\/#primaryimage\",\"url\":\"\",\"contentUrl\":\"\"},{\"@type\":\"BreadcrumbList\",\"@id\":\"https:\/\/psol50.org.br\/ivan-valente-pec-39514-abria-a-porteira-para-a-privatizacao-do-ensino-superior\/#breadcrumb\",\"itemListElement\":[{\"@type\":\"ListItem\",\"position\":1,\"name\":\"In\u00edcio\",\"item\":\"https:\/\/psol50.org.br\/\"},{\"@type\":\"ListItem\",\"position\":2,\"name\":\"Ivan Valente: PEC 395\/14 abria a &#8220;porteira&#8221; para a privatiza\u00e7\u00e3o do ensino superior\"}]},{\"@type\":\"WebSite\",\"@id\":\"https:\/\/psol50.org.br\/#website\",\"url\":\"https:\/\/psol50.org.br\/\",\"name\":\"PSOL 50\",\"description\":\"Site oficial do Partido Socialismo e Liberdade\",\"publisher\":{\"@id\":\"https:\/\/psol50.org.br\/#organization\"},\"alternateName\":\"PSOL50\",\"potentialAction\":[{\"@type\":\"SearchAction\",\"target\":{\"@type\":\"EntryPoint\",\"urlTemplate\":\"https:\/\/psol50.org.br\/?s={search_term_string}\"},\"query-input\":{\"@type\":\"PropertyValueSpecification\",\"valueRequired\":true,\"valueName\":\"search_term_string\"}}],\"inLanguage\":\"pt-BR\"},{\"@type\":\"Organization\",\"@id\":\"https:\/\/psol50.org.br\/#organization\",\"name\":\"PSOL 50\",\"alternateName\":\"PSOL 50\",\"url\":\"https:\/\/psol50.org.br\/\",\"logo\":{\"@type\":\"ImageObject\",\"inLanguage\":\"pt-BR\",\"@id\":\"https:\/\/psol50.org.br\/#\/schema\/logo\/image\/\",\"url\":\"https:\/\/psol50.org.br\/inc\/uploads\/2018\/07\/capa.png\",\"contentUrl\":\"https:\/\/psol50.org.br\/inc\/uploads\/2018\/07\/capa.png\",\"width\":1350,\"height\":900,\"caption\":\"PSOL 50\"},\"image\":{\"@id\":\"https:\/\/psol50.org.br\/#\/schema\/logo\/image\/\"},\"sameAs\":[\"https:\/\/www.facebook.com\/psol50\",\"https:\/\/x.com\/psol50\",\"https:\/\/www.instagram.com\/psol50\/\",\"https:\/\/www.youtube.com\/channel\/UC7SnJS5o1os7a6CaiNabzcg\"]},{\"@type\":\"Person\",\"@id\":\"https:\/\/psol50.org.br\/#\/schema\/person\/475dfa57d0b815993c714c2e96491fcd\",\"name\":\"Comunica\u00e7\u00e3o PSOL\",\"image\":{\"@type\":\"ImageObject\",\"inLanguage\":\"pt-BR\",\"@id\":\"https:\/\/psol50.org.br\/#\/schema\/person\/image\/\",\"url\":\"https:\/\/secure.gravatar.com\/avatar\/b34fc4f4e468a4e51785917065a3db57b841f5c95dba6ad8c73aaf8f66f8f9bf?s=96&d=mm&r=g\",\"contentUrl\":\"https:\/\/secure.gravatar.com\/avatar\/b34fc4f4e468a4e51785917065a3db57b841f5c95dba6ad8c73aaf8f66f8f9bf?s=96&d=mm&r=g\",\"caption\":\"Comunica\u00e7\u00e3o PSOL\"}}]}<\/script>\n<!-- \/ Yoast SEO plugin. -->","yoast_head_json":{"title":"Ivan Valente: PEC 395\/14 abria a \"porteira\" para a privatiza\u00e7\u00e3o do ensino superior - PSOL 50","robots":{"index":"index","follow":"follow","max-snippet":"max-snippet:-1","max-image-preview":"max-image-preview:large","max-video-preview":"max-video-preview:-1"},"canonical":"https:\/\/psol50.org.br\/ivan-valente-pec-39514-abria-a-porteira-para-a-privatizacao-do-ensino-superior\/","og_locale":"pt_BR","og_type":"article","og_title":"Ivan Valente: PEC 395\/14 abria a \"porteira\" para a privatiza\u00e7\u00e3o do ensino superior - PSOL 50","og_description":"O deputado Ivan Valente (PSOL-SP), ao comentar\u00a0a derrota da Proposta de Emenda \u00e0 Constitui\u00e7\u00e3o (PEC) n\u00ba 395\/2014, de autoria do deputado Alex Canziani (PTB-PR),\u00a0em vota\u00e7\u00e3o no final da tarde desta quarta-feira (29\/03), disse que a proposta era a abertura de uma &#8220;porteira&#8221; para come\u00e7ar a cobrar mensalidades, partindo para uma privatiza\u00e7\u00e3o completa do ensino superior [&hellip;]","og_url":"https:\/\/psol50.org.br\/ivan-valente-pec-39514-abria-a-porteira-para-a-privatizacao-do-ensino-superior\/","og_site_name":"PSOL 50","article_publisher":"https:\/\/www.facebook.com\/psol50","article_published_time":"2017-03-30T14:08:01+00:00","og_image":[{"width":1350,"height":900,"url":"https:\/\/psol50.org.br\/inc\/uploads\/2018\/07\/capa.png","type":"image\/png"}],"author":"Comunica\u00e7\u00e3o PSOL","twitter_card":"summary_large_image","twitter_creator":"@psol50","twitter_site":"@psol50","twitter_misc":{"Escrito por":"Comunica\u00e7\u00e3o PSOL","Est. tempo de leitura":"1 minuto"},"schema":{"@context":"https:\/\/schema.org","@graph":[{"@type":"Article","@id":"https:\/\/psol50.org.br\/ivan-valente-pec-39514-abria-a-porteira-para-a-privatizacao-do-ensino-superior\/#article","isPartOf":{"@id":"https:\/\/psol50.org.br\/ivan-valente-pec-39514-abria-a-porteira-para-a-privatizacao-do-ensino-superior\/"},"author":{"name":"Comunica\u00e7\u00e3o PSOL","@id":"https:\/\/psol50.org.br\/#\/schema\/person\/475dfa57d0b815993c714c2e96491fcd"},"headline":"Ivan Valente: PEC 395\/14 abria a &#8220;porteira&#8221; para a privatiza\u00e7\u00e3o do ensino superior","datePublished":"2017-03-30T14:08:01+00:00","mainEntityOfPage":{"@id":"https:\/\/psol50.org.br\/ivan-valente-pec-39514-abria-a-porteira-para-a-privatizacao-do-ensino-superior\/"},"wordCount":181,"commentCount":0,"publisher":{"@id":"https:\/\/psol50.org.br\/#organization"},"image":{"@id":"https:\/\/psol50.org.br\/ivan-valente-pec-39514-abria-a-porteira-para-a-privatizacao-do-ensino-superior\/#primaryimage"},"thumbnailUrl":"","keywords":["Alex Canziani","ensino superior","Ivan Valente","latu sensu","mensabilidade","PEC395\/2014","p\u00f3s-gradua\u00e7\u00e3o","privatiza\u00e7\u00e3o"],"articleSection":["A\u00e7\u00e3o Parlamentar","Brasil","Educa\u00e7\u00e3o","V\u00cdDEOS | MULTIM\u00cdDIA | FLC TV"],"inLanguage":"pt-BR","potentialAction":[{"@type":"CommentAction","name":"Comment","target":["https:\/\/psol50.org.br\/ivan-valente-pec-39514-abria-a-porteira-para-a-privatizacao-do-ensino-superior\/#respond"]}]},{"@type":"WebPage","@id":"https:\/\/psol50.org.br\/ivan-valente-pec-39514-abria-a-porteira-para-a-privatizacao-do-ensino-superior\/","url":"https:\/\/psol50.org.br\/ivan-valente-pec-39514-abria-a-porteira-para-a-privatizacao-do-ensino-superior\/","name":"Ivan Valente: PEC 395\/14 abria a \"porteira\" para a privatiza\u00e7\u00e3o do ensino superior - PSOL 50","isPartOf":{"@id":"https:\/\/psol50.org.br\/#website"},"primaryImageOfPage":{"@id":"https:\/\/psol50.org.br\/ivan-valente-pec-39514-abria-a-porteira-para-a-privatizacao-do-ensino-superior\/#primaryimage"},"image":{"@id":"https:\/\/psol50.org.br\/ivan-valente-pec-39514-abria-a-porteira-para-a-privatizacao-do-ensino-superior\/#primaryimage"},"thumbnailUrl":"","datePublished":"2017-03-30T14:08:01+00:00","breadcrumb":{"@id":"https:\/\/psol50.org.br\/ivan-valente-pec-39514-abria-a-porteira-para-a-privatizacao-do-ensino-superior\/#breadcrumb"},"inLanguage":"pt-BR","potentialAction":[{"@type":"ReadAction","target":["https:\/\/psol50.org.br\/ivan-valente-pec-39514-abria-a-porteira-para-a-privatizacao-do-ensino-superior\/"]}]},{"@type":"ImageObject","inLanguage":"pt-BR","@id":"https:\/\/psol50.org.br\/ivan-valente-pec-39514-abria-a-porteira-para-a-privatizacao-do-ensino-superior\/#primaryimage","url":"","contentUrl":""},{"@type":"BreadcrumbList","@id":"https:\/\/psol50.org.br\/ivan-valente-pec-39514-abria-a-porteira-para-a-privatizacao-do-ensino-superior\/#breadcrumb","itemListElement":[{"@type":"ListItem","position":1,"name":"In\u00edcio","item":"https:\/\/psol50.org.br\/"},{"@type":"ListItem","position":2,"name":"Ivan Valente: PEC 395\/14 abria a &#8220;porteira&#8221; para a privatiza\u00e7\u00e3o do ensino superior"}]},{"@type":"WebSite","@id":"https:\/\/psol50.org.br\/#website","url":"https:\/\/psol50.org.br\/","name":"PSOL 50","description":"Site oficial do Partido Socialismo e Liberdade","publisher":{"@id":"https:\/\/psol50.org.br\/#organization"},"alternateName":"PSOL50","potentialAction":[{"@type":"SearchAction","target":{"@type":"EntryPoint","urlTemplate":"https:\/\/psol50.org.br\/?s={search_term_string}"},"query-input":{"@type":"PropertyValueSpecification","valueRequired":true,"valueName":"search_term_string"}}],"inLanguage":"pt-BR"},{"@type":"Organization","@id":"https:\/\/psol50.org.br\/#organization","name":"PSOL 50","alternateName":"PSOL 50","url":"https:\/\/psol50.org.br\/","logo":{"@type":"ImageObject","inLanguage":"pt-BR","@id":"https:\/\/psol50.org.br\/#\/schema\/logo\/image\/","url":"https:\/\/psol50.org.br\/inc\/uploads\/2018\/07\/capa.png","contentUrl":"https:\/\/psol50.org.br\/inc\/uploads\/2018\/07\/capa.png","width":1350,"height":900,"caption":"PSOL 50"},"image":{"@id":"https:\/\/psol50.org.br\/#\/schema\/logo\/image\/"},"sameAs":["https:\/\/www.facebook.com\/psol50","https:\/\/x.com\/psol50","https:\/\/www.instagram.com\/psol50\/","https:\/\/www.youtube.com\/channel\/UC7SnJS5o1os7a6CaiNabzcg"]},{"@type":"Person","@id":"https:\/\/psol50.org.br\/#\/schema\/person\/475dfa57d0b815993c714c2e96491fcd","name":"Comunica\u00e7\u00e3o PSOL","image":{"@type":"ImageObject","inLanguage":"pt-BR","@id":"https:\/\/psol50.org.br\/#\/schema\/person\/image\/","url":"https:\/\/secure.gravatar.com\/avatar\/b34fc4f4e468a4e51785917065a3db57b841f5c95dba6ad8c73aaf8f66f8f9bf?s=96&d=mm&r=g","contentUrl":"https:\/\/secure.gravatar.com\/avatar\/b34fc4f4e468a4e51785917065a3db57b841f5c95dba6ad8c73aaf8f66f8f9bf?s=96&d=mm&r=g","caption":"Comunica\u00e7\u00e3o PSOL"}}]}},"_links":{"self":[{"href":"https:\/\/psol50.org.br\/rest\/wp\/v2\/posts\/15861","targetHints":{"allow":["GET"]}}],"collection":[{"href":"https:\/\/psol50.org.br\/rest\/wp\/v2\/posts"}],"about":[{"href":"https:\/\/psol50.org.br\/rest\/wp\/v2\/types\/post"}],"author":[{"embeddable":true,"href":"https:\/\/psol50.org.br\/rest\/wp\/v2\/users\/2"}],"replies":[{"embeddable":true,"href":"https:\/\/psol50.org.br\/rest\/wp\/v2\/comments?post=15861"}],"version-history":[{"count":0,"href":"https:\/\/psol50.org.br\/rest\/wp\/v2\/posts\/15861\/revisions"}],"wp:featuredmedia":[{"embeddable":true,"href":"https:\/\/psol50.org.br\/rest\/"}],"wp:attachment":[{"href":"https:\/\/psol50.org.br\/rest\/wp\/v2\/media?parent=15861"}],"wp:term":[{"taxonomy":"category","embeddable":true,"href":"https:\/\/psol50.org.br\/rest\/wp\/v2\/categories?post=15861"},{"taxonomy":"post_tag","embeddable":true,"href":"https:\/\/psol50.org.br\/rest\/wp\/v2\/tags?post=15861"}],"curies":[{"name":"wp","href":"https:\/\/api.w.org\/{rel}","templated":true}]}}