{"id":15867,"date":"2017-03-30T18:48:34","date_gmt":"2017-03-30T18:48:34","guid":{"rendered":"http:\/\/www.psol50.org.br\/?p=15867"},"modified":"2017-03-30T18:48:34","modified_gmt":"2017-03-30T18:48:34","slug":"nesta-sexta-feira-31-o-brasil-vai-as-ruas-contra-os-ataques-de-temer","status":"publish","type":"post","link":"https:\/\/psol50.org.br\/nesta-sexta-feira-31-o-brasil-vai-as-ruas-contra-os-ataques-de-temer\/","title":{"rendered":"Nesta sexta-feira (31), o Brasil vai \u00e0s ruas contra os ataques de Temer"},"content":{"rendered":"<p>Em mais uma dia nacional de luta, movimentos sociais, entidades sindicais e estudantis v\u00e3o \u00e0s ruas nesta sexta-feira (31\/03) dizer que n\u00e3o aceitar\u00e3o os ataques do governo de Michel Temer, especialmente as reformas previdenci\u00e1rias e trabalhista, ambas em tramita\u00e7\u00e3o na C\u00e2mara dos Deputados.<\/p>\n<p>Chamado\u00a0pelas frentes\u00a0<span style=\"color: #0000ff;\"><a style=\"color: #0000ff;\" href=\"https:\/\/www.facebook.com\/povosemmedonacional\/?ref=ts&amp;fref=ts\" target=\"_blank\" rel=\"noopener\"><strong>Povo Sem Medo<\/strong><\/a><\/span> e Brasil Popular, o dia ser\u00e1 ser\u00e1 marcado por paralisa\u00e7\u00e3o nacional de v\u00e1rias categorias de trabalhadores e protestos nas maiores cidades do pa\u00eds. Em todos eles, a popula\u00e7\u00e3o deixar\u00e3o seu recado para Temer e seus aliados que n\u00e3o aceitar\u00e3o pagar uma conta de uma crise que n\u00e3o foi criada por ela.<\/p>\n<p>Com o objetivo de fazer bonito como foi no dia 15 de mar\u00e7o, quando a Avenida Paulista, em S\u00e3o Paulo, foi tomada por cerca de 200 mil pessoas e o Minist\u00e9rio da Fazenda foi ocupado em Bras\u00edlia \u2013 al\u00e9m de diversas atividades em todos os estados do Brasil, as frentes de luta esperam reunir milhares nas ruas do pa\u00eds nesta sexta-feira. J\u00e1 h\u00e1 protestos confirmados em v\u00e1rias capitais, como: <strong><span style=\"color: #0000ff;\"><a style=\"color: #0000ff;\" href=\"https:\/\/www.facebook.com\/events\/1860850450835747\/?active_tab=about\" target=\"_blank\" rel=\"noopener\">Bras\u00edlia<\/a><\/span>, <span style=\"color: #0000ff;\"><a style=\"color: #0000ff;\" href=\"https:\/\/www.facebook.com\/events\/1449621818446582\/\" target=\"_blank\" rel=\"noopener\">S\u00e3o Paulo<\/a><\/span>, <span style=\"color: #0000ff;\"><a style=\"color: #0000ff;\" href=\"https:\/\/www.facebook.com\/events\/1788774391441903\/\" target=\"_blank\" rel=\"noopener\">Rio de Janeiro<\/a><\/span>,\u00a0<\/strong>Salvador<strong>, <span style=\"color: #0000ff;\"><a style=\"color: #0000ff;\" href=\"https:\/\/www.facebook.com\/events\/1329717480443842\/\" target=\"_blank\" rel=\"noopener\">Recife<\/a><\/span>, <span style=\"color: #0000ff;\"><a style=\"color: #0000ff;\" href=\"https:\/\/www.facebook.com\/events\/2230889387135742\/\" target=\"_blank\" rel=\"noopener\">Florian\u00f3polis<\/a><\/span>, <span style=\"color: #0000ff;\"><a style=\"color: #0000ff;\" href=\"https:\/\/www.facebook.com\/events\/240685503069279\/\" target=\"_blank\" rel=\"noopener\">Curitiba<\/a><\/span>, <span style=\"color: #0000ff;\"><a style=\"color: #0000ff;\" href=\"https:\/\/www.facebook.com\/events\/100671150478094\/\" target=\"_blank\" rel=\"noopener\">Fortaleza<\/a><\/span>, <span style=\"color: #0000ff;\"><a style=\"color: #0000ff;\" href=\"https:\/\/www.facebook.com\/events\/1274607232657470\/\" target=\"_blank\" rel=\"noopener\">Belo Horizonte<\/a><\/span> , <span style=\"color: #0000ff;\"><a style=\"color: #0000ff;\" href=\"https:\/\/www.facebook.com\/events\/1598657226812832\/\" target=\"_blank\" rel=\"noopener\">Porto Alegre<\/a><\/span>, <span style=\"color: #0000ff;\"><a style=\"color: #0000ff;\" href=\"https:\/\/www.facebook.com\/events\/274397849670023\/\" target=\"_blank\" rel=\"noopener\">Jo\u00e3o Pessoa<\/a><\/span>\u00a0<\/strong>e<strong>\u00a0<span style=\"color: #0000ff;\"><a style=\"color: #0000ff;\" href=\"https:\/\/www.facebook.com\/events\/785289884961528\/\" target=\"_blank\" rel=\"noopener\">Natal<\/a><\/span><\/strong>.<\/p>\n<p>Para Guilherme Boulos, coordenador do MTST, \u00e9 hora de reagir. \u201cQual \u00e9 a moral desse Congresso Nacional para aprovar uma medida t\u00e3o grave?\u201d, questiona. \u201cN\u00f3s vamos ter que ir \u00e0 luta\u201d. <span style=\"color: #0000ff;\"><a style=\"color: #0000ff;\" href=\"http:\/\/www.psol50.org.br\/blog\/2017\/03\/24\/3103-e-dia-de-mobilizacao-nacional-contra-a-reforma-da-previdencia-e-em-defesa-dos-direitos\/\" target=\"_blank\" rel=\"noopener\"><strong>Assista ao v\u00eddeo<\/strong><\/a><\/span>.<\/p>\n<p>O presidente nacional do PSOL, Luiz Ara\u00fajo, tamb\u00e9m convoca a milit\u00e2ncia do partido para as manifesta\u00e7\u00f5es em todo o pa\u00eds. Confira no v\u00eddeo abaixo.<\/p>\n<div class=\"youtube-embed\" data-video_id=\"sG1yT4YzqPI\"><iframe loading=\"lazy\" title=\"Presidente nacional do PSOL convoca manifesta\u00e7\u00f5es contra a reforma da Previd\u00eancia, dia 31\/03\" width=\"696\" height=\"522\" src=\"https:\/\/www.youtube.com\/embed\/sG1yT4YzqPI?feature=oembed&#038;enablejsapi=1\" frameborder=\"0\" allow=\"accelerometer; autoplay; clipboard-write; encrypted-media; gyroscope; picture-in-picture\" allowfullscreen><\/iframe><\/div>\n<p>&nbsp;<\/p>\n","protected":false},"excerpt":{"rendered":"<p>Em mais uma dia nacional de luta, movimentos sociais, entidades sindicais e estudantis v\u00e3o \u00e0s ruas nesta sexta-feira (31\/03) dizer que n\u00e3o aceitar\u00e3o os ataques do governo de Michel Temer, especialmente as reformas previdenci\u00e1rias e trabalhista, ambas em tramita\u00e7\u00e3o na C\u00e2mara dos Deputados. Chamado\u00a0pelas frentes\u00a0Povo Sem Medo e Brasil Popular, o dia ser\u00e1 ser\u00e1 marcado [&hellip;]<\/p>\n","protected":false},"author":2,"featured_media":0,"comment_status":"open","ping_status":"open","sticky":false,"template":"","format":"standard","meta":{"_acf_changed":false,"footnotes":""},"categories":[1882,1104,6],"tags":[3024,3025,3026,406,1748,2882,1945,39,1669],"class_list":{"0":"post-15867","1":"post","2":"type-post","3":"status-publish","4":"format-standard","6":"category-brasil","7":"category-movimento","8":"category-noticias","9":"tag-31-de-marco","10":"tag-brasil-popular","11":"tag-dia-nacional-de-luta","12":"tag-direitos","13":"tag-michel-temer","14":"tag-paralisacao","15":"tag-povo-sem-medo","16":"tag-reforma-da-previdencia","17":"tag-reforma-trabalhista"},"acf":[],"yoast_head":"<!-- This site is optimized with the Yoast SEO plugin v26.5 - https:\/\/yoast.com\/wordpress\/plugins\/seo\/ -->\n<title>Nesta sexta-feira (31), o Brasil vai \u00e0s ruas contra os ataques de Temer - PSOL 50<\/title>\n<meta name=\"robots\" content=\"index, follow, max-snippet:-1, max-image-preview:large, max-video-preview:-1\" \/>\n<link rel=\"canonical\" href=\"https:\/\/psol50.org.br\/nesta-sexta-feira-31-o-brasil-vai-as-ruas-contra-os-ataques-de-temer\/\" \/>\n<meta property=\"og:locale\" content=\"pt_BR\" \/>\n<meta property=\"og:type\" content=\"article\" \/>\n<meta property=\"og:title\" content=\"Nesta sexta-feira (31), o Brasil vai \u00e0s ruas contra os ataques de Temer - PSOL 50\" \/>\n<meta property=\"og:description\" content=\"Em mais uma dia nacional de luta, movimentos sociais, entidades sindicais e estudantis v\u00e3o \u00e0s ruas nesta sexta-feira (31\/03) dizer que n\u00e3o aceitar\u00e3o os ataques do governo de Michel Temer, especialmente as reformas previdenci\u00e1rias e trabalhista, ambas em tramita\u00e7\u00e3o na C\u00e2mara dos Deputados. Chamado\u00a0pelas frentes\u00a0Povo Sem Medo e Brasil Popular, o dia ser\u00e1 ser\u00e1 marcado [&hellip;]\" \/>\n<meta property=\"og:url\" content=\"https:\/\/psol50.org.br\/nesta-sexta-feira-31-o-brasil-vai-as-ruas-contra-os-ataques-de-temer\/\" \/>\n<meta property=\"og:site_name\" content=\"PSOL 50\" \/>\n<meta property=\"article:publisher\" content=\"https:\/\/www.facebook.com\/psol50\" \/>\n<meta property=\"article:published_time\" content=\"2017-03-30T18:48:34+00:00\" \/>\n<meta property=\"og:image\" content=\"https:\/\/psol50.org.br\/inc\/uploads\/2018\/07\/capa.png\" \/>\n\t<meta property=\"og:image:width\" content=\"1350\" \/>\n\t<meta property=\"og:image:height\" content=\"900\" \/>\n\t<meta property=\"og:image:type\" content=\"image\/png\" \/>\n<meta name=\"author\" content=\"Comunica\u00e7\u00e3o PSOL\" \/>\n<meta name=\"twitter:card\" content=\"summary_large_image\" \/>\n<meta name=\"twitter:creator\" content=\"@psol50\" \/>\n<meta name=\"twitter:site\" content=\"@psol50\" \/>\n<meta name=\"twitter:label1\" content=\"Escrito por\" \/>\n\t<meta name=\"twitter:data1\" content=\"Comunica\u00e7\u00e3o PSOL\" \/>\n\t<meta name=\"twitter:label2\" content=\"Est. tempo de leitura\" \/>\n\t<meta name=\"twitter:data2\" content=\"1 minuto\" \/>\n<script type=\"application\/ld+json\" class=\"yoast-schema-graph\">{\"@context\":\"https:\/\/schema.org\",\"@graph\":[{\"@type\":\"Article\",\"@id\":\"https:\/\/psol50.org.br\/nesta-sexta-feira-31-o-brasil-vai-as-ruas-contra-os-ataques-de-temer\/#article\",\"isPartOf\":{\"@id\":\"https:\/\/psol50.org.br\/nesta-sexta-feira-31-o-brasil-vai-as-ruas-contra-os-ataques-de-temer\/\"},\"author\":{\"name\":\"Comunica\u00e7\u00e3o PSOL\",\"@id\":\"https:\/\/psol50.org.br\/#\/schema\/person\/475dfa57d0b815993c714c2e96491fcd\"},\"headline\":\"Nesta sexta-feira (31), o Brasil vai \u00e0s ruas contra os ataques de Temer\",\"datePublished\":\"2017-03-30T18:48:34+00:00\",\"mainEntityOfPage\":{\"@id\":\"https:\/\/psol50.org.br\/nesta-sexta-feira-31-o-brasil-vai-as-ruas-contra-os-ataques-de-temer\/\"},\"wordCount\":300,\"commentCount\":0,\"publisher\":{\"@id\":\"https:\/\/psol50.org.br\/#organization\"},\"keywords\":[\"31 de mar\u00e7o\",\"Brasil Popular\",\"dia nacional de luta\",\"direitos\",\"Michel Temer\",\"paralisa\u00e7\u00e3o\",\"Povo Sem medo\",\"reforma da previd\u00eancia\",\"reforma trabalhista\"],\"articleSection\":[\"Brasil\",\"Movimento\",\"Not\u00edcias\"],\"inLanguage\":\"pt-BR\",\"potentialAction\":[{\"@type\":\"CommentAction\",\"name\":\"Comment\",\"target\":[\"https:\/\/psol50.org.br\/nesta-sexta-feira-31-o-brasil-vai-as-ruas-contra-os-ataques-de-temer\/#respond\"]}]},{\"@type\":\"WebPage\",\"@id\":\"https:\/\/psol50.org.br\/nesta-sexta-feira-31-o-brasil-vai-as-ruas-contra-os-ataques-de-temer\/\",\"url\":\"https:\/\/psol50.org.br\/nesta-sexta-feira-31-o-brasil-vai-as-ruas-contra-os-ataques-de-temer\/\",\"name\":\"Nesta sexta-feira (31), o Brasil vai \u00e0s ruas contra os ataques de Temer - PSOL 50\",\"isPartOf\":{\"@id\":\"https:\/\/psol50.org.br\/#website\"},\"datePublished\":\"2017-03-30T18:48:34+00:00\",\"breadcrumb\":{\"@id\":\"https:\/\/psol50.org.br\/nesta-sexta-feira-31-o-brasil-vai-as-ruas-contra-os-ataques-de-temer\/#breadcrumb\"},\"inLanguage\":\"pt-BR\",\"potentialAction\":[{\"@type\":\"ReadAction\",\"target\":[\"https:\/\/psol50.org.br\/nesta-sexta-feira-31-o-brasil-vai-as-ruas-contra-os-ataques-de-temer\/\"]}]},{\"@type\":\"BreadcrumbList\",\"@id\":\"https:\/\/psol50.org.br\/nesta-sexta-feira-31-o-brasil-vai-as-ruas-contra-os-ataques-de-temer\/#breadcrumb\",\"itemListElement\":[{\"@type\":\"ListItem\",\"position\":1,\"name\":\"In\u00edcio\",\"item\":\"https:\/\/psol50.org.br\/\"},{\"@type\":\"ListItem\",\"position\":2,\"name\":\"Nesta sexta-feira (31), o Brasil vai \u00e0s ruas contra os ataques de Temer\"}]},{\"@type\":\"WebSite\",\"@id\":\"https:\/\/psol50.org.br\/#website\",\"url\":\"https:\/\/psol50.org.br\/\",\"name\":\"PSOL 50\",\"description\":\"Site oficial do Partido Socialismo e Liberdade\",\"publisher\":{\"@id\":\"https:\/\/psol50.org.br\/#organization\"},\"alternateName\":\"PSOL50\",\"potentialAction\":[{\"@type\":\"SearchAction\",\"target\":{\"@type\":\"EntryPoint\",\"urlTemplate\":\"https:\/\/psol50.org.br\/?s={search_term_string}\"},\"query-input\":{\"@type\":\"PropertyValueSpecification\",\"valueRequired\":true,\"valueName\":\"search_term_string\"}}],\"inLanguage\":\"pt-BR\"},{\"@type\":\"Organization\",\"@id\":\"https:\/\/psol50.org.br\/#organization\",\"name\":\"PSOL 50\",\"alternateName\":\"PSOL 50\",\"url\":\"https:\/\/psol50.org.br\/\",\"logo\":{\"@type\":\"ImageObject\",\"inLanguage\":\"pt-BR\",\"@id\":\"https:\/\/psol50.org.br\/#\/schema\/logo\/image\/\",\"url\":\"https:\/\/psol50.org.br\/inc\/uploads\/2018\/07\/capa.png\",\"contentUrl\":\"https:\/\/psol50.org.br\/inc\/uploads\/2018\/07\/capa.png\",\"width\":1350,\"height\":900,\"caption\":\"PSOL 50\"},\"image\":{\"@id\":\"https:\/\/psol50.org.br\/#\/schema\/logo\/image\/\"},\"sameAs\":[\"https:\/\/www.facebook.com\/psol50\",\"https:\/\/x.com\/psol50\",\"https:\/\/www.instagram.com\/psol50\/\",\"https:\/\/www.youtube.com\/channel\/UC7SnJS5o1os7a6CaiNabzcg\"]},{\"@type\":\"Person\",\"@id\":\"https:\/\/psol50.org.br\/#\/schema\/person\/475dfa57d0b815993c714c2e96491fcd\",\"name\":\"Comunica\u00e7\u00e3o PSOL\",\"image\":{\"@type\":\"ImageObject\",\"inLanguage\":\"pt-BR\",\"@id\":\"https:\/\/psol50.org.br\/#\/schema\/person\/image\/\",\"url\":\"https:\/\/secure.gravatar.com\/avatar\/b34fc4f4e468a4e51785917065a3db57b841f5c95dba6ad8c73aaf8f66f8f9bf?s=96&d=mm&r=g\",\"contentUrl\":\"https:\/\/secure.gravatar.com\/avatar\/b34fc4f4e468a4e51785917065a3db57b841f5c95dba6ad8c73aaf8f66f8f9bf?s=96&d=mm&r=g\",\"caption\":\"Comunica\u00e7\u00e3o PSOL\"}}]}<\/script>\n<!-- \/ Yoast SEO plugin. -->","yoast_head_json":{"title":"Nesta sexta-feira (31), o Brasil vai \u00e0s ruas contra os ataques de Temer - PSOL 50","robots":{"index":"index","follow":"follow","max-snippet":"max-snippet:-1","max-image-preview":"max-image-preview:large","max-video-preview":"max-video-preview:-1"},"canonical":"https:\/\/psol50.org.br\/nesta-sexta-feira-31-o-brasil-vai-as-ruas-contra-os-ataques-de-temer\/","og_locale":"pt_BR","og_type":"article","og_title":"Nesta sexta-feira (31), o Brasil vai \u00e0s ruas contra os ataques de Temer - PSOL 50","og_description":"Em mais uma dia nacional de luta, movimentos sociais, entidades sindicais e estudantis v\u00e3o \u00e0s ruas nesta sexta-feira (31\/03) dizer que n\u00e3o aceitar\u00e3o os ataques do governo de Michel Temer, especialmente as reformas previdenci\u00e1rias e trabalhista, ambas em tramita\u00e7\u00e3o na C\u00e2mara dos Deputados. Chamado\u00a0pelas frentes\u00a0Povo Sem Medo e Brasil Popular, o dia ser\u00e1 ser\u00e1 marcado [&hellip;]","og_url":"https:\/\/psol50.org.br\/nesta-sexta-feira-31-o-brasil-vai-as-ruas-contra-os-ataques-de-temer\/","og_site_name":"PSOL 50","article_publisher":"https:\/\/www.facebook.com\/psol50","article_published_time":"2017-03-30T18:48:34+00:00","og_image":[{"width":1350,"height":900,"url":"https:\/\/psol50.org.br\/inc\/uploads\/2018\/07\/capa.png","type":"image\/png"}],"author":"Comunica\u00e7\u00e3o PSOL","twitter_card":"summary_large_image","twitter_creator":"@psol50","twitter_site":"@psol50","twitter_misc":{"Escrito por":"Comunica\u00e7\u00e3o PSOL","Est. tempo de leitura":"1 minuto"},"schema":{"@context":"https:\/\/schema.org","@graph":[{"@type":"Article","@id":"https:\/\/psol50.org.br\/nesta-sexta-feira-31-o-brasil-vai-as-ruas-contra-os-ataques-de-temer\/#article","isPartOf":{"@id":"https:\/\/psol50.org.br\/nesta-sexta-feira-31-o-brasil-vai-as-ruas-contra-os-ataques-de-temer\/"},"author":{"name":"Comunica\u00e7\u00e3o PSOL","@id":"https:\/\/psol50.org.br\/#\/schema\/person\/475dfa57d0b815993c714c2e96491fcd"},"headline":"Nesta sexta-feira (31), o Brasil vai \u00e0s ruas contra os ataques de Temer","datePublished":"2017-03-30T18:48:34+00:00","mainEntityOfPage":{"@id":"https:\/\/psol50.org.br\/nesta-sexta-feira-31-o-brasil-vai-as-ruas-contra-os-ataques-de-temer\/"},"wordCount":300,"commentCount":0,"publisher":{"@id":"https:\/\/psol50.org.br\/#organization"},"keywords":["31 de mar\u00e7o","Brasil Popular","dia nacional de luta","direitos","Michel Temer","paralisa\u00e7\u00e3o","Povo Sem medo","reforma da previd\u00eancia","reforma trabalhista"],"articleSection":["Brasil","Movimento","Not\u00edcias"],"inLanguage":"pt-BR","potentialAction":[{"@type":"CommentAction","name":"Comment","target":["https:\/\/psol50.org.br\/nesta-sexta-feira-31-o-brasil-vai-as-ruas-contra-os-ataques-de-temer\/#respond"]}]},{"@type":"WebPage","@id":"https:\/\/psol50.org.br\/nesta-sexta-feira-31-o-brasil-vai-as-ruas-contra-os-ataques-de-temer\/","url":"https:\/\/psol50.org.br\/nesta-sexta-feira-31-o-brasil-vai-as-ruas-contra-os-ataques-de-temer\/","name":"Nesta sexta-feira (31), o Brasil vai \u00e0s ruas contra os ataques de Temer - PSOL 50","isPartOf":{"@id":"https:\/\/psol50.org.br\/#website"},"datePublished":"2017-03-30T18:48:34+00:00","breadcrumb":{"@id":"https:\/\/psol50.org.br\/nesta-sexta-feira-31-o-brasil-vai-as-ruas-contra-os-ataques-de-temer\/#breadcrumb"},"inLanguage":"pt-BR","potentialAction":[{"@type":"ReadAction","target":["https:\/\/psol50.org.br\/nesta-sexta-feira-31-o-brasil-vai-as-ruas-contra-os-ataques-de-temer\/"]}]},{"@type":"BreadcrumbList","@id":"https:\/\/psol50.org.br\/nesta-sexta-feira-31-o-brasil-vai-as-ruas-contra-os-ataques-de-temer\/#breadcrumb","itemListElement":[{"@type":"ListItem","position":1,"name":"In\u00edcio","item":"https:\/\/psol50.org.br\/"},{"@type":"ListItem","position":2,"name":"Nesta sexta-feira (31), o Brasil vai \u00e0s ruas contra os ataques de Temer"}]},{"@type":"WebSite","@id":"https:\/\/psol50.org.br\/#website","url":"https:\/\/psol50.org.br\/","name":"PSOL 50","description":"Site oficial do Partido Socialismo e Liberdade","publisher":{"@id":"https:\/\/psol50.org.br\/#organization"},"alternateName":"PSOL50","potentialAction":[{"@type":"SearchAction","target":{"@type":"EntryPoint","urlTemplate":"https:\/\/psol50.org.br\/?s={search_term_string}"},"query-input":{"@type":"PropertyValueSpecification","valueRequired":true,"valueName":"search_term_string"}}],"inLanguage":"pt-BR"},{"@type":"Organization","@id":"https:\/\/psol50.org.br\/#organization","name":"PSOL 50","alternateName":"PSOL 50","url":"https:\/\/psol50.org.br\/","logo":{"@type":"ImageObject","inLanguage":"pt-BR","@id":"https:\/\/psol50.org.br\/#\/schema\/logo\/image\/","url":"https:\/\/psol50.org.br\/inc\/uploads\/2018\/07\/capa.png","contentUrl":"https:\/\/psol50.org.br\/inc\/uploads\/2018\/07\/capa.png","width":1350,"height":900,"caption":"PSOL 50"},"image":{"@id":"https:\/\/psol50.org.br\/#\/schema\/logo\/image\/"},"sameAs":["https:\/\/www.facebook.com\/psol50","https:\/\/x.com\/psol50","https:\/\/www.instagram.com\/psol50\/","https:\/\/www.youtube.com\/channel\/UC7SnJS5o1os7a6CaiNabzcg"]},{"@type":"Person","@id":"https:\/\/psol50.org.br\/#\/schema\/person\/475dfa57d0b815993c714c2e96491fcd","name":"Comunica\u00e7\u00e3o PSOL","image":{"@type":"ImageObject","inLanguage":"pt-BR","@id":"https:\/\/psol50.org.br\/#\/schema\/person\/image\/","url":"https:\/\/secure.gravatar.com\/avatar\/b34fc4f4e468a4e51785917065a3db57b841f5c95dba6ad8c73aaf8f66f8f9bf?s=96&d=mm&r=g","contentUrl":"https:\/\/secure.gravatar.com\/avatar\/b34fc4f4e468a4e51785917065a3db57b841f5c95dba6ad8c73aaf8f66f8f9bf?s=96&d=mm&r=g","caption":"Comunica\u00e7\u00e3o PSOL"}}]}},"_links":{"self":[{"href":"https:\/\/psol50.org.br\/rest\/wp\/v2\/posts\/15867","targetHints":{"allow":["GET"]}}],"collection":[{"href":"https:\/\/psol50.org.br\/rest\/wp\/v2\/posts"}],"about":[{"href":"https:\/\/psol50.org.br\/rest\/wp\/v2\/types\/post"}],"author":[{"embeddable":true,"href":"https:\/\/psol50.org.br\/rest\/wp\/v2\/users\/2"}],"replies":[{"embeddable":true,"href":"https:\/\/psol50.org.br\/rest\/wp\/v2\/comments?post=15867"}],"version-history":[{"count":0,"href":"https:\/\/psol50.org.br\/rest\/wp\/v2\/posts\/15867\/revisions"}],"wp:attachment":[{"href":"https:\/\/psol50.org.br\/rest\/wp\/v2\/media?parent=15867"}],"wp:term":[{"taxonomy":"category","embeddable":true,"href":"https:\/\/psol50.org.br\/rest\/wp\/v2\/categories?post=15867"},{"taxonomy":"post_tag","embeddable":true,"href":"https:\/\/psol50.org.br\/rest\/wp\/v2\/tags?post=15867"}],"curies":[{"name":"wp","href":"https:\/\/api.w.org\/{rel}","templated":true}]}}