{"id":15878,"date":"2017-03-31T14:34:29","date_gmt":"2017-03-31T14:34:29","guid":{"rendered":"http:\/\/www.psol50.org.br\/?p=15878"},"modified":"2017-03-31T14:34:29","modified_gmt":"2017-03-31T14:34:29","slug":"ibope-55-acham-temer-ruim-ou-pessimo-aprovacao-desaba-para-10","status":"publish","type":"post","link":"https:\/\/psol50.org.br\/ibope-55-acham-temer-ruim-ou-pessimo-aprovacao-desaba-para-10\/","title":{"rendered":"Ibope: 55% acham Temer ruim ou p\u00e9ssimo; aprova\u00e7\u00e3o desaba para 10%"},"content":{"rendered":"<p>Em dia de mais uma manifesta\u00e7\u00e3o contra os ataques do governo de Michel Temer aos direitos da popula\u00e7\u00e3o, o instituto Ibope divulgou nessa sexta-feira (31\/03) pesquisa sobre aprova\u00e7\u00e3o do presidente ileg\u00edtimo. Sem surpresas: a aprova\u00e7\u00e3o de Temer caiu para 10%, a reprova\u00e7\u00e3o subiu para 55% e o \u00edndice de pessoas que dizem n\u00e3o confiar nele beira os 80%.<\/p>\n<p>O levantamento foi encomendado pela Confedera\u00e7\u00e3o Nacional da Ind\u00fastria (CNI). A pesquisa ouviu 2.000 pessoas de 126 munic\u00edpios entre os dias 16 e 19 de mar\u00e7o. A margem de erro \u00e9 de dois pontos para mais ou para menos.<\/p>\n<p>Em tempos de aprova\u00e7\u00e3o da terceiriza\u00e7\u00e3o, envio de propostas como as reformas da Previd\u00eancia e Trabalhista e diversos esc\u00e2ndalos de corrup\u00e7\u00e3o que assolam o governo, n\u00e3o era de se esperar outro resultado. \u00c0s v\u00e9speras da vota\u00e7\u00e3o, no Tribunal Superior Eleitoral (TSE), da cassa\u00e7\u00e3o de sua chapa, Temer est\u00e1 cada vez mais fragilizado.<\/p>\n<p>\u00c9 a primeira pesquisa Ibope divulgada em 2017. Na \u00faltima de 2016, divulgada em dezembro, o \u00edndice de aprova\u00e7\u00e3o do presidente era de 13% e o de reprova\u00e7\u00e3o, 46%.<\/p>\n<p>Veja outros n\u00fameros da pesquisa:<\/p>\n<p><strong>Avalia\u00e7\u00e3o do\u00a0presidente Michel Temer<\/strong><\/p>\n<p>\u00d3timo\/bom: 10%<br \/>\nRegular: 31%<br \/>\nRuim\/p\u00e9ssimo: 55%<br \/>\nN\u00e3o sabe\/n\u00e3o respondeu: 4%<\/p>\n<p><strong>Confian\u00e7a<\/strong><\/p>\n<p>Confiam: 17%<\/p>\n<p>N\u00e3o confiam: 79%<\/p>\n<p>N\u00e3o souberam ou n\u00e3o responderam: 3%<\/p>\n<p><strong>Maneira de governar<\/strong><\/p>\n<p>Aprovam: 20%<br \/>\nDesaprovam: 73%<br \/>\nN\u00e3o souberam ou n\u00e3o responderam: 7%<\/p>\n<p>&nbsp;<\/p>\n","protected":false},"excerpt":{"rendered":"<p>Em dia de mais uma manifesta\u00e7\u00e3o contra os ataques do governo de Michel Temer aos direitos da popula\u00e7\u00e3o, o instituto Ibope divulgou nessa sexta-feira (31\/03) pesquisa sobre aprova\u00e7\u00e3o do presidente ileg\u00edtimo. Sem surpresas: a aprova\u00e7\u00e3o de Temer caiu para 10%, a reprova\u00e7\u00e3o subiu para 55% e o \u00edndice de pessoas que dizem n\u00e3o confiar nele [&hellip;]<\/p>\n","protected":false},"author":2,"featured_media":14638,"comment_status":"open","ping_status":"open","sticky":false,"template":"","format":"standard","meta":{"_acf_changed":false,"footnotes":""},"categories":[1882,6],"tags":[2169,3028,1748,403],"class_list":{"0":"post-15878","1":"post","2":"type-post","3":"status-publish","4":"format-standard","5":"has-post-thumbnail","7":"category-brasil","8":"category-noticias","9":"tag-fora-temer","10":"tag-ibope","11":"tag-michel-temer","12":"tag-pesquisa"},"acf":[],"yoast_head":"<!-- This site is optimized with the Yoast SEO plugin v26.5 - https:\/\/yoast.com\/wordpress\/plugins\/seo\/ -->\n<title>Ibope: 55% acham Temer ruim ou p\u00e9ssimo; aprova\u00e7\u00e3o desaba para 10% - PSOL 50<\/title>\n<meta name=\"robots\" content=\"index, follow, max-snippet:-1, max-image-preview:large, max-video-preview:-1\" \/>\n<link rel=\"canonical\" href=\"https:\/\/psol50.org.br\/ibope-55-acham-temer-ruim-ou-pessimo-aprovacao-desaba-para-10\/\" \/>\n<meta property=\"og:locale\" content=\"pt_BR\" \/>\n<meta property=\"og:type\" content=\"article\" \/>\n<meta property=\"og:title\" content=\"Ibope: 55% acham Temer ruim ou p\u00e9ssimo; aprova\u00e7\u00e3o desaba para 10% - PSOL 50\" \/>\n<meta property=\"og:description\" content=\"Em dia de mais uma manifesta\u00e7\u00e3o contra os ataques do governo de Michel Temer aos direitos da popula\u00e7\u00e3o, o instituto Ibope divulgou nessa sexta-feira (31\/03) pesquisa sobre aprova\u00e7\u00e3o do presidente ileg\u00edtimo. Sem surpresas: a aprova\u00e7\u00e3o de Temer caiu para 10%, a reprova\u00e7\u00e3o subiu para 55% e o \u00edndice de pessoas que dizem n\u00e3o confiar nele [&hellip;]\" \/>\n<meta property=\"og:url\" content=\"https:\/\/psol50.org.br\/ibope-55-acham-temer-ruim-ou-pessimo-aprovacao-desaba-para-10\/\" \/>\n<meta property=\"og:site_name\" content=\"PSOL 50\" \/>\n<meta property=\"article:publisher\" content=\"https:\/\/www.facebook.com\/psol50\" \/>\n<meta property=\"article:published_time\" content=\"2017-03-31T14:34:29+00:00\" \/>\n<meta property=\"og:image\" content=\"https:\/\/psol50.org.br\/inc\/uploads\/2018\/07\/capa.png\" \/>\n\t<meta property=\"og:image:width\" content=\"1350\" \/>\n\t<meta property=\"og:image:height\" content=\"900\" \/>\n\t<meta property=\"og:image:type\" content=\"image\/png\" \/>\n<meta name=\"author\" content=\"Comunica\u00e7\u00e3o PSOL\" \/>\n<meta name=\"twitter:card\" content=\"summary_large_image\" \/>\n<meta name=\"twitter:creator\" content=\"@psol50\" \/>\n<meta name=\"twitter:site\" content=\"@psol50\" \/>\n<meta name=\"twitter:label1\" content=\"Escrito por\" \/>\n\t<meta name=\"twitter:data1\" content=\"Comunica\u00e7\u00e3o PSOL\" \/>\n\t<meta name=\"twitter:label2\" content=\"Est. tempo de leitura\" \/>\n\t<meta name=\"twitter:data2\" content=\"1 minuto\" \/>\n<script type=\"application\/ld+json\" class=\"yoast-schema-graph\">{\"@context\":\"https:\/\/schema.org\",\"@graph\":[{\"@type\":\"Article\",\"@id\":\"https:\/\/psol50.org.br\/ibope-55-acham-temer-ruim-ou-pessimo-aprovacao-desaba-para-10\/#article\",\"isPartOf\":{\"@id\":\"https:\/\/psol50.org.br\/ibope-55-acham-temer-ruim-ou-pessimo-aprovacao-desaba-para-10\/\"},\"author\":{\"name\":\"Comunica\u00e7\u00e3o PSOL\",\"@id\":\"https:\/\/psol50.org.br\/#\/schema\/person\/475dfa57d0b815993c714c2e96491fcd\"},\"headline\":\"Ibope: 55% acham Temer ruim ou p\u00e9ssimo; aprova\u00e7\u00e3o desaba para 10%\",\"datePublished\":\"2017-03-31T14:34:29+00:00\",\"mainEntityOfPage\":{\"@id\":\"https:\/\/psol50.org.br\/ibope-55-acham-temer-ruim-ou-pessimo-aprovacao-desaba-para-10\/\"},\"wordCount\":247,\"commentCount\":0,\"publisher\":{\"@id\":\"https:\/\/psol50.org.br\/#organization\"},\"image\":{\"@id\":\"https:\/\/psol50.org.br\/ibope-55-acham-temer-ruim-ou-pessimo-aprovacao-desaba-para-10\/#primaryimage\"},\"thumbnailUrl\":\"\",\"keywords\":[\"Fora Temer\",\"Ibope\",\"Michel Temer\",\"pesquisa\"],\"articleSection\":[\"Brasil\",\"Not\u00edcias\"],\"inLanguage\":\"pt-BR\",\"potentialAction\":[{\"@type\":\"CommentAction\",\"name\":\"Comment\",\"target\":[\"https:\/\/psol50.org.br\/ibope-55-acham-temer-ruim-ou-pessimo-aprovacao-desaba-para-10\/#respond\"]}]},{\"@type\":\"WebPage\",\"@id\":\"https:\/\/psol50.org.br\/ibope-55-acham-temer-ruim-ou-pessimo-aprovacao-desaba-para-10\/\",\"url\":\"https:\/\/psol50.org.br\/ibope-55-acham-temer-ruim-ou-pessimo-aprovacao-desaba-para-10\/\",\"name\":\"Ibope: 55% acham Temer ruim ou p\u00e9ssimo; aprova\u00e7\u00e3o desaba para 10% - PSOL 50\",\"isPartOf\":{\"@id\":\"https:\/\/psol50.org.br\/#website\"},\"primaryImageOfPage\":{\"@id\":\"https:\/\/psol50.org.br\/ibope-55-acham-temer-ruim-ou-pessimo-aprovacao-desaba-para-10\/#primaryimage\"},\"image\":{\"@id\":\"https:\/\/psol50.org.br\/ibope-55-acham-temer-ruim-ou-pessimo-aprovacao-desaba-para-10\/#primaryimage\"},\"thumbnailUrl\":\"\",\"datePublished\":\"2017-03-31T14:34:29+00:00\",\"breadcrumb\":{\"@id\":\"https:\/\/psol50.org.br\/ibope-55-acham-temer-ruim-ou-pessimo-aprovacao-desaba-para-10\/#breadcrumb\"},\"inLanguage\":\"pt-BR\",\"potentialAction\":[{\"@type\":\"ReadAction\",\"target\":[\"https:\/\/psol50.org.br\/ibope-55-acham-temer-ruim-ou-pessimo-aprovacao-desaba-para-10\/\"]}]},{\"@type\":\"ImageObject\",\"inLanguage\":\"pt-BR\",\"@id\":\"https:\/\/psol50.org.br\/ibope-55-acham-temer-ruim-ou-pessimo-aprovacao-desaba-para-10\/#primaryimage\",\"url\":\"\",\"contentUrl\":\"\"},{\"@type\":\"BreadcrumbList\",\"@id\":\"https:\/\/psol50.org.br\/ibope-55-acham-temer-ruim-ou-pessimo-aprovacao-desaba-para-10\/#breadcrumb\",\"itemListElement\":[{\"@type\":\"ListItem\",\"position\":1,\"name\":\"In\u00edcio\",\"item\":\"https:\/\/psol50.org.br\/\"},{\"@type\":\"ListItem\",\"position\":2,\"name\":\"Ibope: 55% acham Temer ruim ou p\u00e9ssimo; aprova\u00e7\u00e3o desaba para 10%\"}]},{\"@type\":\"WebSite\",\"@id\":\"https:\/\/psol50.org.br\/#website\",\"url\":\"https:\/\/psol50.org.br\/\",\"name\":\"PSOL 50\",\"description\":\"Site oficial do Partido Socialismo e Liberdade\",\"publisher\":{\"@id\":\"https:\/\/psol50.org.br\/#organization\"},\"alternateName\":\"PSOL50\",\"potentialAction\":[{\"@type\":\"SearchAction\",\"target\":{\"@type\":\"EntryPoint\",\"urlTemplate\":\"https:\/\/psol50.org.br\/?s={search_term_string}\"},\"query-input\":{\"@type\":\"PropertyValueSpecification\",\"valueRequired\":true,\"valueName\":\"search_term_string\"}}],\"inLanguage\":\"pt-BR\"},{\"@type\":\"Organization\",\"@id\":\"https:\/\/psol50.org.br\/#organization\",\"name\":\"PSOL 50\",\"alternateName\":\"PSOL 50\",\"url\":\"https:\/\/psol50.org.br\/\",\"logo\":{\"@type\":\"ImageObject\",\"inLanguage\":\"pt-BR\",\"@id\":\"https:\/\/psol50.org.br\/#\/schema\/logo\/image\/\",\"url\":\"https:\/\/psol50.org.br\/inc\/uploads\/2018\/07\/capa.png\",\"contentUrl\":\"https:\/\/psol50.org.br\/inc\/uploads\/2018\/07\/capa.png\",\"width\":1350,\"height\":900,\"caption\":\"PSOL 50\"},\"image\":{\"@id\":\"https:\/\/psol50.org.br\/#\/schema\/logo\/image\/\"},\"sameAs\":[\"https:\/\/www.facebook.com\/psol50\",\"https:\/\/x.com\/psol50\",\"https:\/\/www.instagram.com\/psol50\/\",\"https:\/\/www.youtube.com\/channel\/UC7SnJS5o1os7a6CaiNabzcg\"]},{\"@type\":\"Person\",\"@id\":\"https:\/\/psol50.org.br\/#\/schema\/person\/475dfa57d0b815993c714c2e96491fcd\",\"name\":\"Comunica\u00e7\u00e3o PSOL\",\"image\":{\"@type\":\"ImageObject\",\"inLanguage\":\"pt-BR\",\"@id\":\"https:\/\/psol50.org.br\/#\/schema\/person\/image\/\",\"url\":\"https:\/\/secure.gravatar.com\/avatar\/b34fc4f4e468a4e51785917065a3db57b841f5c95dba6ad8c73aaf8f66f8f9bf?s=96&d=mm&r=g\",\"contentUrl\":\"https:\/\/secure.gravatar.com\/avatar\/b34fc4f4e468a4e51785917065a3db57b841f5c95dba6ad8c73aaf8f66f8f9bf?s=96&d=mm&r=g\",\"caption\":\"Comunica\u00e7\u00e3o PSOL\"}}]}<\/script>\n<!-- \/ Yoast SEO plugin. -->","yoast_head_json":{"title":"Ibope: 55% acham Temer ruim ou p\u00e9ssimo; aprova\u00e7\u00e3o desaba para 10% - PSOL 50","robots":{"index":"index","follow":"follow","max-snippet":"max-snippet:-1","max-image-preview":"max-image-preview:large","max-video-preview":"max-video-preview:-1"},"canonical":"https:\/\/psol50.org.br\/ibope-55-acham-temer-ruim-ou-pessimo-aprovacao-desaba-para-10\/","og_locale":"pt_BR","og_type":"article","og_title":"Ibope: 55% acham Temer ruim ou p\u00e9ssimo; aprova\u00e7\u00e3o desaba para 10% - PSOL 50","og_description":"Em dia de mais uma manifesta\u00e7\u00e3o contra os ataques do governo de Michel Temer aos direitos da popula\u00e7\u00e3o, o instituto Ibope divulgou nessa sexta-feira (31\/03) pesquisa sobre aprova\u00e7\u00e3o do presidente ileg\u00edtimo. Sem surpresas: a aprova\u00e7\u00e3o de Temer caiu para 10%, a reprova\u00e7\u00e3o subiu para 55% e o \u00edndice de pessoas que dizem n\u00e3o confiar nele [&hellip;]","og_url":"https:\/\/psol50.org.br\/ibope-55-acham-temer-ruim-ou-pessimo-aprovacao-desaba-para-10\/","og_site_name":"PSOL 50","article_publisher":"https:\/\/www.facebook.com\/psol50","article_published_time":"2017-03-31T14:34:29+00:00","og_image":[{"width":1350,"height":900,"url":"https:\/\/psol50.org.br\/inc\/uploads\/2018\/07\/capa.png","type":"image\/png"}],"author":"Comunica\u00e7\u00e3o PSOL","twitter_card":"summary_large_image","twitter_creator":"@psol50","twitter_site":"@psol50","twitter_misc":{"Escrito por":"Comunica\u00e7\u00e3o PSOL","Est. tempo de leitura":"1 minuto"},"schema":{"@context":"https:\/\/schema.org","@graph":[{"@type":"Article","@id":"https:\/\/psol50.org.br\/ibope-55-acham-temer-ruim-ou-pessimo-aprovacao-desaba-para-10\/#article","isPartOf":{"@id":"https:\/\/psol50.org.br\/ibope-55-acham-temer-ruim-ou-pessimo-aprovacao-desaba-para-10\/"},"author":{"name":"Comunica\u00e7\u00e3o PSOL","@id":"https:\/\/psol50.org.br\/#\/schema\/person\/475dfa57d0b815993c714c2e96491fcd"},"headline":"Ibope: 55% acham Temer ruim ou p\u00e9ssimo; aprova\u00e7\u00e3o desaba para 10%","datePublished":"2017-03-31T14:34:29+00:00","mainEntityOfPage":{"@id":"https:\/\/psol50.org.br\/ibope-55-acham-temer-ruim-ou-pessimo-aprovacao-desaba-para-10\/"},"wordCount":247,"commentCount":0,"publisher":{"@id":"https:\/\/psol50.org.br\/#organization"},"image":{"@id":"https:\/\/psol50.org.br\/ibope-55-acham-temer-ruim-ou-pessimo-aprovacao-desaba-para-10\/#primaryimage"},"thumbnailUrl":"","keywords":["Fora Temer","Ibope","Michel Temer","pesquisa"],"articleSection":["Brasil","Not\u00edcias"],"inLanguage":"pt-BR","potentialAction":[{"@type":"CommentAction","name":"Comment","target":["https:\/\/psol50.org.br\/ibope-55-acham-temer-ruim-ou-pessimo-aprovacao-desaba-para-10\/#respond"]}]},{"@type":"WebPage","@id":"https:\/\/psol50.org.br\/ibope-55-acham-temer-ruim-ou-pessimo-aprovacao-desaba-para-10\/","url":"https:\/\/psol50.org.br\/ibope-55-acham-temer-ruim-ou-pessimo-aprovacao-desaba-para-10\/","name":"Ibope: 55% acham Temer ruim ou p\u00e9ssimo; aprova\u00e7\u00e3o desaba para 10% - PSOL 50","isPartOf":{"@id":"https:\/\/psol50.org.br\/#website"},"primaryImageOfPage":{"@id":"https:\/\/psol50.org.br\/ibope-55-acham-temer-ruim-ou-pessimo-aprovacao-desaba-para-10\/#primaryimage"},"image":{"@id":"https:\/\/psol50.org.br\/ibope-55-acham-temer-ruim-ou-pessimo-aprovacao-desaba-para-10\/#primaryimage"},"thumbnailUrl":"","datePublished":"2017-03-31T14:34:29+00:00","breadcrumb":{"@id":"https:\/\/psol50.org.br\/ibope-55-acham-temer-ruim-ou-pessimo-aprovacao-desaba-para-10\/#breadcrumb"},"inLanguage":"pt-BR","potentialAction":[{"@type":"ReadAction","target":["https:\/\/psol50.org.br\/ibope-55-acham-temer-ruim-ou-pessimo-aprovacao-desaba-para-10\/"]}]},{"@type":"ImageObject","inLanguage":"pt-BR","@id":"https:\/\/psol50.org.br\/ibope-55-acham-temer-ruim-ou-pessimo-aprovacao-desaba-para-10\/#primaryimage","url":"","contentUrl":""},{"@type":"BreadcrumbList","@id":"https:\/\/psol50.org.br\/ibope-55-acham-temer-ruim-ou-pessimo-aprovacao-desaba-para-10\/#breadcrumb","itemListElement":[{"@type":"ListItem","position":1,"name":"In\u00edcio","item":"https:\/\/psol50.org.br\/"},{"@type":"ListItem","position":2,"name":"Ibope: 55% acham Temer ruim ou p\u00e9ssimo; aprova\u00e7\u00e3o desaba para 10%"}]},{"@type":"WebSite","@id":"https:\/\/psol50.org.br\/#website","url":"https:\/\/psol50.org.br\/","name":"PSOL 50","description":"Site oficial do Partido Socialismo e Liberdade","publisher":{"@id":"https:\/\/psol50.org.br\/#organization"},"alternateName":"PSOL50","potentialAction":[{"@type":"SearchAction","target":{"@type":"EntryPoint","urlTemplate":"https:\/\/psol50.org.br\/?s={search_term_string}"},"query-input":{"@type":"PropertyValueSpecification","valueRequired":true,"valueName":"search_term_string"}}],"inLanguage":"pt-BR"},{"@type":"Organization","@id":"https:\/\/psol50.org.br\/#organization","name":"PSOL 50","alternateName":"PSOL 50","url":"https:\/\/psol50.org.br\/","logo":{"@type":"ImageObject","inLanguage":"pt-BR","@id":"https:\/\/psol50.org.br\/#\/schema\/logo\/image\/","url":"https:\/\/psol50.org.br\/inc\/uploads\/2018\/07\/capa.png","contentUrl":"https:\/\/psol50.org.br\/inc\/uploads\/2018\/07\/capa.png","width":1350,"height":900,"caption":"PSOL 50"},"image":{"@id":"https:\/\/psol50.org.br\/#\/schema\/logo\/image\/"},"sameAs":["https:\/\/www.facebook.com\/psol50","https:\/\/x.com\/psol50","https:\/\/www.instagram.com\/psol50\/","https:\/\/www.youtube.com\/channel\/UC7SnJS5o1os7a6CaiNabzcg"]},{"@type":"Person","@id":"https:\/\/psol50.org.br\/#\/schema\/person\/475dfa57d0b815993c714c2e96491fcd","name":"Comunica\u00e7\u00e3o PSOL","image":{"@type":"ImageObject","inLanguage":"pt-BR","@id":"https:\/\/psol50.org.br\/#\/schema\/person\/image\/","url":"https:\/\/secure.gravatar.com\/avatar\/b34fc4f4e468a4e51785917065a3db57b841f5c95dba6ad8c73aaf8f66f8f9bf?s=96&d=mm&r=g","contentUrl":"https:\/\/secure.gravatar.com\/avatar\/b34fc4f4e468a4e51785917065a3db57b841f5c95dba6ad8c73aaf8f66f8f9bf?s=96&d=mm&r=g","caption":"Comunica\u00e7\u00e3o PSOL"}}]}},"_links":{"self":[{"href":"https:\/\/psol50.org.br\/rest\/wp\/v2\/posts\/15878","targetHints":{"allow":["GET"]}}],"collection":[{"href":"https:\/\/psol50.org.br\/rest\/wp\/v2\/posts"}],"about":[{"href":"https:\/\/psol50.org.br\/rest\/wp\/v2\/types\/post"}],"author":[{"embeddable":true,"href":"https:\/\/psol50.org.br\/rest\/wp\/v2\/users\/2"}],"replies":[{"embeddable":true,"href":"https:\/\/psol50.org.br\/rest\/wp\/v2\/comments?post=15878"}],"version-history":[{"count":0,"href":"https:\/\/psol50.org.br\/rest\/wp\/v2\/posts\/15878\/revisions"}],"wp:featuredmedia":[{"embeddable":true,"href":"https:\/\/psol50.org.br\/rest\/"}],"wp:attachment":[{"href":"https:\/\/psol50.org.br\/rest\/wp\/v2\/media?parent=15878"}],"wp:term":[{"taxonomy":"category","embeddable":true,"href":"https:\/\/psol50.org.br\/rest\/wp\/v2\/categories?post=15878"},{"taxonomy":"post_tag","embeddable":true,"href":"https:\/\/psol50.org.br\/rest\/wp\/v2\/tags?post=15878"}],"curies":[{"name":"wp","href":"https:\/\/api.w.org\/{rel}","templated":true}]}}